{"id":33223,"date":"2024-10-15T11:05:39","date_gmt":"2024-10-15T09:05:39","guid":{"rendered":"https:\/\/www.alteacultural.com\/2024\/10\/15\/espanta-la-por-organitza-un-taller-de-pocions-amb-sara-bono\/"},"modified":"2024-10-19T11:03:02","modified_gmt":"2024-10-19T09:03:02","slug":"espanta-la-por-organitza-un-taller-de-pocions-amb-sara-bono","status":"publish","type":"post","link":"https:\/\/www.alteacultural.com\/es\/2024\/10\/15\/espanta-la-por-organitza-un-taller-de-pocions-amb-sara-bono\/","title":{"rendered":"\u201cEspanta la Por\u201d organiza un taller de p\u00f3cimas con Sara Bono"},"content":{"rendered":"\n<p><img fetchpriority=\"high\" decoding=\"async\" width=\"1080\" height=\"675\" srcset=\"https:\/\/alteadigital.es\/wp-content\/uploads\/2024\/10\/Espanta-la-Por-web.jpg 1080w, https:\/\/alteadigital.es\/wp-content\/uploads\/2024\/10\/Espanta-la-Por-web-480x679.jpg 480w\" class=\"\" src=\"https:\/\/alteadigital.es\/wp-content\/uploads\/2024\/10\/Espanta-la-Por-web.jpg\" alt=\"\u201cEspanta la Por\u201d organitza un taller de pocions amb Sara Bono\"><\/p>\n\n\n\n<p>El pr\u00f3ximo s\u00e1bado 19 de octubre, la Biblioteca P\u00fablica de Altea acoger\u00e1 el taller \u201cLas p\u00f3cimas m\u00e1gicas de la Fetillera\u201d en el marco de la actividad anual \u201cEspanta la Por\u201d. As\u00ed lo ha informado la edil de Cultura, Pepa Victoria P\u00e9rez.<\/p>\n\n\n\n<p>Ser\u00e1 Sara Bono la que imparta dicho taller en dos sesiones y est\u00e1 destinado a ni\u00f1os y ni\u00f1as de entre 5 y 12 a\u00f1os.<\/p>\n\n\n\n<p>La primera de las sesiones ser\u00e1 a las 10:00h. Una propuesta para los ni\u00f1os y ni\u00f1as de 5 a 7 a\u00f1os. Un segundo pase, para ni\u00f1os y ni\u00f1as de 8 a 12 a\u00f1os se desarrollar\u00e1 a partir de las 11:30.<\/p>\n\n\n\n<p>La inscripci\u00f3n para participar ha de realizarse en&nbsp;<a href=\"http:\/\/www.alteacultural.com\/\">www.alteacultural.com<\/a>. Es gratuita y cuenta con plazas limitadas. De ah\u00ed que la edil anime a los y las interesadas en participar a inscribirse lo antes posible. La participaci\u00f3n ser\u00e1 por riguroso orden de inscripci\u00f3n.<\/p>\n","protected":false},"excerpt":{"rendered":"<p>El pr\u00f3ximo s\u00e1bado 19 de octubre, la Biblioteca P\u00fablica de Altea acoger\u00e1 el taller \u201cLas p\u00f3cimas m\u00e1gicas de la [&hellip;]<\/p>\n","protected":false},"author":1,"featured_media":33146,"comment_status":"open","ping_status":"open","sticky":false,"template":"","format":"standard","meta":{"_expiration-date-status":"","_expiration-date":0,"_expiration-date-type":"","_expiration-date-categories":[],"_expiration-date-options":[],"footnotes":""},"yoast_head":"<!-- This site is optimized with the Yoast SEO plugin v22.8 - https:\/\/yoast.com\/wordpress\/plugins\/seo\/ -->\n<title>\u201cEspanta la Por\u201d organiza un taller de p\u00f3cimas con Sara Bono - Altea Cultural<\/title>\n<meta name=\"robots\" content=\"index, follow, max-snippet:-1, max-image-preview:large, max-video-preview:-1\" \/>\n<link rel=\"canonical\" href=\"https:\/\/www.alteacultural.com\/es\/2024\/10\/15\/espanta-la-por-organitza-un-taller-de-pocions-amb-sara-bono\/\" \/>\n<meta property=\"og:locale\" content=\"es_ES\" \/>\n<meta property=\"og:type\" content=\"article\" \/>\n<meta property=\"og:title\" content=\"\u201cEspanta la Por\u201d organiza un taller de p\u00f3cimas con Sara Bono - Altea Cultural\" \/>\n<meta property=\"og:description\" content=\"El pr\u00f3ximo s\u00e1bado 19 de octubre, la Biblioteca P\u00fablica de Altea acoger\u00e1 el taller \u201cLas p\u00f3cimas m\u00e1gicas de la [&hellip;]\" \/>\n<meta property=\"og:url\" content=\"https:\/\/www.alteacultural.com\/es\/2024\/10\/15\/espanta-la-por-organitza-un-taller-de-pocions-amb-sara-bono\/\" \/>\n<meta property=\"og:site_name\" content=\"Altea Cultural\" \/>\n<meta property=\"article:published_time\" content=\"2024-10-15T09:05:39+00:00\" \/>\n<meta property=\"article:modified_time\" content=\"2024-10-19T09:03:02+00:00\" \/>\n<meta property=\"og:image\" content=\"https:\/\/www.alteacultural.com\/wp-content\/uploads\/2024\/10\/2024-10-19_Espanta_la_por_banner.jpg\" \/>\n\t<meta property=\"og:image:width\" content=\"981\" \/>\n\t<meta property=\"og:image:height\" content=\"286\" \/>\n\t<meta property=\"og:image:type\" content=\"image\/jpeg\" \/>\n<meta name=\"author\" content=\"sfaltea.com-admin\" \/>\n<meta name=\"twitter:card\" content=\"summary_large_image\" \/>\n<meta name=\"twitter:label1\" content=\"Escrito por\" \/>\n\t<meta name=\"twitter:data1\" content=\"sfaltea.com-admin\" \/>\n\t<meta name=\"twitter:label2\" content=\"Tiempo de lectura\" \/>\n\t<meta name=\"twitter:data2\" content=\"2 minutos\" \/>\n<script type=\"application\/ld+json\" class=\"yoast-schema-graph\">{\"@context\":\"https:\/\/schema.org\",\"@graph\":[{\"@type\":\"WebPage\",\"@id\":\"https:\/\/www.alteacultural.com\/es\/2024\/10\/15\/espanta-la-por-organitza-un-taller-de-pocions-amb-sara-bono\/\",\"url\":\"https:\/\/www.alteacultural.com\/es\/2024\/10\/15\/espanta-la-por-organitza-un-taller-de-pocions-amb-sara-bono\/\",\"name\":\"\u201cEspanta la Por\u201d organiza un taller de p\u00f3cimas con Sara Bono - Altea Cultural\",\"isPartOf\":{\"@id\":\"https:\/\/www.alteacultural.com\/es\/#website\"},\"primaryImageOfPage\":{\"@id\":\"https:\/\/www.alteacultural.com\/es\/2024\/10\/15\/espanta-la-por-organitza-un-taller-de-pocions-amb-sara-bono\/#primaryimage\"},\"image\":{\"@id\":\"https:\/\/www.alteacultural.com\/es\/2024\/10\/15\/espanta-la-por-organitza-un-taller-de-pocions-amb-sara-bono\/#primaryimage\"},\"thumbnailUrl\":\"https:\/\/www.alteacultural.com\/wp-content\/uploads\/2024\/10\/2024-10-19_Espanta_la_por_banner.jpg\",\"datePublished\":\"2024-10-15T09:05:39+00:00\",\"dateModified\":\"2024-10-19T09:03:02+00:00\",\"author\":{\"@id\":\"https:\/\/www.alteacultural.com\/es\/#\/schema\/person\/c4e137537f1af546d214a315255e5172\"},\"breadcrumb\":{\"@id\":\"https:\/\/www.alteacultural.com\/es\/2024\/10\/15\/espanta-la-por-organitza-un-taller-de-pocions-amb-sara-bono\/#breadcrumb\"},\"inLanguage\":\"es\",\"potentialAction\":[{\"@type\":\"ReadAction\",\"target\":[\"https:\/\/www.alteacultural.com\/es\/2024\/10\/15\/espanta-la-por-organitza-un-taller-de-pocions-amb-sara-bono\/\"]}]},{\"@type\":\"ImageObject\",\"inLanguage\":\"es\",\"@id\":\"https:\/\/www.alteacultural.com\/es\/2024\/10\/15\/espanta-la-por-organitza-un-taller-de-pocions-amb-sara-bono\/#primaryimage\",\"url\":\"https:\/\/www.alteacultural.com\/wp-content\/uploads\/2024\/10\/2024-10-19_Espanta_la_por_banner.jpg\",\"contentUrl\":\"https:\/\/www.alteacultural.com\/wp-content\/uploads\/2024\/10\/2024-10-19_Espanta_la_por_banner.jpg\",\"width\":981,\"height\":286},{\"@type\":\"BreadcrumbList\",\"@id\":\"https:\/\/www.alteacultural.com\/es\/2024\/10\/15\/espanta-la-por-organitza-un-taller-de-pocions-amb-sara-bono\/#breadcrumb\",\"itemListElement\":[{\"@type\":\"ListItem\",\"position\":1,\"name\":\"Inici\",\"item\":\"https:\/\/www.alteacultural.com\/es\/\"},{\"@type\":\"ListItem\",\"position\":2,\"name\":\"\u201cEspanta la Por\u201d organiza un taller de p\u00f3cimas con Sara Bono\"}]},{\"@type\":\"WebSite\",\"@id\":\"https:\/\/www.alteacultural.com\/es\/#website\",\"url\":\"https:\/\/www.alteacultural.com\/es\/\",\"name\":\"Altea Cultural\",\"description\":\"Regidoria de Cultura de l&#039;Ajuntament d&#039;Altea\",\"potentialAction\":[{\"@type\":\"SearchAction\",\"target\":{\"@type\":\"EntryPoint\",\"urlTemplate\":\"https:\/\/www.alteacultural.com\/es\/?s={search_term_string}\"},\"query-input\":\"required name=search_term_string\"}],\"inLanguage\":\"es\"},{\"@type\":\"Person\",\"@id\":\"https:\/\/www.alteacultural.com\/es\/#\/schema\/person\/c4e137537f1af546d214a315255e5172\",\"name\":\"sfaltea.com-admin\",\"image\":{\"@type\":\"ImageObject\",\"inLanguage\":\"es\",\"@id\":\"https:\/\/www.alteacultural.com\/es\/#\/schema\/person\/image\/\",\"url\":\"https:\/\/secure.gravatar.com\/avatar\/f7473fa2fbd351270ccfd469de536202?s=96&d=mm&r=g\",\"contentUrl\":\"https:\/\/secure.gravatar.com\/avatar\/f7473fa2fbd351270ccfd469de536202?s=96&d=mm&r=g\",\"caption\":\"sfaltea.com-admin\"},\"url\":\"https:\/\/www.alteacultural.com\/es\/author\/sfaltea-com-admin\/\"}]}<\/script>\n<!-- \/ Yoast SEO plugin. -->","yoast_head_json":{"title":"\u201cEspanta la Por\u201d organiza un taller de p\u00f3cimas con Sara Bono - Altea Cultural","robots":{"index":"index","follow":"follow","max-snippet":"max-snippet:-1","max-image-preview":"max-image-preview:large","max-video-preview":"max-video-preview:-1"},"canonical":"https:\/\/www.alteacultural.com\/es\/2024\/10\/15\/espanta-la-por-organitza-un-taller-de-pocions-amb-sara-bono\/","og_locale":"es_ES","og_type":"article","og_title":"\u201cEspanta la Por\u201d organiza un taller de p\u00f3cimas con Sara Bono - Altea Cultural","og_description":"El pr\u00f3ximo s\u00e1bado 19 de octubre, la Biblioteca P\u00fablica de Altea acoger\u00e1 el taller \u201cLas p\u00f3cimas m\u00e1gicas de la [&hellip;]","og_url":"https:\/\/www.alteacultural.com\/es\/2024\/10\/15\/espanta-la-por-organitza-un-taller-de-pocions-amb-sara-bono\/","og_site_name":"Altea Cultural","article_published_time":"2024-10-15T09:05:39+00:00","article_modified_time":"2024-10-19T09:03:02+00:00","og_image":[{"width":981,"height":286,"url":"https:\/\/www.alteacultural.com\/wp-content\/uploads\/2024\/10\/2024-10-19_Espanta_la_por_banner.jpg","type":"image\/jpeg"}],"author":"sfaltea.com-admin","twitter_card":"summary_large_image","twitter_misc":{"Escrito por":"sfaltea.com-admin","Tiempo de lectura":"2 minutos"},"schema":{"@context":"https:\/\/schema.org","@graph":[{"@type":"WebPage","@id":"https:\/\/www.alteacultural.com\/es\/2024\/10\/15\/espanta-la-por-organitza-un-taller-de-pocions-amb-sara-bono\/","url":"https:\/\/www.alteacultural.com\/es\/2024\/10\/15\/espanta-la-por-organitza-un-taller-de-pocions-amb-sara-bono\/","name":"\u201cEspanta la Por\u201d organiza un taller de p\u00f3cimas con Sara Bono - Altea Cultural","isPartOf":{"@id":"https:\/\/www.alteacultural.com\/es\/#website"},"primaryImageOfPage":{"@id":"https:\/\/www.alteacultural.com\/es\/2024\/10\/15\/espanta-la-por-organitza-un-taller-de-pocions-amb-sara-bono\/#primaryimage"},"image":{"@id":"https:\/\/www.alteacultural.com\/es\/2024\/10\/15\/espanta-la-por-organitza-un-taller-de-pocions-amb-sara-bono\/#primaryimage"},"thumbnailUrl":"https:\/\/www.alteacultural.com\/wp-content\/uploads\/2024\/10\/2024-10-19_Espanta_la_por_banner.jpg","datePublished":"2024-10-15T09:05:39+00:00","dateModified":"2024-10-19T09:03:02+00:00","author":{"@id":"https:\/\/www.alteacultural.com\/es\/#\/schema\/person\/c4e137537f1af546d214a315255e5172"},"breadcrumb":{"@id":"https:\/\/www.alteacultural.com\/es\/2024\/10\/15\/espanta-la-por-organitza-un-taller-de-pocions-amb-sara-bono\/#breadcrumb"},"inLanguage":"es","potentialAction":[{"@type":"ReadAction","target":["https:\/\/www.alteacultural.com\/es\/2024\/10\/15\/espanta-la-por-organitza-un-taller-de-pocions-amb-sara-bono\/"]}]},{"@type":"ImageObject","inLanguage":"es","@id":"https:\/\/www.alteacultural.com\/es\/2024\/10\/15\/espanta-la-por-organitza-un-taller-de-pocions-amb-sara-bono\/#primaryimage","url":"https:\/\/www.alteacultural.com\/wp-content\/uploads\/2024\/10\/2024-10-19_Espanta_la_por_banner.jpg","contentUrl":"https:\/\/www.alteacultural.com\/wp-content\/uploads\/2024\/10\/2024-10-19_Espanta_la_por_banner.jpg","width":981,"height":286},{"@type":"BreadcrumbList","@id":"https:\/\/www.alteacultural.com\/es\/2024\/10\/15\/espanta-la-por-organitza-un-taller-de-pocions-amb-sara-bono\/#breadcrumb","itemListElement":[{"@type":"ListItem","position":1,"name":"Inici","item":"https:\/\/www.alteacultural.com\/es\/"},{"@type":"ListItem","position":2,"name":"\u201cEspanta la Por\u201d organiza un taller de p\u00f3cimas con Sara Bono"}]},{"@type":"WebSite","@id":"https:\/\/www.alteacultural.com\/es\/#website","url":"https:\/\/www.alteacultural.com\/es\/","name":"Altea Cultural","description":"Regidoria de Cultura de l&#039;Ajuntament d&#039;Altea","potentialAction":[{"@type":"SearchAction","target":{"@type":"EntryPoint","urlTemplate":"https:\/\/www.alteacultural.com\/es\/?s={search_term_string}"},"query-input":"required name=search_term_string"}],"inLanguage":"es"},{"@type":"Person","@id":"https:\/\/www.alteacultural.com\/es\/#\/schema\/person\/c4e137537f1af546d214a315255e5172","name":"sfaltea.com-admin","image":{"@type":"ImageObject","inLanguage":"es","@id":"https:\/\/www.alteacultural.com\/es\/#\/schema\/person\/image\/","url":"https:\/\/secure.gravatar.com\/avatar\/f7473fa2fbd351270ccfd469de536202?s=96&d=mm&r=g","contentUrl":"https:\/\/secure.gravatar.com\/avatar\/f7473fa2fbd351270ccfd469de536202?s=96&d=mm&r=g","caption":"sfaltea.com-admin"},"url":"https:\/\/www.alteacultural.com\/es\/author\/sfaltea-com-admin\/"}]}},"_links":{"self":[{"href":"https:\/\/www.alteacultural.com\/es\/wp-json\/wp\/v2\/posts\/33223"}],"collection":[{"href":"https:\/\/www.alteacultural.com\/es\/wp-json\/wp\/v2\/posts"}],"about":[{"href":"https:\/\/www.alteacultural.com\/es\/wp-json\/wp\/v2\/types\/post"}],"author":[{"embeddable":true,"href":"https:\/\/www.alteacultural.com\/es\/wp-json\/wp\/v2\/users\/1"}],"replies":[{"embeddable":true,"href":"https:\/\/www.alteacultural.com\/es\/wp-json\/wp\/v2\/comments?post=33223"}],"version-history":[{"count":1,"href":"https:\/\/www.alteacultural.com\/es\/wp-json\/wp\/v2\/posts\/33223\/revisions"}],"predecessor-version":[{"id":33225,"href":"https:\/\/www.alteacultural.com\/es\/wp-json\/wp\/v2\/posts\/33223\/revisions\/33225"}],"wp:featuredmedia":[{"embeddable":true,"href":"https:\/\/www.alteacultural.com\/es\/wp-json\/wp\/v2\/media\/33146"}],"wp:attachment":[{"href":"https:\/\/www.alteacultural.com\/es\/wp-json\/wp\/v2\/media?parent=33223"}],"curies":[{"name":"wp","href":"https:\/\/api.w.org\/{rel}","templated":true}]}}