{"id":33286,"date":"2024-10-25T09:10:21","date_gmt":"2024-10-25T07:10:21","guid":{"rendered":"https:\/\/www.alteacultural.com\/2024\/10\/25\/arriba-llibres-a-la-tardor-amb-la-presentacio-de-nou-obres\/"},"modified":"2024-10-29T23:59:14","modified_gmt":"2024-10-29T22:59:14","slug":"arriba-llibres-a-la-tardor-amb-la-presentacio-de-nou-obres","status":"publish","type":"post","link":"https:\/\/www.alteacultural.com\/es\/2024\/10\/25\/arriba-llibres-a-la-tardor-amb-la-presentacio-de-nou-obres\/","title":{"rendered":"Llega \u201cLlibres a la Tardor\u201d con la presentaci\u00f3n de nueve obras"},"content":{"rendered":"\n<p>Oct 24, 2024<img fetchpriority=\"high\" decoding=\"async\" src=\"https:\/\/alteadigital.es\/wp-content\/uploads\/2024\/10\/cartell-Llibres-a-la-Tardor.jpg\" alt=\"Arriba \u201cLlibres a la Tardor\u201d amb la presentaci\u00f3 de nou obres\" class=\"\" width=\"1080\" height=\"675\" srcset=\"https:\/\/alteadigital.es\/wp-content\/uploads\/2024\/10\/cartell-Llibres-a-la-Tardor.jpg 1080w, https:\/\/alteadigital.es\/wp-content\/uploads\/2024\/10\/cartell-Llibres-a-la-Tardor-480x679.jpg 480w\"><\/p>\n\n\n\n<p>El pr\u00f3ximo martes 29 de octubre dar\u00e1 inicio el ciclo de presentaci\u00f3n de libros \u201cLlibres a la Tardor\u201d con la obra \u201cArquitecturas en Tierra Fertil\u201d. Un ciclo que en esta edici\u00f3n incluye 8 exposiciones, pero 9 obras, tres de ellas de obras de alteanos y alteanas y, como es habitual, las obras ganadoras de los \u00faltimos&nbsp; \u201cPremis Altea\u201d. As\u00ed lo ha dado a conocer la edil de Cultura, Pepa Victoria P\u00e9rez.<\/p>\n\n\n\n<p>Como recuerda la responsable municipal de Cultura, estas presentaciones tiene lugar cada jueves a las 19:30 h en la casa de Cultura, Pont de Moncau 14; exceptuando el del martes 29 que&nbsp; por motivos de agenda del autor se llevar\u00e1 a cabo el martes 29 a las 19:00h.<\/p>\n\n\n\n<p>Pepa Victoria P\u00e9rez ha destacado, adem\u00e1s de la presentaci\u00f3n de tres obras escritas por ciudadanos de Altea y las ganadoras de \u201cPremis Altea\u201d,&nbsp; la presentaci\u00f3n del libro \u201cEl Islam sin velo\u201d con motivo de la programaci\u00f3n del 25N, D\u00eda Internacional para la Eliminaci\u00f3n de la Violencia contra las Mujeres.<\/p>\n\n\n\n<p><strong>Calendario de presentaciones<\/strong><\/p>\n\n\n\n<p><strong>29 de octubre&nbsp;<\/strong>a las 19:00h<strong>,<\/strong>&nbsp;\u201cArquitecturas en Tierra F\u00e9rtil\u201d del alteano Miguel del Rey.<\/p>\n\n\n\n<p><strong>7 de noviembre,&nbsp;<\/strong>19:30h, \u201cSoc el riu\u201d de la alteana Dora Bald\u00f3.<\/p>\n\n\n\n<p><strong>14 de noviembre,&nbsp;<\/strong>\u201cLa bailarina\u201d de Teresa Martinic.<\/p>\n\n\n\n<p><strong>21 de noviembre,&nbsp;<\/strong>\u201cEncontrando el Norte\u201d de Paco Merchero.<\/p>\n\n\n\n<p><strong>28 de noviembre<\/strong>, \u201cEl Islam sin velo\u201d de &nbsp;Nazanin Amirian y Martha Zein.<\/p>\n\n\n\n<p><strong>5 de diciembre,&nbsp;<\/strong>\u201cP\u00e8tal\u201d y \u201cCartes al Mar\u201d de \u00c1ngels Castell\u00f3 y Clara Ribatallada, respectivamente. Obras ganadoras en la pasada edici\u00f3n de Premis Altea.<\/p>\n\n\n\n<p><strong>12 de diciembre<\/strong>, \u201cDiaris Creuats\u201d de Carles Cort\u00e9s.<\/p>\n\n\n\n<p><strong>19 de diciembre,&nbsp;<\/strong>\u201cLa funda de aquel n\u00f3rdico que perd\u00ed\u201d de la alteana Cristina Ellingsvoll.<\/p>\n\n\n\n<p>La entrada a las presentaciones es libre y gratuita hasta completar aforo.<\/p>\n\n\n\n<p>En nombre del Ayuntamiento de Altea y como responsable de Cultura, Pepa Victoria P\u00e9rez&nbsp; anima a la poblaci\u00f3n de Altea y Comarca a asistir a estas presentaciones, \u201cporque seguro que las historias que nos va a contar no dejar\u00e1n indiferentes a nadie\u201d.<\/p>\n","protected":false},"excerpt":{"rendered":"<p>Oct 24, 2024 El pr\u00f3ximo martes 29 de octubre dar\u00e1 inicio el ciclo de presentaci\u00f3n de libros \u201cLlibres a [&hellip;]<\/p>\n","protected":false},"author":1,"featured_media":32944,"comment_status":"open","ping_status":"open","sticky":false,"template":"","format":"standard","meta":{"_expiration-date-status":"","_expiration-date":0,"_expiration-date-type":"","_expiration-date-categories":[],"_expiration-date-options":[],"footnotes":""},"yoast_head":"<!-- This site is optimized with the Yoast SEO plugin v22.8 - https:\/\/yoast.com\/wordpress\/plugins\/seo\/ -->\n<title>Llega \u201cLlibres a la Tardor\u201d con la presentaci\u00f3n de nueve obras - Altea Cultural<\/title>\n<meta name=\"robots\" content=\"index, follow, max-snippet:-1, max-image-preview:large, max-video-preview:-1\" \/>\n<link rel=\"canonical\" href=\"https:\/\/www.alteacultural.com\/es\/2024\/10\/25\/arriba-llibres-a-la-tardor-amb-la-presentacio-de-nou-obres\/\" \/>\n<meta property=\"og:locale\" content=\"es_ES\" \/>\n<meta property=\"og:type\" content=\"article\" \/>\n<meta property=\"og:title\" content=\"Llega \u201cLlibres a la Tardor\u201d con la presentaci\u00f3n de nueve obras - Altea Cultural\" \/>\n<meta property=\"og:description\" content=\"Oct 24, 2024 El pr\u00f3ximo martes 29 de octubre dar\u00e1 inicio el ciclo de presentaci\u00f3n de libros \u201cLlibres a [&hellip;]\" \/>\n<meta property=\"og:url\" content=\"https:\/\/www.alteacultural.com\/es\/2024\/10\/25\/arriba-llibres-a-la-tardor-amb-la-presentacio-de-nou-obres\/\" \/>\n<meta property=\"og:site_name\" content=\"Altea Cultural\" \/>\n<meta property=\"article:published_time\" content=\"2024-10-25T07:10:21+00:00\" \/>\n<meta property=\"article:modified_time\" content=\"2024-10-29T22:59:14+00:00\" \/>\n<meta property=\"og:image\" content=\"https:\/\/www.alteacultural.com\/wp-content\/uploads\/2024\/09\/LlibresTardor2024_banner.jpg\" \/>\n\t<meta property=\"og:image:width\" content=\"1749\" \/>\n\t<meta property=\"og:image:height\" content=\"625\" \/>\n\t<meta property=\"og:image:type\" content=\"image\/jpeg\" \/>\n<meta name=\"author\" content=\"sfaltea.com-admin\" \/>\n<meta name=\"twitter:card\" content=\"summary_large_image\" \/>\n<meta name=\"twitter:label1\" content=\"Escrito por\" \/>\n\t<meta name=\"twitter:data1\" content=\"sfaltea.com-admin\" \/>\n\t<meta name=\"twitter:label2\" content=\"Tiempo de lectura\" \/>\n\t<meta name=\"twitter:data2\" content=\"3 minutos\" \/>\n<script type=\"application\/ld+json\" class=\"yoast-schema-graph\">{\"@context\":\"https:\/\/schema.org\",\"@graph\":[{\"@type\":\"WebPage\",\"@id\":\"https:\/\/www.alteacultural.com\/es\/2024\/10\/25\/arriba-llibres-a-la-tardor-amb-la-presentacio-de-nou-obres\/\",\"url\":\"https:\/\/www.alteacultural.com\/es\/2024\/10\/25\/arriba-llibres-a-la-tardor-amb-la-presentacio-de-nou-obres\/\",\"name\":\"Llega \u201cLlibres a la Tardor\u201d con la presentaci\u00f3n de nueve obras - Altea Cultural\",\"isPartOf\":{\"@id\":\"https:\/\/www.alteacultural.com\/es\/#website\"},\"primaryImageOfPage\":{\"@id\":\"https:\/\/www.alteacultural.com\/es\/2024\/10\/25\/arriba-llibres-a-la-tardor-amb-la-presentacio-de-nou-obres\/#primaryimage\"},\"image\":{\"@id\":\"https:\/\/www.alteacultural.com\/es\/2024\/10\/25\/arriba-llibres-a-la-tardor-amb-la-presentacio-de-nou-obres\/#primaryimage\"},\"thumbnailUrl\":\"https:\/\/www.alteacultural.com\/wp-content\/uploads\/2024\/09\/LlibresTardor2024_banner.jpg\",\"datePublished\":\"2024-10-25T07:10:21+00:00\",\"dateModified\":\"2024-10-29T22:59:14+00:00\",\"author\":{\"@id\":\"https:\/\/www.alteacultural.com\/es\/#\/schema\/person\/c4e137537f1af546d214a315255e5172\"},\"breadcrumb\":{\"@id\":\"https:\/\/www.alteacultural.com\/es\/2024\/10\/25\/arriba-llibres-a-la-tardor-amb-la-presentacio-de-nou-obres\/#breadcrumb\"},\"inLanguage\":\"es\",\"potentialAction\":[{\"@type\":\"ReadAction\",\"target\":[\"https:\/\/www.alteacultural.com\/es\/2024\/10\/25\/arriba-llibres-a-la-tardor-amb-la-presentacio-de-nou-obres\/\"]}]},{\"@type\":\"ImageObject\",\"inLanguage\":\"es\",\"@id\":\"https:\/\/www.alteacultural.com\/es\/2024\/10\/25\/arriba-llibres-a-la-tardor-amb-la-presentacio-de-nou-obres\/#primaryimage\",\"url\":\"https:\/\/www.alteacultural.com\/wp-content\/uploads\/2024\/09\/LlibresTardor2024_banner.jpg\",\"contentUrl\":\"https:\/\/www.alteacultural.com\/wp-content\/uploads\/2024\/09\/LlibresTardor2024_banner.jpg\",\"width\":1749,\"height\":625},{\"@type\":\"BreadcrumbList\",\"@id\":\"https:\/\/www.alteacultural.com\/es\/2024\/10\/25\/arriba-llibres-a-la-tardor-amb-la-presentacio-de-nou-obres\/#breadcrumb\",\"itemListElement\":[{\"@type\":\"ListItem\",\"position\":1,\"name\":\"Inici\",\"item\":\"https:\/\/www.alteacultural.com\/es\/\"},{\"@type\":\"ListItem\",\"position\":2,\"name\":\"Llega \u201cLlibres a la Tardor\u201d con la presentaci\u00f3n de nueve obras\"}]},{\"@type\":\"WebSite\",\"@id\":\"https:\/\/www.alteacultural.com\/es\/#website\",\"url\":\"https:\/\/www.alteacultural.com\/es\/\",\"name\":\"Altea Cultural\",\"description\":\"Regidoria de Cultura de l&#039;Ajuntament d&#039;Altea\",\"potentialAction\":[{\"@type\":\"SearchAction\",\"target\":{\"@type\":\"EntryPoint\",\"urlTemplate\":\"https:\/\/www.alteacultural.com\/es\/?s={search_term_string}\"},\"query-input\":\"required name=search_term_string\"}],\"inLanguage\":\"es\"},{\"@type\":\"Person\",\"@id\":\"https:\/\/www.alteacultural.com\/es\/#\/schema\/person\/c4e137537f1af546d214a315255e5172\",\"name\":\"sfaltea.com-admin\",\"image\":{\"@type\":\"ImageObject\",\"inLanguage\":\"es\",\"@id\":\"https:\/\/www.alteacultural.com\/es\/#\/schema\/person\/image\/\",\"url\":\"https:\/\/secure.gravatar.com\/avatar\/f7473fa2fbd351270ccfd469de536202?s=96&d=mm&r=g\",\"contentUrl\":\"https:\/\/secure.gravatar.com\/avatar\/f7473fa2fbd351270ccfd469de536202?s=96&d=mm&r=g\",\"caption\":\"sfaltea.com-admin\"},\"url\":\"https:\/\/www.alteacultural.com\/es\/author\/sfaltea-com-admin\/\"}]}<\/script>\n<!-- \/ Yoast SEO plugin. -->","yoast_head_json":{"title":"Llega \u201cLlibres a la Tardor\u201d con la presentaci\u00f3n de nueve obras - Altea Cultural","robots":{"index":"index","follow":"follow","max-snippet":"max-snippet:-1","max-image-preview":"max-image-preview:large","max-video-preview":"max-video-preview:-1"},"canonical":"https:\/\/www.alteacultural.com\/es\/2024\/10\/25\/arriba-llibres-a-la-tardor-amb-la-presentacio-de-nou-obres\/","og_locale":"es_ES","og_type":"article","og_title":"Llega \u201cLlibres a la Tardor\u201d con la presentaci\u00f3n de nueve obras - Altea Cultural","og_description":"Oct 24, 2024 El pr\u00f3ximo martes 29 de octubre dar\u00e1 inicio el ciclo de presentaci\u00f3n de libros \u201cLlibres a [&hellip;]","og_url":"https:\/\/www.alteacultural.com\/es\/2024\/10\/25\/arriba-llibres-a-la-tardor-amb-la-presentacio-de-nou-obres\/","og_site_name":"Altea Cultural","article_published_time":"2024-10-25T07:10:21+00:00","article_modified_time":"2024-10-29T22:59:14+00:00","og_image":[{"width":1749,"height":625,"url":"https:\/\/www.alteacultural.com\/wp-content\/uploads\/2024\/09\/LlibresTardor2024_banner.jpg","type":"image\/jpeg"}],"author":"sfaltea.com-admin","twitter_card":"summary_large_image","twitter_misc":{"Escrito por":"sfaltea.com-admin","Tiempo de lectura":"3 minutos"},"schema":{"@context":"https:\/\/schema.org","@graph":[{"@type":"WebPage","@id":"https:\/\/www.alteacultural.com\/es\/2024\/10\/25\/arriba-llibres-a-la-tardor-amb-la-presentacio-de-nou-obres\/","url":"https:\/\/www.alteacultural.com\/es\/2024\/10\/25\/arriba-llibres-a-la-tardor-amb-la-presentacio-de-nou-obres\/","name":"Llega \u201cLlibres a la Tardor\u201d con la presentaci\u00f3n de nueve obras - Altea Cultural","isPartOf":{"@id":"https:\/\/www.alteacultural.com\/es\/#website"},"primaryImageOfPage":{"@id":"https:\/\/www.alteacultural.com\/es\/2024\/10\/25\/arriba-llibres-a-la-tardor-amb-la-presentacio-de-nou-obres\/#primaryimage"},"image":{"@id":"https:\/\/www.alteacultural.com\/es\/2024\/10\/25\/arriba-llibres-a-la-tardor-amb-la-presentacio-de-nou-obres\/#primaryimage"},"thumbnailUrl":"https:\/\/www.alteacultural.com\/wp-content\/uploads\/2024\/09\/LlibresTardor2024_banner.jpg","datePublished":"2024-10-25T07:10:21+00:00","dateModified":"2024-10-29T22:59:14+00:00","author":{"@id":"https:\/\/www.alteacultural.com\/es\/#\/schema\/person\/c4e137537f1af546d214a315255e5172"},"breadcrumb":{"@id":"https:\/\/www.alteacultural.com\/es\/2024\/10\/25\/arriba-llibres-a-la-tardor-amb-la-presentacio-de-nou-obres\/#breadcrumb"},"inLanguage":"es","potentialAction":[{"@type":"ReadAction","target":["https:\/\/www.alteacultural.com\/es\/2024\/10\/25\/arriba-llibres-a-la-tardor-amb-la-presentacio-de-nou-obres\/"]}]},{"@type":"ImageObject","inLanguage":"es","@id":"https:\/\/www.alteacultural.com\/es\/2024\/10\/25\/arriba-llibres-a-la-tardor-amb-la-presentacio-de-nou-obres\/#primaryimage","url":"https:\/\/www.alteacultural.com\/wp-content\/uploads\/2024\/09\/LlibresTardor2024_banner.jpg","contentUrl":"https:\/\/www.alteacultural.com\/wp-content\/uploads\/2024\/09\/LlibresTardor2024_banner.jpg","width":1749,"height":625},{"@type":"BreadcrumbList","@id":"https:\/\/www.alteacultural.com\/es\/2024\/10\/25\/arriba-llibres-a-la-tardor-amb-la-presentacio-de-nou-obres\/#breadcrumb","itemListElement":[{"@type":"ListItem","position":1,"name":"Inici","item":"https:\/\/www.alteacultural.com\/es\/"},{"@type":"ListItem","position":2,"name":"Llega \u201cLlibres a la Tardor\u201d con la presentaci\u00f3n de nueve obras"}]},{"@type":"WebSite","@id":"https:\/\/www.alteacultural.com\/es\/#website","url":"https:\/\/www.alteacultural.com\/es\/","name":"Altea Cultural","description":"Regidoria de Cultura de l&#039;Ajuntament d&#039;Altea","potentialAction":[{"@type":"SearchAction","target":{"@type":"EntryPoint","urlTemplate":"https:\/\/www.alteacultural.com\/es\/?s={search_term_string}"},"query-input":"required name=search_term_string"}],"inLanguage":"es"},{"@type":"Person","@id":"https:\/\/www.alteacultural.com\/es\/#\/schema\/person\/c4e137537f1af546d214a315255e5172","name":"sfaltea.com-admin","image":{"@type":"ImageObject","inLanguage":"es","@id":"https:\/\/www.alteacultural.com\/es\/#\/schema\/person\/image\/","url":"https:\/\/secure.gravatar.com\/avatar\/f7473fa2fbd351270ccfd469de536202?s=96&d=mm&r=g","contentUrl":"https:\/\/secure.gravatar.com\/avatar\/f7473fa2fbd351270ccfd469de536202?s=96&d=mm&r=g","caption":"sfaltea.com-admin"},"url":"https:\/\/www.alteacultural.com\/es\/author\/sfaltea-com-admin\/"}]}},"_links":{"self":[{"href":"https:\/\/www.alteacultural.com\/es\/wp-json\/wp\/v2\/posts\/33286"}],"collection":[{"href":"https:\/\/www.alteacultural.com\/es\/wp-json\/wp\/v2\/posts"}],"about":[{"href":"https:\/\/www.alteacultural.com\/es\/wp-json\/wp\/v2\/types\/post"}],"author":[{"embeddable":true,"href":"https:\/\/www.alteacultural.com\/es\/wp-json\/wp\/v2\/users\/1"}],"replies":[{"embeddable":true,"href":"https:\/\/www.alteacultural.com\/es\/wp-json\/wp\/v2\/comments?post=33286"}],"version-history":[{"count":1,"href":"https:\/\/www.alteacultural.com\/es\/wp-json\/wp\/v2\/posts\/33286\/revisions"}],"predecessor-version":[{"id":33287,"href":"https:\/\/www.alteacultural.com\/es\/wp-json\/wp\/v2\/posts\/33286\/revisions\/33287"}],"wp:featuredmedia":[{"embeddable":true,"href":"https:\/\/www.alteacultural.com\/es\/wp-json\/wp\/v2\/media\/32944"}],"wp:attachment":[{"href":"https:\/\/www.alteacultural.com\/es\/wp-json\/wp\/v2\/media?parent=33286"}],"curies":[{"name":"wp","href":"https:\/\/api.w.org\/{rel}","templated":true}]}}