{"id":33334,"date":"2024-10-29T08:37:25","date_gmt":"2024-10-29T07:37:25","guid":{"rendered":"https:\/\/www.alteacultural.com\/2024\/10\/29\/la-ruta-de-carmelina-altea-la-casa-de-la-mar-es-converteix-en-una-de-les-deu-propostes-amb-que-naix-lapp-rutic\/"},"modified":"2024-11-02T08:33:43","modified_gmt":"2024-11-02T07:33:43","slug":"la-ruta-de-carmelina-altea-la-casa-de-la-mar-es-converteix-en-una-de-les-deu-propostes-amb-que-naix-lapp-rutic","status":"publish","type":"post","link":"https:\/\/www.alteacultural.com\/es\/2024\/10\/29\/la-ruta-de-carmelina-altea-la-casa-de-la-mar-es-converteix-en-una-de-les-deu-propostes-amb-que-naix-lapp-rutic\/","title":{"rendered":"La Ruta de Carmelina \u201cAltea, la Casa de la Mar\u201d se convierte en una de las diez propuestas con las que nace la app RuTIC"},"content":{"rendered":"\n<p>Oct 28, 2024<img fetchpriority=\"high\" decoding=\"async\" src=\"https:\/\/alteadigital.es\/wp-content\/uploads\/2024\/10\/1-claustro-web.jpg\" alt=\"La Ruta de Carmelina \u201cAltea, la Casa de la Mar\u201d es converteix en una de les deu propostes amb qu\u00e8 naix l\u2019app RuTIC\" class=\"\" width=\"1080\" height=\"675\" srcset=\"https:\/\/alteadigital.es\/wp-content\/uploads\/2024\/10\/1-claustro-web.jpg 1080w, https:\/\/alteadigital.es\/wp-content\/uploads\/2024\/10\/1-claustro-web-980x674.jpg 980w, https:\/\/alteadigital.es\/wp-content\/uploads\/2024\/10\/1-claustro-web-480x330.jpg 480w\"><\/p>\n\n\n\n<p><strong>El Alcalde de Altea participa en la presentaci\u00f3n de la app en la Universidad de Valencia.<\/strong><\/p>\n\n\n\n<p>El pasado viernes ten\u00eda lugar en el \u2018Centre Cultural La Nau\u2019 de la Universidad de Valencia el Evento Multiplicador del proyecto RuTIC, en el que se presentaba su app. Una aplicaci\u00f3n m\u00f3vil que ofrece 10 rutas literarias en diferentes localidades y entre las que se encuentra Altea con \u2018Altea, la Casa de la Mar\u2019 en la ruta de Carmelina.<\/p>\n\n\n\n<p>Con la presencia de creadores y autoridades locales, entre ellos el alcalde de Altea, Diego Zaragoz\u00ed y el alteano Joan Borja, autor de la Ruta Carmelinay director de la C\u00e0tedra Enric Valor de la Universidad de Alicante, &nbsp;&nbsp;se presentaba la aplicaci\u00f3n RuTIC y se inauguraba la exposici\u00f3n \u201cRutes Liter\u00e0ries pel Paisatge Mediterrani\u201d que se puede visitar en el Claustro, que muestra los resultados del proyecto RuTIC,&nbsp;<a href=\"https:\/\/www.uv.es\/rutic\/\">https:\/\/www.uv.es\/rutic\/<\/a>&nbsp;, que integra literatura, turismo, educaci\u00f3n y tecnolog\u00edas de la informaci\u00f3n. Proyecto que ha creado una app que ofrece 10 rutas literarias en diferentes localidades como, Altea, Castalla, X\u00e0tiva, Val\u00e8ncia, Borriana, Tarragona, Roda de Ter, Sant Joan de les Abadesses, Palma i Valldemossa, buscando la promoci\u00f3n de un acceso sostenible al paisaje y al patrimonio a trav\u00e9s de la literatura.<\/p>\n\n\n<div class=\"wp-block-image\">\n<figure class=\"aligncenter\"><img decoding=\"async\" data-src=\"https:\/\/alteadigital.es\/wp-content\/uploads\/2024\/10\/intervenciones-web.jpg\" alt=\"\" class=\"wp-image-119595 lazyload\" src=\"data:image\/gif;base64,R0lGODlhAQABAAAAACH5BAEKAAEALAAAAAABAAEAAAICTAEAOw==\" \/><\/figure><\/div>\n\n\n<p>RuTIC es un proyecto interdisciplinar e interuniversitario impulsado por la Universidad de Valencia, Departamento de Did\u00e1ctica de la Lengua y la Literatura, y est\u00e1 financiado con los fondos europeos NextGeneration a trav\u00e9s de la Agencia Estatal de Investigaci\u00f3n, AEI, en el marco de los \u00abProyectos Estrat\u00e9gicos Orientados a la Transici\u00f3n Ecol\u00f3gica y la Transici\u00f3n Digital\u00bb de 2021.<\/p>\n\n\n\n<p>La app RuTIC es una aplicaci\u00f3n m\u00f3vil innovadora que redefine la experiencia de explorar la literatura en entornos urbanos y naturales a trav\u00e9s de 10 propuestas de rutas literarias:<\/p>\n\n\n\n<p>Ruta de Carmelina. Altea, la casa del mar.<\/p>\n\n\n\n<p>Ruta de Enric Valor. Castalla, el castillo del cielo.<\/p>\n\n\n\n<p>Ruta de Estell\u00e9s. La X\u00e0tiva que renace.<\/p>\n\n\n\n<p>Ruta del antiturismo. La Valencia de la ruptura.<\/p>\n\n\n\n<p>Ruta de Borriana. Literatura junto al mar.<\/p>\n\n\n\n<p>Ruta de Tarragona. Voces de mujer.<\/p>\n\n\n\n<p>Ruta de Miquel Mart\u00ed i Pol. El poeta que habla del pueblo.<\/p>\n\n\n\n<p>Ruta del Conde Arnau. La leyenda que pervive.<\/p>\n\n\n\n<p>Ruta de Palma. Palabras de escritoras.<\/p>\n\n\n\n<p>Ruta Valldemossa. El lugar seductor.<\/p>\n\n\n\n<p>Estas rutas ofrecen una experiencia inmersiva que combina literatura, patrimonio cultural y tecnolog\u00eda. La conexi\u00f3n entre literatura y entorno natural es clave para la transici\u00f3n ecol\u00f3gica, y el uso de nuevas tecnolog\u00edas en los paseos literarios se convierte en un recurso educativo y tur\u00edstico eficaz. La app permite descubrir los lugares que inspiraron obras literarias y fomentar una conexi\u00f3n emocional con el entorno a trav\u00e9s de experiencias enriquecedoras.<\/p>\n\n\n\n<p>Con la app RuTIC, puedes viajar en el tiempo y el espacio a trav\u00e9s de las palabras de escritores que captaron la esencia de paisajes y ciudades. Comienza tu viaje en \u2018Altea, la Casa de la Mar\u2019, donde Carmelina S\u00e1nchez-Cutillas te sumergir\u00e1 en un universo donde memoria y ficci\u00f3n se entrelazan.<\/p>\n\n\n\n<p>La app RuTIC,&nbsp;<a href=\"http:\/\/www.rutic.uv\/\">www.rutic.uv<\/a>, &nbsp;ha sido creada por un equipo multidisciplinar e interuniversitario vinculado al grupo de investigaci\u00f3n Geograf\u00edas Literarias con sede en la Universidad de Valencia, dentro del proyecto de investigaci\u00f3n \u00abMediterraneanliterature and landscape: application of new technologiesforthedesign of literarywalks (RuTIC)\u00bb<\/p>\n\n\n<div class=\"wp-block-image\">\n<figure class=\"aligncenter\"><img decoding=\"async\" data-src=\"https:\/\/alteadigital.es\/wp-content\/uploads\/2024\/10\/2-xpo-web.jpg\" alt=\"\" class=\"wp-image-119597 lazyload\" src=\"data:image\/gif;base64,R0lGODlhAQABAAAAACH5BAEKAAEALAAAAAABAAEAAAICTAEAOw==\" \/><\/figure><\/div>\n\n\n<p>La app utiliza la realidad aumentada para mostrar informaci\u00f3n adicional en tiempo real, combin\u00e1ndola con la tecnolog\u00eda SLAM, que permite reconocer el entorno y agregar im\u00e1genes virtuales. Esto se complementa con la geolocalizaci\u00f3n, que gu\u00eda a los usuarios a trav\u00e9s de los puntos de inter\u00e9s de las rutas.<\/p>\n\n\n\n<p>El funcionamiento de la app sigue estos pasos: a) El usuario es guiado al primer punto de la ruta mediante Google Maps. b) El GPS detecta cuando llega al punto de la ruta. c) La app muestra una imagen de referencia que el usuario debe encontrar con la c\u00e1mara del m\u00f3vil. d) Una vez encontrada, el contenido de realidad aumentada se despliega alrededor. e) Simult\u00e1neamente, se reproduce una locuci\u00f3n con el texto literario asociado. f) El usuario puede caminar e interactuar con las creaciones visuales. g) Despu\u00e9s de cada punto, otra locuci\u00f3n indica el siguiente destino hasta completar la ruta.<\/p>\n","protected":false},"excerpt":{"rendered":"<p>Oct 28, 2024 El Alcalde de Altea participa en la presentaci\u00f3n de la app en la Universidad de Valencia. [&hellip;]<\/p>\n","protected":false},"author":1,"featured_media":33332,"comment_status":"open","ping_status":"open","sticky":false,"template":"","format":"standard","meta":{"_expiration-date-status":"","_expiration-date":0,"_expiration-date-type":"","_expiration-date-categories":[],"_expiration-date-options":[],"footnotes":""},"yoast_head":"<!-- This site is optimized with the Yoast SEO plugin v22.8 - https:\/\/yoast.com\/wordpress\/plugins\/seo\/ -->\n<title>La Ruta de Carmelina \u201cAltea, la Casa de la Mar\u201d se convierte en una de las diez propuestas con las que nace la app RuTIC - Altea Cultural<\/title>\n<meta name=\"robots\" content=\"index, follow, max-snippet:-1, max-image-preview:large, max-video-preview:-1\" \/>\n<link rel=\"canonical\" href=\"https:\/\/www.alteacultural.com\/es\/2024\/10\/29\/la-ruta-de-carmelina-altea-la-casa-de-la-mar-es-converteix-en-una-de-les-deu-propostes-amb-que-naix-lapp-rutic\/\" \/>\n<meta property=\"og:locale\" content=\"es_ES\" \/>\n<meta property=\"og:type\" content=\"article\" \/>\n<meta property=\"og:title\" content=\"La Ruta de Carmelina \u201cAltea, la Casa de la Mar\u201d se convierte en una de las diez propuestas con las que nace la app RuTIC - Altea Cultural\" \/>\n<meta property=\"og:description\" content=\"Oct 28, 2024 El Alcalde de Altea participa en la presentaci\u00f3n de la app en la Universidad de Valencia. [&hellip;]\" \/>\n<meta property=\"og:url\" content=\"https:\/\/www.alteacultural.com\/es\/2024\/10\/29\/la-ruta-de-carmelina-altea-la-casa-de-la-mar-es-converteix-en-una-de-les-deu-propostes-amb-que-naix-lapp-rutic\/\" \/>\n<meta property=\"og:site_name\" content=\"Altea Cultural\" \/>\n<meta property=\"article:published_time\" content=\"2024-10-29T07:37:25+00:00\" \/>\n<meta property=\"article:modified_time\" content=\"2024-11-02T07:33:43+00:00\" \/>\n<meta property=\"og:image\" content=\"https:\/\/www.alteacultural.com\/wp-content\/uploads\/2024\/10\/1-claustro-web.jpg\" \/>\n\t<meta property=\"og:image:width\" content=\"1028\" \/>\n\t<meta property=\"og:image:height\" content=\"707\" \/>\n\t<meta property=\"og:image:type\" content=\"image\/jpeg\" \/>\n<meta name=\"author\" content=\"sfaltea.com-admin\" \/>\n<meta name=\"twitter:card\" content=\"summary_large_image\" \/>\n<meta name=\"twitter:label1\" content=\"Escrito por\" \/>\n\t<meta name=\"twitter:data1\" content=\"sfaltea.com-admin\" \/>\n\t<meta name=\"twitter:label2\" content=\"Tiempo de lectura\" \/>\n\t<meta name=\"twitter:data2\" content=\"5 minutos\" \/>\n<script type=\"application\/ld+json\" class=\"yoast-schema-graph\">{\"@context\":\"https:\/\/schema.org\",\"@graph\":[{\"@type\":\"WebPage\",\"@id\":\"https:\/\/www.alteacultural.com\/es\/2024\/10\/29\/la-ruta-de-carmelina-altea-la-casa-de-la-mar-es-converteix-en-una-de-les-deu-propostes-amb-que-naix-lapp-rutic\/\",\"url\":\"https:\/\/www.alteacultural.com\/es\/2024\/10\/29\/la-ruta-de-carmelina-altea-la-casa-de-la-mar-es-converteix-en-una-de-les-deu-propostes-amb-que-naix-lapp-rutic\/\",\"name\":\"La Ruta de Carmelina \u201cAltea, la Casa de la Mar\u201d se convierte en una de las diez propuestas con las que nace la app RuTIC - Altea Cultural\",\"isPartOf\":{\"@id\":\"https:\/\/www.alteacultural.com\/es\/#website\"},\"primaryImageOfPage\":{\"@id\":\"https:\/\/www.alteacultural.com\/es\/2024\/10\/29\/la-ruta-de-carmelina-altea-la-casa-de-la-mar-es-converteix-en-una-de-les-deu-propostes-amb-que-naix-lapp-rutic\/#primaryimage\"},\"image\":{\"@id\":\"https:\/\/www.alteacultural.com\/es\/2024\/10\/29\/la-ruta-de-carmelina-altea-la-casa-de-la-mar-es-converteix-en-una-de-les-deu-propostes-amb-que-naix-lapp-rutic\/#primaryimage\"},\"thumbnailUrl\":\"https:\/\/www.alteacultural.com\/wp-content\/uploads\/2024\/10\/1-claustro-web.jpg\",\"datePublished\":\"2024-10-29T07:37:25+00:00\",\"dateModified\":\"2024-11-02T07:33:43+00:00\",\"author\":{\"@id\":\"https:\/\/www.alteacultural.com\/es\/#\/schema\/person\/c4e137537f1af546d214a315255e5172\"},\"breadcrumb\":{\"@id\":\"https:\/\/www.alteacultural.com\/es\/2024\/10\/29\/la-ruta-de-carmelina-altea-la-casa-de-la-mar-es-converteix-en-una-de-les-deu-propostes-amb-que-naix-lapp-rutic\/#breadcrumb\"},\"inLanguage\":\"es\",\"potentialAction\":[{\"@type\":\"ReadAction\",\"target\":[\"https:\/\/www.alteacultural.com\/es\/2024\/10\/29\/la-ruta-de-carmelina-altea-la-casa-de-la-mar-es-converteix-en-una-de-les-deu-propostes-amb-que-naix-lapp-rutic\/\"]}]},{\"@type\":\"ImageObject\",\"inLanguage\":\"es\",\"@id\":\"https:\/\/www.alteacultural.com\/es\/2024\/10\/29\/la-ruta-de-carmelina-altea-la-casa-de-la-mar-es-converteix-en-una-de-les-deu-propostes-amb-que-naix-lapp-rutic\/#primaryimage\",\"url\":\"https:\/\/www.alteacultural.com\/wp-content\/uploads\/2024\/10\/1-claustro-web.jpg\",\"contentUrl\":\"https:\/\/www.alteacultural.com\/wp-content\/uploads\/2024\/10\/1-claustro-web.jpg\",\"width\":1028,\"height\":707},{\"@type\":\"BreadcrumbList\",\"@id\":\"https:\/\/www.alteacultural.com\/es\/2024\/10\/29\/la-ruta-de-carmelina-altea-la-casa-de-la-mar-es-converteix-en-una-de-les-deu-propostes-amb-que-naix-lapp-rutic\/#breadcrumb\",\"itemListElement\":[{\"@type\":\"ListItem\",\"position\":1,\"name\":\"Inici\",\"item\":\"https:\/\/www.alteacultural.com\/es\/\"},{\"@type\":\"ListItem\",\"position\":2,\"name\":\"La Ruta de Carmelina \u201cAltea, la Casa de la Mar\u201d se convierte en una de las diez propuestas con las que nace la app RuTIC\"}]},{\"@type\":\"WebSite\",\"@id\":\"https:\/\/www.alteacultural.com\/es\/#website\",\"url\":\"https:\/\/www.alteacultural.com\/es\/\",\"name\":\"Altea Cultural\",\"description\":\"Regidoria de Cultura de l&#039;Ajuntament d&#039;Altea\",\"potentialAction\":[{\"@type\":\"SearchAction\",\"target\":{\"@type\":\"EntryPoint\",\"urlTemplate\":\"https:\/\/www.alteacultural.com\/es\/?s={search_term_string}\"},\"query-input\":\"required name=search_term_string\"}],\"inLanguage\":\"es\"},{\"@type\":\"Person\",\"@id\":\"https:\/\/www.alteacultural.com\/es\/#\/schema\/person\/c4e137537f1af546d214a315255e5172\",\"name\":\"sfaltea.com-admin\",\"image\":{\"@type\":\"ImageObject\",\"inLanguage\":\"es\",\"@id\":\"https:\/\/www.alteacultural.com\/es\/#\/schema\/person\/image\/\",\"url\":\"https:\/\/secure.gravatar.com\/avatar\/f7473fa2fbd351270ccfd469de536202?s=96&d=mm&r=g\",\"contentUrl\":\"https:\/\/secure.gravatar.com\/avatar\/f7473fa2fbd351270ccfd469de536202?s=96&d=mm&r=g\",\"caption\":\"sfaltea.com-admin\"},\"url\":\"https:\/\/www.alteacultural.com\/es\/author\/sfaltea-com-admin\/\"}]}<\/script>\n<!-- \/ Yoast SEO plugin. -->","yoast_head_json":{"title":"La Ruta de Carmelina \u201cAltea, la Casa de la Mar\u201d se convierte en una de las diez propuestas con las que nace la app RuTIC - Altea Cultural","robots":{"index":"index","follow":"follow","max-snippet":"max-snippet:-1","max-image-preview":"max-image-preview:large","max-video-preview":"max-video-preview:-1"},"canonical":"https:\/\/www.alteacultural.com\/es\/2024\/10\/29\/la-ruta-de-carmelina-altea-la-casa-de-la-mar-es-converteix-en-una-de-les-deu-propostes-amb-que-naix-lapp-rutic\/","og_locale":"es_ES","og_type":"article","og_title":"La Ruta de Carmelina \u201cAltea, la Casa de la Mar\u201d se convierte en una de las diez propuestas con las que nace la app RuTIC - Altea Cultural","og_description":"Oct 28, 2024 El Alcalde de Altea participa en la presentaci\u00f3n de la app en la Universidad de Valencia. [&hellip;]","og_url":"https:\/\/www.alteacultural.com\/es\/2024\/10\/29\/la-ruta-de-carmelina-altea-la-casa-de-la-mar-es-converteix-en-una-de-les-deu-propostes-amb-que-naix-lapp-rutic\/","og_site_name":"Altea Cultural","article_published_time":"2024-10-29T07:37:25+00:00","article_modified_time":"2024-11-02T07:33:43+00:00","og_image":[{"width":1028,"height":707,"url":"https:\/\/www.alteacultural.com\/wp-content\/uploads\/2024\/10\/1-claustro-web.jpg","type":"image\/jpeg"}],"author":"sfaltea.com-admin","twitter_card":"summary_large_image","twitter_misc":{"Escrito por":"sfaltea.com-admin","Tiempo de lectura":"5 minutos"},"schema":{"@context":"https:\/\/schema.org","@graph":[{"@type":"WebPage","@id":"https:\/\/www.alteacultural.com\/es\/2024\/10\/29\/la-ruta-de-carmelina-altea-la-casa-de-la-mar-es-converteix-en-una-de-les-deu-propostes-amb-que-naix-lapp-rutic\/","url":"https:\/\/www.alteacultural.com\/es\/2024\/10\/29\/la-ruta-de-carmelina-altea-la-casa-de-la-mar-es-converteix-en-una-de-les-deu-propostes-amb-que-naix-lapp-rutic\/","name":"La Ruta de Carmelina \u201cAltea, la Casa de la Mar\u201d se convierte en una de las diez propuestas con las que nace la app RuTIC - Altea Cultural","isPartOf":{"@id":"https:\/\/www.alteacultural.com\/es\/#website"},"primaryImageOfPage":{"@id":"https:\/\/www.alteacultural.com\/es\/2024\/10\/29\/la-ruta-de-carmelina-altea-la-casa-de-la-mar-es-converteix-en-una-de-les-deu-propostes-amb-que-naix-lapp-rutic\/#primaryimage"},"image":{"@id":"https:\/\/www.alteacultural.com\/es\/2024\/10\/29\/la-ruta-de-carmelina-altea-la-casa-de-la-mar-es-converteix-en-una-de-les-deu-propostes-amb-que-naix-lapp-rutic\/#primaryimage"},"thumbnailUrl":"https:\/\/www.alteacultural.com\/wp-content\/uploads\/2024\/10\/1-claustro-web.jpg","datePublished":"2024-10-29T07:37:25+00:00","dateModified":"2024-11-02T07:33:43+00:00","author":{"@id":"https:\/\/www.alteacultural.com\/es\/#\/schema\/person\/c4e137537f1af546d214a315255e5172"},"breadcrumb":{"@id":"https:\/\/www.alteacultural.com\/es\/2024\/10\/29\/la-ruta-de-carmelina-altea-la-casa-de-la-mar-es-converteix-en-una-de-les-deu-propostes-amb-que-naix-lapp-rutic\/#breadcrumb"},"inLanguage":"es","potentialAction":[{"@type":"ReadAction","target":["https:\/\/www.alteacultural.com\/es\/2024\/10\/29\/la-ruta-de-carmelina-altea-la-casa-de-la-mar-es-converteix-en-una-de-les-deu-propostes-amb-que-naix-lapp-rutic\/"]}]},{"@type":"ImageObject","inLanguage":"es","@id":"https:\/\/www.alteacultural.com\/es\/2024\/10\/29\/la-ruta-de-carmelina-altea-la-casa-de-la-mar-es-converteix-en-una-de-les-deu-propostes-amb-que-naix-lapp-rutic\/#primaryimage","url":"https:\/\/www.alteacultural.com\/wp-content\/uploads\/2024\/10\/1-claustro-web.jpg","contentUrl":"https:\/\/www.alteacultural.com\/wp-content\/uploads\/2024\/10\/1-claustro-web.jpg","width":1028,"height":707},{"@type":"BreadcrumbList","@id":"https:\/\/www.alteacultural.com\/es\/2024\/10\/29\/la-ruta-de-carmelina-altea-la-casa-de-la-mar-es-converteix-en-una-de-les-deu-propostes-amb-que-naix-lapp-rutic\/#breadcrumb","itemListElement":[{"@type":"ListItem","position":1,"name":"Inici","item":"https:\/\/www.alteacultural.com\/es\/"},{"@type":"ListItem","position":2,"name":"La Ruta de Carmelina \u201cAltea, la Casa de la Mar\u201d se convierte en una de las diez propuestas con las que nace la app RuTIC"}]},{"@type":"WebSite","@id":"https:\/\/www.alteacultural.com\/es\/#website","url":"https:\/\/www.alteacultural.com\/es\/","name":"Altea Cultural","description":"Regidoria de Cultura de l&#039;Ajuntament d&#039;Altea","potentialAction":[{"@type":"SearchAction","target":{"@type":"EntryPoint","urlTemplate":"https:\/\/www.alteacultural.com\/es\/?s={search_term_string}"},"query-input":"required name=search_term_string"}],"inLanguage":"es"},{"@type":"Person","@id":"https:\/\/www.alteacultural.com\/es\/#\/schema\/person\/c4e137537f1af546d214a315255e5172","name":"sfaltea.com-admin","image":{"@type":"ImageObject","inLanguage":"es","@id":"https:\/\/www.alteacultural.com\/es\/#\/schema\/person\/image\/","url":"https:\/\/secure.gravatar.com\/avatar\/f7473fa2fbd351270ccfd469de536202?s=96&d=mm&r=g","contentUrl":"https:\/\/secure.gravatar.com\/avatar\/f7473fa2fbd351270ccfd469de536202?s=96&d=mm&r=g","caption":"sfaltea.com-admin"},"url":"https:\/\/www.alteacultural.com\/es\/author\/sfaltea-com-admin\/"}]}},"_links":{"self":[{"href":"https:\/\/www.alteacultural.com\/es\/wp-json\/wp\/v2\/posts\/33334"}],"collection":[{"href":"https:\/\/www.alteacultural.com\/es\/wp-json\/wp\/v2\/posts"}],"about":[{"href":"https:\/\/www.alteacultural.com\/es\/wp-json\/wp\/v2\/types\/post"}],"author":[{"embeddable":true,"href":"https:\/\/www.alteacultural.com\/es\/wp-json\/wp\/v2\/users\/1"}],"replies":[{"embeddable":true,"href":"https:\/\/www.alteacultural.com\/es\/wp-json\/wp\/v2\/comments?post=33334"}],"version-history":[{"count":1,"href":"https:\/\/www.alteacultural.com\/es\/wp-json\/wp\/v2\/posts\/33334\/revisions"}],"predecessor-version":[{"id":33336,"href":"https:\/\/www.alteacultural.com\/es\/wp-json\/wp\/v2\/posts\/33334\/revisions\/33336"}],"wp:featuredmedia":[{"embeddable":true,"href":"https:\/\/www.alteacultural.com\/es\/wp-json\/wp\/v2\/media\/33332"}],"wp:attachment":[{"href":"https:\/\/www.alteacultural.com\/es\/wp-json\/wp\/v2\/media?parent=33334"}],"curies":[{"name":"wp","href":"https:\/\/api.w.org\/{rel}","templated":true}]}}