{"id":33461,"date":"2024-11-08T09:33:09","date_gmt":"2024-11-08T08:33:09","guid":{"rendered":"https:\/\/www.alteacultural.com\/2024\/11\/08\/el-50-certamen-internacional-de-bandes-de-musica-vila-daltea-tancara-lampli-programa-que-la-sfa-ha-organitzat-per-a-santa-cecilia\/"},"modified":"2024-11-08T13:58:42","modified_gmt":"2024-11-08T12:58:42","slug":"el-50-certamen-internacional-de-bandes-de-musica-vila-daltea-tancara-lampli-programa-que-la-sfa-ha-organitzat-per-a-santa-cecilia","status":"publish","type":"post","link":"https:\/\/www.alteacultural.com\/es\/2024\/11\/08\/el-50-certamen-internacional-de-bandes-de-musica-vila-daltea-tancara-lampli-programa-que-la-sfa-ha-organitzat-per-a-santa-cecilia\/","title":{"rendered":"El \u201850 Certamen Internacional de Bandes de M\u00fasica Vila D\u2019Altea\u2019 cerrara el amplio programa que la SFA ha organizado para Santa Cecilia"},"content":{"rendered":"\n<p>Oct 29, 2024<img fetchpriority=\"high\" decoding=\"async\" src=\"https:\/\/alteadigital.es\/wp-content\/uploads\/2024\/10\/Rp-programacion-web.jpg\" alt=\"El \u201850 Certamen Internacional de Bandes de M\u00fasica Vila D\u2019Altea\u2019 tancar\u00e0 l\u2019ampli programa que la SFA ha organitzat per a Santa Cec\u00edlia\" class=\"\" width=\"1080\" height=\"675\" srcset=\"https:\/\/alteadigital.es\/wp-content\/uploads\/2024\/10\/Rp-programacion-web.jpg 1080w, https:\/\/alteadigital.es\/wp-content\/uploads\/2024\/10\/Rp-programacion-web-480x428.jpg 480w\"><\/p>\n\n\n\n<p><strong>11 nuevos educandos pasar\u00e1n a formar parte de la Banda.<\/strong><\/p>\n\n\n\n<p>En la ma\u00f1ana de ayer, la edil de Cultura, Pepa Victoria P\u00e9rez y el presidente de la \u2018Societat Filarm\u00f2nica Alteanense\u2019, Joan Carles Guill\u00e9n, presentaban las jornadas musicales en honor a Santa Cecilia&nbsp; organizadas por la SFA. Una celebraci\u00f3n extensa que dar\u00e1 inicio el pr\u00f3ximo d\u00eda 2 de noviembre con un concierto de la \u2018Orquestra de Pols i Pua\u2019 y concluir\u00e1 el 7 de diciembre con la celebraci\u00f3n de la 50 edici\u00f3n del \u2018Certamen Internacional de Bandes de M\u00fasica Vila d\u2019Altea\u2019.<\/p>\n\n\n\n<p>En palabras de la responsable municipal de Cultura, quien ha explicado por qu\u00e9 en la presente edici\u00f3n cada una de las bandas de Altea presenta su programaci\u00f3n, \u201cel Certamen de Bandes Vila d\u2019Altea es una de las mayores efem\u00e9rides que celebramos en Altea a nivel cultura, por lo que pens\u00e1bamos que necesitaba espacio propio en la celebraci\u00f3n de su 50 aniversario. Del mismo modo, la SRM cumple 90&nbsp; a\u00f1os de su creaci\u00f3n y tambi\u00e9n es motivo de celebraci\u00f3n\u201d.<\/p>\n\n\n\n<p>Ha sido el presidente de la SFA, Joan Carles Guill\u00e9n el que ha pormenorizado la programaci\u00f3n, pero no sin antes felicitar a la Recreativa Musical &nbsp;de Altea la Vella por su 90 aniversario y 90 a\u00f1os de trabajo. \u201cUna efem\u00e9ride que nos hace reflexionar y nos gustar\u00eda trasladar a la poblaci\u00f3n la importancia que tienen las entidades musicales en este municipio\u201d; ha se\u00f1alado Guill\u00e9n.<\/p>\n\n\n\n<p>Un a\u00f1o m\u00e1s el presidente de la SFA ha subrayado que \u201cSanta Cecilia es la fiesta de los m\u00fasicos, de los familiares de los m\u00fasicos y de la gente que disfruta escuchando la m\u00fasica. Por ello invitamos a todo el pueblo de Altea para que disfrute de todos los actos previstos y de la alegr\u00eda que supone esta fiesta\u201d.<\/p>\n\n\n\n<p>Como es habitual, este a\u00f1o tambi\u00e9n entrar\u00e1n a formar parte de la \u2018Banda Simf\u00f2nica de la SFA\u2019 como educandos un grupo de m\u00fasicos; Pere P\u00e9rez Mu\u00f1oz, tromb\u00f3n; Miguel Moreno Juan, Percusi\u00f3n; Andr\u00e9s Zaragoz\u00ed Nadal, Trompeta;&nbsp; Koldo Iglesias Sancho, Saxof\u00f3n; Marc Alvado Alvado, Percusi\u00f3n; Jorge L\u00f3pez Carri\u00f3n, Saxof\u00f3n; Jaime Alvado Morales, Trompeta; Lina Noor Hacene Azzi, Flauta; Paula Mart\u00edn-Albo Feases, Oboe; Lluna Alcalde Saval, Saxof\u00f3n y Anna Mart\u00ednez Cort\u00e9s, Flauta. A todos ellos y a sus familiares, la edil y el presidente de la SFA han felicitado.<\/p>\n\n\n<div class=\"wp-block-image\">\n<figure class=\"aligncenter\"><img decoding=\"async\" data-src=\"https:\/\/alteadigital.es\/wp-content\/uploads\/2024\/10\/Educandos-web.jpg\" alt=\"\" class=\"wp-image-119609 lazyload\" src=\"data:image\/gif;base64,R0lGODlhAQABAAAAACH5BAEKAAEALAAAAAABAAEAAAICTAEAOw==\" \/><\/figure><\/div>\n\n\n<p><strong>Programa de Actos<\/strong><\/p>\n\n\n\n<p><strong>2 de noviembre,&nbsp;<\/strong>19:30h en el Auditorio del Centro Social de Altea, Concierto de la \u2018Orquestra de Pols i Pua\u2019 de la SFA.<\/p>\n\n\n\n<p><strong>7 de noviembre,&nbsp;<\/strong>a las 17:30 inauguraci\u00f3n de la exposici\u00f3n de trompetas Yamaha. A las 18:30, charla sobre el mantenimiento y limpieza de los instrumentos. Conservatorio Profesional de Altea.<\/p>\n\n\n\n<p><strong>15 de noviembre, 20:30h,&nbsp;<\/strong>concierto en honor a Santa Cecilia a cargo de la \u2018Banda Simf\u00f2nica de la SFA\u2019 en Palau Altea. Imposici\u00f3n de insignias a los nuevos m\u00fasicos.<\/p>\n\n\n\n<p><strong>16 de noviembre, &nbsp;<\/strong>16:15h, desfile y recogida de los nuevos m\u00fasicos para asistir a las 18:30 h a la Misa en honor a Santa Cecilia, cantada por la Coral de la SFA, en la Iglesia Parroquial.<\/p>\n\n\n\n<p><strong>22 de noviembre<\/strong>, a las 20:00h, audici\u00f3n de Trompeta en el sal\u00f3n de Actos de la SFA.<\/p>\n\n\n\n<p><strong>5 de diciembre,&nbsp;<\/strong>21:00h, concierto de la Banda Sinf\u00f3nica Nacional de Colombia, en Palau Altea. Precio de la entrada 6 \u20ac en taquilla, 5 on line y 2,5 para los socios de la SFA.<\/p>\n\n\n\n<p><strong>6 de diciembre,&nbsp;<\/strong>en la sede de la SFA de 11:00 a 12:00h, actividades y talleres para ni\u00f1os y ni\u00f1as. De 12 a 12:45h, taller de percusi\u00f3n corporal con Enric Piiz\u00e0. A las 12:00h, hinchables y zona de juegos; a las 13:30 concierto de la banda de EsmuAltea. A las 14:00 paella popular; 6\u20ac el ticket. A las 18:00h festival de \u2018xarangues\u2019 con la Bandeta La Marina y la Bandeta B\u00e8rnia.<\/p>\n\n\n\n<p><strong>7 de diciembre,&nbsp;<\/strong>a partir de las 12:00h pasacalles a cargo de artistas del gremio por las calles de Altea. A las 16:00h da inicio el la 50 edici\u00f3n del Certamen Internacional de Bandes de M\u00fasica Vila d\u2019Altea. El precio de la entrada es de 11\u20ac; 10\u20ac si la compra es online y 1\u20ac para los socios de la SFA.<\/p>\n\n\n\n<p>Las bandas participantes en esta edici\u00f3n son la Asociaci\u00f3n Musical Banda La Lira de Cheste, Valencia; la Uni\u00f3 Musical Santa Cecilia d\u2019Onda, Castell\u00f3n; la Banda Sinf. Associa\u00e7ao Recreativa e Musical Amigos de Branca, Portugal y Clausura el Certamen la Banda Simf\u00f2nica de la SFA.<\/p>\n\n\n\n<p>Desde la concejal\u00eda de Cultura y la Societat Filarm\u00f2nica Alteanense se invita a la poblaci\u00f3n a participar de este nutrido programa de actos, cuya entrada es libre y gratuita si no se indica lo contrario.<\/p>\n\n\n<div class=\"wp-block-image\">\n<figure class=\"aligncenter\"><img decoding=\"async\" data-src=\"https:\/\/alteadigital.es\/wp-content\/uploads\/2024\/10\/Cartell-programa-web.jpg\" alt=\"\" class=\"wp-image-119611 lazyload\" src=\"data:image\/gif;base64,R0lGODlhAQABAAAAACH5BAEKAAEALAAAAAABAAEAAAICTAEAOw==\" \/><\/figure><\/div>\n\n\n<p>| ALTEADIGITAL.ES<\/p>\n","protected":false},"excerpt":{"rendered":"<p>Oct 29, 2024 11 nuevos educandos pasar\u00e1n a formar parte de la Banda. En la ma\u00f1ana de ayer, la [&hellip;]<\/p>\n","protected":false},"author":1,"featured_media":33276,"comment_status":"open","ping_status":"open","sticky":false,"template":"","format":"standard","meta":{"_expiration-date-status":"","_expiration-date":1731070702,"_expiration-date-type":"draft","_expiration-date-categories":[],"_expiration-date-options":[],"footnotes":""},"yoast_head":"<!-- This site is optimized with the Yoast SEO plugin v22.8 - https:\/\/yoast.com\/wordpress\/plugins\/seo\/ -->\n<title>El \u201850 Certamen Internacional de Bandes de M\u00fasica Vila D\u2019Altea\u2019 cerrara el amplio programa que la SFA ha organizado para Santa Cecilia - Altea Cultural<\/title>\n<meta name=\"robots\" content=\"index, follow, max-snippet:-1, max-image-preview:large, max-video-preview:-1\" \/>\n<link rel=\"canonical\" href=\"https:\/\/www.alteacultural.com\/es\/2024\/11\/08\/el-50-certamen-internacional-de-bandes-de-musica-vila-daltea-tancara-lampli-programa-que-la-sfa-ha-organitzat-per-a-santa-cecilia\/\" \/>\n<meta property=\"og:locale\" content=\"es_ES\" \/>\n<meta property=\"og:type\" content=\"article\" \/>\n<meta property=\"og:title\" content=\"El \u201850 Certamen Internacional de Bandes de M\u00fasica Vila D\u2019Altea\u2019 cerrara el amplio programa que la SFA ha organizado para Santa Cecilia - Altea Cultural\" \/>\n<meta property=\"og:description\" content=\"Oct 29, 2024 11 nuevos educandos pasar\u00e1n a formar parte de la Banda. En la ma\u00f1ana de ayer, la [&hellip;]\" \/>\n<meta property=\"og:url\" content=\"https:\/\/www.alteacultural.com\/es\/2024\/11\/08\/el-50-certamen-internacional-de-bandes-de-musica-vila-daltea-tancara-lampli-programa-que-la-sfa-ha-organitzat-per-a-santa-cecilia\/\" \/>\n<meta property=\"og:site_name\" content=\"Altea Cultural\" \/>\n<meta property=\"article:published_time\" content=\"2024-11-08T08:33:09+00:00\" \/>\n<meta property=\"article:modified_time\" content=\"2024-11-08T12:58:42+00:00\" \/>\n<meta property=\"og:image\" content=\"https:\/\/www.alteacultural.com\/wp-content\/uploads\/2024\/10\/Santa_cecilia_2024_banner-scaled.jpg\" \/>\n\t<meta property=\"og:image:width\" content=\"2560\" \/>\n\t<meta property=\"og:image:height\" content=\"1042\" \/>\n\t<meta property=\"og:image:type\" content=\"image\/jpeg\" \/>\n<meta name=\"author\" content=\"sfaltea.com-admin\" \/>\n<meta name=\"twitter:card\" content=\"summary_large_image\" \/>\n<meta name=\"twitter:label1\" content=\"Escrito por\" \/>\n\t<meta name=\"twitter:data1\" content=\"sfaltea.com-admin\" \/>\n\t<meta name=\"twitter:label2\" content=\"Tiempo de lectura\" \/>\n\t<meta name=\"twitter:data2\" content=\"5 minutos\" \/>\n<script type=\"application\/ld+json\" class=\"yoast-schema-graph\">{\"@context\":\"https:\/\/schema.org\",\"@graph\":[{\"@type\":\"WebPage\",\"@id\":\"https:\/\/www.alteacultural.com\/es\/2024\/11\/08\/el-50-certamen-internacional-de-bandes-de-musica-vila-daltea-tancara-lampli-programa-que-la-sfa-ha-organitzat-per-a-santa-cecilia\/\",\"url\":\"https:\/\/www.alteacultural.com\/es\/2024\/11\/08\/el-50-certamen-internacional-de-bandes-de-musica-vila-daltea-tancara-lampli-programa-que-la-sfa-ha-organitzat-per-a-santa-cecilia\/\",\"name\":\"El \u201850 Certamen Internacional de Bandes de M\u00fasica Vila D\u2019Altea\u2019 cerrara el amplio programa que la SFA ha organizado para Santa Cecilia - Altea Cultural\",\"isPartOf\":{\"@id\":\"https:\/\/www.alteacultural.com\/es\/#website\"},\"primaryImageOfPage\":{\"@id\":\"https:\/\/www.alteacultural.com\/es\/2024\/11\/08\/el-50-certamen-internacional-de-bandes-de-musica-vila-daltea-tancara-lampli-programa-que-la-sfa-ha-organitzat-per-a-santa-cecilia\/#primaryimage\"},\"image\":{\"@id\":\"https:\/\/www.alteacultural.com\/es\/2024\/11\/08\/el-50-certamen-internacional-de-bandes-de-musica-vila-daltea-tancara-lampli-programa-que-la-sfa-ha-organitzat-per-a-santa-cecilia\/#primaryimage\"},\"thumbnailUrl\":\"https:\/\/www.alteacultural.com\/wp-content\/uploads\/2024\/10\/Santa_cecilia_2024_banner-scaled.jpg\",\"datePublished\":\"2024-11-08T08:33:09+00:00\",\"dateModified\":\"2024-11-08T12:58:42+00:00\",\"author\":{\"@id\":\"https:\/\/www.alteacultural.com\/es\/#\/schema\/person\/c4e137537f1af546d214a315255e5172\"},\"breadcrumb\":{\"@id\":\"https:\/\/www.alteacultural.com\/es\/2024\/11\/08\/el-50-certamen-internacional-de-bandes-de-musica-vila-daltea-tancara-lampli-programa-que-la-sfa-ha-organitzat-per-a-santa-cecilia\/#breadcrumb\"},\"inLanguage\":\"es\",\"potentialAction\":[{\"@type\":\"ReadAction\",\"target\":[\"https:\/\/www.alteacultural.com\/es\/2024\/11\/08\/el-50-certamen-internacional-de-bandes-de-musica-vila-daltea-tancara-lampli-programa-que-la-sfa-ha-organitzat-per-a-santa-cecilia\/\"]}]},{\"@type\":\"ImageObject\",\"inLanguage\":\"es\",\"@id\":\"https:\/\/www.alteacultural.com\/es\/2024\/11\/08\/el-50-certamen-internacional-de-bandes-de-musica-vila-daltea-tancara-lampli-programa-que-la-sfa-ha-organitzat-per-a-santa-cecilia\/#primaryimage\",\"url\":\"https:\/\/www.alteacultural.com\/wp-content\/uploads\/2024\/10\/Santa_cecilia_2024_banner-scaled.jpg\",\"contentUrl\":\"https:\/\/www.alteacultural.com\/wp-content\/uploads\/2024\/10\/Santa_cecilia_2024_banner-scaled.jpg\",\"width\":2560,\"height\":1042},{\"@type\":\"BreadcrumbList\",\"@id\":\"https:\/\/www.alteacultural.com\/es\/2024\/11\/08\/el-50-certamen-internacional-de-bandes-de-musica-vila-daltea-tancara-lampli-programa-que-la-sfa-ha-organitzat-per-a-santa-cecilia\/#breadcrumb\",\"itemListElement\":[{\"@type\":\"ListItem\",\"position\":1,\"name\":\"Inici\",\"item\":\"https:\/\/www.alteacultural.com\/es\/\"},{\"@type\":\"ListItem\",\"position\":2,\"name\":\"El \u201850 Certamen Internacional de Bandes de M\u00fasica Vila D\u2019Altea\u2019 cerrara el amplio programa que la SFA ha organizado para Santa Cecilia\"}]},{\"@type\":\"WebSite\",\"@id\":\"https:\/\/www.alteacultural.com\/es\/#website\",\"url\":\"https:\/\/www.alteacultural.com\/es\/\",\"name\":\"Altea Cultural\",\"description\":\"Regidoria de Cultura de l&#039;Ajuntament d&#039;Altea\",\"potentialAction\":[{\"@type\":\"SearchAction\",\"target\":{\"@type\":\"EntryPoint\",\"urlTemplate\":\"https:\/\/www.alteacultural.com\/es\/?s={search_term_string}\"},\"query-input\":\"required name=search_term_string\"}],\"inLanguage\":\"es\"},{\"@type\":\"Person\",\"@id\":\"https:\/\/www.alteacultural.com\/es\/#\/schema\/person\/c4e137537f1af546d214a315255e5172\",\"name\":\"sfaltea.com-admin\",\"image\":{\"@type\":\"ImageObject\",\"inLanguage\":\"es\",\"@id\":\"https:\/\/www.alteacultural.com\/es\/#\/schema\/person\/image\/\",\"url\":\"https:\/\/secure.gravatar.com\/avatar\/f7473fa2fbd351270ccfd469de536202?s=96&d=mm&r=g\",\"contentUrl\":\"https:\/\/secure.gravatar.com\/avatar\/f7473fa2fbd351270ccfd469de536202?s=96&d=mm&r=g\",\"caption\":\"sfaltea.com-admin\"},\"url\":\"https:\/\/www.alteacultural.com\/es\/author\/sfaltea-com-admin\/\"}]}<\/script>\n<!-- \/ Yoast SEO plugin. -->","yoast_head_json":{"title":"El \u201850 Certamen Internacional de Bandes de M\u00fasica Vila D\u2019Altea\u2019 cerrara el amplio programa que la SFA ha organizado para Santa Cecilia - Altea Cultural","robots":{"index":"index","follow":"follow","max-snippet":"max-snippet:-1","max-image-preview":"max-image-preview:large","max-video-preview":"max-video-preview:-1"},"canonical":"https:\/\/www.alteacultural.com\/es\/2024\/11\/08\/el-50-certamen-internacional-de-bandes-de-musica-vila-daltea-tancara-lampli-programa-que-la-sfa-ha-organitzat-per-a-santa-cecilia\/","og_locale":"es_ES","og_type":"article","og_title":"El \u201850 Certamen Internacional de Bandes de M\u00fasica Vila D\u2019Altea\u2019 cerrara el amplio programa que la SFA ha organizado para Santa Cecilia - Altea Cultural","og_description":"Oct 29, 2024 11 nuevos educandos pasar\u00e1n a formar parte de la Banda. En la ma\u00f1ana de ayer, la [&hellip;]","og_url":"https:\/\/www.alteacultural.com\/es\/2024\/11\/08\/el-50-certamen-internacional-de-bandes-de-musica-vila-daltea-tancara-lampli-programa-que-la-sfa-ha-organitzat-per-a-santa-cecilia\/","og_site_name":"Altea Cultural","article_published_time":"2024-11-08T08:33:09+00:00","article_modified_time":"2024-11-08T12:58:42+00:00","og_image":[{"width":2560,"height":1042,"url":"https:\/\/www.alteacultural.com\/wp-content\/uploads\/2024\/10\/Santa_cecilia_2024_banner-scaled.jpg","type":"image\/jpeg"}],"author":"sfaltea.com-admin","twitter_card":"summary_large_image","twitter_misc":{"Escrito por":"sfaltea.com-admin","Tiempo de lectura":"5 minutos"},"schema":{"@context":"https:\/\/schema.org","@graph":[{"@type":"WebPage","@id":"https:\/\/www.alteacultural.com\/es\/2024\/11\/08\/el-50-certamen-internacional-de-bandes-de-musica-vila-daltea-tancara-lampli-programa-que-la-sfa-ha-organitzat-per-a-santa-cecilia\/","url":"https:\/\/www.alteacultural.com\/es\/2024\/11\/08\/el-50-certamen-internacional-de-bandes-de-musica-vila-daltea-tancara-lampli-programa-que-la-sfa-ha-organitzat-per-a-santa-cecilia\/","name":"El \u201850 Certamen Internacional de Bandes de M\u00fasica Vila D\u2019Altea\u2019 cerrara el amplio programa que la SFA ha organizado para Santa Cecilia - Altea Cultural","isPartOf":{"@id":"https:\/\/www.alteacultural.com\/es\/#website"},"primaryImageOfPage":{"@id":"https:\/\/www.alteacultural.com\/es\/2024\/11\/08\/el-50-certamen-internacional-de-bandes-de-musica-vila-daltea-tancara-lampli-programa-que-la-sfa-ha-organitzat-per-a-santa-cecilia\/#primaryimage"},"image":{"@id":"https:\/\/www.alteacultural.com\/es\/2024\/11\/08\/el-50-certamen-internacional-de-bandes-de-musica-vila-daltea-tancara-lampli-programa-que-la-sfa-ha-organitzat-per-a-santa-cecilia\/#primaryimage"},"thumbnailUrl":"https:\/\/www.alteacultural.com\/wp-content\/uploads\/2024\/10\/Santa_cecilia_2024_banner-scaled.jpg","datePublished":"2024-11-08T08:33:09+00:00","dateModified":"2024-11-08T12:58:42+00:00","author":{"@id":"https:\/\/www.alteacultural.com\/es\/#\/schema\/person\/c4e137537f1af546d214a315255e5172"},"breadcrumb":{"@id":"https:\/\/www.alteacultural.com\/es\/2024\/11\/08\/el-50-certamen-internacional-de-bandes-de-musica-vila-daltea-tancara-lampli-programa-que-la-sfa-ha-organitzat-per-a-santa-cecilia\/#breadcrumb"},"inLanguage":"es","potentialAction":[{"@type":"ReadAction","target":["https:\/\/www.alteacultural.com\/es\/2024\/11\/08\/el-50-certamen-internacional-de-bandes-de-musica-vila-daltea-tancara-lampli-programa-que-la-sfa-ha-organitzat-per-a-santa-cecilia\/"]}]},{"@type":"ImageObject","inLanguage":"es","@id":"https:\/\/www.alteacultural.com\/es\/2024\/11\/08\/el-50-certamen-internacional-de-bandes-de-musica-vila-daltea-tancara-lampli-programa-que-la-sfa-ha-organitzat-per-a-santa-cecilia\/#primaryimage","url":"https:\/\/www.alteacultural.com\/wp-content\/uploads\/2024\/10\/Santa_cecilia_2024_banner-scaled.jpg","contentUrl":"https:\/\/www.alteacultural.com\/wp-content\/uploads\/2024\/10\/Santa_cecilia_2024_banner-scaled.jpg","width":2560,"height":1042},{"@type":"BreadcrumbList","@id":"https:\/\/www.alteacultural.com\/es\/2024\/11\/08\/el-50-certamen-internacional-de-bandes-de-musica-vila-daltea-tancara-lampli-programa-que-la-sfa-ha-organitzat-per-a-santa-cecilia\/#breadcrumb","itemListElement":[{"@type":"ListItem","position":1,"name":"Inici","item":"https:\/\/www.alteacultural.com\/es\/"},{"@type":"ListItem","position":2,"name":"El \u201850 Certamen Internacional de Bandes de M\u00fasica Vila D\u2019Altea\u2019 cerrara el amplio programa que la SFA ha organizado para Santa Cecilia"}]},{"@type":"WebSite","@id":"https:\/\/www.alteacultural.com\/es\/#website","url":"https:\/\/www.alteacultural.com\/es\/","name":"Altea Cultural","description":"Regidoria de Cultura de l&#039;Ajuntament d&#039;Altea","potentialAction":[{"@type":"SearchAction","target":{"@type":"EntryPoint","urlTemplate":"https:\/\/www.alteacultural.com\/es\/?s={search_term_string}"},"query-input":"required name=search_term_string"}],"inLanguage":"es"},{"@type":"Person","@id":"https:\/\/www.alteacultural.com\/es\/#\/schema\/person\/c4e137537f1af546d214a315255e5172","name":"sfaltea.com-admin","image":{"@type":"ImageObject","inLanguage":"es","@id":"https:\/\/www.alteacultural.com\/es\/#\/schema\/person\/image\/","url":"https:\/\/secure.gravatar.com\/avatar\/f7473fa2fbd351270ccfd469de536202?s=96&d=mm&r=g","contentUrl":"https:\/\/secure.gravatar.com\/avatar\/f7473fa2fbd351270ccfd469de536202?s=96&d=mm&r=g","caption":"sfaltea.com-admin"},"url":"https:\/\/www.alteacultural.com\/es\/author\/sfaltea-com-admin\/"}]}},"_links":{"self":[{"href":"https:\/\/www.alteacultural.com\/es\/wp-json\/wp\/v2\/posts\/33461"}],"collection":[{"href":"https:\/\/www.alteacultural.com\/es\/wp-json\/wp\/v2\/posts"}],"about":[{"href":"https:\/\/www.alteacultural.com\/es\/wp-json\/wp\/v2\/types\/post"}],"author":[{"embeddable":true,"href":"https:\/\/www.alteacultural.com\/es\/wp-json\/wp\/v2\/users\/1"}],"replies":[{"embeddable":true,"href":"https:\/\/www.alteacultural.com\/es\/wp-json\/wp\/v2\/comments?post=33461"}],"version-history":[{"count":2,"href":"https:\/\/www.alteacultural.com\/es\/wp-json\/wp\/v2\/posts\/33461\/revisions"}],"predecessor-version":[{"id":33514,"href":"https:\/\/www.alteacultural.com\/es\/wp-json\/wp\/v2\/posts\/33461\/revisions\/33514"}],"wp:featuredmedia":[{"embeddable":true,"href":"https:\/\/www.alteacultural.com\/es\/wp-json\/wp\/v2\/media\/33276"}],"wp:attachment":[{"href":"https:\/\/www.alteacultural.com\/es\/wp-json\/wp\/v2\/media?parent=33461"}],"curies":[{"name":"wp","href":"https:\/\/api.w.org\/{rel}","templated":true}]}}