{"id":33477,"date":"2024-11-08T09:43:31","date_gmt":"2024-11-08T08:43:31","guid":{"rendered":"https:\/\/www.alteacultural.com\/2024\/11\/08\/la-biblioteca-publica-municipal-torna-a-obtenir-el-premi-maria-moliner\/"},"modified":"2024-11-08T13:46:39","modified_gmt":"2024-11-08T12:46:39","slug":"la-biblioteca-publica-municipal-torna-a-obtenir-el-premi-maria-moliner","status":"publish","type":"post","link":"https:\/\/www.alteacultural.com\/es\/2024\/11\/08\/la-biblioteca-publica-municipal-torna-a-obtenir-el-premi-maria-moliner\/","title":{"rendered":"La Biblioteca P\u00fablica Municipal obtiene de nuevo el Premio Mar\u00eda Moliner"},"content":{"rendered":"\n<p>Oct 30, 2024<img fetchpriority=\"high\" decoding=\"async\" src=\"https:\/\/alteadigital.es\/wp-content\/uploads\/2024\/10\/regidora-tecnic-y-auxiliar-web.jpg\" alt=\"La Biblioteca P\u00fablica Municipal torna a obtenir el Premi Maria Moliner\" class=\"\" width=\"1080\" height=\"675\" srcset=\"https:\/\/alteadigital.es\/wp-content\/uploads\/2024\/10\/regidora-tecnic-y-auxiliar-web.jpg 1080w, https:\/\/alteadigital.es\/wp-content\/uploads\/2024\/10\/regidora-tecnic-y-auxiliar-web-980x802.jpg 980w, https:\/\/alteadigital.es\/wp-content\/uploads\/2024\/10\/regidora-tecnic-y-auxiliar-web-480x393.jpg 480w\"><\/p>\n\n\n\n<p><strong>El proyecto galardonado tiene por t\u00edtulo \u201cBiblioteca Social, biblioteca de todos\u201d.<\/strong><\/p>\n\n\n\n<p>La Biblioteca P\u00fablica Municipal ha sido galardonada un a\u00f1o m\u00e1s, con el Premio Mar\u00eda Moliner; una distinci\u00f3n que se otorga a aquellas bibliotecas de municipios de menos de 50.000 habitantes que lleven a cabo un proyecto que incluya acciones de animaci\u00f3n a la lectura, uso de las nuevas tecnolog\u00edas, y la integraci\u00f3n social en su comunidad, entre otros. Y precisamente este \u00faltimo objetivo es el que ha dado nombre al proyecto presentado por la Biblioteca de Altea: \u201cBiblioteca Social, biblioteca de todos\u201d. As\u00ed lo ha anunciado la edil de Cultura, Pepa Victoria P\u00e9rez.<\/p>\n\n\n\n<p>Seg\u00fan ha explicado la responsable municipal de \u00e1rea, \u201cla Biblioteca P\u00fablica Municipal de Altea apuesta firmemente por la integraci\u00f3n social y se ha elaborado un proyecto integrador que busca y a\u00fana fuerzas procedentes de colaboradores y agentes externos\u201d.<\/p>\n\n\n\n<p>Los objetivos de \u201cBiblioteca Social, biblioteca de todos\u201d tiene como objetivos desarrollar espacios flexibles, amables y sugerentes en los que todos tengan cabida; convertir la biblioteca en un espacio de reflexi\u00f3n, debate y participaci\u00f3n; promover el compromiso de los trabajadores y la responsabilidad social de la biblioteca; atender las necesidades de las personas en sus distintos momentos vitales; conocer el trabajo de los dem\u00e1s para encontrar nuevas soluciones; crear un plan de comunicaci\u00f3n r\u00e1pido, sencillo y eficaz y promover una sociedad m\u00e1s comprometida y justa. Valores que han hecho merecedor del Premio Mar\u00eda Moliner 2024 al proyecto alteano.<\/p>\n\n\n\n<p>El premio tiene un valor econ\u00f3mico de 2.800\u20ac destinados a ampliar el fondo bibliogr\u00e1fico de la Biblioteca P\u00fablica.<\/p>\n\n\n\n<p>\u201cEn el \u00e1rea de Cultura estamos muy satisfechos del reconocimiento que supone conseguir una vez m\u00e1s, ya lo logramos en 2021, este galard\u00f3n que premia el trabajo, esfuerzo y valores sociales de este servicio p\u00fablico y no me queda m\u00e1s que agradecer al Ministerio de Cultura, organizador del Concurso de Proyectos de Animaci\u00f3n a la Lectura Mar\u00eda Moliner, el que haya premiado nuestro proyecto; as\u00ed como tambi\u00e9n quiero dar las gracias al personal de la Biblioteca P\u00fablica por su empe\u00f1o y labor para que la Biblioteca P\u00fablica de Altea, adem\u00e1s de ofrecer los servicios propios de una biblioteca, est\u00e1 permanentemente involucrada en las actividades culturales que se desarrollan en el municipio de Altea\u201d; ha concluido Pepa Victoria P\u00e9rez, concejala de Cultura del Ayuntamiento de Altea.<\/p>\n\n\n<div class=\"wp-block-image\">\n<figure class=\"aligncenter\"><img decoding=\"async\" data-src=\"https:\/\/alteadigital.es\/wp-content\/uploads\/2021\/10\/biblioteca-web.jpg\" alt=\"\" class=\"wp-image-99339 lazyload\" src=\"data:image\/gif;base64,R0lGODlhAQABAAAAACH5BAEKAAEALAAAAAABAAEAAAICTAEAOw==\" \/><\/figure><\/div>\n\n\n<p>| ALTEADIGITAL.ES<\/p>\n","protected":false},"excerpt":{"rendered":"<p>Oct 30, 2024 El proyecto galardonado tiene por t\u00edtulo \u201cBiblioteca Social, biblioteca de todos\u201d. La Biblioteca P\u00fablica Municipal ha [&hellip;]<\/p>\n","protected":false},"author":1,"featured_media":33475,"comment_status":"open","ping_status":"open","sticky":false,"template":"","format":"standard","meta":{"_expiration-date-status":"","_expiration-date":1731069979,"_expiration-date-type":"draft","_expiration-date-categories":[],"_expiration-date-options":[],"footnotes":""},"yoast_head":"<!-- This site is optimized with the Yoast SEO plugin v22.8 - https:\/\/yoast.com\/wordpress\/plugins\/seo\/ -->\n<title>La Biblioteca P\u00fablica Municipal obtiene de nuevo el Premio Mar\u00eda Moliner - Altea Cultural<\/title>\n<meta name=\"robots\" content=\"index, follow, max-snippet:-1, max-image-preview:large, max-video-preview:-1\" \/>\n<link rel=\"canonical\" href=\"https:\/\/www.alteacultural.com\/es\/2024\/11\/08\/la-biblioteca-publica-municipal-torna-a-obtenir-el-premi-maria-moliner\/\" \/>\n<meta property=\"og:locale\" content=\"es_ES\" \/>\n<meta property=\"og:type\" content=\"article\" \/>\n<meta property=\"og:title\" content=\"La Biblioteca P\u00fablica Municipal obtiene de nuevo el Premio Mar\u00eda Moliner - Altea Cultural\" \/>\n<meta property=\"og:description\" content=\"Oct 30, 2024 El proyecto galardonado tiene por t\u00edtulo \u201cBiblioteca Social, biblioteca de todos\u201d. La Biblioteca P\u00fablica Municipal ha [&hellip;]\" \/>\n<meta property=\"og:url\" content=\"https:\/\/www.alteacultural.com\/es\/2024\/11\/08\/la-biblioteca-publica-municipal-torna-a-obtenir-el-premi-maria-moliner\/\" \/>\n<meta property=\"og:site_name\" content=\"Altea Cultural\" \/>\n<meta property=\"article:published_time\" content=\"2024-11-08T08:43:31+00:00\" \/>\n<meta property=\"article:modified_time\" content=\"2024-11-08T12:46:39+00:00\" \/>\n<meta property=\"og:image\" content=\"https:\/\/www.alteacultural.com\/wp-content\/uploads\/2024\/11\/regidora-tecnic-y-auxiliar-web.jpg\" \/>\n\t<meta property=\"og:image:width\" content=\"1028\" \/>\n\t<meta property=\"og:image:height\" content=\"841\" \/>\n\t<meta property=\"og:image:type\" content=\"image\/jpeg\" \/>\n<meta name=\"author\" content=\"sfaltea.com-admin\" \/>\n<meta name=\"twitter:card\" content=\"summary_large_image\" \/>\n<meta name=\"twitter:label1\" content=\"Escrito por\" \/>\n\t<meta name=\"twitter:data1\" content=\"sfaltea.com-admin\" \/>\n\t<meta name=\"twitter:label2\" content=\"Tiempo de lectura\" \/>\n\t<meta name=\"twitter:data2\" content=\"3 minutos\" \/>\n<script type=\"application\/ld+json\" class=\"yoast-schema-graph\">{\"@context\":\"https:\/\/schema.org\",\"@graph\":[{\"@type\":\"WebPage\",\"@id\":\"https:\/\/www.alteacultural.com\/es\/2024\/11\/08\/la-biblioteca-publica-municipal-torna-a-obtenir-el-premi-maria-moliner\/\",\"url\":\"https:\/\/www.alteacultural.com\/es\/2024\/11\/08\/la-biblioteca-publica-municipal-torna-a-obtenir-el-premi-maria-moliner\/\",\"name\":\"La Biblioteca P\u00fablica Municipal obtiene de nuevo el Premio Mar\u00eda Moliner - Altea Cultural\",\"isPartOf\":{\"@id\":\"https:\/\/www.alteacultural.com\/es\/#website\"},\"primaryImageOfPage\":{\"@id\":\"https:\/\/www.alteacultural.com\/es\/2024\/11\/08\/la-biblioteca-publica-municipal-torna-a-obtenir-el-premi-maria-moliner\/#primaryimage\"},\"image\":{\"@id\":\"https:\/\/www.alteacultural.com\/es\/2024\/11\/08\/la-biblioteca-publica-municipal-torna-a-obtenir-el-premi-maria-moliner\/#primaryimage\"},\"thumbnailUrl\":\"https:\/\/www.alteacultural.com\/wp-content\/uploads\/2024\/11\/regidora-tecnic-y-auxiliar-web.jpg\",\"datePublished\":\"2024-11-08T08:43:31+00:00\",\"dateModified\":\"2024-11-08T12:46:39+00:00\",\"author\":{\"@id\":\"https:\/\/www.alteacultural.com\/es\/#\/schema\/person\/c4e137537f1af546d214a315255e5172\"},\"breadcrumb\":{\"@id\":\"https:\/\/www.alteacultural.com\/es\/2024\/11\/08\/la-biblioteca-publica-municipal-torna-a-obtenir-el-premi-maria-moliner\/#breadcrumb\"},\"inLanguage\":\"es\",\"potentialAction\":[{\"@type\":\"ReadAction\",\"target\":[\"https:\/\/www.alteacultural.com\/es\/2024\/11\/08\/la-biblioteca-publica-municipal-torna-a-obtenir-el-premi-maria-moliner\/\"]}]},{\"@type\":\"ImageObject\",\"inLanguage\":\"es\",\"@id\":\"https:\/\/www.alteacultural.com\/es\/2024\/11\/08\/la-biblioteca-publica-municipal-torna-a-obtenir-el-premi-maria-moliner\/#primaryimage\",\"url\":\"https:\/\/www.alteacultural.com\/wp-content\/uploads\/2024\/11\/regidora-tecnic-y-auxiliar-web.jpg\",\"contentUrl\":\"https:\/\/www.alteacultural.com\/wp-content\/uploads\/2024\/11\/regidora-tecnic-y-auxiliar-web.jpg\",\"width\":1028,\"height\":841},{\"@type\":\"BreadcrumbList\",\"@id\":\"https:\/\/www.alteacultural.com\/es\/2024\/11\/08\/la-biblioteca-publica-municipal-torna-a-obtenir-el-premi-maria-moliner\/#breadcrumb\",\"itemListElement\":[{\"@type\":\"ListItem\",\"position\":1,\"name\":\"Inici\",\"item\":\"https:\/\/www.alteacultural.com\/es\/\"},{\"@type\":\"ListItem\",\"position\":2,\"name\":\"La Biblioteca P\u00fablica Municipal obtiene de nuevo el Premio Mar\u00eda Moliner\"}]},{\"@type\":\"WebSite\",\"@id\":\"https:\/\/www.alteacultural.com\/es\/#website\",\"url\":\"https:\/\/www.alteacultural.com\/es\/\",\"name\":\"Altea Cultural\",\"description\":\"Regidoria de Cultura de l&#039;Ajuntament d&#039;Altea\",\"potentialAction\":[{\"@type\":\"SearchAction\",\"target\":{\"@type\":\"EntryPoint\",\"urlTemplate\":\"https:\/\/www.alteacultural.com\/es\/?s={search_term_string}\"},\"query-input\":\"required name=search_term_string\"}],\"inLanguage\":\"es\"},{\"@type\":\"Person\",\"@id\":\"https:\/\/www.alteacultural.com\/es\/#\/schema\/person\/c4e137537f1af546d214a315255e5172\",\"name\":\"sfaltea.com-admin\",\"image\":{\"@type\":\"ImageObject\",\"inLanguage\":\"es\",\"@id\":\"https:\/\/www.alteacultural.com\/es\/#\/schema\/person\/image\/\",\"url\":\"https:\/\/secure.gravatar.com\/avatar\/f7473fa2fbd351270ccfd469de536202?s=96&d=mm&r=g\",\"contentUrl\":\"https:\/\/secure.gravatar.com\/avatar\/f7473fa2fbd351270ccfd469de536202?s=96&d=mm&r=g\",\"caption\":\"sfaltea.com-admin\"},\"url\":\"https:\/\/www.alteacultural.com\/es\/author\/sfaltea-com-admin\/\"}]}<\/script>\n<!-- \/ Yoast SEO plugin. -->","yoast_head_json":{"title":"La Biblioteca P\u00fablica Municipal obtiene de nuevo el Premio Mar\u00eda Moliner - Altea Cultural","robots":{"index":"index","follow":"follow","max-snippet":"max-snippet:-1","max-image-preview":"max-image-preview:large","max-video-preview":"max-video-preview:-1"},"canonical":"https:\/\/www.alteacultural.com\/es\/2024\/11\/08\/la-biblioteca-publica-municipal-torna-a-obtenir-el-premi-maria-moliner\/","og_locale":"es_ES","og_type":"article","og_title":"La Biblioteca P\u00fablica Municipal obtiene de nuevo el Premio Mar\u00eda Moliner - Altea Cultural","og_description":"Oct 30, 2024 El proyecto galardonado tiene por t\u00edtulo \u201cBiblioteca Social, biblioteca de todos\u201d. La Biblioteca P\u00fablica Municipal ha [&hellip;]","og_url":"https:\/\/www.alteacultural.com\/es\/2024\/11\/08\/la-biblioteca-publica-municipal-torna-a-obtenir-el-premi-maria-moliner\/","og_site_name":"Altea Cultural","article_published_time":"2024-11-08T08:43:31+00:00","article_modified_time":"2024-11-08T12:46:39+00:00","og_image":[{"width":1028,"height":841,"url":"https:\/\/www.alteacultural.com\/wp-content\/uploads\/2024\/11\/regidora-tecnic-y-auxiliar-web.jpg","type":"image\/jpeg"}],"author":"sfaltea.com-admin","twitter_card":"summary_large_image","twitter_misc":{"Escrito por":"sfaltea.com-admin","Tiempo de lectura":"3 minutos"},"schema":{"@context":"https:\/\/schema.org","@graph":[{"@type":"WebPage","@id":"https:\/\/www.alteacultural.com\/es\/2024\/11\/08\/la-biblioteca-publica-municipal-torna-a-obtenir-el-premi-maria-moliner\/","url":"https:\/\/www.alteacultural.com\/es\/2024\/11\/08\/la-biblioteca-publica-municipal-torna-a-obtenir-el-premi-maria-moliner\/","name":"La Biblioteca P\u00fablica Municipal obtiene de nuevo el Premio Mar\u00eda Moliner - Altea Cultural","isPartOf":{"@id":"https:\/\/www.alteacultural.com\/es\/#website"},"primaryImageOfPage":{"@id":"https:\/\/www.alteacultural.com\/es\/2024\/11\/08\/la-biblioteca-publica-municipal-torna-a-obtenir-el-premi-maria-moliner\/#primaryimage"},"image":{"@id":"https:\/\/www.alteacultural.com\/es\/2024\/11\/08\/la-biblioteca-publica-municipal-torna-a-obtenir-el-premi-maria-moliner\/#primaryimage"},"thumbnailUrl":"https:\/\/www.alteacultural.com\/wp-content\/uploads\/2024\/11\/regidora-tecnic-y-auxiliar-web.jpg","datePublished":"2024-11-08T08:43:31+00:00","dateModified":"2024-11-08T12:46:39+00:00","author":{"@id":"https:\/\/www.alteacultural.com\/es\/#\/schema\/person\/c4e137537f1af546d214a315255e5172"},"breadcrumb":{"@id":"https:\/\/www.alteacultural.com\/es\/2024\/11\/08\/la-biblioteca-publica-municipal-torna-a-obtenir-el-premi-maria-moliner\/#breadcrumb"},"inLanguage":"es","potentialAction":[{"@type":"ReadAction","target":["https:\/\/www.alteacultural.com\/es\/2024\/11\/08\/la-biblioteca-publica-municipal-torna-a-obtenir-el-premi-maria-moliner\/"]}]},{"@type":"ImageObject","inLanguage":"es","@id":"https:\/\/www.alteacultural.com\/es\/2024\/11\/08\/la-biblioteca-publica-municipal-torna-a-obtenir-el-premi-maria-moliner\/#primaryimage","url":"https:\/\/www.alteacultural.com\/wp-content\/uploads\/2024\/11\/regidora-tecnic-y-auxiliar-web.jpg","contentUrl":"https:\/\/www.alteacultural.com\/wp-content\/uploads\/2024\/11\/regidora-tecnic-y-auxiliar-web.jpg","width":1028,"height":841},{"@type":"BreadcrumbList","@id":"https:\/\/www.alteacultural.com\/es\/2024\/11\/08\/la-biblioteca-publica-municipal-torna-a-obtenir-el-premi-maria-moliner\/#breadcrumb","itemListElement":[{"@type":"ListItem","position":1,"name":"Inici","item":"https:\/\/www.alteacultural.com\/es\/"},{"@type":"ListItem","position":2,"name":"La Biblioteca P\u00fablica Municipal obtiene de nuevo el Premio Mar\u00eda Moliner"}]},{"@type":"WebSite","@id":"https:\/\/www.alteacultural.com\/es\/#website","url":"https:\/\/www.alteacultural.com\/es\/","name":"Altea Cultural","description":"Regidoria de Cultura de l&#039;Ajuntament d&#039;Altea","potentialAction":[{"@type":"SearchAction","target":{"@type":"EntryPoint","urlTemplate":"https:\/\/www.alteacultural.com\/es\/?s={search_term_string}"},"query-input":"required name=search_term_string"}],"inLanguage":"es"},{"@type":"Person","@id":"https:\/\/www.alteacultural.com\/es\/#\/schema\/person\/c4e137537f1af546d214a315255e5172","name":"sfaltea.com-admin","image":{"@type":"ImageObject","inLanguage":"es","@id":"https:\/\/www.alteacultural.com\/es\/#\/schema\/person\/image\/","url":"https:\/\/secure.gravatar.com\/avatar\/f7473fa2fbd351270ccfd469de536202?s=96&d=mm&r=g","contentUrl":"https:\/\/secure.gravatar.com\/avatar\/f7473fa2fbd351270ccfd469de536202?s=96&d=mm&r=g","caption":"sfaltea.com-admin"},"url":"https:\/\/www.alteacultural.com\/es\/author\/sfaltea-com-admin\/"}]}},"_links":{"self":[{"href":"https:\/\/www.alteacultural.com\/es\/wp-json\/wp\/v2\/posts\/33477"}],"collection":[{"href":"https:\/\/www.alteacultural.com\/es\/wp-json\/wp\/v2\/posts"}],"about":[{"href":"https:\/\/www.alteacultural.com\/es\/wp-json\/wp\/v2\/types\/post"}],"author":[{"embeddable":true,"href":"https:\/\/www.alteacultural.com\/es\/wp-json\/wp\/v2\/users\/1"}],"replies":[{"embeddable":true,"href":"https:\/\/www.alteacultural.com\/es\/wp-json\/wp\/v2\/comments?post=33477"}],"version-history":[{"count":2,"href":"https:\/\/www.alteacultural.com\/es\/wp-json\/wp\/v2\/posts\/33477\/revisions"}],"predecessor-version":[{"id":33513,"href":"https:\/\/www.alteacultural.com\/es\/wp-json\/wp\/v2\/posts\/33477\/revisions\/33513"}],"wp:featuredmedia":[{"embeddable":true,"href":"https:\/\/www.alteacultural.com\/es\/wp-json\/wp\/v2\/media\/33475"}],"wp:attachment":[{"href":"https:\/\/www.alteacultural.com\/es\/wp-json\/wp\/v2\/media?parent=33477"}],"curies":[{"name":"wp","href":"https:\/\/api.w.org\/{rel}","templated":true}]}}