{"id":33507,"date":"2024-11-08T13:33:51","date_gmt":"2024-11-08T12:33:51","guid":{"rendered":"https:\/\/www.alteacultural.com\/2024\/11\/08\/torna-el-mercat-del-convent-daltea-a-la-seua-edicio-de-tardor-2\/"},"modified":"2024-11-09T19:30:03","modified_gmt":"2024-11-09T18:30:03","slug":"torna-el-mercat-del-convent-daltea-a-la-seua-edicio-de-tardor-2","status":"publish","type":"post","link":"https:\/\/www.alteacultural.com\/es\/2024\/11\/08\/torna-el-mercat-del-convent-daltea-a-la-seua-edicio-de-tardor-2\/","title":{"rendered":"Vuelve el \u201cMercat del Convent\u201d de Altea en su edici\u00f3n de oto\u00f1o"},"content":{"rendered":"\n<p>Nov 5, 2024<img fetchpriority=\"high\" decoding=\"async\" src=\"https:\/\/alteadigital.es\/wp-content\/uploads\/2024\/11\/Presentacio-web.jpg\" alt=\"Torna el Mercat del Convent d\u2019Altea a la seua edici\u00f3 de tardor\" class=\"\" width=\"1080\" height=\"675\" srcset=\"https:\/\/alteadigital.es\/wp-content\/uploads\/2024\/11\/Presentacio-web.jpg 1080w, https:\/\/alteadigital.es\/wp-content\/uploads\/2024\/11\/Presentacio-web-480x488.jpg 480w\"><\/p>\n\n\n\n<p><strong>S\u00e1bado 9 de noviembre, desde las 10:00h hasta las 19:30h.<\/strong><\/p>\n\n\n\n<p>El pr\u00f3ximo s\u00e1bado 9 de noviembre, la Pla\u00e7a del Convent de Altea acoger\u00e1 una nueva edici\u00f3n del Mercat del Convent. Una actividad que en cada una de su edici\u00f3n estacional ha cosechado un destacado \u00e9xito. La iniciativa, organizada por las concejal\u00edas de Comercio, Cultura y Medio Ambiente, en colaboraci\u00f3n con Agrollotja, ofrece una variada agenda de actividades destinadas a todos los p\u00fablicos.<\/p>\n\n\n\n<p>Se trata de un proyecto que pretende poner en contacto a productores locales y de la zona con los consumidores, potenciar la agricultura local, sus tradiciones y fomentar el consumo de productos de Km0; adem\u00e1s de conservar y mostrar tradiciones que han perdurado a lo largo del tiempo, sobre todo en el sector primario.<\/p>\n\n\n\n<p>En esta nueva edici\u00f3n, el Mercat del Convent se suma a los actos por el centenario del nacimiento del poeta y periodista valenciano Vicent Andr\u00e9s Estell\u00e9s con una charla en el Espacio Caixaltea a cargo de Joan Borja. Adem\u00e1s de otra charla, en esta ocasi\u00f3n, dedicada a la agricultura y la importancia de la recuperaci\u00f3n de las variedades aut\u00f3ctonas a cargo de la asociaci\u00f3n&nbsp;<em>Llavorsd\u2019ac\u00ed<\/em>&nbsp;que tambi\u00e9n organizar\u00e1n un espacio para el intercambio de semillas.<\/p>\n\n\n\n<p>Como es habitual, el Mercat del Convent acoge tambi\u00e9n numerosas actividades l\u00fadicas y culturales a lo largo de la jornada, como pueden ser los cuenta cuentos; los talleres de acuarela y cer\u00e1mica para el p\u00fablico familiar, y en esta edici\u00f3n de oto\u00f1o, se llevar\u00e1n a cabo dos conciertos a cargo de los grupos locales \u201cCyfeillion\u201d y \u201cChumena y compa\u00f1\u00eda\u201d.<\/p>\n\n\n\n<p>Con esta s\u00e9ptima edici\u00f3n, el proyecto fomentado por las Concejal\u00edas de Medio Ambiente, Comercio y Cultura del Ayuntamiento de Altea, se consolida como una de las &nbsp;citas ineludibles en el circuito cultural y de ocio de la Marina Baixa.<\/p>\n\n\n\n<p>M\u00e1s informaci\u00f3n y horarios en&nbsp;<a href=\"http:\/\/www.alteacultural.com\/\">www.alteacultural.com<\/a><\/p>\n\n\n<div class=\"wp-block-image\">\n<figure class=\"aligncenter\"><img decoding=\"async\" data-src=\"https:\/\/alteadigital.es\/wp-content\/uploads\/2023\/11\/Mercat-dEstiu.jpg\" alt=\"\" class=\"wp-image-114629 lazyload\" src=\"data:image\/gif;base64,R0lGODlhAQABAAAAACH5BAEKAAEALAAAAAABAAEAAAICTAEAOw==\" \/><\/figure><\/div>\n\n\n<p>| ALTEADIGITAL.ES<\/p>\n","protected":false},"excerpt":{"rendered":"<p>Nov 5, 2024 S\u00e1bado 9 de noviembre, desde las 10:00h hasta las 19:30h. El pr\u00f3ximo s\u00e1bado 9 de noviembre, [&hellip;]<\/p>\n","protected":false},"author":1,"featured_media":33506,"comment_status":"open","ping_status":"open","sticky":false,"template":"","format":"standard","meta":{"_expiration-date-status":"","_expiration-date":0,"_expiration-date-type":"","_expiration-date-categories":[],"_expiration-date-options":[],"footnotes":""},"yoast_head":"<!-- This site is optimized with the Yoast SEO plugin v22.8 - https:\/\/yoast.com\/wordpress\/plugins\/seo\/ -->\n<title>Vuelve el \u201cMercat del Convent\u201d de Altea en su edici\u00f3n de oto\u00f1o - Altea Cultural<\/title>\n<meta name=\"robots\" content=\"index, follow, max-snippet:-1, max-image-preview:large, max-video-preview:-1\" \/>\n<link rel=\"canonical\" href=\"https:\/\/www.alteacultural.com\/es\/2024\/11\/08\/torna-el-mercat-del-convent-daltea-a-la-seua-edicio-de-tardor-2\/\" \/>\n<meta property=\"og:locale\" content=\"es_ES\" \/>\n<meta property=\"og:type\" content=\"article\" \/>\n<meta property=\"og:title\" content=\"Vuelve el \u201cMercat del Convent\u201d de Altea en su edici\u00f3n de oto\u00f1o - Altea Cultural\" \/>\n<meta property=\"og:description\" content=\"Nov 5, 2024 S\u00e1bado 9 de noviembre, desde las 10:00h hasta las 19:30h. El pr\u00f3ximo s\u00e1bado 9 de noviembre, [&hellip;]\" \/>\n<meta property=\"og:url\" content=\"https:\/\/www.alteacultural.com\/es\/2024\/11\/08\/torna-el-mercat-del-convent-daltea-a-la-seua-edicio-de-tardor-2\/\" \/>\n<meta property=\"og:site_name\" content=\"Altea Cultural\" \/>\n<meta property=\"article:published_time\" content=\"2024-11-08T12:33:51+00:00\" \/>\n<meta property=\"article:modified_time\" content=\"2024-11-09T18:30:03+00:00\" \/>\n<meta property=\"og:image\" content=\"https:\/\/www.alteacultural.com\/wp-content\/uploads\/2024\/11\/2023-11-10_11-Mercat-tardor.webp\" \/>\n\t<meta property=\"og:image:width\" content=\"1134\" \/>\n\t<meta property=\"og:image:height\" content=\"472\" \/>\n\t<meta property=\"og:image:type\" content=\"image\/webp\" \/>\n<meta name=\"author\" content=\"sfaltea.com-admin\" \/>\n<meta name=\"twitter:card\" content=\"summary_large_image\" \/>\n<meta name=\"twitter:label1\" content=\"Escrito por\" \/>\n\t<meta name=\"twitter:data1\" content=\"sfaltea.com-admin\" \/>\n\t<meta name=\"twitter:label2\" content=\"Tiempo de lectura\" \/>\n\t<meta name=\"twitter:data2\" content=\"3 minutos\" \/>\n<script type=\"application\/ld+json\" class=\"yoast-schema-graph\">{\"@context\":\"https:\/\/schema.org\",\"@graph\":[{\"@type\":\"WebPage\",\"@id\":\"https:\/\/www.alteacultural.com\/es\/2024\/11\/08\/torna-el-mercat-del-convent-daltea-a-la-seua-edicio-de-tardor-2\/\",\"url\":\"https:\/\/www.alteacultural.com\/es\/2024\/11\/08\/torna-el-mercat-del-convent-daltea-a-la-seua-edicio-de-tardor-2\/\",\"name\":\"Vuelve el \u201cMercat del Convent\u201d de Altea en su edici\u00f3n de oto\u00f1o - Altea Cultural\",\"isPartOf\":{\"@id\":\"https:\/\/www.alteacultural.com\/es\/#website\"},\"primaryImageOfPage\":{\"@id\":\"https:\/\/www.alteacultural.com\/es\/2024\/11\/08\/torna-el-mercat-del-convent-daltea-a-la-seua-edicio-de-tardor-2\/#primaryimage\"},\"image\":{\"@id\":\"https:\/\/www.alteacultural.com\/es\/2024\/11\/08\/torna-el-mercat-del-convent-daltea-a-la-seua-edicio-de-tardor-2\/#primaryimage\"},\"thumbnailUrl\":\"https:\/\/www.alteacultural.com\/wp-content\/uploads\/2024\/11\/2023-11-10_11-Mercat-tardor.webp\",\"datePublished\":\"2024-11-08T12:33:51+00:00\",\"dateModified\":\"2024-11-09T18:30:03+00:00\",\"author\":{\"@id\":\"https:\/\/www.alteacultural.com\/es\/#\/schema\/person\/c4e137537f1af546d214a315255e5172\"},\"breadcrumb\":{\"@id\":\"https:\/\/www.alteacultural.com\/es\/2024\/11\/08\/torna-el-mercat-del-convent-daltea-a-la-seua-edicio-de-tardor-2\/#breadcrumb\"},\"inLanguage\":\"es\",\"potentialAction\":[{\"@type\":\"ReadAction\",\"target\":[\"https:\/\/www.alteacultural.com\/es\/2024\/11\/08\/torna-el-mercat-del-convent-daltea-a-la-seua-edicio-de-tardor-2\/\"]}]},{\"@type\":\"ImageObject\",\"inLanguage\":\"es\",\"@id\":\"https:\/\/www.alteacultural.com\/es\/2024\/11\/08\/torna-el-mercat-del-convent-daltea-a-la-seua-edicio-de-tardor-2\/#primaryimage\",\"url\":\"https:\/\/www.alteacultural.com\/wp-content\/uploads\/2024\/11\/2023-11-10_11-Mercat-tardor.webp\",\"contentUrl\":\"https:\/\/www.alteacultural.com\/wp-content\/uploads\/2024\/11\/2023-11-10_11-Mercat-tardor.webp\",\"width\":1134,\"height\":472},{\"@type\":\"BreadcrumbList\",\"@id\":\"https:\/\/www.alteacultural.com\/es\/2024\/11\/08\/torna-el-mercat-del-convent-daltea-a-la-seua-edicio-de-tardor-2\/#breadcrumb\",\"itemListElement\":[{\"@type\":\"ListItem\",\"position\":1,\"name\":\"Inici\",\"item\":\"https:\/\/www.alteacultural.com\/es\/\"},{\"@type\":\"ListItem\",\"position\":2,\"name\":\"Vuelve el \u201cMercat del Convent\u201d de Altea en su edici\u00f3n de oto\u00f1o\"}]},{\"@type\":\"WebSite\",\"@id\":\"https:\/\/www.alteacultural.com\/es\/#website\",\"url\":\"https:\/\/www.alteacultural.com\/es\/\",\"name\":\"Altea Cultural\",\"description\":\"Regidoria de Cultura de l&#039;Ajuntament d&#039;Altea\",\"potentialAction\":[{\"@type\":\"SearchAction\",\"target\":{\"@type\":\"EntryPoint\",\"urlTemplate\":\"https:\/\/www.alteacultural.com\/es\/?s={search_term_string}\"},\"query-input\":\"required name=search_term_string\"}],\"inLanguage\":\"es\"},{\"@type\":\"Person\",\"@id\":\"https:\/\/www.alteacultural.com\/es\/#\/schema\/person\/c4e137537f1af546d214a315255e5172\",\"name\":\"sfaltea.com-admin\",\"image\":{\"@type\":\"ImageObject\",\"inLanguage\":\"es\",\"@id\":\"https:\/\/www.alteacultural.com\/es\/#\/schema\/person\/image\/\",\"url\":\"https:\/\/secure.gravatar.com\/avatar\/f7473fa2fbd351270ccfd469de536202?s=96&d=mm&r=g\",\"contentUrl\":\"https:\/\/secure.gravatar.com\/avatar\/f7473fa2fbd351270ccfd469de536202?s=96&d=mm&r=g\",\"caption\":\"sfaltea.com-admin\"},\"url\":\"https:\/\/www.alteacultural.com\/es\/author\/sfaltea-com-admin\/\"}]}<\/script>\n<!-- \/ Yoast SEO plugin. -->","yoast_head_json":{"title":"Vuelve el \u201cMercat del Convent\u201d de Altea en su edici\u00f3n de oto\u00f1o - Altea Cultural","robots":{"index":"index","follow":"follow","max-snippet":"max-snippet:-1","max-image-preview":"max-image-preview:large","max-video-preview":"max-video-preview:-1"},"canonical":"https:\/\/www.alteacultural.com\/es\/2024\/11\/08\/torna-el-mercat-del-convent-daltea-a-la-seua-edicio-de-tardor-2\/","og_locale":"es_ES","og_type":"article","og_title":"Vuelve el \u201cMercat del Convent\u201d de Altea en su edici\u00f3n de oto\u00f1o - Altea Cultural","og_description":"Nov 5, 2024 S\u00e1bado 9 de noviembre, desde las 10:00h hasta las 19:30h. El pr\u00f3ximo s\u00e1bado 9 de noviembre, [&hellip;]","og_url":"https:\/\/www.alteacultural.com\/es\/2024\/11\/08\/torna-el-mercat-del-convent-daltea-a-la-seua-edicio-de-tardor-2\/","og_site_name":"Altea Cultural","article_published_time":"2024-11-08T12:33:51+00:00","article_modified_time":"2024-11-09T18:30:03+00:00","og_image":[{"width":1134,"height":472,"url":"https:\/\/www.alteacultural.com\/wp-content\/uploads\/2024\/11\/2023-11-10_11-Mercat-tardor.webp","type":"image\/webp"}],"author":"sfaltea.com-admin","twitter_card":"summary_large_image","twitter_misc":{"Escrito por":"sfaltea.com-admin","Tiempo de lectura":"3 minutos"},"schema":{"@context":"https:\/\/schema.org","@graph":[{"@type":"WebPage","@id":"https:\/\/www.alteacultural.com\/es\/2024\/11\/08\/torna-el-mercat-del-convent-daltea-a-la-seua-edicio-de-tardor-2\/","url":"https:\/\/www.alteacultural.com\/es\/2024\/11\/08\/torna-el-mercat-del-convent-daltea-a-la-seua-edicio-de-tardor-2\/","name":"Vuelve el \u201cMercat del Convent\u201d de Altea en su edici\u00f3n de oto\u00f1o - Altea Cultural","isPartOf":{"@id":"https:\/\/www.alteacultural.com\/es\/#website"},"primaryImageOfPage":{"@id":"https:\/\/www.alteacultural.com\/es\/2024\/11\/08\/torna-el-mercat-del-convent-daltea-a-la-seua-edicio-de-tardor-2\/#primaryimage"},"image":{"@id":"https:\/\/www.alteacultural.com\/es\/2024\/11\/08\/torna-el-mercat-del-convent-daltea-a-la-seua-edicio-de-tardor-2\/#primaryimage"},"thumbnailUrl":"https:\/\/www.alteacultural.com\/wp-content\/uploads\/2024\/11\/2023-11-10_11-Mercat-tardor.webp","datePublished":"2024-11-08T12:33:51+00:00","dateModified":"2024-11-09T18:30:03+00:00","author":{"@id":"https:\/\/www.alteacultural.com\/es\/#\/schema\/person\/c4e137537f1af546d214a315255e5172"},"breadcrumb":{"@id":"https:\/\/www.alteacultural.com\/es\/2024\/11\/08\/torna-el-mercat-del-convent-daltea-a-la-seua-edicio-de-tardor-2\/#breadcrumb"},"inLanguage":"es","potentialAction":[{"@type":"ReadAction","target":["https:\/\/www.alteacultural.com\/es\/2024\/11\/08\/torna-el-mercat-del-convent-daltea-a-la-seua-edicio-de-tardor-2\/"]}]},{"@type":"ImageObject","inLanguage":"es","@id":"https:\/\/www.alteacultural.com\/es\/2024\/11\/08\/torna-el-mercat-del-convent-daltea-a-la-seua-edicio-de-tardor-2\/#primaryimage","url":"https:\/\/www.alteacultural.com\/wp-content\/uploads\/2024\/11\/2023-11-10_11-Mercat-tardor.webp","contentUrl":"https:\/\/www.alteacultural.com\/wp-content\/uploads\/2024\/11\/2023-11-10_11-Mercat-tardor.webp","width":1134,"height":472},{"@type":"BreadcrumbList","@id":"https:\/\/www.alteacultural.com\/es\/2024\/11\/08\/torna-el-mercat-del-convent-daltea-a-la-seua-edicio-de-tardor-2\/#breadcrumb","itemListElement":[{"@type":"ListItem","position":1,"name":"Inici","item":"https:\/\/www.alteacultural.com\/es\/"},{"@type":"ListItem","position":2,"name":"Vuelve el \u201cMercat del Convent\u201d de Altea en su edici\u00f3n de oto\u00f1o"}]},{"@type":"WebSite","@id":"https:\/\/www.alteacultural.com\/es\/#website","url":"https:\/\/www.alteacultural.com\/es\/","name":"Altea Cultural","description":"Regidoria de Cultura de l&#039;Ajuntament d&#039;Altea","potentialAction":[{"@type":"SearchAction","target":{"@type":"EntryPoint","urlTemplate":"https:\/\/www.alteacultural.com\/es\/?s={search_term_string}"},"query-input":"required name=search_term_string"}],"inLanguage":"es"},{"@type":"Person","@id":"https:\/\/www.alteacultural.com\/es\/#\/schema\/person\/c4e137537f1af546d214a315255e5172","name":"sfaltea.com-admin","image":{"@type":"ImageObject","inLanguage":"es","@id":"https:\/\/www.alteacultural.com\/es\/#\/schema\/person\/image\/","url":"https:\/\/secure.gravatar.com\/avatar\/f7473fa2fbd351270ccfd469de536202?s=96&d=mm&r=g","contentUrl":"https:\/\/secure.gravatar.com\/avatar\/f7473fa2fbd351270ccfd469de536202?s=96&d=mm&r=g","caption":"sfaltea.com-admin"},"url":"https:\/\/www.alteacultural.com\/es\/author\/sfaltea-com-admin\/"}]}},"_links":{"self":[{"href":"https:\/\/www.alteacultural.com\/es\/wp-json\/wp\/v2\/posts\/33507"}],"collection":[{"href":"https:\/\/www.alteacultural.com\/es\/wp-json\/wp\/v2\/posts"}],"about":[{"href":"https:\/\/www.alteacultural.com\/es\/wp-json\/wp\/v2\/types\/post"}],"author":[{"embeddable":true,"href":"https:\/\/www.alteacultural.com\/es\/wp-json\/wp\/v2\/users\/1"}],"replies":[{"embeddable":true,"href":"https:\/\/www.alteacultural.com\/es\/wp-json\/wp\/v2\/comments?post=33507"}],"version-history":[{"count":1,"href":"https:\/\/www.alteacultural.com\/es\/wp-json\/wp\/v2\/posts\/33507\/revisions"}],"predecessor-version":[{"id":33509,"href":"https:\/\/www.alteacultural.com\/es\/wp-json\/wp\/v2\/posts\/33507\/revisions\/33509"}],"wp:featuredmedia":[{"embeddable":true,"href":"https:\/\/www.alteacultural.com\/es\/wp-json\/wp\/v2\/media\/33506"}],"wp:attachment":[{"href":"https:\/\/www.alteacultural.com\/es\/wp-json\/wp\/v2\/media?parent=33507"}],"curies":[{"name":"wp","href":"https:\/\/api.w.org\/{rel}","templated":true}]}}