{"id":33530,"date":"2024-11-08T14:29:03","date_gmt":"2024-11-08T13:29:03","guid":{"rendered":"https:\/\/www.alteacultural.com\/2024\/11\/08\/palau-altea-acollira-una-de-les-exposicions-del-i-congres-internacional-materia-de-la-umh\/"},"modified":"2024-11-13T14:24:44","modified_gmt":"2024-11-13T13:24:44","slug":"palau-altea-acollira-una-de-les-exposicions-del-i-congres-internacional-materia-de-la-umh","status":"publish","type":"post","link":"https:\/\/www.alteacultural.com\/es\/2024\/11\/08\/palau-altea-acollira-una-de-les-exposicions-del-i-congres-internacional-materia-de-la-umh\/","title":{"rendered":"Palau Altea acoger\u00e1 una de las exposiciones del I Congreso Internacional Materia de la UMH"},"content":{"rendered":"\n<p>Nov 5, 2024<img fetchpriority=\"high\" decoding=\"async\" src=\"https:\/\/alteadigital.es\/wp-content\/uploads\/2024\/11\/CARTEL-PALAU-6-NOV.jpg\" alt=\"Palau Altea acollir\u00e0 una de les exposicions del I Congr\u00e9s Internacional Mat\u00e8ria de la UMH\" class=\"\" width=\"1080\" height=\"675\" srcset=\"https:\/\/alteadigital.es\/wp-content\/uploads\/2024\/11\/CARTEL-PALAU-6-NOV.jpg 1080w, https:\/\/alteadigital.es\/wp-content\/uploads\/2024\/11\/CARTEL-PALAU-6-NOV-480x675.jpg 480w\"><\/p>\n\n\n\n<p><strong>Inauguraci\u00f3n el mi\u00e9rcoles 6 de noviembre a las 20h en la Sala Mirador del Centre d\u2019Arts.<\/strong><\/p>\n\n\n\n<p>Los d\u00edas 6 y 7 de noviembre se desarrollar\u00e1 en el Campus de Altea de la Universidad Miguel Hern\u00e1ndez de Elche el I Congreso Internacional MATERIA. Investigaci\u00f3n y Creaci\u00f3n Art\u00edstica sobre los Estados de la Materia (CIMIC), organizado por El Grupo de Investigaci\u00f3n MATERIA y el Centro de Investigaci\u00f3n en Artes (C\u00edA). &nbsp;En el \u00e1mbito de dicho congreso tendr\u00e1 lugar la celebraci\u00f3n de dos exposiciones y el Mirador de Palau Altea ser\u00e1 el escenario de una de ellas.<\/p>\n\n\n\n<p>El congreso cuenta con la participaci\u00f3n del Departamento de Arte de la UMH, la Facultad de Bellas Artes de Altea, El Doral Contemporary Art Museum de Miami, EE.UU. y el Ayuntamiento de Altea.<\/p>\n\n\n\n<p>El I Congreso Internacional MATERIA se centra en la investigaci\u00f3n y experimentaci\u00f3n acerca de los materiales a trav\u00e9s de cuatro l\u00edneas tem\u00e1ticas que ser\u00e1n presentadas por los ponentes invitados: artistas, investigadores, docentes, cr\u00edticos y te\u00f3ricos especializados.<\/p>\n\n\n\n<p><a href=\"http:\/\/congresocimic.umh.es\/ca\/ponentes\/\">http:\/\/congresocimic.umh.es\/ca\/ponentes\/<\/a><\/p>\n\n\n\n<p>Paralelamente, dentro de las acciones del congreso, se inauguran dos exposiciones colectivas, una en las salas del Centro de Investigaci\u00f3n en Artes (C\u00edA) el jueves 7 de noviembre a las 12 h y otra en la Sala Mirador del Palau Altea Centre d\u2019Arts el mi\u00e9rcoles 6 de noviembre a las 20 h. La primera est\u00e1 comisariada por Marcelo Llobell y la segunda por el Grupo de Investigaci\u00f3n MATERIA. Se trata de muestras art\u00edsticas que son el resultado de las investigaciones desarrolladas para este congreso.<\/p>\n\n\n\n<p>La exposici\u00f3n MATTER IN MAKING 20.24 podr\u00e1 visitarse en el Palau Altea hasta el 18 de noviembre de 2024, los martes y jueves de 16:30 h a 19:30 h, mientras que la exposici\u00f3n MATERIALITY: DIALOGUES AND NARRATIVES podr\u00e1 visitarse del 7 de noviembre al 10 de diciembre de 2024 en el Centro de Investigaci\u00f3n en Artes, Campus de Altea, UMH.<\/p>\n\n\n\n<p>Los 25 artistas que exponen sus obras en MATTER IN MAKING 20.24 son: Ana Campos, Marga Cano, Colectivo NONE (Mirko Argento, Leonardo Pasquali y Alessandro Amantonico), Ram\u00f3n de C\u00e1rdenas, Emma Espl\u00e1, Sonia Gonz\u00e1lez, Noem\u00ed Ib\u00e1\u00f1ez, Noelia Keller, Rosana L\u00f3pez-Cano, Fernando Mart\u00ednez, Mirella Mac\u00edas, Pablo Mart\u00ednez, Bel\u00e9n Mart\u00ednez, Liz M\u00e1s, Vicente Mi\u00f1a, Fernando Olivencia, Luc\u00eda Ram\u00edrez, Mario Romero, Raquel Sarr\u00edas, Tom\u00e1s Sivera, Ver\u00f3nica S\u00e1nchez y Pepe Vegas.<\/p>\n\n\n\n<p>La exposici\u00f3n MATERIALITY: DIALOGUES AND NARRATIVES re\u00fane una colecci\u00f3n con obra de un total de 21 artistas: Carlos Barber\u00e1, Nacho Carb\u00f3, M. Cueto, Yolanda Herranz, Natividad Naval\u00f3n, Silvia M\u00e1rquez Pease, Flor Mayoral, Miguel Molina-Alarc\u00f3n &amp;DubravkaMindek, Bartolom\u00e9 Montes, Pamen Pereira, Susana Piteira, Dami\u00e1n Rodr\u00edguez Kees, Maribel S\u00e1nchez Bonilla y el Grupo de Investigaci\u00f3n MATERIA, con Amparo Alepuz, J. F. Mart\u00ednez G\u00f3mez de Albacete, Imma Mengual, Lourdes Santamar\u00eda, Elia Torrecilla, Pilar Viviente y M.\u00aa Jos\u00e9 Zan\u00f3n.<\/p>\n\n\n\n<p>M\u00e1s informaci\u00f3n en <a href=\"http:\/\/grupomateria.umh.es\/\">http:\/\/grupomateria.umh.es\/<\/a><\/p>\n\n\n\n<p>| ALTEADIGITAL.ES<\/p>\n","protected":false},"excerpt":{"rendered":"<p>Nov 5, 2024 Inauguraci\u00f3n el mi\u00e9rcoles 6 de noviembre a las 20h en la Sala Mirador del Centre d\u2019Arts. [&hellip;]<\/p>\n","protected":false},"author":1,"featured_media":33438,"comment_status":"open","ping_status":"open","sticky":false,"template":"","format":"standard","meta":{"_expiration-date-status":"","_expiration-date":0,"_expiration-date-type":"","_expiration-date-categories":[],"_expiration-date-options":[],"footnotes":""},"yoast_head":"<!-- This site is optimized with the Yoast SEO plugin v22.8 - https:\/\/yoast.com\/wordpress\/plugins\/seo\/ -->\n<title>Palau Altea acoger\u00e1 una de las exposiciones del I Congreso Internacional Materia de la UMH - Altea Cultural<\/title>\n<meta name=\"robots\" content=\"index, follow, max-snippet:-1, max-image-preview:large, max-video-preview:-1\" \/>\n<link rel=\"canonical\" href=\"https:\/\/www.alteacultural.com\/es\/2024\/11\/08\/palau-altea-acollira-una-de-les-exposicions-del-i-congres-internacional-materia-de-la-umh\/\" \/>\n<meta property=\"og:locale\" content=\"es_ES\" \/>\n<meta property=\"og:type\" content=\"article\" \/>\n<meta property=\"og:title\" content=\"Palau Altea acoger\u00e1 una de las exposiciones del I Congreso Internacional Materia de la UMH - Altea Cultural\" \/>\n<meta property=\"og:description\" content=\"Nov 5, 2024 Inauguraci\u00f3n el mi\u00e9rcoles 6 de noviembre a las 20h en la Sala Mirador del Centre d\u2019Arts. [&hellip;]\" \/>\n<meta property=\"og:url\" content=\"https:\/\/www.alteacultural.com\/es\/2024\/11\/08\/palau-altea-acollira-una-de-les-exposicions-del-i-congres-internacional-materia-de-la-umh\/\" \/>\n<meta property=\"og:site_name\" content=\"Altea Cultural\" \/>\n<meta property=\"article:published_time\" content=\"2024-11-08T13:29:03+00:00\" \/>\n<meta property=\"article:modified_time\" content=\"2024-11-13T13:24:44+00:00\" \/>\n<meta property=\"og:image\" content=\"https:\/\/www.alteacultural.com\/wp-content\/uploads\/2024\/11\/2024-11-06_ExpoMatterInMaking2024_banner-scaled.jpg\" \/>\n\t<meta property=\"og:image:width\" content=\"2560\" \/>\n\t<meta property=\"og:image:height\" content=\"636\" \/>\n\t<meta property=\"og:image:type\" content=\"image\/jpeg\" \/>\n<meta name=\"author\" content=\"sfaltea.com-admin\" \/>\n<meta name=\"twitter:card\" content=\"summary_large_image\" \/>\n<meta name=\"twitter:label1\" content=\"Escrito por\" \/>\n\t<meta name=\"twitter:data1\" content=\"sfaltea.com-admin\" \/>\n\t<meta name=\"twitter:label2\" content=\"Tiempo de lectura\" \/>\n\t<meta name=\"twitter:data2\" content=\"3 minutos\" \/>\n<script type=\"application\/ld+json\" class=\"yoast-schema-graph\">{\"@context\":\"https:\/\/schema.org\",\"@graph\":[{\"@type\":\"WebPage\",\"@id\":\"https:\/\/www.alteacultural.com\/es\/2024\/11\/08\/palau-altea-acollira-una-de-les-exposicions-del-i-congres-internacional-materia-de-la-umh\/\",\"url\":\"https:\/\/www.alteacultural.com\/es\/2024\/11\/08\/palau-altea-acollira-una-de-les-exposicions-del-i-congres-internacional-materia-de-la-umh\/\",\"name\":\"Palau Altea acoger\u00e1 una de las exposiciones del I Congreso Internacional Materia de la UMH - Altea Cultural\",\"isPartOf\":{\"@id\":\"https:\/\/www.alteacultural.com\/es\/#website\"},\"primaryImageOfPage\":{\"@id\":\"https:\/\/www.alteacultural.com\/es\/2024\/11\/08\/palau-altea-acollira-una-de-les-exposicions-del-i-congres-internacional-materia-de-la-umh\/#primaryimage\"},\"image\":{\"@id\":\"https:\/\/www.alteacultural.com\/es\/2024\/11\/08\/palau-altea-acollira-una-de-les-exposicions-del-i-congres-internacional-materia-de-la-umh\/#primaryimage\"},\"thumbnailUrl\":\"https:\/\/www.alteacultural.com\/wp-content\/uploads\/2024\/11\/2024-11-06_ExpoMatterInMaking2024_banner-scaled.jpg\",\"datePublished\":\"2024-11-08T13:29:03+00:00\",\"dateModified\":\"2024-11-13T13:24:44+00:00\",\"author\":{\"@id\":\"https:\/\/www.alteacultural.com\/es\/#\/schema\/person\/c4e137537f1af546d214a315255e5172\"},\"breadcrumb\":{\"@id\":\"https:\/\/www.alteacultural.com\/es\/2024\/11\/08\/palau-altea-acollira-una-de-les-exposicions-del-i-congres-internacional-materia-de-la-umh\/#breadcrumb\"},\"inLanguage\":\"es\",\"potentialAction\":[{\"@type\":\"ReadAction\",\"target\":[\"https:\/\/www.alteacultural.com\/es\/2024\/11\/08\/palau-altea-acollira-una-de-les-exposicions-del-i-congres-internacional-materia-de-la-umh\/\"]}]},{\"@type\":\"ImageObject\",\"inLanguage\":\"es\",\"@id\":\"https:\/\/www.alteacultural.com\/es\/2024\/11\/08\/palau-altea-acollira-una-de-les-exposicions-del-i-congres-internacional-materia-de-la-umh\/#primaryimage\",\"url\":\"https:\/\/www.alteacultural.com\/wp-content\/uploads\/2024\/11\/2024-11-06_ExpoMatterInMaking2024_banner-scaled.jpg\",\"contentUrl\":\"https:\/\/www.alteacultural.com\/wp-content\/uploads\/2024\/11\/2024-11-06_ExpoMatterInMaking2024_banner-scaled.jpg\",\"width\":2560,\"height\":636},{\"@type\":\"BreadcrumbList\",\"@id\":\"https:\/\/www.alteacultural.com\/es\/2024\/11\/08\/palau-altea-acollira-una-de-les-exposicions-del-i-congres-internacional-materia-de-la-umh\/#breadcrumb\",\"itemListElement\":[{\"@type\":\"ListItem\",\"position\":1,\"name\":\"Inici\",\"item\":\"https:\/\/www.alteacultural.com\/es\/\"},{\"@type\":\"ListItem\",\"position\":2,\"name\":\"Palau Altea acoger\u00e1 una de las exposiciones del I Congreso Internacional Materia de la UMH\"}]},{\"@type\":\"WebSite\",\"@id\":\"https:\/\/www.alteacultural.com\/es\/#website\",\"url\":\"https:\/\/www.alteacultural.com\/es\/\",\"name\":\"Altea Cultural\",\"description\":\"Regidoria de Cultura de l&#039;Ajuntament d&#039;Altea\",\"potentialAction\":[{\"@type\":\"SearchAction\",\"target\":{\"@type\":\"EntryPoint\",\"urlTemplate\":\"https:\/\/www.alteacultural.com\/es\/?s={search_term_string}\"},\"query-input\":\"required name=search_term_string\"}],\"inLanguage\":\"es\"},{\"@type\":\"Person\",\"@id\":\"https:\/\/www.alteacultural.com\/es\/#\/schema\/person\/c4e137537f1af546d214a315255e5172\",\"name\":\"sfaltea.com-admin\",\"image\":{\"@type\":\"ImageObject\",\"inLanguage\":\"es\",\"@id\":\"https:\/\/www.alteacultural.com\/es\/#\/schema\/person\/image\/\",\"url\":\"https:\/\/secure.gravatar.com\/avatar\/f7473fa2fbd351270ccfd469de536202?s=96&d=mm&r=g\",\"contentUrl\":\"https:\/\/secure.gravatar.com\/avatar\/f7473fa2fbd351270ccfd469de536202?s=96&d=mm&r=g\",\"caption\":\"sfaltea.com-admin\"},\"url\":\"https:\/\/www.alteacultural.com\/es\/author\/sfaltea-com-admin\/\"}]}<\/script>\n<!-- \/ Yoast SEO plugin. -->","yoast_head_json":{"title":"Palau Altea acoger\u00e1 una de las exposiciones del I Congreso Internacional Materia de la UMH - Altea Cultural","robots":{"index":"index","follow":"follow","max-snippet":"max-snippet:-1","max-image-preview":"max-image-preview:large","max-video-preview":"max-video-preview:-1"},"canonical":"https:\/\/www.alteacultural.com\/es\/2024\/11\/08\/palau-altea-acollira-una-de-les-exposicions-del-i-congres-internacional-materia-de-la-umh\/","og_locale":"es_ES","og_type":"article","og_title":"Palau Altea acoger\u00e1 una de las exposiciones del I Congreso Internacional Materia de la UMH - Altea Cultural","og_description":"Nov 5, 2024 Inauguraci\u00f3n el mi\u00e9rcoles 6 de noviembre a las 20h en la Sala Mirador del Centre d\u2019Arts. [&hellip;]","og_url":"https:\/\/www.alteacultural.com\/es\/2024\/11\/08\/palau-altea-acollira-una-de-les-exposicions-del-i-congres-internacional-materia-de-la-umh\/","og_site_name":"Altea Cultural","article_published_time":"2024-11-08T13:29:03+00:00","article_modified_time":"2024-11-13T13:24:44+00:00","og_image":[{"width":2560,"height":636,"url":"https:\/\/www.alteacultural.com\/wp-content\/uploads\/2024\/11\/2024-11-06_ExpoMatterInMaking2024_banner-scaled.jpg","type":"image\/jpeg"}],"author":"sfaltea.com-admin","twitter_card":"summary_large_image","twitter_misc":{"Escrito por":"sfaltea.com-admin","Tiempo de lectura":"3 minutos"},"schema":{"@context":"https:\/\/schema.org","@graph":[{"@type":"WebPage","@id":"https:\/\/www.alteacultural.com\/es\/2024\/11\/08\/palau-altea-acollira-una-de-les-exposicions-del-i-congres-internacional-materia-de-la-umh\/","url":"https:\/\/www.alteacultural.com\/es\/2024\/11\/08\/palau-altea-acollira-una-de-les-exposicions-del-i-congres-internacional-materia-de-la-umh\/","name":"Palau Altea acoger\u00e1 una de las exposiciones del I Congreso Internacional Materia de la UMH - Altea Cultural","isPartOf":{"@id":"https:\/\/www.alteacultural.com\/es\/#website"},"primaryImageOfPage":{"@id":"https:\/\/www.alteacultural.com\/es\/2024\/11\/08\/palau-altea-acollira-una-de-les-exposicions-del-i-congres-internacional-materia-de-la-umh\/#primaryimage"},"image":{"@id":"https:\/\/www.alteacultural.com\/es\/2024\/11\/08\/palau-altea-acollira-una-de-les-exposicions-del-i-congres-internacional-materia-de-la-umh\/#primaryimage"},"thumbnailUrl":"https:\/\/www.alteacultural.com\/wp-content\/uploads\/2024\/11\/2024-11-06_ExpoMatterInMaking2024_banner-scaled.jpg","datePublished":"2024-11-08T13:29:03+00:00","dateModified":"2024-11-13T13:24:44+00:00","author":{"@id":"https:\/\/www.alteacultural.com\/es\/#\/schema\/person\/c4e137537f1af546d214a315255e5172"},"breadcrumb":{"@id":"https:\/\/www.alteacultural.com\/es\/2024\/11\/08\/palau-altea-acollira-una-de-les-exposicions-del-i-congres-internacional-materia-de-la-umh\/#breadcrumb"},"inLanguage":"es","potentialAction":[{"@type":"ReadAction","target":["https:\/\/www.alteacultural.com\/es\/2024\/11\/08\/palau-altea-acollira-una-de-les-exposicions-del-i-congres-internacional-materia-de-la-umh\/"]}]},{"@type":"ImageObject","inLanguage":"es","@id":"https:\/\/www.alteacultural.com\/es\/2024\/11\/08\/palau-altea-acollira-una-de-les-exposicions-del-i-congres-internacional-materia-de-la-umh\/#primaryimage","url":"https:\/\/www.alteacultural.com\/wp-content\/uploads\/2024\/11\/2024-11-06_ExpoMatterInMaking2024_banner-scaled.jpg","contentUrl":"https:\/\/www.alteacultural.com\/wp-content\/uploads\/2024\/11\/2024-11-06_ExpoMatterInMaking2024_banner-scaled.jpg","width":2560,"height":636},{"@type":"BreadcrumbList","@id":"https:\/\/www.alteacultural.com\/es\/2024\/11\/08\/palau-altea-acollira-una-de-les-exposicions-del-i-congres-internacional-materia-de-la-umh\/#breadcrumb","itemListElement":[{"@type":"ListItem","position":1,"name":"Inici","item":"https:\/\/www.alteacultural.com\/es\/"},{"@type":"ListItem","position":2,"name":"Palau Altea acoger\u00e1 una de las exposiciones del I Congreso Internacional Materia de la UMH"}]},{"@type":"WebSite","@id":"https:\/\/www.alteacultural.com\/es\/#website","url":"https:\/\/www.alteacultural.com\/es\/","name":"Altea Cultural","description":"Regidoria de Cultura de l&#039;Ajuntament d&#039;Altea","potentialAction":[{"@type":"SearchAction","target":{"@type":"EntryPoint","urlTemplate":"https:\/\/www.alteacultural.com\/es\/?s={search_term_string}"},"query-input":"required name=search_term_string"}],"inLanguage":"es"},{"@type":"Person","@id":"https:\/\/www.alteacultural.com\/es\/#\/schema\/person\/c4e137537f1af546d214a315255e5172","name":"sfaltea.com-admin","image":{"@type":"ImageObject","inLanguage":"es","@id":"https:\/\/www.alteacultural.com\/es\/#\/schema\/person\/image\/","url":"https:\/\/secure.gravatar.com\/avatar\/f7473fa2fbd351270ccfd469de536202?s=96&d=mm&r=g","contentUrl":"https:\/\/secure.gravatar.com\/avatar\/f7473fa2fbd351270ccfd469de536202?s=96&d=mm&r=g","caption":"sfaltea.com-admin"},"url":"https:\/\/www.alteacultural.com\/es\/author\/sfaltea-com-admin\/"}]}},"_links":{"self":[{"href":"https:\/\/www.alteacultural.com\/es\/wp-json\/wp\/v2\/posts\/33530"}],"collection":[{"href":"https:\/\/www.alteacultural.com\/es\/wp-json\/wp\/v2\/posts"}],"about":[{"href":"https:\/\/www.alteacultural.com\/es\/wp-json\/wp\/v2\/types\/post"}],"author":[{"embeddable":true,"href":"https:\/\/www.alteacultural.com\/es\/wp-json\/wp\/v2\/users\/1"}],"replies":[{"embeddable":true,"href":"https:\/\/www.alteacultural.com\/es\/wp-json\/wp\/v2\/comments?post=33530"}],"version-history":[{"count":2,"href":"https:\/\/www.alteacultural.com\/es\/wp-json\/wp\/v2\/posts\/33530\/revisions"}],"predecessor-version":[{"id":33534,"href":"https:\/\/www.alteacultural.com\/es\/wp-json\/wp\/v2\/posts\/33530\/revisions\/33534"}],"wp:featuredmedia":[{"embeddable":true,"href":"https:\/\/www.alteacultural.com\/es\/wp-json\/wp\/v2\/media\/33438"}],"wp:attachment":[{"href":"https:\/\/www.alteacultural.com\/es\/wp-json\/wp\/v2\/media?parent=33530"}],"curies":[{"name":"wp","href":"https:\/\/api.w.org\/{rel}","templated":true}]}}