{"id":33598,"date":"2024-11-12T08:36:13","date_gmt":"2024-11-12T07:36:13","guid":{"rendered":"https:\/\/www.alteacultural.com\/2024\/11\/12\/la-srm-daltea-la-vella-celebrara-els-90-anys-durant-la-festivitat-de-santa-cecilia\/"},"modified":"2024-11-17T08:24:44","modified_gmt":"2024-11-17T07:24:44","slug":"la-srm-daltea-la-vella-celebrara-els-90-anys-durant-la-festivitat-de-santa-cecilia","status":"publish","type":"post","link":"https:\/\/www.alteacultural.com\/es\/2024\/11\/12\/la-srm-daltea-la-vella-celebrara-els-90-anys-durant-la-festivitat-de-santa-cecilia\/","title":{"rendered":"La SRM de Altea la Vella celebrar\u00e1 sus 90 a\u00f1os durante la festividad de Santa Cecilia"},"content":{"rendered":"\n<p>Nov 11, 2024<img fetchpriority=\"high\" decoding=\"async\" src=\"https:\/\/alteadigital.es\/wp-content\/uploads\/2024\/11\/Rp-Santa-Cecilia-SRM-web.jpg\" alt=\"La SRM d\u2019Altea la Vella celebrar\u00e0 els 90 anys durant la festivitat de Santa Cec\u00edlia\" class=\"\" width=\"1080\" height=\"675\" srcset=\"https:\/\/alteadigital.es\/wp-content\/uploads\/2024\/11\/Rp-Santa-Cecilia-SRM-web.jpg 1080w, https:\/\/alteadigital.es\/wp-content\/uploads\/2024\/11\/Rp-Santa-Cecilia-SRM-web-980x903.jpg 980w, https:\/\/alteadigital.es\/wp-content\/uploads\/2024\/11\/Rp-Santa-Cecilia-SRM-web-480x442.jpg 480w\"><\/p>\n\n\n\n<p><strong>La edil de Cultura y el presidente de la SRM presentan el programa de actos.<\/strong><\/p>\n\n\n\n<p>La Sociedad Recreativa Musical de Altea la Vella cumple 90 a\u00f1os de existencia y lo va a celebrar durante la festividad de Santa Cecilia, en los pr\u00f3ximos d\u00edas; as\u00ed lo han anunciado la edil de Cultura, Pepa Victoria P\u00e9rez y el presidente de la entidad musical Juan Antonio Ba\u00f1uls.<\/p>\n\n\n\n<p>Por su parte, la responsable municipal de Cultura ha agradecido a la Recreativa el trabajo que realiza a lo largo de todo el a\u00f1o para mantener a la Banda. Algo que ha calificado de \u201ctarea no&nbsp; f\u00e1cil y menos al tratarse de un municipio peque\u00f1o\u201d. \u201cGracias por mantener la banda y la difusi\u00f3n de la cultura que hac\u00e9is\u201d; ha concluido P\u00e9rez.<\/p>\n\n\n\n<p>En cuanto a los pormenores de la celebraci\u00f3n de Santa Cecilia en Altea la Vella, el presidente de la SRM ha comenzado diciendo \u201ces un gran honor para nosotros la celebraci\u00f3n del 90 aniversario\u201d.<\/p>\n\n\n\n<p>A continuaci\u00f3n, Ba\u00f1uls ha desvelado el programa de actos.<\/p>\n\n\n\n<p>D\u00eda 21 de noviembre a las 19:30h, en el Centro Cultural de Altea la Vella, tendr\u00e1 lugar una actuaci\u00f3n de diferentes grupos del Conservatorio Superior de Altea.<\/p>\n\n\n\n<p>El d\u00eda 23 de noviembre a las 13:00h se celebrar\u00e1 el sorteo las bandas que participar\u00e1n en el Certamen de M\u00fasica Festera, que tendr\u00e1 lugar el d\u00eda 22 de febrero del 2025.<\/p>\n\n\n\n<p>Ese mismo d\u00eda a las 17:30h se producir\u00e1 la recogida de los nuevos m\u00fasicos y en romer\u00eda se trasladar\u00e1 la comitiva hasta la Parroquia de Santa Anna para celebrar la Misa. A continuaci\u00f3n, ya en el Centro Cultura, se incorporar\u00e1n de forma oficial los nuevos m\u00fasicos.<\/p>\n\n\n\n<p>Este a\u00f1o son dos j\u00f3venes las que se incorporan a la banda: \u00c1ngela Castell\u00f3 Ripoll, flauta y Maria Gomis Nadal, clarinete. Adem\u00e1s, al inicio del concierto, se har\u00e1 entrega de la Lira de Oro al m\u00fasico y compositor Jose Rafael Ripoll, que cumple 50 a\u00f1os de su estancia en la Banda.<\/p>\n\n\n<div class=\"wp-block-image\">\n<figure class=\"alignright\"><img decoding=\"async\" data-src=\"https:\/\/alteadigital.es\/wp-content\/uploads\/2024\/11\/Maria-Gomis-web-210x300.jpg\" alt=\"\" class=\"wp-image-119845 lazyload\" src=\"data:image\/gif;base64,R0lGODlhAQABAAAAACH5BAEKAAEALAAAAAABAAEAAAICTAEAOw==\" style=\"--smush-placeholder-width: 210px; --smush-placeholder-aspect-ratio: 210\/300;\" \/><\/figure><\/div>\n\n\n<figure class=\"wp-block-image\"><img decoding=\"async\" data-src=\"https:\/\/alteadigital.es\/wp-content\/uploads\/2024\/11\/Angela-Castello-web-226x300.jpg\" alt=\"\" class=\"wp-image-119843 lazyload\" src=\"data:image\/gif;base64,R0lGODlhAQABAAAAACH5BAEKAAEALAAAAAABAAEAAAICTAEAOw==\" style=\"--smush-placeholder-width: 226px; --smush-placeholder-aspect-ratio: 226\/300;\" \/><\/figure>\n\n\n\n<p><\/p>\n\n\n\n<p>Respecto al concierto, que est\u00e1 previsto para las 20:00h en el Centro Cultural de Altea la Vella, tendr\u00e1 dos partes. En la primera se interpretar\u00e1n piezas conmemorativas de la creaci\u00f3n de la Banda y durante la segunda parte se tocar\u00e1n obras de actualidad; seg\u00fan los detalles ofrecidos por Ba\u00f1uls.<\/p>\n\n\n\n<p>El presidente de la SRM de Altea la Vella ha invitado a la poblaci\u00f3n a asistir a estos actos y a celebrar junto a los m\u00fasicos de la entidad el 90 aniversario de su fundaci\u00f3n.<\/p>\n\n\n<div class=\"wp-block-image\">\n<figure class=\"aligncenter\"><img decoding=\"async\" data-src=\"https:\/\/alteadigital.es\/wp-content\/uploads\/2024\/11\/cartell-Santa-Cecilia-SRM-web-212x300.jpg\" alt=\"\" class=\"wp-image-119847 lazyload\" src=\"data:image\/gif;base64,R0lGODlhAQABAAAAACH5BAEKAAEALAAAAAABAAEAAAICTAEAOw==\" style=\"--smush-placeholder-width: 212px; --smush-placeholder-aspect-ratio: 212\/300;\" \/><\/figure><\/div>\n\n\n<p>| ALTEADIGITAL.ES<\/p>\n","protected":false},"excerpt":{"rendered":"<p>Nov 11, 2024 La edil de Cultura y el presidente de la SRM presentan el programa de actos. La [&hellip;]<\/p>\n","protected":false},"author":1,"featured_media":33596,"comment_status":"open","ping_status":"open","sticky":false,"template":"","format":"standard","meta":{"_expiration-date-status":"","_expiration-date":0,"_expiration-date-type":"","_expiration-date-categories":[],"_expiration-date-options":[],"footnotes":""},"yoast_head":"<!-- This site is optimized with the Yoast SEO plugin v22.8 - https:\/\/yoast.com\/wordpress\/plugins\/seo\/ -->\n<title>La SRM de Altea la Vella celebrar\u00e1 sus 90 a\u00f1os durante la festividad de Santa Cecilia - Altea Cultural<\/title>\n<meta name=\"robots\" content=\"index, follow, max-snippet:-1, max-image-preview:large, max-video-preview:-1\" \/>\n<link rel=\"canonical\" href=\"https:\/\/www.alteacultural.com\/es\/2024\/11\/12\/la-srm-daltea-la-vella-celebrara-els-90-anys-durant-la-festivitat-de-santa-cecilia\/\" \/>\n<meta property=\"og:locale\" content=\"es_ES\" \/>\n<meta property=\"og:type\" content=\"article\" \/>\n<meta property=\"og:title\" content=\"La SRM de Altea la Vella celebrar\u00e1 sus 90 a\u00f1os durante la festividad de Santa Cecilia - Altea Cultural\" \/>\n<meta property=\"og:description\" content=\"Nov 11, 2024 La edil de Cultura y el presidente de la SRM presentan el programa de actos. La [&hellip;]\" \/>\n<meta property=\"og:url\" content=\"https:\/\/www.alteacultural.com\/es\/2024\/11\/12\/la-srm-daltea-la-vella-celebrara-els-90-anys-durant-la-festivitat-de-santa-cecilia\/\" \/>\n<meta property=\"og:site_name\" content=\"Altea Cultural\" \/>\n<meta property=\"article:published_time\" content=\"2024-11-12T07:36:13+00:00\" \/>\n<meta property=\"article:modified_time\" content=\"2024-11-17T07:24:44+00:00\" \/>\n<meta property=\"og:image\" content=\"https:\/\/www.alteacultural.com\/wp-content\/uploads\/2024\/11\/Rp-Santa-Cecilia-SRM-web.jpg\" \/>\n\t<meta property=\"og:image:width\" content=\"1028\" \/>\n\t<meta property=\"og:image:height\" content=\"947\" \/>\n\t<meta property=\"og:image:type\" content=\"image\/jpeg\" \/>\n<meta name=\"author\" content=\"sfaltea.com-admin\" \/>\n<meta name=\"twitter:card\" content=\"summary_large_image\" \/>\n<meta name=\"twitter:label1\" content=\"Escrito por\" \/>\n\t<meta name=\"twitter:data1\" content=\"sfaltea.com-admin\" \/>\n\t<meta name=\"twitter:label2\" content=\"Tiempo de lectura\" \/>\n\t<meta name=\"twitter:data2\" content=\"4 minutos\" \/>\n<script type=\"application\/ld+json\" class=\"yoast-schema-graph\">{\"@context\":\"https:\/\/schema.org\",\"@graph\":[{\"@type\":\"WebPage\",\"@id\":\"https:\/\/www.alteacultural.com\/es\/2024\/11\/12\/la-srm-daltea-la-vella-celebrara-els-90-anys-durant-la-festivitat-de-santa-cecilia\/\",\"url\":\"https:\/\/www.alteacultural.com\/es\/2024\/11\/12\/la-srm-daltea-la-vella-celebrara-els-90-anys-durant-la-festivitat-de-santa-cecilia\/\",\"name\":\"La SRM de Altea la Vella celebrar\u00e1 sus 90 a\u00f1os durante la festividad de Santa Cecilia - Altea Cultural\",\"isPartOf\":{\"@id\":\"https:\/\/www.alteacultural.com\/es\/#website\"},\"primaryImageOfPage\":{\"@id\":\"https:\/\/www.alteacultural.com\/es\/2024\/11\/12\/la-srm-daltea-la-vella-celebrara-els-90-anys-durant-la-festivitat-de-santa-cecilia\/#primaryimage\"},\"image\":{\"@id\":\"https:\/\/www.alteacultural.com\/es\/2024\/11\/12\/la-srm-daltea-la-vella-celebrara-els-90-anys-durant-la-festivitat-de-santa-cecilia\/#primaryimage\"},\"thumbnailUrl\":\"https:\/\/www.alteacultural.com\/wp-content\/uploads\/2024\/11\/Rp-Santa-Cecilia-SRM-web.jpg\",\"datePublished\":\"2024-11-12T07:36:13+00:00\",\"dateModified\":\"2024-11-17T07:24:44+00:00\",\"author\":{\"@id\":\"https:\/\/www.alteacultural.com\/es\/#\/schema\/person\/c4e137537f1af546d214a315255e5172\"},\"breadcrumb\":{\"@id\":\"https:\/\/www.alteacultural.com\/es\/2024\/11\/12\/la-srm-daltea-la-vella-celebrara-els-90-anys-durant-la-festivitat-de-santa-cecilia\/#breadcrumb\"},\"inLanguage\":\"es\",\"potentialAction\":[{\"@type\":\"ReadAction\",\"target\":[\"https:\/\/www.alteacultural.com\/es\/2024\/11\/12\/la-srm-daltea-la-vella-celebrara-els-90-anys-durant-la-festivitat-de-santa-cecilia\/\"]}]},{\"@type\":\"ImageObject\",\"inLanguage\":\"es\",\"@id\":\"https:\/\/www.alteacultural.com\/es\/2024\/11\/12\/la-srm-daltea-la-vella-celebrara-els-90-anys-durant-la-festivitat-de-santa-cecilia\/#primaryimage\",\"url\":\"https:\/\/www.alteacultural.com\/wp-content\/uploads\/2024\/11\/Rp-Santa-Cecilia-SRM-web.jpg\",\"contentUrl\":\"https:\/\/www.alteacultural.com\/wp-content\/uploads\/2024\/11\/Rp-Santa-Cecilia-SRM-web.jpg\",\"width\":1028,\"height\":947},{\"@type\":\"BreadcrumbList\",\"@id\":\"https:\/\/www.alteacultural.com\/es\/2024\/11\/12\/la-srm-daltea-la-vella-celebrara-els-90-anys-durant-la-festivitat-de-santa-cecilia\/#breadcrumb\",\"itemListElement\":[{\"@type\":\"ListItem\",\"position\":1,\"name\":\"Inici\",\"item\":\"https:\/\/www.alteacultural.com\/es\/\"},{\"@type\":\"ListItem\",\"position\":2,\"name\":\"La SRM de Altea la Vella celebrar\u00e1 sus 90 a\u00f1os durante la festividad de Santa Cecilia\"}]},{\"@type\":\"WebSite\",\"@id\":\"https:\/\/www.alteacultural.com\/es\/#website\",\"url\":\"https:\/\/www.alteacultural.com\/es\/\",\"name\":\"Altea Cultural\",\"description\":\"Regidoria de Cultura de l&#039;Ajuntament d&#039;Altea\",\"potentialAction\":[{\"@type\":\"SearchAction\",\"target\":{\"@type\":\"EntryPoint\",\"urlTemplate\":\"https:\/\/www.alteacultural.com\/es\/?s={search_term_string}\"},\"query-input\":\"required name=search_term_string\"}],\"inLanguage\":\"es\"},{\"@type\":\"Person\",\"@id\":\"https:\/\/www.alteacultural.com\/es\/#\/schema\/person\/c4e137537f1af546d214a315255e5172\",\"name\":\"sfaltea.com-admin\",\"image\":{\"@type\":\"ImageObject\",\"inLanguage\":\"es\",\"@id\":\"https:\/\/www.alteacultural.com\/es\/#\/schema\/person\/image\/\",\"url\":\"https:\/\/secure.gravatar.com\/avatar\/f7473fa2fbd351270ccfd469de536202?s=96&d=mm&r=g\",\"contentUrl\":\"https:\/\/secure.gravatar.com\/avatar\/f7473fa2fbd351270ccfd469de536202?s=96&d=mm&r=g\",\"caption\":\"sfaltea.com-admin\"},\"url\":\"https:\/\/www.alteacultural.com\/es\/author\/sfaltea-com-admin\/\"}]}<\/script>\n<!-- \/ Yoast SEO plugin. -->","yoast_head_json":{"title":"La SRM de Altea la Vella celebrar\u00e1 sus 90 a\u00f1os durante la festividad de Santa Cecilia - Altea Cultural","robots":{"index":"index","follow":"follow","max-snippet":"max-snippet:-1","max-image-preview":"max-image-preview:large","max-video-preview":"max-video-preview:-1"},"canonical":"https:\/\/www.alteacultural.com\/es\/2024\/11\/12\/la-srm-daltea-la-vella-celebrara-els-90-anys-durant-la-festivitat-de-santa-cecilia\/","og_locale":"es_ES","og_type":"article","og_title":"La SRM de Altea la Vella celebrar\u00e1 sus 90 a\u00f1os durante la festividad de Santa Cecilia - Altea Cultural","og_description":"Nov 11, 2024 La edil de Cultura y el presidente de la SRM presentan el programa de actos. La [&hellip;]","og_url":"https:\/\/www.alteacultural.com\/es\/2024\/11\/12\/la-srm-daltea-la-vella-celebrara-els-90-anys-durant-la-festivitat-de-santa-cecilia\/","og_site_name":"Altea Cultural","article_published_time":"2024-11-12T07:36:13+00:00","article_modified_time":"2024-11-17T07:24:44+00:00","og_image":[{"width":1028,"height":947,"url":"https:\/\/www.alteacultural.com\/wp-content\/uploads\/2024\/11\/Rp-Santa-Cecilia-SRM-web.jpg","type":"image\/jpeg"}],"author":"sfaltea.com-admin","twitter_card":"summary_large_image","twitter_misc":{"Escrito por":"sfaltea.com-admin","Tiempo de lectura":"4 minutos"},"schema":{"@context":"https:\/\/schema.org","@graph":[{"@type":"WebPage","@id":"https:\/\/www.alteacultural.com\/es\/2024\/11\/12\/la-srm-daltea-la-vella-celebrara-els-90-anys-durant-la-festivitat-de-santa-cecilia\/","url":"https:\/\/www.alteacultural.com\/es\/2024\/11\/12\/la-srm-daltea-la-vella-celebrara-els-90-anys-durant-la-festivitat-de-santa-cecilia\/","name":"La SRM de Altea la Vella celebrar\u00e1 sus 90 a\u00f1os durante la festividad de Santa Cecilia - Altea Cultural","isPartOf":{"@id":"https:\/\/www.alteacultural.com\/es\/#website"},"primaryImageOfPage":{"@id":"https:\/\/www.alteacultural.com\/es\/2024\/11\/12\/la-srm-daltea-la-vella-celebrara-els-90-anys-durant-la-festivitat-de-santa-cecilia\/#primaryimage"},"image":{"@id":"https:\/\/www.alteacultural.com\/es\/2024\/11\/12\/la-srm-daltea-la-vella-celebrara-els-90-anys-durant-la-festivitat-de-santa-cecilia\/#primaryimage"},"thumbnailUrl":"https:\/\/www.alteacultural.com\/wp-content\/uploads\/2024\/11\/Rp-Santa-Cecilia-SRM-web.jpg","datePublished":"2024-11-12T07:36:13+00:00","dateModified":"2024-11-17T07:24:44+00:00","author":{"@id":"https:\/\/www.alteacultural.com\/es\/#\/schema\/person\/c4e137537f1af546d214a315255e5172"},"breadcrumb":{"@id":"https:\/\/www.alteacultural.com\/es\/2024\/11\/12\/la-srm-daltea-la-vella-celebrara-els-90-anys-durant-la-festivitat-de-santa-cecilia\/#breadcrumb"},"inLanguage":"es","potentialAction":[{"@type":"ReadAction","target":["https:\/\/www.alteacultural.com\/es\/2024\/11\/12\/la-srm-daltea-la-vella-celebrara-els-90-anys-durant-la-festivitat-de-santa-cecilia\/"]}]},{"@type":"ImageObject","inLanguage":"es","@id":"https:\/\/www.alteacultural.com\/es\/2024\/11\/12\/la-srm-daltea-la-vella-celebrara-els-90-anys-durant-la-festivitat-de-santa-cecilia\/#primaryimage","url":"https:\/\/www.alteacultural.com\/wp-content\/uploads\/2024\/11\/Rp-Santa-Cecilia-SRM-web.jpg","contentUrl":"https:\/\/www.alteacultural.com\/wp-content\/uploads\/2024\/11\/Rp-Santa-Cecilia-SRM-web.jpg","width":1028,"height":947},{"@type":"BreadcrumbList","@id":"https:\/\/www.alteacultural.com\/es\/2024\/11\/12\/la-srm-daltea-la-vella-celebrara-els-90-anys-durant-la-festivitat-de-santa-cecilia\/#breadcrumb","itemListElement":[{"@type":"ListItem","position":1,"name":"Inici","item":"https:\/\/www.alteacultural.com\/es\/"},{"@type":"ListItem","position":2,"name":"La SRM de Altea la Vella celebrar\u00e1 sus 90 a\u00f1os durante la festividad de Santa Cecilia"}]},{"@type":"WebSite","@id":"https:\/\/www.alteacultural.com\/es\/#website","url":"https:\/\/www.alteacultural.com\/es\/","name":"Altea Cultural","description":"Regidoria de Cultura de l&#039;Ajuntament d&#039;Altea","potentialAction":[{"@type":"SearchAction","target":{"@type":"EntryPoint","urlTemplate":"https:\/\/www.alteacultural.com\/es\/?s={search_term_string}"},"query-input":"required name=search_term_string"}],"inLanguage":"es"},{"@type":"Person","@id":"https:\/\/www.alteacultural.com\/es\/#\/schema\/person\/c4e137537f1af546d214a315255e5172","name":"sfaltea.com-admin","image":{"@type":"ImageObject","inLanguage":"es","@id":"https:\/\/www.alteacultural.com\/es\/#\/schema\/person\/image\/","url":"https:\/\/secure.gravatar.com\/avatar\/f7473fa2fbd351270ccfd469de536202?s=96&d=mm&r=g","contentUrl":"https:\/\/secure.gravatar.com\/avatar\/f7473fa2fbd351270ccfd469de536202?s=96&d=mm&r=g","caption":"sfaltea.com-admin"},"url":"https:\/\/www.alteacultural.com\/es\/author\/sfaltea-com-admin\/"}]}},"_links":{"self":[{"href":"https:\/\/www.alteacultural.com\/es\/wp-json\/wp\/v2\/posts\/33598"}],"collection":[{"href":"https:\/\/www.alteacultural.com\/es\/wp-json\/wp\/v2\/posts"}],"about":[{"href":"https:\/\/www.alteacultural.com\/es\/wp-json\/wp\/v2\/types\/post"}],"author":[{"embeddable":true,"href":"https:\/\/www.alteacultural.com\/es\/wp-json\/wp\/v2\/users\/1"}],"replies":[{"embeddable":true,"href":"https:\/\/www.alteacultural.com\/es\/wp-json\/wp\/v2\/comments?post=33598"}],"version-history":[{"count":2,"href":"https:\/\/www.alteacultural.com\/es\/wp-json\/wp\/v2\/posts\/33598\/revisions"}],"predecessor-version":[{"id":33602,"href":"https:\/\/www.alteacultural.com\/es\/wp-json\/wp\/v2\/posts\/33598\/revisions\/33602"}],"wp:featuredmedia":[{"embeddable":true,"href":"https:\/\/www.alteacultural.com\/es\/wp-json\/wp\/v2\/media\/33596"}],"wp:attachment":[{"href":"https:\/\/www.alteacultural.com\/es\/wp-json\/wp\/v2\/media?parent=33598"}],"curies":[{"name":"wp","href":"https:\/\/api.w.org\/{rel}","templated":true}]}}