{"id":33672,"date":"2024-11-21T11:03:28","date_gmt":"2024-11-21T10:03:28","guid":{"rendered":"https:\/\/www.alteacultural.com\/2024\/11\/21\/frames-percussion-convida-a-fer-un-viatge-pel-desert-amb-lobra-timber\/"},"modified":"2024-11-29T11:00:17","modified_gmt":"2024-11-29T10:00:17","slug":"frames-percussion-convida-a-fer-un-viatge-pel-desert-amb-lobra-timber","status":"publish","type":"post","link":"https:\/\/www.alteacultural.com\/es\/2024\/11\/21\/frames-percussion-convida-a-fer-un-viatge-pel-desert-amb-lobra-timber\/","title":{"rendered":"Frames Percussion invita a realizar un viaje por el desierto con la obra Timber"},"content":{"rendered":"\n<p>Nov 20, 2024<img fetchpriority=\"high\" decoding=\"async\" src=\"https:\/\/alteadigital.es\/wp-content\/uploads\/2024\/11\/Regidora-i-Javier-Delgado-web.jpg\" alt=\"Frames Percussion convida a fer un viatge pel desert amb l\u2019obra Timber\" class=\"\" width=\"1080\" height=\"675\" srcset=\"https:\/\/alteadigital.es\/wp-content\/uploads\/2024\/11\/Regidora-i-Javier-Delgado-web.jpg 1080w, https:\/\/alteadigital.es\/wp-content\/uploads\/2024\/11\/Regidora-i-Javier-Delgado-web-480x484.jpg 480w\"><\/p>\n\n\n\n<p><strong>Palau Altea, viernes 29 de noviembre a las 20:00h, entrada libre y gratuita.<\/strong><\/p>\n\n\n\n<p>El viernes 29 de&nbsp; noviembre, Palau Altea acoger\u00e1 un concierto de la agrupaci\u00f3n Frames Percussion que interpretar\u00e1 la obra \u201cTimber\u201d. Una obra cuyo autor, el compositor americano Michael Gordon, \u201cinvita a realizar un viiaje por el desierto\u201d.<\/p>\n\n\n\n<p>Frames Percussion es un ensemble dedicado al repertorio de nueva creaci\u00f3n y representa el talento y el compromiso con la m\u00fasica de su tiempo. Est\u00e1 formado por una nueva generaci\u00f3n de percusionistas de nuestro pa\u00eds, entre los que se encuentra el alteano Javier Delgado P\u00e9rez; ha explicado la edil de Cultura, Pepa Victoria P\u00e9rez; quien se ha mostrado orgullosa de que las j\u00f3venes promesas alteanas, como es el caso de Javier, vengan a su lugar de origen a mostrar y dar a conocer el trabajo que realizan con esfuerzo y pasi\u00f3n.<\/p>\n\n\n\n<p>El repertorio de FRAMES incluye obras ic\u00f3nicas del repertorio para ensemble de percusi\u00f3n y estrenos de compositores como Luis Codera Puzo, N\u00faria Gim\u00e9nez-Comas y Sirah Mart\u00ednez, Alberto Bernal, Meriel Price, Yukiko Watanabe, Cathy van Eck, Ruud Roelofsen, Montserrat Llad\u00f3 Helena C\u00e1novas, Manuel Rodr\u00edguez-Valenzuela o Pablo Carrascosa.<\/p>\n\n\n\n<p>Desde 2020, FRAMES Percussion recibe el apoyo de instituciones como el ICEC, ICUB, IRLL, INAEM y de la Fundaci\u00f3n Ernst von Siemens. En 2022 publica su primer trabajo discogr\u00e1fico, la grabaci\u00f3n de The so-called laws of nature de David Lang con el sello Neu Records, y Silenced de Elena Rykova con el sello Phonos Netlabel.<\/p>\n\n\n\n<p>Frames Percussion ha sido galardonado con Ernst von Siemens Ensemble Prize \u201924 y ser\u00e1 ensemble residente del Palau de la M\u00fasica Catalana durante las temporadas 2024-25 y 2025-26.<\/p>\n\n\n\n<p>Los miembros de Frames Percussion son Miquel Vich Vila, percusi\u00f3n, direcci\u00f3n art\u00edstica y producci\u00f3n; Ruben Orio, percusi\u00f3n, producci\u00f3n y asistencia art\u00edstica; Feliu Ribera Riera, percusi\u00f3n y coordinaci\u00f3n pedag\u00f3gica; Ferran Carceller Amor\u00f3s, percusi\u00f3n; Sabela Castro Rodr\u00edguez, percusi\u00f3n y asistente de producci\u00f3n; Daniel Munarriz Senosiain, percusi\u00f3n y redes sociales; Itziar Viloria C\u00e9spedes, electr\u00f3nica en vivo y recursos t\u00e9cnicos; Javier Delgado P\u00e9rez, percusi\u00f3n y N\u00faria Carb\u00f3 Vives, percusi\u00f3n.<\/p>\n\n\n\n<p>Como responsable municipal de Cultura, Pepa Victoria P\u00e9rez invita a alteanos, alteanas y residentes en la Comarca, amantes de la m\u00fasica, a no perderse esta cita con Frames Percussion porque \u201cnos da la oportunidad de disfrutar de las tendencias musicales de nuestro tiempo, en este caso interpretadas por un grupo de percusionistas j\u00f3venes y con talento, entre los que se encuentra el alteano Javier Delgado\u201d.<\/p>\n\n\n\n<p>El concierto es libre y gratuito hasta completar el aforo del auditorio de Palau Altea.<\/p>\n\n\n<div class=\"wp-block-image\">\n<figure class=\"aligncenter\"><img decoding=\"async\" data-src=\"https:\/\/alteadigital.es\/wp-content\/uploads\/2024\/11\/TIMBER-cartell-web.jpg\" alt=\"\" class=\"wp-image-119944 lazyload\" src=\"data:image\/gif;base64,R0lGODlhAQABAAAAACH5BAEKAAEALAAAAAABAAEAAAICTAEAOw==\" \/><\/figure><\/div>\n\n\n<p>| ALTEADIGITAL.ES<\/p>\n","protected":false},"excerpt":{"rendered":"<p>Nov 20, 2024 Palau Altea, viernes 29 de noviembre a las 20:00h, entrada libre y gratuita. El viernes 29 [&hellip;]<\/p>\n","protected":false},"author":1,"featured_media":33574,"comment_status":"open","ping_status":"open","sticky":false,"template":"","format":"standard","meta":{"_expiration-date-status":"","_expiration-date":0,"_expiration-date-type":"","_expiration-date-categories":[],"_expiration-date-options":[],"footnotes":""},"yoast_head":"<!-- This site is optimized with the Yoast SEO plugin v22.8 - https:\/\/yoast.com\/wordpress\/plugins\/seo\/ -->\n<title>Frames Percussion invita a realizar un viaje por el desierto con la obra Timber - Altea Cultural<\/title>\n<meta name=\"robots\" content=\"index, follow, max-snippet:-1, max-image-preview:large, max-video-preview:-1\" \/>\n<link rel=\"canonical\" href=\"https:\/\/www.alteacultural.com\/es\/2024\/11\/21\/frames-percussion-convida-a-fer-un-viatge-pel-desert-amb-lobra-timber\/\" \/>\n<meta property=\"og:locale\" content=\"es_ES\" \/>\n<meta property=\"og:type\" content=\"article\" \/>\n<meta property=\"og:title\" content=\"Frames Percussion invita a realizar un viaje por el desierto con la obra Timber - Altea Cultural\" \/>\n<meta property=\"og:description\" content=\"Nov 20, 2024 Palau Altea, viernes 29 de noviembre a las 20:00h, entrada libre y gratuita. El viernes 29 [&hellip;]\" \/>\n<meta property=\"og:url\" content=\"https:\/\/www.alteacultural.com\/es\/2024\/11\/21\/frames-percussion-convida-a-fer-un-viatge-pel-desert-amb-lobra-timber\/\" \/>\n<meta property=\"og:site_name\" content=\"Altea Cultural\" \/>\n<meta property=\"article:published_time\" content=\"2024-11-21T10:03:28+00:00\" \/>\n<meta property=\"article:modified_time\" content=\"2024-11-29T10:00:17+00:00\" \/>\n<meta property=\"og:image\" content=\"https:\/\/www.alteacultural.com\/wp-content\/uploads\/2024\/11\/2024-11-29_FramesPercussion_banner-1.jpg\" \/>\n\t<meta property=\"og:image:width\" content=\"1999\" \/>\n\t<meta property=\"og:image:height\" content=\"628\" \/>\n\t<meta property=\"og:image:type\" content=\"image\/jpeg\" \/>\n<meta name=\"author\" content=\"sfaltea.com-admin\" \/>\n<meta name=\"twitter:card\" content=\"summary_large_image\" \/>\n<meta name=\"twitter:label1\" content=\"Escrito por\" \/>\n\t<meta name=\"twitter:data1\" content=\"sfaltea.com-admin\" \/>\n\t<meta name=\"twitter:label2\" content=\"Tiempo de lectura\" \/>\n\t<meta name=\"twitter:data2\" content=\"3 minutos\" \/>\n<script type=\"application\/ld+json\" class=\"yoast-schema-graph\">{\"@context\":\"https:\/\/schema.org\",\"@graph\":[{\"@type\":\"WebPage\",\"@id\":\"https:\/\/www.alteacultural.com\/es\/2024\/11\/21\/frames-percussion-convida-a-fer-un-viatge-pel-desert-amb-lobra-timber\/\",\"url\":\"https:\/\/www.alteacultural.com\/es\/2024\/11\/21\/frames-percussion-convida-a-fer-un-viatge-pel-desert-amb-lobra-timber\/\",\"name\":\"Frames Percussion invita a realizar un viaje por el desierto con la obra Timber - Altea Cultural\",\"isPartOf\":{\"@id\":\"https:\/\/www.alteacultural.com\/es\/#website\"},\"primaryImageOfPage\":{\"@id\":\"https:\/\/www.alteacultural.com\/es\/2024\/11\/21\/frames-percussion-convida-a-fer-un-viatge-pel-desert-amb-lobra-timber\/#primaryimage\"},\"image\":{\"@id\":\"https:\/\/www.alteacultural.com\/es\/2024\/11\/21\/frames-percussion-convida-a-fer-un-viatge-pel-desert-amb-lobra-timber\/#primaryimage\"},\"thumbnailUrl\":\"https:\/\/www.alteacultural.com\/wp-content\/uploads\/2024\/11\/2024-11-29_FramesPercussion_banner-1.jpg\",\"datePublished\":\"2024-11-21T10:03:28+00:00\",\"dateModified\":\"2024-11-29T10:00:17+00:00\",\"author\":{\"@id\":\"https:\/\/www.alteacultural.com\/es\/#\/schema\/person\/c4e137537f1af546d214a315255e5172\"},\"breadcrumb\":{\"@id\":\"https:\/\/www.alteacultural.com\/es\/2024\/11\/21\/frames-percussion-convida-a-fer-un-viatge-pel-desert-amb-lobra-timber\/#breadcrumb\"},\"inLanguage\":\"es\",\"potentialAction\":[{\"@type\":\"ReadAction\",\"target\":[\"https:\/\/www.alteacultural.com\/es\/2024\/11\/21\/frames-percussion-convida-a-fer-un-viatge-pel-desert-amb-lobra-timber\/\"]}]},{\"@type\":\"ImageObject\",\"inLanguage\":\"es\",\"@id\":\"https:\/\/www.alteacultural.com\/es\/2024\/11\/21\/frames-percussion-convida-a-fer-un-viatge-pel-desert-amb-lobra-timber\/#primaryimage\",\"url\":\"https:\/\/www.alteacultural.com\/wp-content\/uploads\/2024\/11\/2024-11-29_FramesPercussion_banner-1.jpg\",\"contentUrl\":\"https:\/\/www.alteacultural.com\/wp-content\/uploads\/2024\/11\/2024-11-29_FramesPercussion_banner-1.jpg\",\"width\":1999,\"height\":628},{\"@type\":\"BreadcrumbList\",\"@id\":\"https:\/\/www.alteacultural.com\/es\/2024\/11\/21\/frames-percussion-convida-a-fer-un-viatge-pel-desert-amb-lobra-timber\/#breadcrumb\",\"itemListElement\":[{\"@type\":\"ListItem\",\"position\":1,\"name\":\"Inici\",\"item\":\"https:\/\/www.alteacultural.com\/es\/\"},{\"@type\":\"ListItem\",\"position\":2,\"name\":\"Frames Percussion invita a realizar un viaje por el desierto con la obra Timber\"}]},{\"@type\":\"WebSite\",\"@id\":\"https:\/\/www.alteacultural.com\/es\/#website\",\"url\":\"https:\/\/www.alteacultural.com\/es\/\",\"name\":\"Altea Cultural\",\"description\":\"Regidoria de Cultura de l&#039;Ajuntament d&#039;Altea\",\"potentialAction\":[{\"@type\":\"SearchAction\",\"target\":{\"@type\":\"EntryPoint\",\"urlTemplate\":\"https:\/\/www.alteacultural.com\/es\/?s={search_term_string}\"},\"query-input\":\"required name=search_term_string\"}],\"inLanguage\":\"es\"},{\"@type\":\"Person\",\"@id\":\"https:\/\/www.alteacultural.com\/es\/#\/schema\/person\/c4e137537f1af546d214a315255e5172\",\"name\":\"sfaltea.com-admin\",\"image\":{\"@type\":\"ImageObject\",\"inLanguage\":\"es\",\"@id\":\"https:\/\/www.alteacultural.com\/es\/#\/schema\/person\/image\/\",\"url\":\"https:\/\/secure.gravatar.com\/avatar\/f7473fa2fbd351270ccfd469de536202?s=96&d=mm&r=g\",\"contentUrl\":\"https:\/\/secure.gravatar.com\/avatar\/f7473fa2fbd351270ccfd469de536202?s=96&d=mm&r=g\",\"caption\":\"sfaltea.com-admin\"},\"url\":\"https:\/\/www.alteacultural.com\/es\/author\/sfaltea-com-admin\/\"}]}<\/script>\n<!-- \/ Yoast SEO plugin. -->","yoast_head_json":{"title":"Frames Percussion invita a realizar un viaje por el desierto con la obra Timber - Altea Cultural","robots":{"index":"index","follow":"follow","max-snippet":"max-snippet:-1","max-image-preview":"max-image-preview:large","max-video-preview":"max-video-preview:-1"},"canonical":"https:\/\/www.alteacultural.com\/es\/2024\/11\/21\/frames-percussion-convida-a-fer-un-viatge-pel-desert-amb-lobra-timber\/","og_locale":"es_ES","og_type":"article","og_title":"Frames Percussion invita a realizar un viaje por el desierto con la obra Timber - Altea Cultural","og_description":"Nov 20, 2024 Palau Altea, viernes 29 de noviembre a las 20:00h, entrada libre y gratuita. El viernes 29 [&hellip;]","og_url":"https:\/\/www.alteacultural.com\/es\/2024\/11\/21\/frames-percussion-convida-a-fer-un-viatge-pel-desert-amb-lobra-timber\/","og_site_name":"Altea Cultural","article_published_time":"2024-11-21T10:03:28+00:00","article_modified_time":"2024-11-29T10:00:17+00:00","og_image":[{"width":1999,"height":628,"url":"https:\/\/www.alteacultural.com\/wp-content\/uploads\/2024\/11\/2024-11-29_FramesPercussion_banner-1.jpg","type":"image\/jpeg"}],"author":"sfaltea.com-admin","twitter_card":"summary_large_image","twitter_misc":{"Escrito por":"sfaltea.com-admin","Tiempo de lectura":"3 minutos"},"schema":{"@context":"https:\/\/schema.org","@graph":[{"@type":"WebPage","@id":"https:\/\/www.alteacultural.com\/es\/2024\/11\/21\/frames-percussion-convida-a-fer-un-viatge-pel-desert-amb-lobra-timber\/","url":"https:\/\/www.alteacultural.com\/es\/2024\/11\/21\/frames-percussion-convida-a-fer-un-viatge-pel-desert-amb-lobra-timber\/","name":"Frames Percussion invita a realizar un viaje por el desierto con la obra Timber - Altea Cultural","isPartOf":{"@id":"https:\/\/www.alteacultural.com\/es\/#website"},"primaryImageOfPage":{"@id":"https:\/\/www.alteacultural.com\/es\/2024\/11\/21\/frames-percussion-convida-a-fer-un-viatge-pel-desert-amb-lobra-timber\/#primaryimage"},"image":{"@id":"https:\/\/www.alteacultural.com\/es\/2024\/11\/21\/frames-percussion-convida-a-fer-un-viatge-pel-desert-amb-lobra-timber\/#primaryimage"},"thumbnailUrl":"https:\/\/www.alteacultural.com\/wp-content\/uploads\/2024\/11\/2024-11-29_FramesPercussion_banner-1.jpg","datePublished":"2024-11-21T10:03:28+00:00","dateModified":"2024-11-29T10:00:17+00:00","author":{"@id":"https:\/\/www.alteacultural.com\/es\/#\/schema\/person\/c4e137537f1af546d214a315255e5172"},"breadcrumb":{"@id":"https:\/\/www.alteacultural.com\/es\/2024\/11\/21\/frames-percussion-convida-a-fer-un-viatge-pel-desert-amb-lobra-timber\/#breadcrumb"},"inLanguage":"es","potentialAction":[{"@type":"ReadAction","target":["https:\/\/www.alteacultural.com\/es\/2024\/11\/21\/frames-percussion-convida-a-fer-un-viatge-pel-desert-amb-lobra-timber\/"]}]},{"@type":"ImageObject","inLanguage":"es","@id":"https:\/\/www.alteacultural.com\/es\/2024\/11\/21\/frames-percussion-convida-a-fer-un-viatge-pel-desert-amb-lobra-timber\/#primaryimage","url":"https:\/\/www.alteacultural.com\/wp-content\/uploads\/2024\/11\/2024-11-29_FramesPercussion_banner-1.jpg","contentUrl":"https:\/\/www.alteacultural.com\/wp-content\/uploads\/2024\/11\/2024-11-29_FramesPercussion_banner-1.jpg","width":1999,"height":628},{"@type":"BreadcrumbList","@id":"https:\/\/www.alteacultural.com\/es\/2024\/11\/21\/frames-percussion-convida-a-fer-un-viatge-pel-desert-amb-lobra-timber\/#breadcrumb","itemListElement":[{"@type":"ListItem","position":1,"name":"Inici","item":"https:\/\/www.alteacultural.com\/es\/"},{"@type":"ListItem","position":2,"name":"Frames Percussion invita a realizar un viaje por el desierto con la obra Timber"}]},{"@type":"WebSite","@id":"https:\/\/www.alteacultural.com\/es\/#website","url":"https:\/\/www.alteacultural.com\/es\/","name":"Altea Cultural","description":"Regidoria de Cultura de l&#039;Ajuntament d&#039;Altea","potentialAction":[{"@type":"SearchAction","target":{"@type":"EntryPoint","urlTemplate":"https:\/\/www.alteacultural.com\/es\/?s={search_term_string}"},"query-input":"required name=search_term_string"}],"inLanguage":"es"},{"@type":"Person","@id":"https:\/\/www.alteacultural.com\/es\/#\/schema\/person\/c4e137537f1af546d214a315255e5172","name":"sfaltea.com-admin","image":{"@type":"ImageObject","inLanguage":"es","@id":"https:\/\/www.alteacultural.com\/es\/#\/schema\/person\/image\/","url":"https:\/\/secure.gravatar.com\/avatar\/f7473fa2fbd351270ccfd469de536202?s=96&d=mm&r=g","contentUrl":"https:\/\/secure.gravatar.com\/avatar\/f7473fa2fbd351270ccfd469de536202?s=96&d=mm&r=g","caption":"sfaltea.com-admin"},"url":"https:\/\/www.alteacultural.com\/es\/author\/sfaltea-com-admin\/"}]}},"_links":{"self":[{"href":"https:\/\/www.alteacultural.com\/es\/wp-json\/wp\/v2\/posts\/33672"}],"collection":[{"href":"https:\/\/www.alteacultural.com\/es\/wp-json\/wp\/v2\/posts"}],"about":[{"href":"https:\/\/www.alteacultural.com\/es\/wp-json\/wp\/v2\/types\/post"}],"author":[{"embeddable":true,"href":"https:\/\/www.alteacultural.com\/es\/wp-json\/wp\/v2\/users\/1"}],"replies":[{"embeddable":true,"href":"https:\/\/www.alteacultural.com\/es\/wp-json\/wp\/v2\/comments?post=33672"}],"version-history":[{"count":1,"href":"https:\/\/www.alteacultural.com\/es\/wp-json\/wp\/v2\/posts\/33672\/revisions"}],"predecessor-version":[{"id":33674,"href":"https:\/\/www.alteacultural.com\/es\/wp-json\/wp\/v2\/posts\/33672\/revisions\/33674"}],"wp:featuredmedia":[{"embeddable":true,"href":"https:\/\/www.alteacultural.com\/es\/wp-json\/wp\/v2\/media\/33574"}],"wp:attachment":[{"href":"https:\/\/www.alteacultural.com\/es\/wp-json\/wp\/v2\/media?parent=33672"}],"curies":[{"name":"wp","href":"https:\/\/api.w.org\/{rel}","templated":true}]}}