{"id":33688,"date":"2024-11-25T08:36:09","date_gmt":"2024-11-25T07:36:09","guid":{"rendered":"https:\/\/www.alteacultural.com\/2024\/11\/25\/completa-i-variada-es-la-programacio-de-nadal-organitzada-per-lajuntament-daltea\/"},"modified":"2024-12-01T08:29:07","modified_gmt":"2024-12-01T07:29:07","slug":"completa-i-variada-es-la-programacio-de-nadal-organitzada-per-lajuntament-daltea","status":"publish","type":"post","link":"https:\/\/www.alteacultural.com\/es\/2024\/11\/25\/completa-i-variada-es-la-programacio-de-nadal-organitzada-per-lajuntament-daltea\/","title":{"rendered":"Completa y variada es la programaci\u00f3n de Navidad organizada por el Ayuntamiento de Altea"},"content":{"rendered":"\n<p>Nov 22, 2024<img fetchpriority=\"high\" decoding=\"async\" src=\"https:\/\/alteadigital.es\/wp-content\/uploads\/2024\/11\/presentacio-programacio-Nadal-web.jpg\" alt=\"Completa i variada \u00e9s la programaci\u00f3 de Nadal organitzada per l\u2019Ajuntament d\u2019Altea\" class=\"\" width=\"1080\" height=\"675\" srcset=\"https:\/\/alteadigital.es\/wp-content\/uploads\/2024\/11\/presentacio-programacio-Nadal-web.jpg 1080w, https:\/\/alteadigital.es\/wp-content\/uploads\/2024\/11\/presentacio-programacio-Nadal-web-980x797.jpg 980w, https:\/\/alteadigital.es\/wp-content\/uploads\/2024\/11\/presentacio-programacio-Nadal-web-480x390.jpg 480w\"><\/p>\n\n\n\n<p><strong>Las diferentes concejal\u00edas dan a conocer las actividades que han organizado de forma coordinada entre ellas.&nbsp;<\/strong><\/p>\n\n\n\n<p>En la ma\u00f1ana de hoy, las concejal\u00edas de Comercio, Bienestar Social, Cultura, Deportes, Educaci\u00f3n, Fiestas y Juventud han dado a conocer las actividades que han organizado, de forma conjunta, para que el municipio disfrute de una amplia y variada programaci\u00f3n, destinada a todos los p\u00fablicos, durante la Navidad.<\/p>\n\n\n<div class=\"wp-block-image\">\n<figure class=\"aligncenter\"><img decoding=\"async\" data-src=\"https:\/\/alteadigital.es\/wp-content\/uploads\/2024\/11\/RP-programacio-Nadal-web.jpg\" alt=\"\" class=\"wp-image-119981 lazyload\" src=\"data:image\/gif;base64,R0lGODlhAQABAAAAACH5BAEKAAEALAAAAAABAAEAAAICTAEAOw==\" \/><\/figure><\/div>\n\n\n<p>Ha sido el concejal de Comercio, Jose Maria Borja, quien ha comenzado con la comparecencia anunciando una de las&nbsp; primeras acciones navide\u00f1as como es el Encendido de Luces, que tendr\u00e1 lugar el viernes 29 de noviembre a las 18:00h y a la que acompa\u00f1aran una serie de actividades que cada \u00e1rea ha enumerado.<\/p>\n\n\n\n<p>En lo que respecta al \u00e1rea municipal de Comercio, \u00e9sta ha puesto en marcha un a\u00f1o m\u00e1s el Mercado de Navidad que tendr\u00e1 lugar del 6 al 8 de diciembre en la Plaza del Ayuntamiento. Asimismo, Borja ha se\u00f1alado que \u201ccomo es ya tradicional en Altea nos visitar\u00e1 Papa Noel el d\u00eda 21, que estar\u00e1&nbsp; en la Plaza del Ayuntamiento en horario de ma\u00f1ana y tarde, de 11:00 a 14:00h y de 16:00 a 19:00h\u201d.<\/p>\n\n\n\n<p>Por parte de la concejal\u00eda de Bienestar Social, \u00e9sta ha dado una especial relevancia a los mayores, de ah\u00ed que en sus actividades ellos sean los protagonistas y comenzar\u00e1n el d\u00eda 29 de noviembre en el Aula de Cuina con un Taller de Dulces Navide\u00f1os. Por la tarde a las 17:30h participar\u00e1n en la inauguraci\u00f3n del alumbrado cantando villancicos en colaboraci\u00f3n con los alumnos de EsMuAltea. Al finalizar los c\u00e1nticos habr\u00e1 chocolatada para los asistentes. \u201cNuestra programaci\u00f3n se centra en la Tercera Edad porque los mayores tienen mucho que decir\u201d; ha declarado Anna Lanuza, responsable de \u00e1rea, quien ha desvelado que los mayores llevan ya varias semanas ensayando con el coro de ni\u00f1os y ni\u00f1as de la SFA para, esa misma tarde del encendido de las luces de&nbsp; Navidad, cantarnos villancicos tradicionales\u201d.<\/p>\n\n\n\n<p>No pod\u00eda faltar la Fiesta de Nochevieja, el 31 de diciembre a partir de las 20:30h en la cafeter\u00eda del CIM y en la que la concejal\u00eda colabora con esta cena que cada a\u00f1o se desarrolla. Ha explicado Lanuza.<\/p>\n\n\n\n<p>En nombre de la concejal\u00eda de Cultura, su responsable municipal, Pepa Victoria P\u00e9rez ha destacado que el pr\u00f3ximo 30 de noviembre en Palau Altea se podr\u00e1 disfrutar de la obra de teatro \u201cCuento de Navidad\u201d a partir de las 18:00h.<\/p>\n\n\n\n<p>A partir del 2 de diciembre se podr\u00e1 visitar, hasta el d\u00eda 5 de enero, del Bel\u00e9n de la Casa de Cultura, de lunes a viernes de 9 a 14:00h y de 17 a 20:00h.<\/p>\n\n\n\n<p>Adem\u00e1s, P\u00e9rez ha recordado que son varios los conciertos navide\u00f1os que se llevan a cabo en el municipio durante estas fechas a cargo de las diferentes entidades musicales del municipio como son el Jard\u00edn Musical de EsMuAltea; la banda del Conservatoria; la banda de la Societat Recreativa Musical de Altea la Vella y la Banda Simf\u00f2nica de la Societat Filarm\u00f2nica Alteanense.<\/p>\n\n\n\n<p>Entre las actividades organizadas por Cultura, la edil ha destacado el Concierto de A\u00f1o Nuevoen Palau Altea, el d\u00eda 1 de enero, con Strauss Festival Orchestra &amp; Strauss Festival Ballet Ensemble. Y el jueves 2 de enero, en la Biblioteca tendr\u00e1 lugar un cuenta cuentos para los m\u00e1s peque\u00f1os titulado \u201cEl cuento del calcet\u00edn y las ratas\u201d.<\/p>\n\n\n\n<p>Desde el \u00e1rea municipal de Deportes, la Carrera de San Silvestre es una de sus apuestas. \u201cUna carrera ya tradicional en Altea que se celebra el 27 de diciembre\u201d; ha se\u00f1alado Sara Soler, concejala del \u00e1rea.&nbsp; Y en colaboraci\u00f3n con la concejal\u00eda de Juventud, regida por Germ\u00e1n Manj\u00f3n, se pone a disposici\u00f3n de los j\u00f3venes el campus \u201cNavidad en Acci\u00f3n\u201d, destinado a j\u00f3venes de entre 12 y 17 a\u00f1os que tendr\u00e1 lugar los d\u00edas 26 y 27 de diciembre en el Centro Juvenil y Polideportivo Municipal. \u201cHemos preparado este campus para que los j\u00f3venes durante sus vacaciones puedan disfrutar de una actividad divertida y que les haga estar activos\u201d. Ha matizado la concejala.<\/p>\n\n\n\n<p>Como responsable de Educaci\u00f3n y Normalizaci\u00f3n Ling\u00fc\u00edstica, Xelo Gonz\u00e1lez ha explicado que durante la inauguraci\u00f3n del Mercado de Navidad se har\u00e1 entrega de los Premios a las Postales de Navidad a los ni\u00f1os y ni\u00f1as de todos los centros educativos de Altea. El jueves 26 y el s\u00e1bado 28 de diciembre y el jueves 2 y s\u00e1bado 11 de enero en la Casa de Cultura se desarrollar\u00e1n las jornadas de Cine en Valenciano, a las 18:00h.<\/p>\n\n\n\n<p>Para el jueves 26 de diciembre, a las 11:00h, Normalizaci\u00f3n Ling\u00fc\u00edstica ha puesto a disposici\u00f3n de residentes y visitantes una visita guiada, a cargo de Juan V. Mart\u00edn que saldr\u00e1 desde Palau Altea.<\/p>\n\n\n\n<p>Y no pod\u00eda faltar la Noche Vieja Infantil el d\u00eda 31 en la Plaza de la Iglesia, en la que a las 10:30h tendr\u00e1 lugar la actuaci\u00f3n de Dani Miquel y las campanadas para que los ni\u00f1os y ni\u00f1as participen.<\/p>\n\n\n\n<p>Gonz\u00e1lez ha acabado su intervenci\u00f3n recordando que, al igual que el pasado a\u00f1o, se realizar\u00e1 un sorteo para los ni\u00f1os y ni\u00f1as que escriban sus cartas a Papa Noel o los Reyes Magos en valenciano. El buz\u00f3n para depositarlas estar\u00e1 ubicado en la Casa de Cultura hasta el 5 de enero.<\/p>\n\n\n\n<p>Finalmente ha tomado la palabra el edil de Fiestas, Joaquim Devesa, quien ha certificado que un a\u00f1o m\u00e1s se celebrar\u00e1n las tradicionales Fiestas de Fin de A\u00f1o en Altea y Altea la Vella en colaboraci\u00f3n con diferentes entidades festeras del municipio, As\u00ed como la recogida de las cartas a los Reyes de Oriente y las Cabalgatas de Reyes de Altea y Altea la Vella.<\/p>\n\n\n\n<p>\u201cComo hab\u00e9is podido ver, desde el encendido de luces hasta el \u00faltimo regalo que repartan los Reyes de Oriente, pasando por toda clase de eventos de diferente \u00edndole, hemos querido desde el Ayuntamiento de Altea dise\u00f1ar un programa para todas las edades y para todos los estratos sociales de nuestro municipio. Deseamos que encuentren en estos d\u00edas de Navidad unos d\u00edas de hermandad, de ilusi\u00f3n compartida y en general de alegr\u00eda para estos d\u00edas festivos\u201d. Ha comentado, Devesa, quien ha invitado a \u201calteanos y alteanas a ayudar en estas fechas a todas aquellas personas que no tienen tanta suerte como nosotros para disfrutar estos d\u00edas de una Navidad Plena; as\u00ed como tambi\u00e9n quiero animar a toda la gente a que colabore con el comercio local y las entidades sin \u00e1nimo de lucro que hacen que Altea durante la Navidad sea un buen pueblo para estar, para disfrutar y para celebrar la entrada del nuevo a\u00f1o\u201d.<\/p>\n\n\n<div class=\"wp-block-image\">\n<figure class=\"aligncenter\"><img decoding=\"async\" data-src=\"https:\/\/alteadigital.es\/wp-content\/uploads\/2024\/11\/programacio-desembre-web.jpg\" alt=\"\" class=\"wp-image-119975 lazyload\" src=\"data:image\/gif;base64,R0lGODlhAQABAAAAACH5BAEKAAEALAAAAAABAAEAAAICTAEAOw==\" \/><\/figure><\/div>\n\n<div class=\"wp-block-image\">\n<figure class=\"aligncenter\"><img decoding=\"async\" data-src=\"https:\/\/alteadigital.es\/wp-content\/uploads\/2024\/11\/programacio-gener-web.jpg\" alt=\"\" class=\"wp-image-119977 lazyload\" src=\"data:image\/gif;base64,R0lGODlhAQABAAAAACH5BAEKAAEALAAAAAABAAEAAAICTAEAOw==\" \/><\/figure><\/div>\n\n\n<p>| ALTEADIGITAL.ES<\/p>\n","protected":false},"excerpt":{"rendered":"<p>Nov 22, 2024 Las diferentes concejal\u00edas dan a conocer las actividades que han organizado de forma coordinada entre ellas.&nbsp; [&hellip;]<\/p>\n","protected":false},"author":1,"featured_media":33686,"comment_status":"open","ping_status":"open","sticky":false,"template":"","format":"standard","meta":{"_expiration-date-status":"","_expiration-date":0,"_expiration-date-type":"","_expiration-date-categories":[],"_expiration-date-options":[],"footnotes":""},"yoast_head":"<!-- This site is optimized with the Yoast SEO plugin v22.8 - https:\/\/yoast.com\/wordpress\/plugins\/seo\/ -->\n<title>Completa y variada es la programaci\u00f3n de Navidad organizada por el Ayuntamiento de Altea - Altea Cultural<\/title>\n<meta name=\"robots\" content=\"index, follow, max-snippet:-1, max-image-preview:large, max-video-preview:-1\" \/>\n<link rel=\"canonical\" href=\"https:\/\/www.alteacultural.com\/es\/2024\/11\/25\/completa-i-variada-es-la-programacio-de-nadal-organitzada-per-lajuntament-daltea\/\" \/>\n<meta property=\"og:locale\" content=\"es_ES\" \/>\n<meta property=\"og:type\" content=\"article\" \/>\n<meta property=\"og:title\" content=\"Completa y variada es la programaci\u00f3n de Navidad organizada por el Ayuntamiento de Altea - Altea Cultural\" \/>\n<meta property=\"og:description\" content=\"Nov 22, 2024 Las diferentes concejal\u00edas dan a conocer las actividades que han organizado de forma coordinada entre ellas.&nbsp; [&hellip;]\" \/>\n<meta property=\"og:url\" content=\"https:\/\/www.alteacultural.com\/es\/2024\/11\/25\/completa-i-variada-es-la-programacio-de-nadal-organitzada-per-lajuntament-daltea\/\" \/>\n<meta property=\"og:site_name\" content=\"Altea Cultural\" \/>\n<meta property=\"article:published_time\" content=\"2024-11-25T07:36:09+00:00\" \/>\n<meta property=\"article:modified_time\" content=\"2024-12-01T07:29:07+00:00\" \/>\n<meta property=\"og:image\" content=\"https:\/\/www.alteacultural.com\/wp-content\/uploads\/2024\/11\/RP-programacio-Nadal-web.jpg\" \/>\n\t<meta property=\"og:image:width\" content=\"1028\" \/>\n\t<meta property=\"og:image:height\" content=\"780\" \/>\n\t<meta property=\"og:image:type\" content=\"image\/jpeg\" \/>\n<meta name=\"author\" content=\"sfaltea.com-admin\" \/>\n<meta name=\"twitter:card\" content=\"summary_large_image\" \/>\n<meta name=\"twitter:label1\" content=\"Escrito por\" \/>\n\t<meta name=\"twitter:data1\" content=\"sfaltea.com-admin\" \/>\n\t<meta name=\"twitter:label2\" content=\"Tiempo de lectura\" \/>\n\t<meta name=\"twitter:data2\" content=\"7 minutos\" \/>\n<script type=\"application\/ld+json\" class=\"yoast-schema-graph\">{\"@context\":\"https:\/\/schema.org\",\"@graph\":[{\"@type\":\"WebPage\",\"@id\":\"https:\/\/www.alteacultural.com\/es\/2024\/11\/25\/completa-i-variada-es-la-programacio-de-nadal-organitzada-per-lajuntament-daltea\/\",\"url\":\"https:\/\/www.alteacultural.com\/es\/2024\/11\/25\/completa-i-variada-es-la-programacio-de-nadal-organitzada-per-lajuntament-daltea\/\",\"name\":\"Completa y variada es la programaci\u00f3n de Navidad organizada por el Ayuntamiento de Altea - Altea Cultural\",\"isPartOf\":{\"@id\":\"https:\/\/www.alteacultural.com\/es\/#website\"},\"primaryImageOfPage\":{\"@id\":\"https:\/\/www.alteacultural.com\/es\/2024\/11\/25\/completa-i-variada-es-la-programacio-de-nadal-organitzada-per-lajuntament-daltea\/#primaryimage\"},\"image\":{\"@id\":\"https:\/\/www.alteacultural.com\/es\/2024\/11\/25\/completa-i-variada-es-la-programacio-de-nadal-organitzada-per-lajuntament-daltea\/#primaryimage\"},\"thumbnailUrl\":\"https:\/\/www.alteacultural.com\/wp-content\/uploads\/2024\/11\/RP-programacio-Nadal-web.jpg\",\"datePublished\":\"2024-11-25T07:36:09+00:00\",\"dateModified\":\"2024-12-01T07:29:07+00:00\",\"author\":{\"@id\":\"https:\/\/www.alteacultural.com\/es\/#\/schema\/person\/c4e137537f1af546d214a315255e5172\"},\"breadcrumb\":{\"@id\":\"https:\/\/www.alteacultural.com\/es\/2024\/11\/25\/completa-i-variada-es-la-programacio-de-nadal-organitzada-per-lajuntament-daltea\/#breadcrumb\"},\"inLanguage\":\"es\",\"potentialAction\":[{\"@type\":\"ReadAction\",\"target\":[\"https:\/\/www.alteacultural.com\/es\/2024\/11\/25\/completa-i-variada-es-la-programacio-de-nadal-organitzada-per-lajuntament-daltea\/\"]}]},{\"@type\":\"ImageObject\",\"inLanguage\":\"es\",\"@id\":\"https:\/\/www.alteacultural.com\/es\/2024\/11\/25\/completa-i-variada-es-la-programacio-de-nadal-organitzada-per-lajuntament-daltea\/#primaryimage\",\"url\":\"https:\/\/www.alteacultural.com\/wp-content\/uploads\/2024\/11\/RP-programacio-Nadal-web.jpg\",\"contentUrl\":\"https:\/\/www.alteacultural.com\/wp-content\/uploads\/2024\/11\/RP-programacio-Nadal-web.jpg\",\"width\":1028,\"height\":780},{\"@type\":\"BreadcrumbList\",\"@id\":\"https:\/\/www.alteacultural.com\/es\/2024\/11\/25\/completa-i-variada-es-la-programacio-de-nadal-organitzada-per-lajuntament-daltea\/#breadcrumb\",\"itemListElement\":[{\"@type\":\"ListItem\",\"position\":1,\"name\":\"Inici\",\"item\":\"https:\/\/www.alteacultural.com\/es\/\"},{\"@type\":\"ListItem\",\"position\":2,\"name\":\"Completa y variada es la programaci\u00f3n de Navidad organizada por el Ayuntamiento de Altea\"}]},{\"@type\":\"WebSite\",\"@id\":\"https:\/\/www.alteacultural.com\/es\/#website\",\"url\":\"https:\/\/www.alteacultural.com\/es\/\",\"name\":\"Altea Cultural\",\"description\":\"Regidoria de Cultura de l&#039;Ajuntament d&#039;Altea\",\"potentialAction\":[{\"@type\":\"SearchAction\",\"target\":{\"@type\":\"EntryPoint\",\"urlTemplate\":\"https:\/\/www.alteacultural.com\/es\/?s={search_term_string}\"},\"query-input\":\"required name=search_term_string\"}],\"inLanguage\":\"es\"},{\"@type\":\"Person\",\"@id\":\"https:\/\/www.alteacultural.com\/es\/#\/schema\/person\/c4e137537f1af546d214a315255e5172\",\"name\":\"sfaltea.com-admin\",\"image\":{\"@type\":\"ImageObject\",\"inLanguage\":\"es\",\"@id\":\"https:\/\/www.alteacultural.com\/es\/#\/schema\/person\/image\/\",\"url\":\"https:\/\/secure.gravatar.com\/avatar\/f7473fa2fbd351270ccfd469de536202?s=96&d=mm&r=g\",\"contentUrl\":\"https:\/\/secure.gravatar.com\/avatar\/f7473fa2fbd351270ccfd469de536202?s=96&d=mm&r=g\",\"caption\":\"sfaltea.com-admin\"},\"url\":\"https:\/\/www.alteacultural.com\/es\/author\/sfaltea-com-admin\/\"}]}<\/script>\n<!-- \/ Yoast SEO plugin. -->","yoast_head_json":{"title":"Completa y variada es la programaci\u00f3n de Navidad organizada por el Ayuntamiento de Altea - Altea Cultural","robots":{"index":"index","follow":"follow","max-snippet":"max-snippet:-1","max-image-preview":"max-image-preview:large","max-video-preview":"max-video-preview:-1"},"canonical":"https:\/\/www.alteacultural.com\/es\/2024\/11\/25\/completa-i-variada-es-la-programacio-de-nadal-organitzada-per-lajuntament-daltea\/","og_locale":"es_ES","og_type":"article","og_title":"Completa y variada es la programaci\u00f3n de Navidad organizada por el Ayuntamiento de Altea - Altea Cultural","og_description":"Nov 22, 2024 Las diferentes concejal\u00edas dan a conocer las actividades que han organizado de forma coordinada entre ellas.&nbsp; [&hellip;]","og_url":"https:\/\/www.alteacultural.com\/es\/2024\/11\/25\/completa-i-variada-es-la-programacio-de-nadal-organitzada-per-lajuntament-daltea\/","og_site_name":"Altea Cultural","article_published_time":"2024-11-25T07:36:09+00:00","article_modified_time":"2024-12-01T07:29:07+00:00","og_image":[{"width":1028,"height":780,"url":"https:\/\/www.alteacultural.com\/wp-content\/uploads\/2024\/11\/RP-programacio-Nadal-web.jpg","type":"image\/jpeg"}],"author":"sfaltea.com-admin","twitter_card":"summary_large_image","twitter_misc":{"Escrito por":"sfaltea.com-admin","Tiempo de lectura":"7 minutos"},"schema":{"@context":"https:\/\/schema.org","@graph":[{"@type":"WebPage","@id":"https:\/\/www.alteacultural.com\/es\/2024\/11\/25\/completa-i-variada-es-la-programacio-de-nadal-organitzada-per-lajuntament-daltea\/","url":"https:\/\/www.alteacultural.com\/es\/2024\/11\/25\/completa-i-variada-es-la-programacio-de-nadal-organitzada-per-lajuntament-daltea\/","name":"Completa y variada es la programaci\u00f3n de Navidad organizada por el Ayuntamiento de Altea - Altea Cultural","isPartOf":{"@id":"https:\/\/www.alteacultural.com\/es\/#website"},"primaryImageOfPage":{"@id":"https:\/\/www.alteacultural.com\/es\/2024\/11\/25\/completa-i-variada-es-la-programacio-de-nadal-organitzada-per-lajuntament-daltea\/#primaryimage"},"image":{"@id":"https:\/\/www.alteacultural.com\/es\/2024\/11\/25\/completa-i-variada-es-la-programacio-de-nadal-organitzada-per-lajuntament-daltea\/#primaryimage"},"thumbnailUrl":"https:\/\/www.alteacultural.com\/wp-content\/uploads\/2024\/11\/RP-programacio-Nadal-web.jpg","datePublished":"2024-11-25T07:36:09+00:00","dateModified":"2024-12-01T07:29:07+00:00","author":{"@id":"https:\/\/www.alteacultural.com\/es\/#\/schema\/person\/c4e137537f1af546d214a315255e5172"},"breadcrumb":{"@id":"https:\/\/www.alteacultural.com\/es\/2024\/11\/25\/completa-i-variada-es-la-programacio-de-nadal-organitzada-per-lajuntament-daltea\/#breadcrumb"},"inLanguage":"es","potentialAction":[{"@type":"ReadAction","target":["https:\/\/www.alteacultural.com\/es\/2024\/11\/25\/completa-i-variada-es-la-programacio-de-nadal-organitzada-per-lajuntament-daltea\/"]}]},{"@type":"ImageObject","inLanguage":"es","@id":"https:\/\/www.alteacultural.com\/es\/2024\/11\/25\/completa-i-variada-es-la-programacio-de-nadal-organitzada-per-lajuntament-daltea\/#primaryimage","url":"https:\/\/www.alteacultural.com\/wp-content\/uploads\/2024\/11\/RP-programacio-Nadal-web.jpg","contentUrl":"https:\/\/www.alteacultural.com\/wp-content\/uploads\/2024\/11\/RP-programacio-Nadal-web.jpg","width":1028,"height":780},{"@type":"BreadcrumbList","@id":"https:\/\/www.alteacultural.com\/es\/2024\/11\/25\/completa-i-variada-es-la-programacio-de-nadal-organitzada-per-lajuntament-daltea\/#breadcrumb","itemListElement":[{"@type":"ListItem","position":1,"name":"Inici","item":"https:\/\/www.alteacultural.com\/es\/"},{"@type":"ListItem","position":2,"name":"Completa y variada es la programaci\u00f3n de Navidad organizada por el Ayuntamiento de Altea"}]},{"@type":"WebSite","@id":"https:\/\/www.alteacultural.com\/es\/#website","url":"https:\/\/www.alteacultural.com\/es\/","name":"Altea Cultural","description":"Regidoria de Cultura de l&#039;Ajuntament d&#039;Altea","potentialAction":[{"@type":"SearchAction","target":{"@type":"EntryPoint","urlTemplate":"https:\/\/www.alteacultural.com\/es\/?s={search_term_string}"},"query-input":"required name=search_term_string"}],"inLanguage":"es"},{"@type":"Person","@id":"https:\/\/www.alteacultural.com\/es\/#\/schema\/person\/c4e137537f1af546d214a315255e5172","name":"sfaltea.com-admin","image":{"@type":"ImageObject","inLanguage":"es","@id":"https:\/\/www.alteacultural.com\/es\/#\/schema\/person\/image\/","url":"https:\/\/secure.gravatar.com\/avatar\/f7473fa2fbd351270ccfd469de536202?s=96&d=mm&r=g","contentUrl":"https:\/\/secure.gravatar.com\/avatar\/f7473fa2fbd351270ccfd469de536202?s=96&d=mm&r=g","caption":"sfaltea.com-admin"},"url":"https:\/\/www.alteacultural.com\/es\/author\/sfaltea-com-admin\/"}]}},"_links":{"self":[{"href":"https:\/\/www.alteacultural.com\/es\/wp-json\/wp\/v2\/posts\/33688"}],"collection":[{"href":"https:\/\/www.alteacultural.com\/es\/wp-json\/wp\/v2\/posts"}],"about":[{"href":"https:\/\/www.alteacultural.com\/es\/wp-json\/wp\/v2\/types\/post"}],"author":[{"embeddable":true,"href":"https:\/\/www.alteacultural.com\/es\/wp-json\/wp\/v2\/users\/1"}],"replies":[{"embeddable":true,"href":"https:\/\/www.alteacultural.com\/es\/wp-json\/wp\/v2\/comments?post=33688"}],"version-history":[{"count":1,"href":"https:\/\/www.alteacultural.com\/es\/wp-json\/wp\/v2\/posts\/33688\/revisions"}],"predecessor-version":[{"id":33690,"href":"https:\/\/www.alteacultural.com\/es\/wp-json\/wp\/v2\/posts\/33688\/revisions\/33690"}],"wp:featuredmedia":[{"embeddable":true,"href":"https:\/\/www.alteacultural.com\/es\/wp-json\/wp\/v2\/media\/33686"}],"wp:attachment":[{"href":"https:\/\/www.alteacultural.com\/es\/wp-json\/wp\/v2\/media?parent=33688"}],"curies":[{"name":"wp","href":"https:\/\/api.w.org\/{rel}","templated":true}]}}