{"id":33776,"date":"2024-12-02T08:30:00","date_gmt":"2024-12-02T07:30:00","guid":{"rendered":"https:\/\/www.alteacultural.com\/2024\/12\/02\/el-certamen-internacional-de-bandes-de-musica-vila-daltea-presenta-una-programacio-especial-per-celebrar-el-seu-50e-aniversari\/"},"modified":"2024-12-07T08:24:11","modified_gmt":"2024-12-07T07:24:11","slug":"el-certamen-internacional-de-bandes-de-musica-vila-daltea-presenta-una-programacio-especial-per-celebrar-el-seu-50e-aniversari","status":"publish","type":"post","link":"https:\/\/www.alteacultural.com\/es\/2024\/12\/02\/el-certamen-internacional-de-bandes-de-musica-vila-daltea-presenta-una-programacio-especial-per-celebrar-el-seu-50e-aniversari\/","title":{"rendered":"El Certamen Internacional de Bandas de M\u00fasica \u201cVila d\u2019Altea\u201d presenta una programaci\u00f3n especial para celebrar su 50 aniversario"},"content":{"rendered":"\n<figure class=\"wp-block-image size-full\"><img fetchpriority=\"high\" decoding=\"async\" width=\"1822\" height=\"2560\" src=\"https:\/\/www.alteacultural.com\/wp-content\/uploads\/2024\/10\/CARTEL-CERTAMEN-ALTEA-2024-med-scaled.jpg\" alt=\"\" class=\"wp-image-33757\" srcset=\"https:\/\/www.alteacultural.com\/wp-content\/uploads\/2024\/10\/CARTEL-CERTAMEN-ALTEA-2024-med-scaled.jpg 1822w, https:\/\/www.alteacultural.com\/wp-content\/uploads\/2024\/10\/CARTEL-CERTAMEN-ALTEA-2024-med-768x1079.jpg 768w, https:\/\/www.alteacultural.com\/wp-content\/uploads\/2024\/10\/CARTEL-CERTAMEN-ALTEA-2024-med-1093x1536.jpg 1093w, https:\/\/www.alteacultural.com\/wp-content\/uploads\/2024\/10\/CARTEL-CERTAMEN-ALTEA-2024-med-1458x2048.jpg 1458w\" sizes=\"(max-width: 1822px) 100vw, 1822px\" \/><\/figure>\n\n\n\n<p><strong>La presente edici\u00f3n del CIMALTEA esta dedicado al 120 aniversario del pintor Juan Navarro Ram\u00f3n.<\/strong><\/p>\n\n\n\n<p>La 50 edici\u00f3n del Certamen Internacional de M\u00fasica \u201cVila d\u2019Altea\u201d tendr\u00e1 lugar el 7 de diciembre en Palau Altea Centre d\u2019Arts &nbsp;en su Secci\u00f3n Filarm\u00f3nica y est\u00e1 dedicado al 120 aniversario del nacimiento del pintor alteano Juan Navarro Ram\u00f3n. As\u00ed lo han recordado la edil de Cultura, Pepa Victoria P\u00e9rez y el presidente de la \u201cSocietat Filharm\u00f2nica Alteanense\u201d, organizadora del evento, Joan Carles Guill\u00e9n.<\/p>\n\n\n<div class=\"wp-block-image\">\n<figure class=\"aligncenter\"><img decoding=\"async\" data-src=\"https:\/\/alteadigital.es\/wp-content\/uploads\/2024\/11\/Pepa-y-Joan-Carles-amb-cartell-certamen-web.jpg\" alt=\"\" class=\"wp-image-120076 lazyload\" src=\"data:image\/gif;base64,R0lGODlhAQABAAAAACH5BAEKAAEALAAAAAABAAEAAAICTAEAOw==\" \/><\/figure><\/div>\n\n\n<p>Las bandas participantes, que han de tener entre 65 y 90 m\u00fasicos, son &nbsp;la Asociaci\u00f3n Musical La Lira de Cheste, Valencia; la Uni\u00f3n Musical Santa Cecilia de Onda, Castell\u00f3n y la Associa\u00e7\u00e3o Recreativa e Musical Amigos Da Branca, Portugal.<\/p>\n\n\n\n<p>La obra obligada que han de interpretar las participantes es \u201cPintures Sonores\u201d. Una sinfon\u00eda compuesta para la ocasi\u00f3n por Jose Vicente Asensi Seva, basada en la obra del pintor homenajeado.<\/p>\n\n\n\n<p>Como han explicado desde la organizaci\u00f3n, en&nbsp; ocasi\u00f3n de esta 50\u00aa edici\u00f3n del CIMALTEA y con el objeto de acercar a\u00fan m\u00e1s el Certamen a la ciudadan\u00eda, se ha desarrollado desde la SFA, en colaboraci\u00f3n con la concejal\u00eda de Cultura, &nbsp;un fin de semana repleto de actividades para todas las edades en torno al evento principal que es el Certamen.<\/p>\n\n\n\n<p>El precio de la entrada es de 11\u20ac en taquilla y 10\u20ac si se adquieren de forma on line en&nbsp;<a href=\"https:\/\/venta.atenea360.es\/buy\/?id=41152\">https:\/\/venta.atenea360.es\/buy\/?id=41152<\/a><\/p>\n\n\n\n<p>En cuanto a la programaci\u00f3n especial 50 aniversario CIMALTEA, el viernes d\u00eda 6 en la Calle Filharm\u00f2nica n\u00ba12, sede de la SFA,&nbsp; se llevar un Taller de Percusi\u00f3n Corporal con Enric Piz\u00e0; hinchables y juegos para los m\u00e1s peque\u00f1os. A las 13:30h la Banda ESMuAltea ofrecer\u00e1 un concierto y a continuaci\u00f3n Paella Popular. A las 18:00h dar\u00e1 inicio el \u201cFestival de Xarangues\u201d con la participaci\u00f3n de \u201cBandeta la Marina\u201d y \u201cBandeta B\u00e8rnia\u201d.<\/p>\n\n\n\n<p>Tambi\u00e9n el s\u00e1bado 7 de diciembre, d\u00eda en el que tiene lugar el Certamen a las 16:00h en Palau Altea, tendr\u00e1 lugar a las 12:00 un pasacalle a cargo de \u201cArtistas del Gremio\u201d por las calles de Altea y a las 00:30h en la Calle Filharm\u00f2nica una actuaci\u00f3n de esta misma agrupaci\u00f3n. La entrada para asistir a esta singular actuaci\u00f3n es de 8\u20ac y 6\u20ac si se adquiere de forma online en&nbsp;<a href=\"https:\/\/venta.atenea360.es\/buy\/?id=41183\">https:\/\/venta.atenea360.es\/buy\/?id=41183<\/a><\/p>\n\n\n\n<p>Como responsable municipal de Cultura, Pepa Victoria P\u00e9rez anima a la poblaci\u00f3n a disfrutar de esta programaci\u00f3n que gira en torno a la 50\u00aa edici\u00f3n del CIMALTEA, en especial la actuaci\u00f3n especial de \u201cArtistas del Gremio\u201d porque no dejar\u00e1 indiferente a los asistentes. \u201cLa actuaci\u00f3n de Artistas del Gremio es una apuesta de la concejal\u00eda de Cultura que permitir\u00e1 a los participantes disfrutar de la m\u00fasica en directo con un toque especial de diversi\u00f3n\u201d. Ha concluido P\u00e9rez.<\/p>\n\n\n<div class=\"wp-block-image\">\n<figure class=\"aligncenter\"><img decoding=\"async\" data-src=\"https:\/\/alteadigital.es\/wp-content\/uploads\/2024\/11\/programacio-especial-Certamen.jpg\" alt=\"\" class=\"wp-image-120077 lazyload\" src=\"data:image\/gif;base64,R0lGODlhAQABAAAAACH5BAEKAAEALAAAAAABAAEAAAICTAEAOw==\" \/><\/figure><\/div>\n\n\n<p>| ALTEADIGITAL.ES<\/p>\n","protected":false},"excerpt":{"rendered":"<p>La presente edici\u00f3n del CIMALTEA esta dedicado al 120 aniversario del pintor Juan Navarro Ram\u00f3n. La 50 edici\u00f3n del [&hellip;]<\/p>\n","protected":false},"author":1,"featured_media":33321,"comment_status":"open","ping_status":"open","sticky":false,"template":"","format":"standard","meta":{"_expiration-date-status":"","_expiration-date":0,"_expiration-date-type":"","_expiration-date-categories":[],"_expiration-date-options":[],"footnotes":""},"yoast_head":"<!-- This site is optimized with the Yoast SEO plugin v22.8 - https:\/\/yoast.com\/wordpress\/plugins\/seo\/ -->\n<title>El Certamen Internacional de Bandas de M\u00fasica \u201cVila d\u2019Altea\u201d presenta una programaci\u00f3n especial para celebrar su 50 aniversario - Altea Cultural<\/title>\n<meta name=\"robots\" content=\"index, follow, max-snippet:-1, max-image-preview:large, max-video-preview:-1\" \/>\n<link rel=\"canonical\" href=\"https:\/\/www.alteacultural.com\/es\/2024\/12\/02\/el-certamen-internacional-de-bandes-de-musica-vila-daltea-presenta-una-programacio-especial-per-celebrar-el-seu-50e-aniversari\/\" \/>\n<meta property=\"og:locale\" content=\"es_ES\" \/>\n<meta property=\"og:type\" content=\"article\" \/>\n<meta property=\"og:title\" content=\"El Certamen Internacional de Bandas de M\u00fasica \u201cVila d\u2019Altea\u201d presenta una programaci\u00f3n especial para celebrar su 50 aniversario - Altea Cultural\" \/>\n<meta property=\"og:description\" content=\"La presente edici\u00f3n del CIMALTEA esta dedicado al 120 aniversario del pintor Juan Navarro Ram\u00f3n. La 50 edici\u00f3n del [&hellip;]\" \/>\n<meta property=\"og:url\" content=\"https:\/\/www.alteacultural.com\/es\/2024\/12\/02\/el-certamen-internacional-de-bandes-de-musica-vila-daltea-presenta-una-programacio-especial-per-celebrar-el-seu-50e-aniversari\/\" \/>\n<meta property=\"og:site_name\" content=\"Altea Cultural\" \/>\n<meta property=\"article:published_time\" content=\"2024-12-02T07:30:00+00:00\" \/>\n<meta property=\"article:modified_time\" content=\"2024-12-07T07:24:11+00:00\" \/>\n<meta property=\"og:image\" content=\"https:\/\/www.alteacultural.com\/wp-content\/uploads\/2024\/10\/2024-12-07_CertamenInternacionalBandesMusicaVilaAltea_banner-scaled.jpg\" \/>\n\t<meta property=\"og:image:width\" content=\"2560\" \/>\n\t<meta property=\"og:image:height\" content=\"1067\" \/>\n\t<meta property=\"og:image:type\" content=\"image\/jpeg\" \/>\n<meta name=\"author\" content=\"sfaltea.com-admin\" \/>\n<meta name=\"twitter:card\" content=\"summary_large_image\" \/>\n<meta name=\"twitter:label1\" content=\"Escrito por\" \/>\n\t<meta name=\"twitter:data1\" content=\"sfaltea.com-admin\" \/>\n\t<meta name=\"twitter:label2\" content=\"Tiempo de lectura\" \/>\n\t<meta name=\"twitter:data2\" content=\"4 minutos\" \/>\n<script type=\"application\/ld+json\" class=\"yoast-schema-graph\">{\"@context\":\"https:\/\/schema.org\",\"@graph\":[{\"@type\":\"WebPage\",\"@id\":\"https:\/\/www.alteacultural.com\/es\/2024\/12\/02\/el-certamen-internacional-de-bandes-de-musica-vila-daltea-presenta-una-programacio-especial-per-celebrar-el-seu-50e-aniversari\/\",\"url\":\"https:\/\/www.alteacultural.com\/es\/2024\/12\/02\/el-certamen-internacional-de-bandes-de-musica-vila-daltea-presenta-una-programacio-especial-per-celebrar-el-seu-50e-aniversari\/\",\"name\":\"El Certamen Internacional de Bandas de M\u00fasica \u201cVila d\u2019Altea\u201d presenta una programaci\u00f3n especial para celebrar su 50 aniversario - Altea Cultural\",\"isPartOf\":{\"@id\":\"https:\/\/www.alteacultural.com\/es\/#website\"},\"primaryImageOfPage\":{\"@id\":\"https:\/\/www.alteacultural.com\/es\/2024\/12\/02\/el-certamen-internacional-de-bandes-de-musica-vila-daltea-presenta-una-programacio-especial-per-celebrar-el-seu-50e-aniversari\/#primaryimage\"},\"image\":{\"@id\":\"https:\/\/www.alteacultural.com\/es\/2024\/12\/02\/el-certamen-internacional-de-bandes-de-musica-vila-daltea-presenta-una-programacio-especial-per-celebrar-el-seu-50e-aniversari\/#primaryimage\"},\"thumbnailUrl\":\"https:\/\/www.alteacultural.com\/wp-content\/uploads\/2024\/10\/2024-12-07_CertamenInternacionalBandesMusicaVilaAltea_banner-scaled.jpg\",\"datePublished\":\"2024-12-02T07:30:00+00:00\",\"dateModified\":\"2024-12-07T07:24:11+00:00\",\"author\":{\"@id\":\"https:\/\/www.alteacultural.com\/es\/#\/schema\/person\/c4e137537f1af546d214a315255e5172\"},\"breadcrumb\":{\"@id\":\"https:\/\/www.alteacultural.com\/es\/2024\/12\/02\/el-certamen-internacional-de-bandes-de-musica-vila-daltea-presenta-una-programacio-especial-per-celebrar-el-seu-50e-aniversari\/#breadcrumb\"},\"inLanguage\":\"es\",\"potentialAction\":[{\"@type\":\"ReadAction\",\"target\":[\"https:\/\/www.alteacultural.com\/es\/2024\/12\/02\/el-certamen-internacional-de-bandes-de-musica-vila-daltea-presenta-una-programacio-especial-per-celebrar-el-seu-50e-aniversari\/\"]}]},{\"@type\":\"ImageObject\",\"inLanguage\":\"es\",\"@id\":\"https:\/\/www.alteacultural.com\/es\/2024\/12\/02\/el-certamen-internacional-de-bandes-de-musica-vila-daltea-presenta-una-programacio-especial-per-celebrar-el-seu-50e-aniversari\/#primaryimage\",\"url\":\"https:\/\/www.alteacultural.com\/wp-content\/uploads\/2024\/10\/2024-12-07_CertamenInternacionalBandesMusicaVilaAltea_banner-scaled.jpg\",\"contentUrl\":\"https:\/\/www.alteacultural.com\/wp-content\/uploads\/2024\/10\/2024-12-07_CertamenInternacionalBandesMusicaVilaAltea_banner-scaled.jpg\",\"width\":2560,\"height\":1067},{\"@type\":\"BreadcrumbList\",\"@id\":\"https:\/\/www.alteacultural.com\/es\/2024\/12\/02\/el-certamen-internacional-de-bandes-de-musica-vila-daltea-presenta-una-programacio-especial-per-celebrar-el-seu-50e-aniversari\/#breadcrumb\",\"itemListElement\":[{\"@type\":\"ListItem\",\"position\":1,\"name\":\"Inici\",\"item\":\"https:\/\/www.alteacultural.com\/es\/\"},{\"@type\":\"ListItem\",\"position\":2,\"name\":\"El Certamen Internacional de Bandas de M\u00fasica \u201cVila d\u2019Altea\u201d presenta una programaci\u00f3n especial para celebrar su 50 aniversario\"}]},{\"@type\":\"WebSite\",\"@id\":\"https:\/\/www.alteacultural.com\/es\/#website\",\"url\":\"https:\/\/www.alteacultural.com\/es\/\",\"name\":\"Altea Cultural\",\"description\":\"Regidoria de Cultura de l&#039;Ajuntament d&#039;Altea\",\"potentialAction\":[{\"@type\":\"SearchAction\",\"target\":{\"@type\":\"EntryPoint\",\"urlTemplate\":\"https:\/\/www.alteacultural.com\/es\/?s={search_term_string}\"},\"query-input\":\"required name=search_term_string\"}],\"inLanguage\":\"es\"},{\"@type\":\"Person\",\"@id\":\"https:\/\/www.alteacultural.com\/es\/#\/schema\/person\/c4e137537f1af546d214a315255e5172\",\"name\":\"sfaltea.com-admin\",\"image\":{\"@type\":\"ImageObject\",\"inLanguage\":\"es\",\"@id\":\"https:\/\/www.alteacultural.com\/es\/#\/schema\/person\/image\/\",\"url\":\"https:\/\/secure.gravatar.com\/avatar\/f7473fa2fbd351270ccfd469de536202?s=96&d=mm&r=g\",\"contentUrl\":\"https:\/\/secure.gravatar.com\/avatar\/f7473fa2fbd351270ccfd469de536202?s=96&d=mm&r=g\",\"caption\":\"sfaltea.com-admin\"},\"url\":\"https:\/\/www.alteacultural.com\/es\/author\/sfaltea-com-admin\/\"}]}<\/script>\n<!-- \/ Yoast SEO plugin. -->","yoast_head_json":{"title":"El Certamen Internacional de Bandas de M\u00fasica \u201cVila d\u2019Altea\u201d presenta una programaci\u00f3n especial para celebrar su 50 aniversario - Altea Cultural","robots":{"index":"index","follow":"follow","max-snippet":"max-snippet:-1","max-image-preview":"max-image-preview:large","max-video-preview":"max-video-preview:-1"},"canonical":"https:\/\/www.alteacultural.com\/es\/2024\/12\/02\/el-certamen-internacional-de-bandes-de-musica-vila-daltea-presenta-una-programacio-especial-per-celebrar-el-seu-50e-aniversari\/","og_locale":"es_ES","og_type":"article","og_title":"El Certamen Internacional de Bandas de M\u00fasica \u201cVila d\u2019Altea\u201d presenta una programaci\u00f3n especial para celebrar su 50 aniversario - Altea Cultural","og_description":"La presente edici\u00f3n del CIMALTEA esta dedicado al 120 aniversario del pintor Juan Navarro Ram\u00f3n. La 50 edici\u00f3n del [&hellip;]","og_url":"https:\/\/www.alteacultural.com\/es\/2024\/12\/02\/el-certamen-internacional-de-bandes-de-musica-vila-daltea-presenta-una-programacio-especial-per-celebrar-el-seu-50e-aniversari\/","og_site_name":"Altea Cultural","article_published_time":"2024-12-02T07:30:00+00:00","article_modified_time":"2024-12-07T07:24:11+00:00","og_image":[{"width":2560,"height":1067,"url":"https:\/\/www.alteacultural.com\/wp-content\/uploads\/2024\/10\/2024-12-07_CertamenInternacionalBandesMusicaVilaAltea_banner-scaled.jpg","type":"image\/jpeg"}],"author":"sfaltea.com-admin","twitter_card":"summary_large_image","twitter_misc":{"Escrito por":"sfaltea.com-admin","Tiempo de lectura":"4 minutos"},"schema":{"@context":"https:\/\/schema.org","@graph":[{"@type":"WebPage","@id":"https:\/\/www.alteacultural.com\/es\/2024\/12\/02\/el-certamen-internacional-de-bandes-de-musica-vila-daltea-presenta-una-programacio-especial-per-celebrar-el-seu-50e-aniversari\/","url":"https:\/\/www.alteacultural.com\/es\/2024\/12\/02\/el-certamen-internacional-de-bandes-de-musica-vila-daltea-presenta-una-programacio-especial-per-celebrar-el-seu-50e-aniversari\/","name":"El Certamen Internacional de Bandas de M\u00fasica \u201cVila d\u2019Altea\u201d presenta una programaci\u00f3n especial para celebrar su 50 aniversario - Altea Cultural","isPartOf":{"@id":"https:\/\/www.alteacultural.com\/es\/#website"},"primaryImageOfPage":{"@id":"https:\/\/www.alteacultural.com\/es\/2024\/12\/02\/el-certamen-internacional-de-bandes-de-musica-vila-daltea-presenta-una-programacio-especial-per-celebrar-el-seu-50e-aniversari\/#primaryimage"},"image":{"@id":"https:\/\/www.alteacultural.com\/es\/2024\/12\/02\/el-certamen-internacional-de-bandes-de-musica-vila-daltea-presenta-una-programacio-especial-per-celebrar-el-seu-50e-aniversari\/#primaryimage"},"thumbnailUrl":"https:\/\/www.alteacultural.com\/wp-content\/uploads\/2024\/10\/2024-12-07_CertamenInternacionalBandesMusicaVilaAltea_banner-scaled.jpg","datePublished":"2024-12-02T07:30:00+00:00","dateModified":"2024-12-07T07:24:11+00:00","author":{"@id":"https:\/\/www.alteacultural.com\/es\/#\/schema\/person\/c4e137537f1af546d214a315255e5172"},"breadcrumb":{"@id":"https:\/\/www.alteacultural.com\/es\/2024\/12\/02\/el-certamen-internacional-de-bandes-de-musica-vila-daltea-presenta-una-programacio-especial-per-celebrar-el-seu-50e-aniversari\/#breadcrumb"},"inLanguage":"es","potentialAction":[{"@type":"ReadAction","target":["https:\/\/www.alteacultural.com\/es\/2024\/12\/02\/el-certamen-internacional-de-bandes-de-musica-vila-daltea-presenta-una-programacio-especial-per-celebrar-el-seu-50e-aniversari\/"]}]},{"@type":"ImageObject","inLanguage":"es","@id":"https:\/\/www.alteacultural.com\/es\/2024\/12\/02\/el-certamen-internacional-de-bandes-de-musica-vila-daltea-presenta-una-programacio-especial-per-celebrar-el-seu-50e-aniversari\/#primaryimage","url":"https:\/\/www.alteacultural.com\/wp-content\/uploads\/2024\/10\/2024-12-07_CertamenInternacionalBandesMusicaVilaAltea_banner-scaled.jpg","contentUrl":"https:\/\/www.alteacultural.com\/wp-content\/uploads\/2024\/10\/2024-12-07_CertamenInternacionalBandesMusicaVilaAltea_banner-scaled.jpg","width":2560,"height":1067},{"@type":"BreadcrumbList","@id":"https:\/\/www.alteacultural.com\/es\/2024\/12\/02\/el-certamen-internacional-de-bandes-de-musica-vila-daltea-presenta-una-programacio-especial-per-celebrar-el-seu-50e-aniversari\/#breadcrumb","itemListElement":[{"@type":"ListItem","position":1,"name":"Inici","item":"https:\/\/www.alteacultural.com\/es\/"},{"@type":"ListItem","position":2,"name":"El Certamen Internacional de Bandas de M\u00fasica \u201cVila d\u2019Altea\u201d presenta una programaci\u00f3n especial para celebrar su 50 aniversario"}]},{"@type":"WebSite","@id":"https:\/\/www.alteacultural.com\/es\/#website","url":"https:\/\/www.alteacultural.com\/es\/","name":"Altea Cultural","description":"Regidoria de Cultura de l&#039;Ajuntament d&#039;Altea","potentialAction":[{"@type":"SearchAction","target":{"@type":"EntryPoint","urlTemplate":"https:\/\/www.alteacultural.com\/es\/?s={search_term_string}"},"query-input":"required name=search_term_string"}],"inLanguage":"es"},{"@type":"Person","@id":"https:\/\/www.alteacultural.com\/es\/#\/schema\/person\/c4e137537f1af546d214a315255e5172","name":"sfaltea.com-admin","image":{"@type":"ImageObject","inLanguage":"es","@id":"https:\/\/www.alteacultural.com\/es\/#\/schema\/person\/image\/","url":"https:\/\/secure.gravatar.com\/avatar\/f7473fa2fbd351270ccfd469de536202?s=96&d=mm&r=g","contentUrl":"https:\/\/secure.gravatar.com\/avatar\/f7473fa2fbd351270ccfd469de536202?s=96&d=mm&r=g","caption":"sfaltea.com-admin"},"url":"https:\/\/www.alteacultural.com\/es\/author\/sfaltea-com-admin\/"}]}},"_links":{"self":[{"href":"https:\/\/www.alteacultural.com\/es\/wp-json\/wp\/v2\/posts\/33776"}],"collection":[{"href":"https:\/\/www.alteacultural.com\/es\/wp-json\/wp\/v2\/posts"}],"about":[{"href":"https:\/\/www.alteacultural.com\/es\/wp-json\/wp\/v2\/types\/post"}],"author":[{"embeddable":true,"href":"https:\/\/www.alteacultural.com\/es\/wp-json\/wp\/v2\/users\/1"}],"replies":[{"embeddable":true,"href":"https:\/\/www.alteacultural.com\/es\/wp-json\/wp\/v2\/comments?post=33776"}],"version-history":[{"count":1,"href":"https:\/\/www.alteacultural.com\/es\/wp-json\/wp\/v2\/posts\/33776\/revisions"}],"predecessor-version":[{"id":33778,"href":"https:\/\/www.alteacultural.com\/es\/wp-json\/wp\/v2\/posts\/33776\/revisions\/33778"}],"wp:featuredmedia":[{"embeddable":true,"href":"https:\/\/www.alteacultural.com\/es\/wp-json\/wp\/v2\/media\/33321"}],"wp:attachment":[{"href":"https:\/\/www.alteacultural.com\/es\/wp-json\/wp\/v2\/media?parent=33776"}],"curies":[{"name":"wp","href":"https:\/\/api.w.org\/{rel}","templated":true}]}}