{"id":33802,"date":"2024-12-04T13:51:29","date_gmt":"2024-12-04T12:51:29","guid":{"rendered":"https:\/\/www.alteacultural.com\/2024\/12\/04\/programa-05-12-2024\/"},"modified":"2024-12-04T14:40:20","modified_gmt":"2024-12-04T13:40:20","slug":"programa-05-12-2024","status":"publish","type":"post","link":"https:\/\/www.alteacultural.com\/es\/2024\/12\/04\/programa-05-12-2024\/","title":{"rendered":"Programa 05\/12\/2024"},"content":{"rendered":"\t\t<div data-elementor-type=\"wp-post\" data-elementor-id=\"33802\" class=\"elementor elementor-33802\">\n\t\t\t\t\t\t<section class=\"elementor-section elementor-top-section elementor-element elementor-element-1fcb64c elementor-section-boxed elementor-section-height-default elementor-section-height-default exad-glass-effect-no exad-sticky-section-no\" data-id=\"1fcb64c\" data-element_type=\"section\">\n\t\t\t\t\t\t<div class=\"elementor-container elementor-column-gap-default\">\n\t\t\t\t\t<div class=\"elementor-column elementor-col-50 elementor-top-column elementor-element elementor-element-928d7ea exad-glass-effect-no exad-sticky-section-no\" data-id=\"928d7ea\" data-element_type=\"column\">\n\t\t\t<div class=\"elementor-widget-wrap elementor-element-populated\">\n\t\t\t\t\t\t<div class=\"elementor-element elementor-element-d19d03c exad-sticky-section-no exad-glass-effect-no elementor-widget elementor-widget-text-editor\" data-id=\"d19d03c\" data-element_type=\"widget\" data-widget_type=\"text-editor.default\">\n\t\t\t\t<div class=\"elementor-widget-container\">\n\t\t\t\t\t\t\t<p style=\"text-align: center;\">Programa \u00b7 05\/12\/2024 &#8211; 21:00 h<\/p>\t\t\t\t\t\t<\/div>\n\t\t\t\t<\/div>\n\t\t\t\t\t<\/div>\n\t\t<\/div>\n\t\t\t\t<div class=\"elementor-column elementor-col-50 elementor-top-column elementor-element elementor-element-75c705c exad-glass-effect-no exad-sticky-section-no\" data-id=\"75c705c\" data-element_type=\"column\">\n\t\t\t<div class=\"elementor-widget-wrap elementor-element-populated\">\n\t\t\t\t\t\t<div class=\"elementor-element elementor-element-69f6410 exad-sticky-section-no exad-glass-effect-no elementor-widget elementor-widget-image\" data-id=\"69f6410\" data-element_type=\"widget\" data-widget_type=\"image.default\">\n\t\t\t\t<div class=\"elementor-widget-container\">\n\t\t\t\t\t\t\t\t\t\t\t\t\t\t<a href=\"https:\/\/www.alteacultural.com\/2024\/12\/04\/programa-05-12-2024\/\">\n\t\t\t\t\t\t\t<img decoding=\"async\" data-src=\"https:\/\/www.alteacultural.com\/wp-content\/uploads\/elementor\/thumbs\/valencia-pt48thfiy0n8d036da41ndkk48zbusn7jwawsx7u0c.jpg\" title=\"valenci\u00e0\" alt=\"valenci\u00e0\" src=\"data:image\/gif;base64,R0lGODlhAQABAAAAACH5BAEKAAEALAAAAAABAAEAAAICTAEAOw==\" class=\"lazyload\" style=\"--smush-placeholder-width: 30px; --smush-placeholder-aspect-ratio: 30\/30;\" \/>\t\t\t\t\t\t\t\t<\/a>\n\t\t\t\t\t\t\t\t\t\t\t\t\t<\/div>\n\t\t\t\t<\/div>\n\t\t\t\t\t<\/div>\n\t\t<\/div>\n\t\t\t\t\t<\/div>\n\t\t<\/section>\n\t\t\t\t<section class=\"elementor-section elementor-top-section elementor-element elementor-element-73b943d elementor-section-boxed elementor-section-height-default elementor-section-height-default exad-glass-effect-no exad-sticky-section-no\" data-id=\"73b943d\" data-element_type=\"section\">\n\t\t\t\t\t\t<div class=\"elementor-container elementor-column-gap-default\">\n\t\t\t\t\t<div class=\"elementor-column elementor-col-100 elementor-top-column elementor-element elementor-element-73e008d exad-glass-effect-no exad-sticky-section-no\" data-id=\"73e008d\" data-element_type=\"column\">\n\t\t\t<div class=\"elementor-widget-wrap elementor-element-populated\">\n\t\t\t\t\t\t<div class=\"elementor-element elementor-element-47a15ef exad-sticky-section-no exad-glass-effect-no elementor-widget elementor-widget-text-editor\" data-id=\"47a15ef\" data-element_type=\"widget\" data-widget_type=\"text-editor.default\">\n\t\t\t\t<div class=\"elementor-widget-container\">\n\t\t\t\t\t\t\t<h3 style=\"text-align: center;\"><span style=\"color: #ffffff;\">Concierto de la Banda Sinf\u00f3nica Nacional de Colombia<\/span><\/h3>\t\t\t\t\t\t<\/div>\n\t\t\t\t<\/div>\n\t\t\t\t\t<\/div>\n\t\t<\/div>\n\t\t\t\t\t<\/div>\n\t\t<\/section>\n\t\t\t\t<section class=\"elementor-section elementor-top-section elementor-element elementor-element-f2845cd elementor-section-boxed elementor-section-height-default elementor-section-height-default exad-glass-effect-no exad-sticky-section-no\" data-id=\"f2845cd\" data-element_type=\"section\">\n\t\t\t\t\t\t<div class=\"elementor-container elementor-column-gap-default\">\n\t\t\t\t\t<div class=\"elementor-column elementor-col-100 elementor-top-column elementor-element elementor-element-99fde3d exad-glass-effect-no exad-sticky-section-no\" data-id=\"99fde3d\" data-element_type=\"column\">\n\t\t\t<div class=\"elementor-widget-wrap elementor-element-populated\">\n\t\t\t\t\t\t<div class=\"elementor-element elementor-element-353eb5a exad-sticky-section-no exad-glass-effect-no elementor-widget elementor-widget-text-editor\" data-id=\"353eb5a\" data-element_type=\"widget\" data-widget_type=\"text-editor.default\">\n\t\t\t\t<div class=\"elementor-widget-container\">\n\t\t\t\t\t\t\t<div style=\"text-align: center;\"><h3>\u00a0<\/h3><h3 style=\"text-align: center;\"><span style=\"text-decoration: underline; color: #ff6600;\">PROGRAMA<\/span><\/h3><\/div><h3>\u00a0<\/h3><h3 style=\"text-align: center;\"><span style=\"color: #ff9900;\"><br \/>Banda Sinf\u00f3nica Nacional de Colombia<br \/><\/span><\/h3><h3>\u00a0<\/h3><h3 style=\"text-align: center;\"><span style=\"color: #0000ff;\">Overture in Five Flat<\/span><\/h3><h5 style=\"text-align: left;\"><strong>\u00a0 \u00a0 \u00a0 \u00a0 \u00a0 \u00a0 \u00a0 \u00a0 \u00a0 \u00a0 \u00a0 \u00a0 \u00a0 \u00a0 \u00a0 \u00a0 \u00a0 \u00a0 \u00a0 \u00a0 \u00a0 \u00a0 <\/strong><\/h5><h4 style=\"text-align: center;\"><em><strong>Julie Giroux<\/strong>\u00a0<\/em><\/h4><h5>\u00a0<\/h5><p style=\"text-align: center;\"><strong><span style=\"color: #000000;\">\u00a0<\/span><\/strong><\/p><h3 style=\"text-align: center;\"><span style=\"color: #0000ff;\">Sinfonia No.3 \u00abLa Salsa\u00bb (Movimientos 1, 3 y 4)<\/span><\/h3><h5 style=\"text-align: left;\"><span style=\"color: #000000;\">\u00a0 \u00a0 \u00a0 \u00a0 \u00a0 \u00a0 \u00a0 \u00a0 \u00a0 \u00a0 \u00a0 \u00a0 \u00a0 \u00a0 \u00a0 \u00a0 \u00a0<\/span><\/h5><h4>\u00a0<\/h4><h4 style=\"text-align: center;\"><span style=\"color: #000000;\"><em>Roberto Sierra (Transc. Mark D. Scatterday)<\/em><\/span><\/h4><h5>\u00a0<\/h5><h4>\u00a0<\/h4><h3 style=\"text-align: center;\"><span style=\"color: #0000ff;\">Paisaje Andino<\/span><\/h3><p>\u00a0<\/p><h4 style=\"text-align: center;\"><span style=\"color: #000000;\"><em>Roberto Sierra (Transc. Mark D. Scatterday)<\/em><\/span><\/h4><h3>\u00a0<\/h3><h3 style=\"text-align: center;\"><span style=\"color: #0000ff;\">Suite Guajira<\/span><\/h3><p>\u00a0<\/p><h5 style=\"text-align: left;\"><strong>\u00a0 \u00a0 \u00a0 \u00a0 \u00a0 \u00a0 \u00a0 \u00a0 \u00a0 \u00a0 \u00a0 \u00a0 \u00a0 \u00a0 \u00a0 \u00a0 \u00a0 \u00a0 \u00a0 \u00a0 \u00a0 \u00a0<\/strong><\/h5><h4 style=\"text-align: center;\"><span style=\"color: #000000;\"><em>Victoriano Valencia<\/em><\/span><\/h4><p>\u00a0<\/p><h4 style=\"text-align: center;\">\u00a0<\/h4><h3 style=\"text-align: center;\"><span style=\"color: #0000ff;\">Fandango Viejo<\/span><\/h3><h5 style=\"text-align: left;\"><span style=\"color: #000000;\">\u00a0 \u00a0 \u00a0 \u00a0 \u00a0 \u00a0 \u00a0 \u00a0 \u00a0 \u00a0 \u00a0 \u00a0 \u00a0 \u00a0 \u00a0 \u00a0 \u00a0<\/span><\/h5><h4>\u00a0<\/h4><h4 style=\"text-align: center;\"><strong><span style=\"color: #000000;\">Primo Paternina (Arr. Andrey Ramos Herrera)<\/span><\/strong><\/h4><h4>\u00a0<\/h4><h3>\u00a0<\/h3><h3 style=\"text-align: center;\">\u00a0<\/h3>\t\t\t\t\t\t<\/div>\n\t\t\t\t<\/div>\n\t\t\t\t<div class=\"elementor-element elementor-element-3e1e795 exad-sticky-section-no exad-glass-effect-no elementor-widget elementor-widget-heading\" data-id=\"3e1e795\" data-element_type=\"widget\" data-widget_type=\"heading.default\">\n\t\t\t\t<div class=\"elementor-widget-container\">\n\t\t\t<h3 class=\"elementor-heading-title elementor-size-default\">Notas al programa<\/h3>\t\t<\/div>\n\t\t\t\t<\/div>\n\t\t\t\t<div class=\"elementor-element elementor-element-4a5798e exad-sticky-section-no exad-glass-effect-no elementor-widget elementor-widget-accordion\" data-id=\"4a5798e\" data-element_type=\"widget\" data-widget_type=\"accordion.default\">\n\t\t\t\t<div class=\"elementor-widget-container\">\n\t\t\t\t\t<div class=\"elementor-accordion\">\n\t\t\t\t\t\t\t<div class=\"elementor-accordion-item\">\n\t\t\t\t\t<div id=\"elementor-tab-title-7791\" class=\"elementor-tab-title\" data-tab=\"1\" role=\"button\" aria-controls=\"elementor-tab-content-7791\" aria-expanded=\"false\">\n\t\t\t\t\t\t\t\t\t\t\t\t\t<span class=\"elementor-accordion-icon elementor-accordion-icon-left\" aria-hidden=\"true\">\n\t\t\t\t\t\t\t\t\t\t\t\t\t\t\t<span class=\"elementor-accordion-icon-closed\"><i class=\"fas fa-plus\"><\/i><\/span>\n\t\t\t\t\t\t\t\t<span class=\"elementor-accordion-icon-opened\"><i class=\"fas fa-minus\"><\/i><\/span>\n\t\t\t\t\t\t\t\t\t\t\t\t\t\t<\/span>\n\t\t\t\t\t\t\t\t\t\t\t\t<a class=\"elementor-accordion-title\" tabindex=\"0\">Banda Sinf\u00f3nica Nacional de Colombia<\/a>\n\t\t\t\t\t<\/div>\n\t\t\t\t\t<div id=\"elementor-tab-content-7791\" class=\"elementor-tab-content elementor-clearfix\" data-tab=\"1\" role=\"region\" aria-labelledby=\"elementor-tab-title-7791\"><p>La Banda Sinf\u00f3nica Nacional de Colombia renace en el marco del plan de desarrollo del Gobierno actual, con el prop\u00f3sito de fomentar la apreciaci\u00f3n, creaci\u00f3n y difusi\u00f3n de la m\u00fasica para banda de car\u00e1cter sinf\u00f3nico y ser un veh\u00edculo para visibilizar el talento de los m\u00fasicos del pa\u00eds.<br \/>La agrupaci\u00f3n est\u00e1 conformada por 55 m\u00fasicos de 12 departamentos de Colombia.<\/p><p><br \/>La Banda promueve el desarrollo profesional, la estimulaci\u00f3n de la musicalizaci\u00f3n de la ciudadan\u00eda colombiana y la formaci\u00f3n de p\u00fablicos, mediante una programaci\u00f3n cultural a nivel nacional, que incide en el desarrollo del movimiento bandas desde la perspectiva formativa.<\/p><p><br \/>La Banda Sinf\u00f3nica Nacional de Colombia pretende ser reconocida como una de las organizaciones l\u00edderes en Latinoam\u00e9rica, con proyecci\u00f3n internacional.<\/p><p><br \/>La Banda Sinf\u00f3nica Nacional de Colombia, son\u00f3 por \u00faltima vez en diciembre de 2002 y volvi\u00f3 a sonar en septiembre 5 del 2023, bajo la direcci\u00f3n musical del maestro boyacense Christiam Camilo Malag\u00f3n Tenza y la direcci\u00f3n general del maestro Germ\u00e1n Hern\u00e1ndez Castro.<\/p><\/div>\n\t\t\t\t<\/div>\n\t\t\t\t\t\t\t<div class=\"elementor-accordion-item\">\n\t\t\t\t\t<div id=\"elementor-tab-title-7792\" class=\"elementor-tab-title\" data-tab=\"2\" role=\"button\" aria-controls=\"elementor-tab-content-7792\" aria-expanded=\"false\">\n\t\t\t\t\t\t\t\t\t\t\t\t\t<span class=\"elementor-accordion-icon elementor-accordion-icon-left\" aria-hidden=\"true\">\n\t\t\t\t\t\t\t\t\t\t\t\t\t\t\t<span class=\"elementor-accordion-icon-closed\"><i class=\"fas fa-plus\"><\/i><\/span>\n\t\t\t\t\t\t\t\t<span class=\"elementor-accordion-icon-opened\"><i class=\"fas fa-minus\"><\/i><\/span>\n\t\t\t\t\t\t\t\t\t\t\t\t\t\t<\/span>\n\t\t\t\t\t\t\t\t\t\t\t\t<a class=\"elementor-accordion-title\" tabindex=\"0\">Christiam Camilo Malag\u00f3n Tenza<\/a>\n\t\t\t\t\t<\/div>\n\t\t\t\t\t<div id=\"elementor-tab-content-7792\" class=\"elementor-tab-content elementor-clearfix\" data-tab=\"2\" role=\"region\" aria-labelledby=\"elementor-tab-title-7792\"><p>Director Colombiano nacido en Paipa Boyac\u00e1, inici\u00f3 sus estudios de instrumento, teor\u00eda y solfeo en la Escuela de M\u00fasica de Paipa, donde hizo parte de la Banda Juvenil durante 6 a\u00f1os, bajo la batuta de los Maestros Miguel Duarte Figueroa Q.E.P.D. y Ciro Enrique Duarte. Licenciado en M\u00fasica de la Universidad Pedag\u00f3gica Nacional, tiene una Maestr\u00eda en direcci\u00f3n Sinf\u00f3nica de la Universidad Nacional de Colombia como alumno del Maestro Tetsuo Kagehira y ha realizado otros procesos de formaci\u00f3n en pa\u00edses como Italia, Venezuela, Estados Unidos y Espa\u00f1a.<\/p><p>\u00a0<\/p><p>Su trabajo y dedicaci\u00f3n le han hecho merecedor en m\u00e1s de 10 oportunidades con el premio al mejor director en concursos a nivel nacional, adem\u00e1s ganador del premio Summa Cum Lauden en el festival de M\u00fasica para J\u00f3venes en Neerpelt B\u00e9lgica dirigiendo la Banda Sinf\u00f3nica Juvenil de Paipa en 2011, ganador del premio Summa Cum Lauden en el festival de M\u00fasica para J\u00f3venes en Neerpelt B\u00e9lgica dirigiendo la Banda Sinf\u00f3nica Infantil de Nobsa en 2017, ganador del primer premio en la secci\u00f3n tercera del Certamen Internacional de Bandas de Valencia Espa\u00f1a dirigiendo la Banda Sinf\u00f3nica de Paipa en el a\u00f1o 2019; adem\u00e1s se ha desempe\u00f1ado como profesor y director de banda en la Facultad de M\u00fasica de la Universidad Pedag\u00f3gica y Tecnol\u00f3gica de Colombia, director del programa sinf\u00f3nico de Tunja, director invitado de la Banda Sinf\u00f3nica Metropolitana de Quito Ecuador, director invitado de la Banda Sinf\u00f3nica Departamental del Valle del Cauca y designado por concurso como director de la Banda Sinf\u00f3nica Nacional de Colombia en 2023.<\/p><\/div>\n\t\t\t\t<\/div>\n\t\t\t\t\t\t\t\t<\/div>\n\t\t\t\t<\/div>\n\t\t\t\t<\/div>\n\t\t\t\t\t<\/div>\n\t\t<\/div>\n\t\t\t\t\t<\/div>\n\t\t<\/section>\n\t\t\t\t<section class=\"elementor-section elementor-top-section elementor-element elementor-element-7d46883 elementor-section-boxed elementor-section-height-default elementor-section-height-default exad-glass-effect-no exad-sticky-section-no\" data-id=\"7d46883\" data-element_type=\"section\">\n\t\t\t\t\t\t<div class=\"elementor-container elementor-column-gap-default\">\n\t\t\t\t\t<div class=\"elementor-column elementor-col-100 elementor-top-column elementor-element elementor-element-16ce4bc exad-glass-effect-no exad-sticky-section-no\" data-id=\"16ce4bc\" data-element_type=\"column\">\n\t\t\t<div class=\"elementor-widget-wrap elementor-element-populated\">\n\t\t\t\t\t\t<div class=\"elementor-element elementor-element-35b8ea1 elementor-arrows-position-inside elementor-pagination-position-outside exad-sticky-section-no exad-glass-effect-no elementor-widget elementor-widget-image-carousel\" data-id=\"35b8ea1\" data-element_type=\"widget\" data-settings=\"{&quot;navigation&quot;:&quot;both&quot;,&quot;autoplay&quot;:&quot;yes&quot;,&quot;pause_on_hover&quot;:&quot;yes&quot;,&quot;pause_on_interaction&quot;:&quot;yes&quot;,&quot;autoplay_speed&quot;:5000,&quot;infinite&quot;:&quot;yes&quot;,&quot;speed&quot;:500}\" data-widget_type=\"image-carousel.default\">\n\t\t\t\t<div class=\"elementor-widget-container\">\n\t\t\t\t\t<div class=\"elementor-image-carousel-wrapper swiper\" dir=\"ltr\">\n\t\t\t<div class=\"elementor-image-carousel swiper-wrapper\" aria-live=\"off\">\n\t\t\t\t\t\t\t\t<div class=\"swiper-slide\" role=\"group\" aria-roledescription=\"slide\" aria-label=\"1 de 5\"><figure class=\"swiper-slide-inner\"><img decoding=\"async\" class=\"swiper-slide-image lazyload\" data-src=\"https:\/\/www.alteacultural.com\/wp-content\/uploads\/2024\/12\/DSC0007-1-300x300.jpg\" alt=\"_DSC0007 (1)\" src=\"data:image\/gif;base64,R0lGODlhAQABAAAAACH5BAEKAAEALAAAAAABAAEAAAICTAEAOw==\" style=\"--smush-placeholder-width: 300px; --smush-placeholder-aspect-ratio: 300\/300;\" \/><\/figure><\/div><div class=\"swiper-slide\" role=\"group\" aria-roledescription=\"slide\" aria-label=\"2 de 5\"><figure class=\"swiper-slide-inner\"><img decoding=\"async\" class=\"swiper-slide-image lazyload\" data-src=\"https:\/\/www.alteacultural.com\/wp-content\/uploads\/2024\/12\/DSC0059-300x300.jpg\" alt=\"_DSC0059\" src=\"data:image\/gif;base64,R0lGODlhAQABAAAAACH5BAEKAAEALAAAAAABAAEAAAICTAEAOw==\" style=\"--smush-placeholder-width: 300px; --smush-placeholder-aspect-ratio: 300\/300;\" \/><\/figure><\/div><div class=\"swiper-slide\" role=\"group\" aria-roledescription=\"slide\" aria-label=\"3 de 5\"><figure class=\"swiper-slide-inner\"><img decoding=\"async\" class=\"swiper-slide-image lazyload\" data-src=\"https:\/\/www.alteacultural.com\/wp-content\/uploads\/2024\/12\/DSC0174-300x300.jpg\" alt=\"_DSC0174\" src=\"data:image\/gif;base64,R0lGODlhAQABAAAAACH5BAEKAAEALAAAAAABAAEAAAICTAEAOw==\" style=\"--smush-placeholder-width: 300px; --smush-placeholder-aspect-ratio: 300\/300;\" \/><\/figure><\/div><div class=\"swiper-slide\" role=\"group\" aria-roledescription=\"slide\" aria-label=\"4 de 5\"><figure class=\"swiper-slide-inner\"><img decoding=\"async\" class=\"swiper-slide-image lazyload\" data-src=\"https:\/\/www.alteacultural.com\/wp-content\/uploads\/2024\/12\/DSC0261-300x300.jpg\" alt=\"_DSC0261\" src=\"data:image\/gif;base64,R0lGODlhAQABAAAAACH5BAEKAAEALAAAAAABAAEAAAICTAEAOw==\" style=\"--smush-placeholder-width: 300px; --smush-placeholder-aspect-ratio: 300\/300;\" \/><\/figure><\/div><div class=\"swiper-slide\" role=\"group\" aria-roledescription=\"slide\" aria-label=\"5 de 5\"><figure class=\"swiper-slide-inner\"><img decoding=\"async\" class=\"swiper-slide-image lazyload\" data-src=\"https:\/\/www.alteacultural.com\/wp-content\/uploads\/2024\/12\/DSC0667-1-300x300.jpg\" alt=\"_DSC0667 (1)\" src=\"data:image\/gif;base64,R0lGODlhAQABAAAAACH5BAEKAAEALAAAAAABAAEAAAICTAEAOw==\" style=\"--smush-placeholder-width: 300px; --smush-placeholder-aspect-ratio: 300\/300;\" \/><\/figure><\/div>\t\t\t<\/div>\n\t\t\t\t\t\t\t\t\t\t\t\t<div class=\"elementor-swiper-button elementor-swiper-button-prev\" role=\"button\" tabindex=\"0\">\n\t\t\t\t\t\t<i aria-hidden=\"true\" class=\"eicon-chevron-left\"><\/i>\t\t\t\t\t<\/div>\n\t\t\t\t\t<div class=\"elementor-swiper-button elementor-swiper-button-next\" role=\"button\" tabindex=\"0\">\n\t\t\t\t\t\t<i aria-hidden=\"true\" class=\"eicon-chevron-right\"><\/i>\t\t\t\t\t<\/div>\n\t\t\t\t\n\t\t\t\t\t\t\t\t\t<div class=\"swiper-pagination\"><\/div>\n\t\t\t\t\t\t\t\t\t<\/div>\n\t\t\t\t<\/div>\n\t\t\t\t<\/div>\n\t\t\t\t<div class=\"elementor-element elementor-element-3da9f74 elementor-widget-divider--view-line exad-sticky-section-no exad-glass-effect-no elementor-widget elementor-widget-divider\" data-id=\"3da9f74\" data-element_type=\"widget\" data-widget_type=\"divider.default\">\n\t\t\t\t<div class=\"elementor-widget-container\">\n\t\t\t\t\t<div class=\"elementor-divider\">\n\t\t\t<span class=\"elementor-divider-separator\">\n\t\t\t\t\t\t<\/span>\n\t\t<\/div>\n\t\t\t\t<\/div>\n\t\t\t\t<\/div>\n\t\t\t\t<div class=\"elementor-element elementor-element-646b1f5 elementor-widget-divider--view-line exad-sticky-section-no exad-glass-effect-no elementor-widget elementor-widget-divider\" data-id=\"646b1f5\" data-element_type=\"widget\" data-widget_type=\"divider.default\">\n\t\t\t\t<div class=\"elementor-widget-container\">\n\t\t\t\t\t<div class=\"elementor-divider\">\n\t\t\t<span class=\"elementor-divider-separator\">\n\t\t\t\t\t\t<\/span>\n\t\t<\/div>\n\t\t\t\t<\/div>\n\t\t\t\t<\/div>\n\t\t\t\t<div class=\"elementor-element elementor-element-e2be97e exad-sticky-section-no exad-glass-effect-no elementor-widget elementor-widget-image\" data-id=\"e2be97e\" data-element_type=\"widget\" data-widget_type=\"image.default\">\n\t\t\t\t<div class=\"elementor-widget-container\">\n\t\t\t\t\t\t\t\t\t\t\t\t\t\t<a href=\"https:\/\/www.alteacultural.com\/alertes\">\n\t\t\t\t\t\t\t<img fetchpriority=\"high\" decoding=\"async\" width=\"2560\" height=\"1280\" src=\"https:\/\/www.alteacultural.com\/wp-content\/uploads\/2022\/04\/100x200-rollupbanner-medium_es2_AdpatParaRedesHoriz-01-scaled.jpg\" class=\"attachment-large size-large wp-image-18827\" alt=\"\" srcset=\"https:\/\/www.alteacultural.com\/wp-content\/uploads\/2022\/04\/100x200-rollupbanner-medium_es2_AdpatParaRedesHoriz-01-scaled.jpg 2560w, https:\/\/www.alteacultural.com\/wp-content\/uploads\/2022\/04\/100x200-rollupbanner-medium_es2_AdpatParaRedesHoriz-01-768x384.jpg 768w, https:\/\/www.alteacultural.com\/wp-content\/uploads\/2022\/04\/100x200-rollupbanner-medium_es2_AdpatParaRedesHoriz-01-1536x768.jpg 1536w, https:\/\/www.alteacultural.com\/wp-content\/uploads\/2022\/04\/100x200-rollupbanner-medium_es2_AdpatParaRedesHoriz-01-2048x1024.jpg 2048w\" sizes=\"(max-width: 2560px) 100vw, 2560px\" \/>\t\t\t\t\t\t\t\t<\/a>\n\t\t\t\t\t\t\t\t\t\t\t\t\t<\/div>\n\t\t\t\t<\/div>\n\t\t\t\t<div class=\"elementor-element elementor-element-d269b34 elementor-align-center exad-sticky-section-no exad-glass-effect-no elementor-widget elementor-widget-button\" data-id=\"d269b34\" data-element_type=\"widget\" data-widget_type=\"button.default\">\n\t\t\t\t<div class=\"elementor-widget-container\">\n\t\t\t\t\t<div class=\"elementor-button-wrapper\">\n\t\t\t<a class=\"elementor-button elementor-button-link elementor-size-sm\" href=\"https:\/\/www.alteacultural.com\/agenda\/\">\n\t\t\t\t\t\t<span class=\"elementor-button-content-wrapper\">\n\t\t\t\t\t\t\t\t\t<span class=\"elementor-button-text\">Agenda cultural completa<\/span>\n\t\t\t\t\t<\/span>\n\t\t\t\t\t<\/a>\n\t\t<\/div>\n\t\t\t\t<\/div>\n\t\t\t\t<\/div>\n\t\t\t\t\t<\/div>\n\t\t<\/div>\n\t\t\t\t\t<\/div>\n\t\t<\/section>\n\t\t\t\t<section class=\"elementor-section elementor-top-section elementor-element elementor-element-75129c9 elementor-section-boxed elementor-section-height-default elementor-section-height-default exad-glass-effect-no exad-sticky-section-no\" data-id=\"75129c9\" data-element_type=\"section\">\n\t\t\t\t\t\t<div class=\"elementor-container elementor-column-gap-default\">\n\t\t\t\t\t<div class=\"elementor-column elementor-col-100 elementor-top-column elementor-element elementor-element-fafffc0 exad-glass-effect-no exad-sticky-section-no\" data-id=\"fafffc0\" data-element_type=\"column\">\n\t\t\t<div class=\"elementor-widget-wrap elementor-element-populated\">\n\t\t\t\t\t\t\t<\/div>\n\t\t<\/div>\n\t\t\t\t\t<\/div>\n\t\t<\/section>\n\t\t\t\t<section class=\"elementor-section elementor-top-section elementor-element elementor-element-a5974ad elementor-section-boxed elementor-section-height-default elementor-section-height-default exad-glass-effect-no exad-sticky-section-no\" data-id=\"a5974ad\" data-element_type=\"section\">\n\t\t\t\t\t\t<div class=\"elementor-container elementor-column-gap-default\">\n\t\t\t\t\t<div class=\"elementor-column elementor-col-100 elementor-top-column elementor-element elementor-element-8d2ca0a exad-glass-effect-no exad-sticky-section-no\" data-id=\"8d2ca0a\" data-element_type=\"column\">\n\t\t\t<div class=\"elementor-widget-wrap elementor-element-populated\">\n\t\t\t\t\t\t\t<\/div>\n\t\t<\/div>\n\t\t\t\t\t<\/div>\n\t\t<\/section>\n\t\t\t\t<section class=\"elementor-section elementor-top-section elementor-element elementor-element-2f3f51e elementor-section-boxed elementor-section-height-default elementor-section-height-default exad-glass-effect-no exad-sticky-section-no\" data-id=\"2f3f51e\" data-element_type=\"section\">\n\t\t\t\t\t\t<div class=\"elementor-container elementor-column-gap-default\">\n\t\t\t\t\t<div class=\"elementor-column elementor-col-100 elementor-top-column elementor-element elementor-element-e3d1e47 exad-glass-effect-no exad-sticky-section-no\" data-id=\"e3d1e47\" data-element_type=\"column\">\n\t\t\t<div class=\"elementor-widget-wrap elementor-element-populated\">\n\t\t\t\t\t\t\t<\/div>\n\t\t<\/div>\n\t\t\t\t\t<\/div>\n\t\t<\/section>\n\t\t\t\t<section class=\"elementor-section elementor-top-section elementor-element elementor-element-bbd1b70 elementor-section-boxed elementor-section-height-default elementor-section-height-default exad-glass-effect-no exad-sticky-section-no\" data-id=\"bbd1b70\" data-element_type=\"section\">\n\t\t\t\t\t\t<div class=\"elementor-container elementor-column-gap-default\">\n\t\t\t\t\t<div class=\"elementor-column elementor-col-100 elementor-top-column elementor-element elementor-element-2c59734 exad-glass-effect-no exad-sticky-section-no\" data-id=\"2c59734\" data-element_type=\"column\">\n\t\t\t<div class=\"elementor-widget-wrap\">\n\t\t\t\t\t\t\t<\/div>\n\t\t<\/div>\n\t\t\t\t\t<\/div>\n\t\t<\/section>\n\t\t\t\t<\/div>\n\t\t","protected":false},"excerpt":{"rendered":"<p>Programa \u00b7 05\/12\/2024 &#8211; 21:00 h Concierto de la Banda Sinf\u00f3nica Nacional de Colombia \u00a0 PROGRAMA \u00a0 Banda Sinf\u00f3nica [&hellip;]<\/p>\n","protected":false},"author":1,"featured_media":0,"comment_status":"closed","ping_status":"closed","sticky":false,"template":"elementor_canvas","format":"standard","meta":{"_expiration-date-status":"","_expiration-date":1733319617,"_expiration-date-type":"draft","_expiration-date-categories":[],"_expiration-date-options":[],"footnotes":""},"yoast_head":"<!-- This site is optimized with the Yoast SEO plugin v22.8 - https:\/\/yoast.com\/wordpress\/plugins\/seo\/ -->\n<title>Programa 05\/12\/2024 - Altea Cultural<\/title>\n<meta name=\"robots\" content=\"index, follow, max-snippet:-1, max-image-preview:large, max-video-preview:-1\" \/>\n<link rel=\"canonical\" href=\"https:\/\/www.alteacultural.com\/es\/2024\/12\/04\/programa-05-12-2024\/\" \/>\n<meta property=\"og:locale\" content=\"es_ES\" \/>\n<meta property=\"og:type\" content=\"article\" \/>\n<meta property=\"og:title\" content=\"Programa 05\/12\/2024 - Altea Cultural\" \/>\n<meta property=\"og:description\" content=\"Programa \u00b7 05\/12\/2024 &#8211; 21:00 h Concierto de la Banda Sinf\u00f3nica Nacional de Colombia \u00a0 PROGRAMA \u00a0 Banda Sinf\u00f3nica [&hellip;]\" \/>\n<meta property=\"og:url\" content=\"https:\/\/www.alteacultural.com\/es\/2024\/12\/04\/programa-05-12-2024\/\" \/>\n<meta property=\"og:site_name\" content=\"Altea Cultural\" \/>\n<meta property=\"article:published_time\" content=\"2024-12-04T12:51:29+00:00\" \/>\n<meta property=\"article:modified_time\" content=\"2024-12-04T13:40:20+00:00\" \/>\n<meta property=\"og:image\" content=\"https:\/\/www.alteacultural.com\/wp-content\/uploads\/elementor\/thumbs\/valencia-pt48thfiy0n8d036da41ndkk48zbusn7jwawsx7u0c.jpg\" \/>\n<meta name=\"author\" content=\"sfaltea.com-admin\" \/>\n<meta name=\"twitter:card\" content=\"summary_large_image\" \/>\n<meta name=\"twitter:label1\" content=\"Escrito por\" \/>\n\t<meta name=\"twitter:data1\" content=\"sfaltea.com-admin\" \/>\n<script type=\"application\/ld+json\" class=\"yoast-schema-graph\">{\"@context\":\"https:\/\/schema.org\",\"@graph\":[{\"@type\":\"WebPage\",\"@id\":\"https:\/\/www.alteacultural.com\/es\/2024\/12\/04\/programa-05-12-2024\/\",\"url\":\"https:\/\/www.alteacultural.com\/es\/2024\/12\/04\/programa-05-12-2024\/\",\"name\":\"Programa 05\/12\/2024 - Altea Cultural\",\"isPartOf\":{\"@id\":\"https:\/\/www.alteacultural.com\/es\/#website\"},\"primaryImageOfPage\":{\"@id\":\"https:\/\/www.alteacultural.com\/es\/2024\/12\/04\/programa-05-12-2024\/#primaryimage\"},\"image\":{\"@id\":\"https:\/\/www.alteacultural.com\/es\/2024\/12\/04\/programa-05-12-2024\/#primaryimage\"},\"thumbnailUrl\":\"https:\/\/www.alteacultural.com\/wp-content\/uploads\/elementor\/thumbs\/valencia-pt48thfiy0n8d036da41ndkk48zbusn7jwawsx7u0c.jpg\",\"datePublished\":\"2024-12-04T12:51:29+00:00\",\"dateModified\":\"2024-12-04T13:40:20+00:00\",\"author\":{\"@id\":\"https:\/\/www.alteacultural.com\/es\/#\/schema\/person\/c4e137537f1af546d214a315255e5172\"},\"breadcrumb\":{\"@id\":\"https:\/\/www.alteacultural.com\/es\/2024\/12\/04\/programa-05-12-2024\/#breadcrumb\"},\"inLanguage\":\"es\",\"potentialAction\":[{\"@type\":\"ReadAction\",\"target\":[\"https:\/\/www.alteacultural.com\/es\/2024\/12\/04\/programa-05-12-2024\/\"]}]},{\"@type\":\"ImageObject\",\"inLanguage\":\"es\",\"@id\":\"https:\/\/www.alteacultural.com\/es\/2024\/12\/04\/programa-05-12-2024\/#primaryimage\",\"url\":\"https:\/\/www.alteacultural.com\/wp-content\/uploads\/elementor\/thumbs\/valencia-pt48thfiy0n8d036da41ndkk48zbusn7jwawsx7u0c.jpg\",\"contentUrl\":\"https:\/\/www.alteacultural.com\/wp-content\/uploads\/elementor\/thumbs\/valencia-pt48thfiy0n8d036da41ndkk48zbusn7jwawsx7u0c.jpg\"},{\"@type\":\"BreadcrumbList\",\"@id\":\"https:\/\/www.alteacultural.com\/es\/2024\/12\/04\/programa-05-12-2024\/#breadcrumb\",\"itemListElement\":[{\"@type\":\"ListItem\",\"position\":1,\"name\":\"Inici\",\"item\":\"https:\/\/www.alteacultural.com\/es\/\"},{\"@type\":\"ListItem\",\"position\":2,\"name\":\"Programa 05\/12\/2024\"}]},{\"@type\":\"WebSite\",\"@id\":\"https:\/\/www.alteacultural.com\/es\/#website\",\"url\":\"https:\/\/www.alteacultural.com\/es\/\",\"name\":\"Altea Cultural\",\"description\":\"Regidoria de Cultura de l&#039;Ajuntament d&#039;Altea\",\"potentialAction\":[{\"@type\":\"SearchAction\",\"target\":{\"@type\":\"EntryPoint\",\"urlTemplate\":\"https:\/\/www.alteacultural.com\/es\/?s={search_term_string}\"},\"query-input\":\"required name=search_term_string\"}],\"inLanguage\":\"es\"},{\"@type\":\"Person\",\"@id\":\"https:\/\/www.alteacultural.com\/es\/#\/schema\/person\/c4e137537f1af546d214a315255e5172\",\"name\":\"sfaltea.com-admin\",\"image\":{\"@type\":\"ImageObject\",\"inLanguage\":\"es\",\"@id\":\"https:\/\/www.alteacultural.com\/es\/#\/schema\/person\/image\/\",\"url\":\"https:\/\/secure.gravatar.com\/avatar\/f7473fa2fbd351270ccfd469de536202?s=96&d=mm&r=g\",\"contentUrl\":\"https:\/\/secure.gravatar.com\/avatar\/f7473fa2fbd351270ccfd469de536202?s=96&d=mm&r=g\",\"caption\":\"sfaltea.com-admin\"},\"url\":\"https:\/\/www.alteacultural.com\/es\/author\/sfaltea-com-admin\/\"}]}<\/script>\n<!-- \/ Yoast SEO plugin. -->","yoast_head_json":{"title":"Programa 05\/12\/2024 - Altea Cultural","robots":{"index":"index","follow":"follow","max-snippet":"max-snippet:-1","max-image-preview":"max-image-preview:large","max-video-preview":"max-video-preview:-1"},"canonical":"https:\/\/www.alteacultural.com\/es\/2024\/12\/04\/programa-05-12-2024\/","og_locale":"es_ES","og_type":"article","og_title":"Programa 05\/12\/2024 - Altea Cultural","og_description":"Programa \u00b7 05\/12\/2024 &#8211; 21:00 h Concierto de la Banda Sinf\u00f3nica Nacional de Colombia \u00a0 PROGRAMA \u00a0 Banda Sinf\u00f3nica [&hellip;]","og_url":"https:\/\/www.alteacultural.com\/es\/2024\/12\/04\/programa-05-12-2024\/","og_site_name":"Altea Cultural","article_published_time":"2024-12-04T12:51:29+00:00","article_modified_time":"2024-12-04T13:40:20+00:00","og_image":[{"url":"https:\/\/www.alteacultural.com\/wp-content\/uploads\/elementor\/thumbs\/valencia-pt48thfiy0n8d036da41ndkk48zbusn7jwawsx7u0c.jpg"}],"author":"sfaltea.com-admin","twitter_card":"summary_large_image","twitter_misc":{"Escrito por":"sfaltea.com-admin"},"schema":{"@context":"https:\/\/schema.org","@graph":[{"@type":"WebPage","@id":"https:\/\/www.alteacultural.com\/es\/2024\/12\/04\/programa-05-12-2024\/","url":"https:\/\/www.alteacultural.com\/es\/2024\/12\/04\/programa-05-12-2024\/","name":"Programa 05\/12\/2024 - Altea Cultural","isPartOf":{"@id":"https:\/\/www.alteacultural.com\/es\/#website"},"primaryImageOfPage":{"@id":"https:\/\/www.alteacultural.com\/es\/2024\/12\/04\/programa-05-12-2024\/#primaryimage"},"image":{"@id":"https:\/\/www.alteacultural.com\/es\/2024\/12\/04\/programa-05-12-2024\/#primaryimage"},"thumbnailUrl":"https:\/\/www.alteacultural.com\/wp-content\/uploads\/elementor\/thumbs\/valencia-pt48thfiy0n8d036da41ndkk48zbusn7jwawsx7u0c.jpg","datePublished":"2024-12-04T12:51:29+00:00","dateModified":"2024-12-04T13:40:20+00:00","author":{"@id":"https:\/\/www.alteacultural.com\/es\/#\/schema\/person\/c4e137537f1af546d214a315255e5172"},"breadcrumb":{"@id":"https:\/\/www.alteacultural.com\/es\/2024\/12\/04\/programa-05-12-2024\/#breadcrumb"},"inLanguage":"es","potentialAction":[{"@type":"ReadAction","target":["https:\/\/www.alteacultural.com\/es\/2024\/12\/04\/programa-05-12-2024\/"]}]},{"@type":"ImageObject","inLanguage":"es","@id":"https:\/\/www.alteacultural.com\/es\/2024\/12\/04\/programa-05-12-2024\/#primaryimage","url":"https:\/\/www.alteacultural.com\/wp-content\/uploads\/elementor\/thumbs\/valencia-pt48thfiy0n8d036da41ndkk48zbusn7jwawsx7u0c.jpg","contentUrl":"https:\/\/www.alteacultural.com\/wp-content\/uploads\/elementor\/thumbs\/valencia-pt48thfiy0n8d036da41ndkk48zbusn7jwawsx7u0c.jpg"},{"@type":"BreadcrumbList","@id":"https:\/\/www.alteacultural.com\/es\/2024\/12\/04\/programa-05-12-2024\/#breadcrumb","itemListElement":[{"@type":"ListItem","position":1,"name":"Inici","item":"https:\/\/www.alteacultural.com\/es\/"},{"@type":"ListItem","position":2,"name":"Programa 05\/12\/2024"}]},{"@type":"WebSite","@id":"https:\/\/www.alteacultural.com\/es\/#website","url":"https:\/\/www.alteacultural.com\/es\/","name":"Altea Cultural","description":"Regidoria de Cultura de l&#039;Ajuntament d&#039;Altea","potentialAction":[{"@type":"SearchAction","target":{"@type":"EntryPoint","urlTemplate":"https:\/\/www.alteacultural.com\/es\/?s={search_term_string}"},"query-input":"required name=search_term_string"}],"inLanguage":"es"},{"@type":"Person","@id":"https:\/\/www.alteacultural.com\/es\/#\/schema\/person\/c4e137537f1af546d214a315255e5172","name":"sfaltea.com-admin","image":{"@type":"ImageObject","inLanguage":"es","@id":"https:\/\/www.alteacultural.com\/es\/#\/schema\/person\/image\/","url":"https:\/\/secure.gravatar.com\/avatar\/f7473fa2fbd351270ccfd469de536202?s=96&d=mm&r=g","contentUrl":"https:\/\/secure.gravatar.com\/avatar\/f7473fa2fbd351270ccfd469de536202?s=96&d=mm&r=g","caption":"sfaltea.com-admin"},"url":"https:\/\/www.alteacultural.com\/es\/author\/sfaltea-com-admin\/"}]}},"_links":{"self":[{"href":"https:\/\/www.alteacultural.com\/es\/wp-json\/wp\/v2\/posts\/33802"}],"collection":[{"href":"https:\/\/www.alteacultural.com\/es\/wp-json\/wp\/v2\/posts"}],"about":[{"href":"https:\/\/www.alteacultural.com\/es\/wp-json\/wp\/v2\/types\/post"}],"author":[{"embeddable":true,"href":"https:\/\/www.alteacultural.com\/es\/wp-json\/wp\/v2\/users\/1"}],"replies":[{"embeddable":true,"href":"https:\/\/www.alteacultural.com\/es\/wp-json\/wp\/v2\/comments?post=33802"}],"version-history":[{"count":9,"href":"https:\/\/www.alteacultural.com\/es\/wp-json\/wp\/v2\/posts\/33802\/revisions"}],"predecessor-version":[{"id":33827,"href":"https:\/\/www.alteacultural.com\/es\/wp-json\/wp\/v2\/posts\/33802\/revisions\/33827"}],"wp:attachment":[{"href":"https:\/\/www.alteacultural.com\/es\/wp-json\/wp\/v2\/media?parent=33802"}],"curies":[{"name":"wp","href":"https:\/\/api.w.org\/{rel}","templated":true}]}}