{"id":33851,"date":"2024-12-10T09:19:56","date_gmt":"2024-12-10T08:19:56","guid":{"rendered":"https:\/\/www.alteacultural.com\/2024\/12\/10\/presentacio-dels-libres-guanyadors-dels-premis-altea-2024\/"},"modified":"2024-12-14T09:17:21","modified_gmt":"2024-12-14T08:17:21","slug":"presentacio-dels-libres-guanyadors-dels-premis-altea-2024","status":"publish","type":"post","link":"https:\/\/www.alteacultural.com\/es\/2024\/12\/10\/presentacio-dels-libres-guanyadors-dels-premis-altea-2024\/","title":{"rendered":"Presentaci\u00f3n de los libros ganadores de los \u201cPremis Altea\u201d 2024"},"content":{"rendered":"\n<p><img fetchpriority=\"high\" decoding=\"async\" width=\"1080\" height=\"675\" srcset=\"https:\/\/alteadigital.es\/wp-content\/uploads\/2024\/12\/WhatsApp-Image-2024-12-09-at-09.21.39-3.jpeg 1080w, https:\/\/alteadigital.es\/wp-content\/uploads\/2024\/12\/WhatsApp-Image-2024-12-09-at-09.21.39-3-980x735.jpeg 980w, https:\/\/alteadigital.es\/wp-content\/uploads\/2024\/12\/WhatsApp-Image-2024-12-09-at-09.21.39-3-480x360.jpeg 480w\" class=\"\" src=\"https:\/\/alteadigital.es\/wp-content\/uploads\/2024\/12\/WhatsApp-Image-2024-12-09-at-09.21.39-3.jpeg\" alt=\"Presentaci\u00f3 dels libres guanyadors dels Premis Altea 2024\"><\/p>\n\n\n\n<p>Este jueves 5 de diciembre se presentaron en la Casa de Cultura de Altea los libros de narrativa ganadores de los Premios Altea de Literatura e Investigaci\u00f3n 2024, editados por Aila Edicions. Se trata de la novela juvenil&nbsp;<em>Cartes al mar<\/em>, de Clara Ribatallada, ganadora del \u201cPremi Altea\u201d de Literatura Infantil y Juvenil; y de la novela&nbsp;<em>P\u00e8tal<\/em>, de \u00c0ngels Castell\u00f3, merecedora del \u201cPremi Carmelina S\u00e1nchez-Cutillas de Novel\u00b7la i Prosa Creativa\u201d.<\/p>\n\n\n\n<p>Participaron del acto, adem\u00e1s de las autoras, el presidente de la Fundaci\u00f3 Caixaltea, Ignacio Ortiz; el director de la C\u00e0tedra Enric Valor de la Universidad de Alicante, Joan Borja; y la concejala de Cultura del Ayuntamiento de Altea, Pepa Vict\u00f2ria P\u00e9rez.<\/p>\n\n\n\n<p>La actividad, que estaba incluida en el ciclo de presentaciones literarias \u201cAltea, llibres a la tardor\u201d, se caracteriz\u00f3 un a\u00f1o m\u00e1s por su particular formato de difusi\u00f3n, popularizaci\u00f3n y democratizaci\u00f3n de la literatura. Y es que, como gesto simb\u00f3lico de celebraci\u00f3n por el lanzamiento editorial de las obras premiadas en las modalidades de narrativa, todas las personas asistentes al acto fueron obsequiadas gratuitamente con un ejemplar de cada una de las obras galardonadas.<\/p>\n\n\n<div class=\"wp-block-image\">\n<figure class=\"aligncenter\"><img decoding=\"async\" data-src=\"https:\/\/alteadigital.es\/wp-content\/uploads\/2024\/12\/WhatsApp-Image-2024-12-09-at-09.21.39.jpeg\" alt=\"\" class=\"wp-image-120211 lazyload\" src=\"data:image\/gif;base64,R0lGODlhAQABAAAAACH5BAEKAAEALAAAAAABAAEAAAICTAEAOw==\" \/><\/figure><\/div>\n\n\n<p><strong><em>Cartes al mar<\/em><\/strong><\/p>\n\n\n\n<p><em>Cartes al mar<\/em>, de Clara Ribatallada recrea la historia de Dolors y Luc\u00eda. Dolors estudia en la Escola del Mar de Barcelona. Es el a\u00f1o 1934 y recibe una carta de Luc\u00eda, alumna de la \u00fanica escuela de un peque\u00f1o pueblo de Burgos. Empiezan a escribirse y se hablan del lugar donde viven, de sus respectivas escuelas y de las cosas que aprenden en las mismas, del mar (que Luc\u00eda nunca ha visto), de sus sue\u00f1os\u2026 Y de la guerra, que estalla y cambia totalmente sus vidas. Las cartas entre Dolores y Luc\u00eda son un medio inventado para contar una historia muy real: la de Dolors Franc\u00e8s, alumna de la Escola del Mar; la de Luc\u00eda Carranza, alumna de la escuela de Ba\u00f1uelos de Bureba; y la de Antoni Benaiges, el profesor que inspir\u00f3 la pel\u00edcula&nbsp;<em>El maestro que prometi\u00f3 el mar<\/em>. En palabras de la propia autora, Clara Ribatallada: \u00abMe hace feliz saber que, a trav\u00e9s de la publicaci\u00f3n de mi novela&nbsp;<em>Cartes al mar<\/em>, muchas ni\u00f1as, muchos ni\u00f1os y muchas familias podr\u00e1n conocer la historia de Antoni Benaiges, el maestro que prometi\u00f3 el mar; la historia de la Escola del Mar de Barcelona; y la historia de tantos alumnos y tantos maestros de aquellas escuelas que, hace casi cien a\u00f1os, quisieron cambiar el mundo desde las aulas.\u00bb<\/p>\n\n\n\n<p><strong><em>P\u00e8tal<\/em><\/strong><\/p>\n\n\n\n<p>Por su parte, la obra ganadora del \u00abPremi Carmelina S\u00e1nchez-Cutillas 2024\u00bb,&nbsp;<em>P\u00e8tal<\/em>, es una novela sobrecogedora sobre la soledad, el aislamiento y la a\u00f1oranza. Catalina, la protagonista, vive sola en casa despu\u00e9s de que el primo, con el que ha convivido durante a\u00f1os, haya muerto \u00abpor fin pero en tan mal momento\u00bb. Se encuentra sola a los setenta y seis a\u00f1os. Siente que nunca nadie la ha amado, ni la ha cuidado, ni la ha querido bien. Ahora, en su casa \u2014la puerta cerrada con llave\u2014, se entretiene deshilachando los recuerdos y enfrent\u00e1ndose a los fantasmas de quienes han pasado por su vida. La soledad de ahora es la soledad de siempre. Y la insistencia en desordenar los acontecimientos es todo lo que no ha entendido y cuantas veces no se ha encontrado.<\/p>\n\n\n\n<p>Cabe recordar que los \u00abPremis Altea de Literatura i Investigaci\u00f3\u00bb, convocados por el Ayuntamiento de Altea, son posibles gracias a las sinergias creadas entre este Ayuntamiento y entidades tan diversas como la Fundaci\u00f3 Caixaltea (entidad patrocinadora del \u00abPremi Carmelina\u00bb), la Acad\u00e8mia Valenciana de la Llengua, Aila Edicions, el Instituto Alicantino de Cultura Juan Gil-Albert de la Diputaci\u00f3n de Alicante, la C\u00e0tedra Enric Valor de la Universidad de Alicante y la Generalitat Valenciana.<a href=\"http:\/\/www.facebook.com\/sharer.php?u=https%3A%2F%2Falteadigital.es%2Fes%2F2024%2F12%2F09%2Fpresentacion-de-los-libros-ganadores-de-los-premis-altea-2024%2F&amp;t=Presentaci%C3%B3n%20de%20los%20libros%20ganadores%20de%20los%20%E2%80%9CPremis%20Altea%E2%80%9D%202024\"><\/a><\/p>\n\n\n\n<p>| ALTEADIGITAL.ES<\/p>\n","protected":false},"excerpt":{"rendered":"<p>Este jueves 5 de diciembre se presentaron en la Casa de Cultura de Altea los libros de narrativa ganadores [&hellip;]<\/p>\n","protected":false},"author":1,"featured_media":32917,"comment_status":"open","ping_status":"open","sticky":false,"template":"","format":"standard","meta":{"_expiration-date-status":"","_expiration-date":0,"_expiration-date-type":"","_expiration-date-categories":[],"_expiration-date-options":[],"footnotes":""},"yoast_head":"<!-- This site is optimized with the Yoast SEO plugin v22.8 - https:\/\/yoast.com\/wordpress\/plugins\/seo\/ -->\n<title>Presentaci\u00f3n de los libros ganadores de los \u201cPremis Altea\u201d 2024 - Altea Cultural<\/title>\n<meta name=\"robots\" content=\"index, follow, max-snippet:-1, max-image-preview:large, max-video-preview:-1\" \/>\n<link rel=\"canonical\" href=\"https:\/\/www.alteacultural.com\/es\/2024\/12\/10\/presentacio-dels-libres-guanyadors-dels-premis-altea-2024\/\" \/>\n<meta property=\"og:locale\" content=\"es_ES\" \/>\n<meta property=\"og:type\" content=\"article\" \/>\n<meta property=\"og:title\" content=\"Presentaci\u00f3n de los libros ganadores de los \u201cPremis Altea\u201d 2024 - Altea Cultural\" \/>\n<meta property=\"og:description\" content=\"Este jueves 5 de diciembre se presentaron en la Casa de Cultura de Altea los libros de narrativa ganadores [&hellip;]\" \/>\n<meta property=\"og:url\" content=\"https:\/\/www.alteacultural.com\/es\/2024\/12\/10\/presentacio-dels-libres-guanyadors-dels-premis-altea-2024\/\" \/>\n<meta property=\"og:site_name\" content=\"Altea Cultural\" \/>\n<meta property=\"article:published_time\" content=\"2024-12-10T08:19:56+00:00\" \/>\n<meta property=\"article:modified_time\" content=\"2024-12-14T08:17:21+00:00\" \/>\n<meta property=\"og:image\" content=\"https:\/\/www.alteacultural.com\/wp-content\/uploads\/2024\/09\/05-12-2024_Premis_Altea_Petal_i_Cartes_al_mar.jpeg\" \/>\n\t<meta property=\"og:image:width\" content=\"1600\" \/>\n\t<meta property=\"og:image:height\" content=\"591\" \/>\n\t<meta property=\"og:image:type\" content=\"image\/jpeg\" \/>\n<meta name=\"author\" content=\"sfaltea.com-admin\" \/>\n<meta name=\"twitter:card\" content=\"summary_large_image\" \/>\n<meta name=\"twitter:label1\" content=\"Escrito por\" \/>\n\t<meta name=\"twitter:data1\" content=\"sfaltea.com-admin\" \/>\n\t<meta name=\"twitter:label2\" content=\"Tiempo de lectura\" \/>\n\t<meta name=\"twitter:data2\" content=\"4 minutos\" \/>\n<script type=\"application\/ld+json\" class=\"yoast-schema-graph\">{\"@context\":\"https:\/\/schema.org\",\"@graph\":[{\"@type\":\"WebPage\",\"@id\":\"https:\/\/www.alteacultural.com\/es\/2024\/12\/10\/presentacio-dels-libres-guanyadors-dels-premis-altea-2024\/\",\"url\":\"https:\/\/www.alteacultural.com\/es\/2024\/12\/10\/presentacio-dels-libres-guanyadors-dels-premis-altea-2024\/\",\"name\":\"Presentaci\u00f3n de los libros ganadores de los \u201cPremis Altea\u201d 2024 - Altea Cultural\",\"isPartOf\":{\"@id\":\"https:\/\/www.alteacultural.com\/es\/#website\"},\"primaryImageOfPage\":{\"@id\":\"https:\/\/www.alteacultural.com\/es\/2024\/12\/10\/presentacio-dels-libres-guanyadors-dels-premis-altea-2024\/#primaryimage\"},\"image\":{\"@id\":\"https:\/\/www.alteacultural.com\/es\/2024\/12\/10\/presentacio-dels-libres-guanyadors-dels-premis-altea-2024\/#primaryimage\"},\"thumbnailUrl\":\"https:\/\/www.alteacultural.com\/wp-content\/uploads\/2024\/09\/05-12-2024_Premis_Altea_Petal_i_Cartes_al_mar.jpeg\",\"datePublished\":\"2024-12-10T08:19:56+00:00\",\"dateModified\":\"2024-12-14T08:17:21+00:00\",\"author\":{\"@id\":\"https:\/\/www.alteacultural.com\/es\/#\/schema\/person\/c4e137537f1af546d214a315255e5172\"},\"breadcrumb\":{\"@id\":\"https:\/\/www.alteacultural.com\/es\/2024\/12\/10\/presentacio-dels-libres-guanyadors-dels-premis-altea-2024\/#breadcrumb\"},\"inLanguage\":\"es\",\"potentialAction\":[{\"@type\":\"ReadAction\",\"target\":[\"https:\/\/www.alteacultural.com\/es\/2024\/12\/10\/presentacio-dels-libres-guanyadors-dels-premis-altea-2024\/\"]}]},{\"@type\":\"ImageObject\",\"inLanguage\":\"es\",\"@id\":\"https:\/\/www.alteacultural.com\/es\/2024\/12\/10\/presentacio-dels-libres-guanyadors-dels-premis-altea-2024\/#primaryimage\",\"url\":\"https:\/\/www.alteacultural.com\/wp-content\/uploads\/2024\/09\/05-12-2024_Premis_Altea_Petal_i_Cartes_al_mar.jpeg\",\"contentUrl\":\"https:\/\/www.alteacultural.com\/wp-content\/uploads\/2024\/09\/05-12-2024_Premis_Altea_Petal_i_Cartes_al_mar.jpeg\",\"width\":1600,\"height\":591},{\"@type\":\"BreadcrumbList\",\"@id\":\"https:\/\/www.alteacultural.com\/es\/2024\/12\/10\/presentacio-dels-libres-guanyadors-dels-premis-altea-2024\/#breadcrumb\",\"itemListElement\":[{\"@type\":\"ListItem\",\"position\":1,\"name\":\"Inici\",\"item\":\"https:\/\/www.alteacultural.com\/es\/\"},{\"@type\":\"ListItem\",\"position\":2,\"name\":\"Presentaci\u00f3n de los libros ganadores de los \u201cPremis Altea\u201d 2024\"}]},{\"@type\":\"WebSite\",\"@id\":\"https:\/\/www.alteacultural.com\/es\/#website\",\"url\":\"https:\/\/www.alteacultural.com\/es\/\",\"name\":\"Altea Cultural\",\"description\":\"Regidoria de Cultura de l&#039;Ajuntament d&#039;Altea\",\"potentialAction\":[{\"@type\":\"SearchAction\",\"target\":{\"@type\":\"EntryPoint\",\"urlTemplate\":\"https:\/\/www.alteacultural.com\/es\/?s={search_term_string}\"},\"query-input\":\"required name=search_term_string\"}],\"inLanguage\":\"es\"},{\"@type\":\"Person\",\"@id\":\"https:\/\/www.alteacultural.com\/es\/#\/schema\/person\/c4e137537f1af546d214a315255e5172\",\"name\":\"sfaltea.com-admin\",\"image\":{\"@type\":\"ImageObject\",\"inLanguage\":\"es\",\"@id\":\"https:\/\/www.alteacultural.com\/es\/#\/schema\/person\/image\/\",\"url\":\"https:\/\/secure.gravatar.com\/avatar\/f7473fa2fbd351270ccfd469de536202?s=96&d=mm&r=g\",\"contentUrl\":\"https:\/\/secure.gravatar.com\/avatar\/f7473fa2fbd351270ccfd469de536202?s=96&d=mm&r=g\",\"caption\":\"sfaltea.com-admin\"},\"url\":\"https:\/\/www.alteacultural.com\/es\/author\/sfaltea-com-admin\/\"}]}<\/script>\n<!-- \/ Yoast SEO plugin. -->","yoast_head_json":{"title":"Presentaci\u00f3n de los libros ganadores de los \u201cPremis Altea\u201d 2024 - Altea Cultural","robots":{"index":"index","follow":"follow","max-snippet":"max-snippet:-1","max-image-preview":"max-image-preview:large","max-video-preview":"max-video-preview:-1"},"canonical":"https:\/\/www.alteacultural.com\/es\/2024\/12\/10\/presentacio-dels-libres-guanyadors-dels-premis-altea-2024\/","og_locale":"es_ES","og_type":"article","og_title":"Presentaci\u00f3n de los libros ganadores de los \u201cPremis Altea\u201d 2024 - Altea Cultural","og_description":"Este jueves 5 de diciembre se presentaron en la Casa de Cultura de Altea los libros de narrativa ganadores [&hellip;]","og_url":"https:\/\/www.alteacultural.com\/es\/2024\/12\/10\/presentacio-dels-libres-guanyadors-dels-premis-altea-2024\/","og_site_name":"Altea Cultural","article_published_time":"2024-12-10T08:19:56+00:00","article_modified_time":"2024-12-14T08:17:21+00:00","og_image":[{"width":1600,"height":591,"url":"https:\/\/www.alteacultural.com\/wp-content\/uploads\/2024\/09\/05-12-2024_Premis_Altea_Petal_i_Cartes_al_mar.jpeg","type":"image\/jpeg"}],"author":"sfaltea.com-admin","twitter_card":"summary_large_image","twitter_misc":{"Escrito por":"sfaltea.com-admin","Tiempo de lectura":"4 minutos"},"schema":{"@context":"https:\/\/schema.org","@graph":[{"@type":"WebPage","@id":"https:\/\/www.alteacultural.com\/es\/2024\/12\/10\/presentacio-dels-libres-guanyadors-dels-premis-altea-2024\/","url":"https:\/\/www.alteacultural.com\/es\/2024\/12\/10\/presentacio-dels-libres-guanyadors-dels-premis-altea-2024\/","name":"Presentaci\u00f3n de los libros ganadores de los \u201cPremis Altea\u201d 2024 - Altea Cultural","isPartOf":{"@id":"https:\/\/www.alteacultural.com\/es\/#website"},"primaryImageOfPage":{"@id":"https:\/\/www.alteacultural.com\/es\/2024\/12\/10\/presentacio-dels-libres-guanyadors-dels-premis-altea-2024\/#primaryimage"},"image":{"@id":"https:\/\/www.alteacultural.com\/es\/2024\/12\/10\/presentacio-dels-libres-guanyadors-dels-premis-altea-2024\/#primaryimage"},"thumbnailUrl":"https:\/\/www.alteacultural.com\/wp-content\/uploads\/2024\/09\/05-12-2024_Premis_Altea_Petal_i_Cartes_al_mar.jpeg","datePublished":"2024-12-10T08:19:56+00:00","dateModified":"2024-12-14T08:17:21+00:00","author":{"@id":"https:\/\/www.alteacultural.com\/es\/#\/schema\/person\/c4e137537f1af546d214a315255e5172"},"breadcrumb":{"@id":"https:\/\/www.alteacultural.com\/es\/2024\/12\/10\/presentacio-dels-libres-guanyadors-dels-premis-altea-2024\/#breadcrumb"},"inLanguage":"es","potentialAction":[{"@type":"ReadAction","target":["https:\/\/www.alteacultural.com\/es\/2024\/12\/10\/presentacio-dels-libres-guanyadors-dels-premis-altea-2024\/"]}]},{"@type":"ImageObject","inLanguage":"es","@id":"https:\/\/www.alteacultural.com\/es\/2024\/12\/10\/presentacio-dels-libres-guanyadors-dels-premis-altea-2024\/#primaryimage","url":"https:\/\/www.alteacultural.com\/wp-content\/uploads\/2024\/09\/05-12-2024_Premis_Altea_Petal_i_Cartes_al_mar.jpeg","contentUrl":"https:\/\/www.alteacultural.com\/wp-content\/uploads\/2024\/09\/05-12-2024_Premis_Altea_Petal_i_Cartes_al_mar.jpeg","width":1600,"height":591},{"@type":"BreadcrumbList","@id":"https:\/\/www.alteacultural.com\/es\/2024\/12\/10\/presentacio-dels-libres-guanyadors-dels-premis-altea-2024\/#breadcrumb","itemListElement":[{"@type":"ListItem","position":1,"name":"Inici","item":"https:\/\/www.alteacultural.com\/es\/"},{"@type":"ListItem","position":2,"name":"Presentaci\u00f3n de los libros ganadores de los \u201cPremis Altea\u201d 2024"}]},{"@type":"WebSite","@id":"https:\/\/www.alteacultural.com\/es\/#website","url":"https:\/\/www.alteacultural.com\/es\/","name":"Altea Cultural","description":"Regidoria de Cultura de l&#039;Ajuntament d&#039;Altea","potentialAction":[{"@type":"SearchAction","target":{"@type":"EntryPoint","urlTemplate":"https:\/\/www.alteacultural.com\/es\/?s={search_term_string}"},"query-input":"required name=search_term_string"}],"inLanguage":"es"},{"@type":"Person","@id":"https:\/\/www.alteacultural.com\/es\/#\/schema\/person\/c4e137537f1af546d214a315255e5172","name":"sfaltea.com-admin","image":{"@type":"ImageObject","inLanguage":"es","@id":"https:\/\/www.alteacultural.com\/es\/#\/schema\/person\/image\/","url":"https:\/\/secure.gravatar.com\/avatar\/f7473fa2fbd351270ccfd469de536202?s=96&d=mm&r=g","contentUrl":"https:\/\/secure.gravatar.com\/avatar\/f7473fa2fbd351270ccfd469de536202?s=96&d=mm&r=g","caption":"sfaltea.com-admin"},"url":"https:\/\/www.alteacultural.com\/es\/author\/sfaltea-com-admin\/"}]}},"_links":{"self":[{"href":"https:\/\/www.alteacultural.com\/es\/wp-json\/wp\/v2\/posts\/33851"}],"collection":[{"href":"https:\/\/www.alteacultural.com\/es\/wp-json\/wp\/v2\/posts"}],"about":[{"href":"https:\/\/www.alteacultural.com\/es\/wp-json\/wp\/v2\/types\/post"}],"author":[{"embeddable":true,"href":"https:\/\/www.alteacultural.com\/es\/wp-json\/wp\/v2\/users\/1"}],"replies":[{"embeddable":true,"href":"https:\/\/www.alteacultural.com\/es\/wp-json\/wp\/v2\/comments?post=33851"}],"version-history":[{"count":1,"href":"https:\/\/www.alteacultural.com\/es\/wp-json\/wp\/v2\/posts\/33851\/revisions"}],"predecessor-version":[{"id":33853,"href":"https:\/\/www.alteacultural.com\/es\/wp-json\/wp\/v2\/posts\/33851\/revisions\/33853"}],"wp:featuredmedia":[{"embeddable":true,"href":"https:\/\/www.alteacultural.com\/es\/wp-json\/wp\/v2\/media\/32917"}],"wp:attachment":[{"href":"https:\/\/www.alteacultural.com\/es\/wp-json\/wp\/v2\/media?parent=33851"}],"curies":[{"name":"wp","href":"https:\/\/api.w.org\/{rel}","templated":true}]}}