{"id":33856,"date":"2024-12-10T09:30:44","date_gmt":"2024-12-10T08:30:44","guid":{"rendered":"https:\/\/www.alteacultural.com\/2024\/12\/10\/la-banda-de-lassociacao-recreativa-e-musical-amigos-da-branca-aconsegueix-la-mencio-dhonor\/"},"modified":"2024-12-14T09:27:27","modified_gmt":"2024-12-14T08:27:27","slug":"la-banda-de-lassociacao-recreativa-e-musical-amigos-da-branca-aconsegueix-la-mencio-dhonor","status":"publish","type":"post","link":"https:\/\/www.alteacultural.com\/es\/2024\/12\/10\/la-banda-de-lassociacao-recreativa-e-musical-amigos-da-branca-aconsegueix-la-mencio-dhonor\/","title":{"rendered":"La banda de la Associa\u00e7\u00e3o Recreativa e Musical Amigos Da Branca consigue la menci\u00f3n de honor"},"content":{"rendered":"\n<p><img fetchpriority=\"high\" decoding=\"async\" width=\"1080\" height=\"675\" srcset=\"https:\/\/alteadigital.es\/wp-content\/uploads\/2024\/12\/WhatsApp-Image-2024-12-09-at-09.21.39-1.jpeg 1080w, https:\/\/alteadigital.es\/wp-content\/uploads\/2024\/12\/WhatsApp-Image-2024-12-09-at-09.21.39-1-980x735.jpeg 980w, https:\/\/alteadigital.es\/wp-content\/uploads\/2024\/12\/WhatsApp-Image-2024-12-09-at-09.21.39-1-480x360.jpeg 480w\" class=\"\" src=\"https:\/\/alteadigital.es\/wp-content\/uploads\/2024\/12\/WhatsApp-Image-2024-12-09-at-09.21.39-1.jpeg\" alt=\"La banda de l\u2019Associa\u00e7\u00e3o Recreativa e Musical Amigos Da Branca aconsegueix la menci\u00f3 d\u2019honor\"><\/p>\n\n\n\n<p><strong>En el 50 Certamen Internacional de Bandas de M\u00fasica Villa de Altea celebrado en Palau Altea el pasado s\u00e1bado 7 de diciembre.<\/strong><\/p>\n\n\n\n<p>La agrupaci\u00f3n portuguesa de la Associa\u00e7\u00e3o Recreativa e Musical Amigos Da Branca fue la gran triunfadora de la secci\u00f3n \u201cFilharm\u00f2nica\u201d del 50 Certamen Internacional de Bandas de M\u00fasica \u201cVilla de Altea\u201d. Los portugueses se hicieron acreedores del primer premio y la menci\u00f3n de honor del certamen gracias a los 290 puntos otorgados por el jurado. De esta forma la banda lusa se hac\u00eda con el premio patrocinado por la Fundaci\u00f3n Caixaltea dotado de 5000 euros, y el Corbat\u00ed d\u2019Or al haber obtenido ya el primer premio en las ediciones del 2007 y 2014, adem\u00e1s de la presente.<\/p>\n\n\n<div class=\"wp-block-image\">\n<figure class=\"aligncenter\"><img decoding=\"async\" data-src=\"https:\/\/alteadigital.es\/wp-content\/uploads\/2024\/12\/Certamen-1.jpg\" alt=\"\" class=\"wp-image-120220 lazyload\" src=\"data:image\/gif;base64,R0lGODlhAQABAAAAACH5BAEKAAEALAAAAAABAAEAAAICTAEAOw==\" \/><\/figure><\/div>\n\n\n<p>Las otras dos bandas participantes, la Associaci\u00f3 Musical La Lira de Cheste y la Uni\u00f3 Musical Santa Cec\u00edlia de Onda, consiguieron 270,50 puntos y 245,50 puntos, respectivamente, consiguiendo un primer premio en el caso de la banda valenciana, y un segundo premio en el caso de la banda castellonense.<\/p>\n\n\n\n<p>El jurado responsable de valorar las actuaciones musicales estuvo formado por su presidente&nbsp;Bj\u00f6rn Bus, director art\u00edstico general del WMC; y la compositora y clarinetista italiana&nbsp;Sara Maganzini,&nbsp;y el director de orquesta y profesor de m\u00fasica de la Universidad de Valladolid,&nbsp;Carlos Garc\u00e9s Fuentelsaz, como vocales.<\/p>\n\n\n\n<p>Hay que recordar que la obra obligada del certamen fue&nbsp;\u201cPintures sonores\u201d, una sinfon\u00eda compuesta expresamente por Jos\u00e9 Vicente Asensi que para escribir la partitura se inspir\u00f3 en la obra pict\u00f3rica del pintor Juan Navarro Ram\u00f3n, a quien estuvo dedicado esta edici\u00f3n del certamen con motivo del 120 aniversario de su nacimiento.<\/p>\n\n\n<div class=\"wp-block-image\">\n<figure class=\"aligncenter\"><img decoding=\"async\" data-src=\"https:\/\/alteadigital.es\/wp-content\/uploads\/2024\/12\/Certamen-2.jpg\" alt=\"\" class=\"wp-image-120222 lazyload\" src=\"data:image\/gif;base64,R0lGODlhAQABAAAAACH5BAEKAAEALAAAAAABAAEAAAICTAEAOw==\" \/><\/figure><\/div>\n\n\n<p>Finalmente, el jurado tambi\u00e9n otorg\u00f3 premios honor\u00edficos a los solistas Enrique Vicente S\u00e1nchez, flaut\u00edn de la banda de Cheste; \u00d3scar G\u00f3mez, flauta de la banda de Onda; y Tiago Veleto, clarinete de la de Branca. De igual modo, hubo una menci\u00f3n especial para la secci\u00f3n de trompa de la banda lusitana.&nbsp;La Fundaci\u00f3 Sanganxa entreg\u00f3 a la oboe de la banda de Cheste, Aitana Gamir, el premio Visibil\u00edzate dotado con 1.500 euros.Y la Societat Filharm\u00f2nica Alteanense entreg\u00f3 la Batuta d\u2019Or al director de la banda de Cheste, Javier Enguidanos, por haber recibido el primer premio del CIM Altea en tres ocasiones: 2017, 2021 y 2024.<\/p>\n\n\n<div class=\"wp-block-image\">\n<figure class=\"aligncenter\"><img decoding=\"async\" data-src=\"https:\/\/alteadigital.es\/wp-content\/uploads\/2024\/12\/WhatsApp-Image-2024-12-09-at-09.21.39-2.jpeg\" alt=\"\" class=\"wp-image-120224 lazyload\" src=\"data:image\/gif;base64,R0lGODlhAQABAAAAACH5BAEKAAEALAAAAAABAAEAAAICTAEAOw==\" \/><\/figure><\/div>\n\n\n<p>El certamen estuvo presentado por la periodista \u00c1ngela Tecles, y cont\u00f3 con la retransmisi\u00f3n en directo por el canal municipal de youtube de todo el evento con todos los protagonistas, en un programa conducido por el profesor y director de la Catedra Enric Valor, Joan Borja; y por la periodista de Radio Altea, Diana Rey.<\/p>\n\n\n\n<p>| ALTEADIGITAL.ES<\/p>\n","protected":false},"excerpt":{"rendered":"<p>En el 50 Certamen Internacional de Bandas de M\u00fasica Villa de Altea celebrado en Palau Altea el pasado s\u00e1bado [&hellip;]<\/p>\n","protected":false},"author":1,"featured_media":33321,"comment_status":"open","ping_status":"open","sticky":false,"template":"","format":"standard","meta":{"_expiration-date-status":"","_expiration-date":0,"_expiration-date-type":"","_expiration-date-categories":[],"_expiration-date-options":[],"footnotes":""},"yoast_head":"<!-- This site is optimized with the Yoast SEO plugin v22.8 - https:\/\/yoast.com\/wordpress\/plugins\/seo\/ -->\n<title>La banda de la Associa\u00e7\u00e3o Recreativa e Musical Amigos Da Branca consigue la menci\u00f3n de honor - Altea Cultural<\/title>\n<meta name=\"robots\" content=\"index, follow, max-snippet:-1, max-image-preview:large, max-video-preview:-1\" \/>\n<link rel=\"canonical\" href=\"https:\/\/www.alteacultural.com\/es\/2024\/12\/10\/la-banda-de-lassociacao-recreativa-e-musical-amigos-da-branca-aconsegueix-la-mencio-dhonor\/\" \/>\n<meta property=\"og:locale\" content=\"es_ES\" \/>\n<meta property=\"og:type\" content=\"article\" \/>\n<meta property=\"og:title\" content=\"La banda de la Associa\u00e7\u00e3o Recreativa e Musical Amigos Da Branca consigue la menci\u00f3n de honor - Altea Cultural\" \/>\n<meta property=\"og:description\" content=\"En el 50 Certamen Internacional de Bandas de M\u00fasica Villa de Altea celebrado en Palau Altea el pasado s\u00e1bado [&hellip;]\" \/>\n<meta property=\"og:url\" content=\"https:\/\/www.alteacultural.com\/es\/2024\/12\/10\/la-banda-de-lassociacao-recreativa-e-musical-amigos-da-branca-aconsegueix-la-mencio-dhonor\/\" \/>\n<meta property=\"og:site_name\" content=\"Altea Cultural\" \/>\n<meta property=\"article:published_time\" content=\"2024-12-10T08:30:44+00:00\" \/>\n<meta property=\"article:modified_time\" content=\"2024-12-14T08:27:27+00:00\" \/>\n<meta property=\"og:image\" content=\"https:\/\/www.alteacultural.com\/wp-content\/uploads\/2024\/10\/2024-12-07_CertamenInternacionalBandesMusicaVilaAltea_banner-scaled.jpg\" \/>\n\t<meta property=\"og:image:width\" content=\"2560\" \/>\n\t<meta property=\"og:image:height\" content=\"1067\" \/>\n\t<meta property=\"og:image:type\" content=\"image\/jpeg\" \/>\n<meta name=\"author\" content=\"sfaltea.com-admin\" \/>\n<meta name=\"twitter:card\" content=\"summary_large_image\" \/>\n<meta name=\"twitter:label1\" content=\"Escrito por\" \/>\n\t<meta name=\"twitter:data1\" content=\"sfaltea.com-admin\" \/>\n\t<meta name=\"twitter:label2\" content=\"Tiempo de lectura\" \/>\n\t<meta name=\"twitter:data2\" content=\"4 minutos\" \/>\n<script type=\"application\/ld+json\" class=\"yoast-schema-graph\">{\"@context\":\"https:\/\/schema.org\",\"@graph\":[{\"@type\":\"WebPage\",\"@id\":\"https:\/\/www.alteacultural.com\/es\/2024\/12\/10\/la-banda-de-lassociacao-recreativa-e-musical-amigos-da-branca-aconsegueix-la-mencio-dhonor\/\",\"url\":\"https:\/\/www.alteacultural.com\/es\/2024\/12\/10\/la-banda-de-lassociacao-recreativa-e-musical-amigos-da-branca-aconsegueix-la-mencio-dhonor\/\",\"name\":\"La banda de la Associa\u00e7\u00e3o Recreativa e Musical Amigos Da Branca consigue la menci\u00f3n de honor - Altea Cultural\",\"isPartOf\":{\"@id\":\"https:\/\/www.alteacultural.com\/es\/#website\"},\"primaryImageOfPage\":{\"@id\":\"https:\/\/www.alteacultural.com\/es\/2024\/12\/10\/la-banda-de-lassociacao-recreativa-e-musical-amigos-da-branca-aconsegueix-la-mencio-dhonor\/#primaryimage\"},\"image\":{\"@id\":\"https:\/\/www.alteacultural.com\/es\/2024\/12\/10\/la-banda-de-lassociacao-recreativa-e-musical-amigos-da-branca-aconsegueix-la-mencio-dhonor\/#primaryimage\"},\"thumbnailUrl\":\"https:\/\/www.alteacultural.com\/wp-content\/uploads\/2024\/10\/2024-12-07_CertamenInternacionalBandesMusicaVilaAltea_banner-scaled.jpg\",\"datePublished\":\"2024-12-10T08:30:44+00:00\",\"dateModified\":\"2024-12-14T08:27:27+00:00\",\"author\":{\"@id\":\"https:\/\/www.alteacultural.com\/es\/#\/schema\/person\/c4e137537f1af546d214a315255e5172\"},\"breadcrumb\":{\"@id\":\"https:\/\/www.alteacultural.com\/es\/2024\/12\/10\/la-banda-de-lassociacao-recreativa-e-musical-amigos-da-branca-aconsegueix-la-mencio-dhonor\/#breadcrumb\"},\"inLanguage\":\"es\",\"potentialAction\":[{\"@type\":\"ReadAction\",\"target\":[\"https:\/\/www.alteacultural.com\/es\/2024\/12\/10\/la-banda-de-lassociacao-recreativa-e-musical-amigos-da-branca-aconsegueix-la-mencio-dhonor\/\"]}]},{\"@type\":\"ImageObject\",\"inLanguage\":\"es\",\"@id\":\"https:\/\/www.alteacultural.com\/es\/2024\/12\/10\/la-banda-de-lassociacao-recreativa-e-musical-amigos-da-branca-aconsegueix-la-mencio-dhonor\/#primaryimage\",\"url\":\"https:\/\/www.alteacultural.com\/wp-content\/uploads\/2024\/10\/2024-12-07_CertamenInternacionalBandesMusicaVilaAltea_banner-scaled.jpg\",\"contentUrl\":\"https:\/\/www.alteacultural.com\/wp-content\/uploads\/2024\/10\/2024-12-07_CertamenInternacionalBandesMusicaVilaAltea_banner-scaled.jpg\",\"width\":2560,\"height\":1067},{\"@type\":\"BreadcrumbList\",\"@id\":\"https:\/\/www.alteacultural.com\/es\/2024\/12\/10\/la-banda-de-lassociacao-recreativa-e-musical-amigos-da-branca-aconsegueix-la-mencio-dhonor\/#breadcrumb\",\"itemListElement\":[{\"@type\":\"ListItem\",\"position\":1,\"name\":\"Inici\",\"item\":\"https:\/\/www.alteacultural.com\/es\/\"},{\"@type\":\"ListItem\",\"position\":2,\"name\":\"La banda de la Associa\u00e7\u00e3o Recreativa e Musical Amigos Da Branca consigue la menci\u00f3n de honor\"}]},{\"@type\":\"WebSite\",\"@id\":\"https:\/\/www.alteacultural.com\/es\/#website\",\"url\":\"https:\/\/www.alteacultural.com\/es\/\",\"name\":\"Altea Cultural\",\"description\":\"Regidoria de Cultura de l&#039;Ajuntament d&#039;Altea\",\"potentialAction\":[{\"@type\":\"SearchAction\",\"target\":{\"@type\":\"EntryPoint\",\"urlTemplate\":\"https:\/\/www.alteacultural.com\/es\/?s={search_term_string}\"},\"query-input\":\"required name=search_term_string\"}],\"inLanguage\":\"es\"},{\"@type\":\"Person\",\"@id\":\"https:\/\/www.alteacultural.com\/es\/#\/schema\/person\/c4e137537f1af546d214a315255e5172\",\"name\":\"sfaltea.com-admin\",\"image\":{\"@type\":\"ImageObject\",\"inLanguage\":\"es\",\"@id\":\"https:\/\/www.alteacultural.com\/es\/#\/schema\/person\/image\/\",\"url\":\"https:\/\/secure.gravatar.com\/avatar\/f7473fa2fbd351270ccfd469de536202?s=96&d=mm&r=g\",\"contentUrl\":\"https:\/\/secure.gravatar.com\/avatar\/f7473fa2fbd351270ccfd469de536202?s=96&d=mm&r=g\",\"caption\":\"sfaltea.com-admin\"},\"url\":\"https:\/\/www.alteacultural.com\/es\/author\/sfaltea-com-admin\/\"}]}<\/script>\n<!-- \/ Yoast SEO plugin. -->","yoast_head_json":{"title":"La banda de la Associa\u00e7\u00e3o Recreativa e Musical Amigos Da Branca consigue la menci\u00f3n de honor - Altea Cultural","robots":{"index":"index","follow":"follow","max-snippet":"max-snippet:-1","max-image-preview":"max-image-preview:large","max-video-preview":"max-video-preview:-1"},"canonical":"https:\/\/www.alteacultural.com\/es\/2024\/12\/10\/la-banda-de-lassociacao-recreativa-e-musical-amigos-da-branca-aconsegueix-la-mencio-dhonor\/","og_locale":"es_ES","og_type":"article","og_title":"La banda de la Associa\u00e7\u00e3o Recreativa e Musical Amigos Da Branca consigue la menci\u00f3n de honor - Altea Cultural","og_description":"En el 50 Certamen Internacional de Bandas de M\u00fasica Villa de Altea celebrado en Palau Altea el pasado s\u00e1bado [&hellip;]","og_url":"https:\/\/www.alteacultural.com\/es\/2024\/12\/10\/la-banda-de-lassociacao-recreativa-e-musical-amigos-da-branca-aconsegueix-la-mencio-dhonor\/","og_site_name":"Altea Cultural","article_published_time":"2024-12-10T08:30:44+00:00","article_modified_time":"2024-12-14T08:27:27+00:00","og_image":[{"width":2560,"height":1067,"url":"https:\/\/www.alteacultural.com\/wp-content\/uploads\/2024\/10\/2024-12-07_CertamenInternacionalBandesMusicaVilaAltea_banner-scaled.jpg","type":"image\/jpeg"}],"author":"sfaltea.com-admin","twitter_card":"summary_large_image","twitter_misc":{"Escrito por":"sfaltea.com-admin","Tiempo de lectura":"4 minutos"},"schema":{"@context":"https:\/\/schema.org","@graph":[{"@type":"WebPage","@id":"https:\/\/www.alteacultural.com\/es\/2024\/12\/10\/la-banda-de-lassociacao-recreativa-e-musical-amigos-da-branca-aconsegueix-la-mencio-dhonor\/","url":"https:\/\/www.alteacultural.com\/es\/2024\/12\/10\/la-banda-de-lassociacao-recreativa-e-musical-amigos-da-branca-aconsegueix-la-mencio-dhonor\/","name":"La banda de la Associa\u00e7\u00e3o Recreativa e Musical Amigos Da Branca consigue la menci\u00f3n de honor - Altea Cultural","isPartOf":{"@id":"https:\/\/www.alteacultural.com\/es\/#website"},"primaryImageOfPage":{"@id":"https:\/\/www.alteacultural.com\/es\/2024\/12\/10\/la-banda-de-lassociacao-recreativa-e-musical-amigos-da-branca-aconsegueix-la-mencio-dhonor\/#primaryimage"},"image":{"@id":"https:\/\/www.alteacultural.com\/es\/2024\/12\/10\/la-banda-de-lassociacao-recreativa-e-musical-amigos-da-branca-aconsegueix-la-mencio-dhonor\/#primaryimage"},"thumbnailUrl":"https:\/\/www.alteacultural.com\/wp-content\/uploads\/2024\/10\/2024-12-07_CertamenInternacionalBandesMusicaVilaAltea_banner-scaled.jpg","datePublished":"2024-12-10T08:30:44+00:00","dateModified":"2024-12-14T08:27:27+00:00","author":{"@id":"https:\/\/www.alteacultural.com\/es\/#\/schema\/person\/c4e137537f1af546d214a315255e5172"},"breadcrumb":{"@id":"https:\/\/www.alteacultural.com\/es\/2024\/12\/10\/la-banda-de-lassociacao-recreativa-e-musical-amigos-da-branca-aconsegueix-la-mencio-dhonor\/#breadcrumb"},"inLanguage":"es","potentialAction":[{"@type":"ReadAction","target":["https:\/\/www.alteacultural.com\/es\/2024\/12\/10\/la-banda-de-lassociacao-recreativa-e-musical-amigos-da-branca-aconsegueix-la-mencio-dhonor\/"]}]},{"@type":"ImageObject","inLanguage":"es","@id":"https:\/\/www.alteacultural.com\/es\/2024\/12\/10\/la-banda-de-lassociacao-recreativa-e-musical-amigos-da-branca-aconsegueix-la-mencio-dhonor\/#primaryimage","url":"https:\/\/www.alteacultural.com\/wp-content\/uploads\/2024\/10\/2024-12-07_CertamenInternacionalBandesMusicaVilaAltea_banner-scaled.jpg","contentUrl":"https:\/\/www.alteacultural.com\/wp-content\/uploads\/2024\/10\/2024-12-07_CertamenInternacionalBandesMusicaVilaAltea_banner-scaled.jpg","width":2560,"height":1067},{"@type":"BreadcrumbList","@id":"https:\/\/www.alteacultural.com\/es\/2024\/12\/10\/la-banda-de-lassociacao-recreativa-e-musical-amigos-da-branca-aconsegueix-la-mencio-dhonor\/#breadcrumb","itemListElement":[{"@type":"ListItem","position":1,"name":"Inici","item":"https:\/\/www.alteacultural.com\/es\/"},{"@type":"ListItem","position":2,"name":"La banda de la Associa\u00e7\u00e3o Recreativa e Musical Amigos Da Branca consigue la menci\u00f3n de honor"}]},{"@type":"WebSite","@id":"https:\/\/www.alteacultural.com\/es\/#website","url":"https:\/\/www.alteacultural.com\/es\/","name":"Altea Cultural","description":"Regidoria de Cultura de l&#039;Ajuntament d&#039;Altea","potentialAction":[{"@type":"SearchAction","target":{"@type":"EntryPoint","urlTemplate":"https:\/\/www.alteacultural.com\/es\/?s={search_term_string}"},"query-input":"required name=search_term_string"}],"inLanguage":"es"},{"@type":"Person","@id":"https:\/\/www.alteacultural.com\/es\/#\/schema\/person\/c4e137537f1af546d214a315255e5172","name":"sfaltea.com-admin","image":{"@type":"ImageObject","inLanguage":"es","@id":"https:\/\/www.alteacultural.com\/es\/#\/schema\/person\/image\/","url":"https:\/\/secure.gravatar.com\/avatar\/f7473fa2fbd351270ccfd469de536202?s=96&d=mm&r=g","contentUrl":"https:\/\/secure.gravatar.com\/avatar\/f7473fa2fbd351270ccfd469de536202?s=96&d=mm&r=g","caption":"sfaltea.com-admin"},"url":"https:\/\/www.alteacultural.com\/es\/author\/sfaltea-com-admin\/"}]}},"_links":{"self":[{"href":"https:\/\/www.alteacultural.com\/es\/wp-json\/wp\/v2\/posts\/33856"}],"collection":[{"href":"https:\/\/www.alteacultural.com\/es\/wp-json\/wp\/v2\/posts"}],"about":[{"href":"https:\/\/www.alteacultural.com\/es\/wp-json\/wp\/v2\/types\/post"}],"author":[{"embeddable":true,"href":"https:\/\/www.alteacultural.com\/es\/wp-json\/wp\/v2\/users\/1"}],"replies":[{"embeddable":true,"href":"https:\/\/www.alteacultural.com\/es\/wp-json\/wp\/v2\/comments?post=33856"}],"version-history":[{"count":3,"href":"https:\/\/www.alteacultural.com\/es\/wp-json\/wp\/v2\/posts\/33856\/revisions"}],"predecessor-version":[{"id":33860,"href":"https:\/\/www.alteacultural.com\/es\/wp-json\/wp\/v2\/posts\/33856\/revisions\/33860"}],"wp:featuredmedia":[{"embeddable":true,"href":"https:\/\/www.alteacultural.com\/es\/wp-json\/wp\/v2\/media\/33321"}],"wp:attachment":[{"href":"https:\/\/www.alteacultural.com\/es\/wp-json\/wp\/v2\/media?parent=33856"}],"curies":[{"name":"wp","href":"https:\/\/api.w.org\/{rel}","templated":true}]}}