{"id":33993,"date":"2024-12-16T09:54:07","date_gmt":"2024-12-16T08:54:07","guid":{"rendered":"https:\/\/www.alteacultural.com\/2024\/12\/16\/musica-i-solidaritat-pel-conservatori-professional-de-musica-dutiel\/"},"modified":"2024-12-16T09:55:51","modified_gmt":"2024-12-16T08:55:51","slug":"musica-i-solidaritat-pel-conservatori-professional-de-musica-dutiel","status":"publish","type":"post","link":"https:\/\/www.alteacultural.com\/es\/2024\/12\/16\/musica-i-solidaritat-pel-conservatori-professional-de-musica-dutiel\/","title":{"rendered":"M\u00fasica y solidaridad por el Conservatorio Profesional de M\u00fasica de Utiel"},"content":{"rendered":"\n<figure class=\"wp-block-image size-full\"><img fetchpriority=\"high\" decoding=\"async\" width=\"1024\" height=\"768\" src=\"https:\/\/www.alteacultural.com\/wp-content\/uploads\/2024\/12\/WhatsApp-Image-2024-12-12-at-11.20.34.jpeg\" alt=\"\" class=\"wp-image-33986\" srcset=\"https:\/\/www.alteacultural.com\/wp-content\/uploads\/2024\/12\/WhatsApp-Image-2024-12-12-at-11.20.34.jpeg 1024w, https:\/\/www.alteacultural.com\/wp-content\/uploads\/2024\/12\/WhatsApp-Image-2024-12-12-at-11.20.34-768x576.jpeg 768w\" sizes=\"(max-width: 1024px) 100vw, 1024px\" \/><\/figure>\n\n\n\n<p><strong>El lunes 16 de diciembre en el Centro Cultural de Altea la Vella, y con la participaci\u00f3n de las agrupaciones instrumentales y de coro del Conservatorio Profesional de M\u00fasica de Altea<\/strong><\/p>\n\n\n\n<p>Este pr\u00f3ximo lunes 16 de diciembre, el Centro Cultural de Altea la Vella acoger\u00e1 a partir de las 19:30 horas una de las actividades tradicionales por esta \u00e9poca, como son los conciertos navide\u00f1os. Pero en esta ocasi\u00f3n, una m\u00e1s, la m\u00fasica ser\u00e1 solidaria y se unir\u00e1 a los afectados por la Dana de Valencia. En este caso con el Conservatorio Profesional de M\u00fasica de Utiel, que fue uno de los 22 centros educativos de la provincia de Valencia m\u00e1s afectados por este desastre natural.<\/p>\n\n\n\n<p>La situaci\u00f3n del centro musical de Utiel, cuya actividad de desarrollaba en la planta baja del IES Alameda, es dram\u00e1tica. El agua arras\u00f3 con todo, instrumentos, muebles y material inform\u00e1tico. Lo \u00fanico que se pudo salvar fueron tres pianos que se encontraban en la primera planta del centro educativo utielano.<\/p>\n\n\n\n<figure class=\"wp-block-image size-full\"><img decoding=\"async\" width=\"1024\" height=\"768\" data-src=\"https:\/\/www.alteacultural.com\/wp-content\/uploads\/2024\/12\/WhatsApp-Image-2024-12-12-at-11.20.37.jpeg\" alt=\"\" class=\"wp-image-33988 lazyload\" data-srcset=\"https:\/\/www.alteacultural.com\/wp-content\/uploads\/2024\/12\/WhatsApp-Image-2024-12-12-at-11.20.37.jpeg 1024w, https:\/\/www.alteacultural.com\/wp-content\/uploads\/2024\/12\/WhatsApp-Image-2024-12-12-at-11.20.37-768x576.jpeg 768w\" data-sizes=\"(max-width: 1024px) 100vw, 1024px\" src=\"data:image\/gif;base64,R0lGODlhAQABAAAAACH5BAEKAAEALAAAAAABAAEAAAICTAEAOw==\" style=\"--smush-placeholder-width: 1024px; --smush-placeholder-aspect-ratio: 1024\/768;\" \/><\/figure>\n\n\n\n<p>Ahora mismo los alumnos del Conservatorio de Utiel han sido reubicados para intentar retomar sus clases con normalidad, ante la imposibilidad de volver al instituto a corto plazo. Pero la situaci\u00f3n sigue siendo muy complicada ya que hay especialidades como percusi\u00f3n, orquesta y banda, que no est\u00e1n funcionando todav\u00eda porque el material ha quedado inservible.<\/p>\n\n\n\n<p>La concejala de educaci\u00f3n del Ayuntamiento de Altea, Xelo Gonz\u00e1lez, hacia un llamamiento a la ciudadan\u00eda colaborar por esta buena causa, \u201cadem\u00e1s de disfrutar de un buen programa para los amantes de la m\u00fasica, habr\u00e1 una fila Cero para colaborar con el Ampa del Conservatorio de M\u00fasica de Utiel, tras padecer la devastaci\u00f3n de la Dana. Queremos ayudarles a que puedan volver a la normalidad lo m\u00e1s pronto posible\u201d, destac\u00f3 Gonz\u00e1lez.<\/p>\n\n\n\n<p>El n\u00famero de cuenta de la Fila Cero del Ampa del Conservatorio de Utiel es el&nbsp;<strong>ES65 3159 0084 4030 51863227<\/strong>&nbsp;de Caixa Popular.<\/p>\n\n\n\n<figure class=\"wp-block-image size-full\"><img decoding=\"async\" width=\"1024\" height=\"768\" data-src=\"https:\/\/www.alteacultural.com\/wp-content\/uploads\/2024\/12\/WhatsApp-Image-2024-12-12-at-11.20.36.jpeg\" alt=\"\" class=\"wp-image-33990 lazyload\" data-srcset=\"https:\/\/www.alteacultural.com\/wp-content\/uploads\/2024\/12\/WhatsApp-Image-2024-12-12-at-11.20.36.jpeg 1024w, https:\/\/www.alteacultural.com\/wp-content\/uploads\/2024\/12\/WhatsApp-Image-2024-12-12-at-11.20.36-768x576.jpeg 768w\" data-sizes=\"(max-width: 1024px) 100vw, 1024px\" src=\"data:image\/gif;base64,R0lGODlhAQABAAAAACH5BAEKAAEALAAAAAABAAEAAAICTAEAOw==\" style=\"--smush-placeholder-width: 1024px; --smush-placeholder-aspect-ratio: 1024\/768;\" \/><\/figure>\n\n\n\n<p>El programa incluye piezas con clara referencia a estas fechas navide\u00f1as, y ser\u00e1 interpretado por la orquesta de cuerda y las bandas de ense\u00f1anza profesional del Conservatorio Profesional de M\u00fasica de Altea, con las voces del coro de ense\u00f1anza elemental del mismo centro, bajo la batuta de Jaume Franc\u00e9s Ripoll Martins y Salvador Tur Savall. Un concierto que finalizar\u00e1 con el tradicional villancico \u201cEl D\u00eda de Nadal\u201d del maestro alteano Francisco P\u00e9rez Devesa.<\/p>\n\n\n\n<p>| ALTEADIGITAL.ES<\/p>\n\n\n\n<p><a href=\"http:\/\/www.facebook.com\/sharer.php?u=https%3A%2F%2Falteadigital.es%2Fca%2F2024%2F12%2F12%2Fmusica-i-solidaritat-pel-conservatori-professional-de-musica-dutiel%2F&amp;t=M%C3%BAsica%20i%20solidaritat%20pel%20Conservatori%20Professional%20de%20M%C3%BAsica%20d%E2%80%99Utiel\"><\/a><\/p>\n","protected":false},"excerpt":{"rendered":"<p>El lunes 16 de diciembre en el Centro Cultural de Altea la Vella, y con la participaci\u00f3n de las [&hellip;]<\/p>\n","protected":false},"author":1,"featured_media":33987,"comment_status":"open","ping_status":"open","sticky":false,"template":"","format":"standard","meta":{"_expiration-date-status":"","_expiration-date":0,"_expiration-date-type":"","_expiration-date-categories":[],"_expiration-date-options":[],"footnotes":""},"yoast_head":"<!-- This site is optimized with the Yoast SEO plugin v22.8 - https:\/\/yoast.com\/wordpress\/plugins\/seo\/ -->\n<title>M\u00fasica y solidaridad por el Conservatorio Profesional de M\u00fasica de Utiel - Altea Cultural<\/title>\n<meta name=\"robots\" content=\"index, follow, max-snippet:-1, max-image-preview:large, max-video-preview:-1\" \/>\n<link rel=\"canonical\" href=\"https:\/\/www.alteacultural.com\/es\/2024\/12\/16\/musica-i-solidaritat-pel-conservatori-professional-de-musica-dutiel\/\" \/>\n<meta property=\"og:locale\" content=\"es_ES\" \/>\n<meta property=\"og:type\" content=\"article\" \/>\n<meta property=\"og:title\" content=\"M\u00fasica y solidaridad por el Conservatorio Profesional de M\u00fasica de Utiel - Altea Cultural\" \/>\n<meta property=\"og:description\" content=\"El lunes 16 de diciembre en el Centro Cultural de Altea la Vella, y con la participaci\u00f3n de las [&hellip;]\" \/>\n<meta property=\"og:url\" content=\"https:\/\/www.alteacultural.com\/es\/2024\/12\/16\/musica-i-solidaritat-pel-conservatori-professional-de-musica-dutiel\/\" \/>\n<meta property=\"og:site_name\" content=\"Altea Cultural\" \/>\n<meta property=\"article:published_time\" content=\"2024-12-16T08:54:07+00:00\" \/>\n<meta property=\"article:modified_time\" content=\"2024-12-16T08:55:51+00:00\" \/>\n<meta property=\"og:image\" content=\"https:\/\/www.alteacultural.com\/wp-content\/uploads\/2024\/12\/WhatsApp-Image-2024-12-12-at-11.20.34.jpeg\" \/>\n\t<meta property=\"og:image:width\" content=\"1024\" \/>\n\t<meta property=\"og:image:height\" content=\"768\" \/>\n\t<meta property=\"og:image:type\" content=\"image\/jpeg\" \/>\n<meta name=\"author\" content=\"sfaltea.com-admin\" \/>\n<meta name=\"twitter:card\" content=\"summary_large_image\" \/>\n<meta name=\"twitter:label1\" content=\"Escrito por\" \/>\n\t<meta name=\"twitter:data1\" content=\"sfaltea.com-admin\" \/>\n\t<meta name=\"twitter:label2\" content=\"Tiempo de lectura\" \/>\n\t<meta name=\"twitter:data2\" content=\"3 minutos\" \/>\n<script type=\"application\/ld+json\" class=\"yoast-schema-graph\">{\"@context\":\"https:\/\/schema.org\",\"@graph\":[{\"@type\":\"WebPage\",\"@id\":\"https:\/\/www.alteacultural.com\/es\/2024\/12\/16\/musica-i-solidaritat-pel-conservatori-professional-de-musica-dutiel\/\",\"url\":\"https:\/\/www.alteacultural.com\/es\/2024\/12\/16\/musica-i-solidaritat-pel-conservatori-professional-de-musica-dutiel\/\",\"name\":\"M\u00fasica y solidaridad por el Conservatorio Profesional de M\u00fasica de Utiel - Altea Cultural\",\"isPartOf\":{\"@id\":\"https:\/\/www.alteacultural.com\/es\/#website\"},\"primaryImageOfPage\":{\"@id\":\"https:\/\/www.alteacultural.com\/es\/2024\/12\/16\/musica-i-solidaritat-pel-conservatori-professional-de-musica-dutiel\/#primaryimage\"},\"image\":{\"@id\":\"https:\/\/www.alteacultural.com\/es\/2024\/12\/16\/musica-i-solidaritat-pel-conservatori-professional-de-musica-dutiel\/#primaryimage\"},\"thumbnailUrl\":\"https:\/\/www.alteacultural.com\/wp-content\/uploads\/2024\/12\/WhatsApp-Image-2024-12-12-at-11.20.34.jpeg\",\"datePublished\":\"2024-12-16T08:54:07+00:00\",\"dateModified\":\"2024-12-16T08:55:51+00:00\",\"author\":{\"@id\":\"https:\/\/www.alteacultural.com\/es\/#\/schema\/person\/c4e137537f1af546d214a315255e5172\"},\"breadcrumb\":{\"@id\":\"https:\/\/www.alteacultural.com\/es\/2024\/12\/16\/musica-i-solidaritat-pel-conservatori-professional-de-musica-dutiel\/#breadcrumb\"},\"inLanguage\":\"es\",\"potentialAction\":[{\"@type\":\"ReadAction\",\"target\":[\"https:\/\/www.alteacultural.com\/es\/2024\/12\/16\/musica-i-solidaritat-pel-conservatori-professional-de-musica-dutiel\/\"]}]},{\"@type\":\"ImageObject\",\"inLanguage\":\"es\",\"@id\":\"https:\/\/www.alteacultural.com\/es\/2024\/12\/16\/musica-i-solidaritat-pel-conservatori-professional-de-musica-dutiel\/#primaryimage\",\"url\":\"https:\/\/www.alteacultural.com\/wp-content\/uploads\/2024\/12\/WhatsApp-Image-2024-12-12-at-11.20.34.jpeg\",\"contentUrl\":\"https:\/\/www.alteacultural.com\/wp-content\/uploads\/2024\/12\/WhatsApp-Image-2024-12-12-at-11.20.34.jpeg\",\"width\":1024,\"height\":768},{\"@type\":\"BreadcrumbList\",\"@id\":\"https:\/\/www.alteacultural.com\/es\/2024\/12\/16\/musica-i-solidaritat-pel-conservatori-professional-de-musica-dutiel\/#breadcrumb\",\"itemListElement\":[{\"@type\":\"ListItem\",\"position\":1,\"name\":\"Inici\",\"item\":\"https:\/\/www.alteacultural.com\/es\/\"},{\"@type\":\"ListItem\",\"position\":2,\"name\":\"M\u00fasica y solidaridad por el Conservatorio Profesional de M\u00fasica de Utiel\"}]},{\"@type\":\"WebSite\",\"@id\":\"https:\/\/www.alteacultural.com\/es\/#website\",\"url\":\"https:\/\/www.alteacultural.com\/es\/\",\"name\":\"Altea Cultural\",\"description\":\"Regidoria de Cultura de l&#039;Ajuntament d&#039;Altea\",\"potentialAction\":[{\"@type\":\"SearchAction\",\"target\":{\"@type\":\"EntryPoint\",\"urlTemplate\":\"https:\/\/www.alteacultural.com\/es\/?s={search_term_string}\"},\"query-input\":\"required name=search_term_string\"}],\"inLanguage\":\"es\"},{\"@type\":\"Person\",\"@id\":\"https:\/\/www.alteacultural.com\/es\/#\/schema\/person\/c4e137537f1af546d214a315255e5172\",\"name\":\"sfaltea.com-admin\",\"image\":{\"@type\":\"ImageObject\",\"inLanguage\":\"es\",\"@id\":\"https:\/\/www.alteacultural.com\/es\/#\/schema\/person\/image\/\",\"url\":\"https:\/\/secure.gravatar.com\/avatar\/f7473fa2fbd351270ccfd469de536202?s=96&d=mm&r=g\",\"contentUrl\":\"https:\/\/secure.gravatar.com\/avatar\/f7473fa2fbd351270ccfd469de536202?s=96&d=mm&r=g\",\"caption\":\"sfaltea.com-admin\"},\"url\":\"https:\/\/www.alteacultural.com\/es\/author\/sfaltea-com-admin\/\"}]}<\/script>\n<!-- \/ Yoast SEO plugin. -->","yoast_head_json":{"title":"M\u00fasica y solidaridad por el Conservatorio Profesional de M\u00fasica de Utiel - Altea Cultural","robots":{"index":"index","follow":"follow","max-snippet":"max-snippet:-1","max-image-preview":"max-image-preview:large","max-video-preview":"max-video-preview:-1"},"canonical":"https:\/\/www.alteacultural.com\/es\/2024\/12\/16\/musica-i-solidaritat-pel-conservatori-professional-de-musica-dutiel\/","og_locale":"es_ES","og_type":"article","og_title":"M\u00fasica y solidaridad por el Conservatorio Profesional de M\u00fasica de Utiel - Altea Cultural","og_description":"El lunes 16 de diciembre en el Centro Cultural de Altea la Vella, y con la participaci\u00f3n de las [&hellip;]","og_url":"https:\/\/www.alteacultural.com\/es\/2024\/12\/16\/musica-i-solidaritat-pel-conservatori-professional-de-musica-dutiel\/","og_site_name":"Altea Cultural","article_published_time":"2024-12-16T08:54:07+00:00","article_modified_time":"2024-12-16T08:55:51+00:00","og_image":[{"width":1024,"height":768,"url":"https:\/\/www.alteacultural.com\/wp-content\/uploads\/2024\/12\/WhatsApp-Image-2024-12-12-at-11.20.34.jpeg","type":"image\/jpeg"}],"author":"sfaltea.com-admin","twitter_card":"summary_large_image","twitter_misc":{"Escrito por":"sfaltea.com-admin","Tiempo de lectura":"3 minutos"},"schema":{"@context":"https:\/\/schema.org","@graph":[{"@type":"WebPage","@id":"https:\/\/www.alteacultural.com\/es\/2024\/12\/16\/musica-i-solidaritat-pel-conservatori-professional-de-musica-dutiel\/","url":"https:\/\/www.alteacultural.com\/es\/2024\/12\/16\/musica-i-solidaritat-pel-conservatori-professional-de-musica-dutiel\/","name":"M\u00fasica y solidaridad por el Conservatorio Profesional de M\u00fasica de Utiel - Altea Cultural","isPartOf":{"@id":"https:\/\/www.alteacultural.com\/es\/#website"},"primaryImageOfPage":{"@id":"https:\/\/www.alteacultural.com\/es\/2024\/12\/16\/musica-i-solidaritat-pel-conservatori-professional-de-musica-dutiel\/#primaryimage"},"image":{"@id":"https:\/\/www.alteacultural.com\/es\/2024\/12\/16\/musica-i-solidaritat-pel-conservatori-professional-de-musica-dutiel\/#primaryimage"},"thumbnailUrl":"https:\/\/www.alteacultural.com\/wp-content\/uploads\/2024\/12\/WhatsApp-Image-2024-12-12-at-11.20.34.jpeg","datePublished":"2024-12-16T08:54:07+00:00","dateModified":"2024-12-16T08:55:51+00:00","author":{"@id":"https:\/\/www.alteacultural.com\/es\/#\/schema\/person\/c4e137537f1af546d214a315255e5172"},"breadcrumb":{"@id":"https:\/\/www.alteacultural.com\/es\/2024\/12\/16\/musica-i-solidaritat-pel-conservatori-professional-de-musica-dutiel\/#breadcrumb"},"inLanguage":"es","potentialAction":[{"@type":"ReadAction","target":["https:\/\/www.alteacultural.com\/es\/2024\/12\/16\/musica-i-solidaritat-pel-conservatori-professional-de-musica-dutiel\/"]}]},{"@type":"ImageObject","inLanguage":"es","@id":"https:\/\/www.alteacultural.com\/es\/2024\/12\/16\/musica-i-solidaritat-pel-conservatori-professional-de-musica-dutiel\/#primaryimage","url":"https:\/\/www.alteacultural.com\/wp-content\/uploads\/2024\/12\/WhatsApp-Image-2024-12-12-at-11.20.34.jpeg","contentUrl":"https:\/\/www.alteacultural.com\/wp-content\/uploads\/2024\/12\/WhatsApp-Image-2024-12-12-at-11.20.34.jpeg","width":1024,"height":768},{"@type":"BreadcrumbList","@id":"https:\/\/www.alteacultural.com\/es\/2024\/12\/16\/musica-i-solidaritat-pel-conservatori-professional-de-musica-dutiel\/#breadcrumb","itemListElement":[{"@type":"ListItem","position":1,"name":"Inici","item":"https:\/\/www.alteacultural.com\/es\/"},{"@type":"ListItem","position":2,"name":"M\u00fasica y solidaridad por el Conservatorio Profesional de M\u00fasica de Utiel"}]},{"@type":"WebSite","@id":"https:\/\/www.alteacultural.com\/es\/#website","url":"https:\/\/www.alteacultural.com\/es\/","name":"Altea Cultural","description":"Regidoria de Cultura de l&#039;Ajuntament d&#039;Altea","potentialAction":[{"@type":"SearchAction","target":{"@type":"EntryPoint","urlTemplate":"https:\/\/www.alteacultural.com\/es\/?s={search_term_string}"},"query-input":"required name=search_term_string"}],"inLanguage":"es"},{"@type":"Person","@id":"https:\/\/www.alteacultural.com\/es\/#\/schema\/person\/c4e137537f1af546d214a315255e5172","name":"sfaltea.com-admin","image":{"@type":"ImageObject","inLanguage":"es","@id":"https:\/\/www.alteacultural.com\/es\/#\/schema\/person\/image\/","url":"https:\/\/secure.gravatar.com\/avatar\/f7473fa2fbd351270ccfd469de536202?s=96&d=mm&r=g","contentUrl":"https:\/\/secure.gravatar.com\/avatar\/f7473fa2fbd351270ccfd469de536202?s=96&d=mm&r=g","caption":"sfaltea.com-admin"},"url":"https:\/\/www.alteacultural.com\/es\/author\/sfaltea-com-admin\/"}]}},"_links":{"self":[{"href":"https:\/\/www.alteacultural.com\/es\/wp-json\/wp\/v2\/posts\/33993"}],"collection":[{"href":"https:\/\/www.alteacultural.com\/es\/wp-json\/wp\/v2\/posts"}],"about":[{"href":"https:\/\/www.alteacultural.com\/es\/wp-json\/wp\/v2\/types\/post"}],"author":[{"embeddable":true,"href":"https:\/\/www.alteacultural.com\/es\/wp-json\/wp\/v2\/users\/1"}],"replies":[{"embeddable":true,"href":"https:\/\/www.alteacultural.com\/es\/wp-json\/wp\/v2\/comments?post=33993"}],"version-history":[{"count":1,"href":"https:\/\/www.alteacultural.com\/es\/wp-json\/wp\/v2\/posts\/33993\/revisions"}],"predecessor-version":[{"id":33995,"href":"https:\/\/www.alteacultural.com\/es\/wp-json\/wp\/v2\/posts\/33993\/revisions\/33995"}],"wp:featuredmedia":[{"embeddable":true,"href":"https:\/\/www.alteacultural.com\/es\/wp-json\/wp\/v2\/media\/33987"}],"wp:attachment":[{"href":"https:\/\/www.alteacultural.com\/es\/wp-json\/wp\/v2\/media?parent=33993"}],"curies":[{"name":"wp","href":"https:\/\/api.w.org\/{rel}","templated":true}]}}