{"id":34007,"date":"2024-12-17T09:52:47","date_gmt":"2024-12-17T08:52:47","guid":{"rendered":"https:\/\/www.alteacultural.com\/2024\/12\/17\/la-novena-edicio-premis-altea-de-literatura-i-investigacio-ja-esta-en-marxa\/"},"modified":"2025-04-08T23:14:21","modified_gmt":"2025-04-08T21:14:21","slug":"la-novena-edicio-premis-altea-de-literatura-i-investigacio-ja-esta-en-marxa","status":"publish","type":"post","link":"https:\/\/www.alteacultural.com\/es\/2024\/12\/17\/la-novena-edicio-premis-altea-de-literatura-i-investigacio-ja-esta-en-marxa\/","title":{"rendered":"La novena edici\u00f3n \u201cPremis Altea de Literatura i Investigaci\u00f3\u201d ya est\u00e1 en marcha"},"content":{"rendered":"\n<figure class=\"wp-block-image size-full\"><img fetchpriority=\"high\" decoding=\"async\" width=\"1024\" height=\"768\" src=\"https:\/\/www.alteacultural.com\/wp-content\/uploads\/2024\/12\/WhatsApp-Image-2024-12-16-at-13.33.03.jpeg\" alt=\"\" class=\"wp-image-33998\" srcset=\"https:\/\/www.alteacultural.com\/wp-content\/uploads\/2024\/12\/WhatsApp-Image-2024-12-16-at-13.33.03.jpeg 1024w, https:\/\/www.alteacultural.com\/wp-content\/uploads\/2024\/12\/WhatsApp-Image-2024-12-16-at-13.33.03-768x576.jpeg 768w\" sizes=\"(max-width: 1024px) 100vw, 1024px\" \/><\/figure>\n\n\n\n<p><strong>El plazo de presentaci\u00f3n de originales acabar\u00e1 el 31 de enero y la Gala de entrega de galardones tendr\u00e1 lugar el 12 de abril.<\/strong><\/p>\n\n\n\n<p>Como es tradicional y coincidiendo con la finalizaci\u00f3n del a\u00f1o, se present\u00f3 esta ma\u00f1ana a los medios de comunicaci\u00f3n una nueva edici\u00f3n de \u201cPremis Altea\u201d. Con el buen sabor de boca de la \u00faltima edici\u00f3n, y con la presentaci\u00f3n en p\u00fablico hace unos d\u00edas de \u201c<em>Cartes al mar\u201d<\/em>, de Clara Ribatallada, ganadora del \u201cPremi Altea\u201d 2024 de Literatura Infantil y Juvenil; y de la novela \u201c<em>P\u00e8tal\u201d<\/em>, de \u00c0ngels Castell\u00f3, merecedora del \u201cPremi Carmelina S\u00e1nchez-Cutillas de Novel\u00b7la i Prosa Creativa\u201d 2024; se dieron a conocer las bases de participaci\u00f3n de la que ser\u00e1 la novena edici\u00f3n del evento literario.<\/p>\n\n\n\n<p>En el acto de presentaci\u00f3n de \u201cPremis Altea\u201d 2025 participaron la edil de Cultura, Pepa Victoria P\u00e9rez; el presidente de la Fundaci\u00f3n Caixaltea, Ignacio Ortiz y Joan Borja, director de la C\u00e0tedra Enric Valor de la UA e impulsor de la iniciativa.<\/p>\n\n\n\n<figure class=\"wp-block-image size-full\"><img decoding=\"async\" width=\"1817\" height=\"2560\" data-src=\"https:\/\/www.alteacultural.com\/wp-content\/uploads\/2025\/01\/premis-altea-2025-cartell-297x420-1-scaled.jpg\" alt=\"\" class=\"wp-image-34166 lazyload\" data-srcset=\"https:\/\/www.alteacultural.com\/wp-content\/uploads\/2025\/01\/premis-altea-2025-cartell-297x420-1-scaled.jpg 1817w, https:\/\/www.alteacultural.com\/wp-content\/uploads\/2025\/01\/premis-altea-2025-cartell-297x420-1-768x1082.jpg 768w, https:\/\/www.alteacultural.com\/wp-content\/uploads\/2025\/01\/premis-altea-2025-cartell-297x420-1-1090x1536.jpg 1090w, https:\/\/www.alteacultural.com\/wp-content\/uploads\/2025\/01\/premis-altea-2025-cartell-297x420-1-1454x2048.jpg 1454w\" data-sizes=\"(max-width: 1817px) 100vw, 1817px\" src=\"data:image\/gif;base64,R0lGODlhAQABAAAAACH5BAEKAAEALAAAAAABAAEAAAICTAEAOw==\" style=\"--smush-placeholder-width: 1817px; --smush-placeholder-aspect-ratio: 1817\/2560;\" \/><\/figure>\n\n\n\n<p>Seg\u00fan Joan Borja, en 2025, la fecha que habr\u00e1 que marcar en el calendario para conocer las obras ganadoras de la IX edici\u00f3n de \u201cPremis Altea\u201d ser\u00e1 la del s\u00e1bado 12 de abril, en un d\u00eda y en el que durante unas horas, Altea se convertir\u00e1 de nuevo en la capital de las letras valencianas. El director de la C\u00e0tedra Enric Valor de la UA adelantaba que \u201creeditamos el mismo formato que en ediciones anteriores, ya que se ha demostrado que es un formato de \u00e9xito\u201d. Para ello, Joan Borja recordaba la \u00faltima convocatoria, en la se presentaron 83 originales para el \u201cPremi Carmelina S\u00e1nchez-Cutillas de Novel.la i Prosa Creativa\u201d, 43 para el \u201cPremi Altea de Literatura Infantil i Juvenil\u201d y 10 originales para el \u201cPremi d\u2019Assaig i Investigaci\u00f3 Francesc Mart\u00ednez i Mart\u00ednez\u201d. Precisamente, seg\u00fan Borja, el premio de novela y prosa creativa con su poder de convocatoria \u201clo convierten en el de mayor concurrencia de todo el circuito editorial literario valenciano, frente a otros premios de mayor prestigio por su antig\u00fcedad o mayor cuanta econ\u00f3mica, y es algo de lo que nos sentimos muy orgullosos\u201d.<\/p>\n\n\n\n<p>El impulsor de \u201cPremis Altea\u201d, Joan Borja, agradec\u00eda a todas las entidades e instituciones que hacen posible que estos premios sean ya un referente de las letras valencianas en apenas ocho ediciones, como son el Ayuntamiento de Altea; la Academia Valenciana de la Llengua; el Instituto Alicantino de Cultura Juan Gil-Albert; la Diputaci\u00f3n de Alicante; Aila Edicions; la C\u00e0tedra Enric Valor de la Universidad de Alicante; la Generalitat Valenciana; pero sobre todo la Fundacio Caixaltea que es la que subvenciona el premio mayor de \u201cPremis Altea\u201d, como es el premio Carmelina de novela y prosa creativa, dotado con 5000 euros .<\/p>\n\n\n\n<figure class=\"wp-block-image size-full\"><img decoding=\"async\" width=\"1024\" height=\"768\" data-src=\"https:\/\/www.alteacultural.com\/wp-content\/uploads\/2024\/12\/WhatsApp-Image-2024-12-16-at-13.33.35.jpeg\" alt=\"\" class=\"wp-image-34002 lazyload\" data-srcset=\"https:\/\/www.alteacultural.com\/wp-content\/uploads\/2024\/12\/WhatsApp-Image-2024-12-16-at-13.33.35.jpeg 1024w, https:\/\/www.alteacultural.com\/wp-content\/uploads\/2024\/12\/WhatsApp-Image-2024-12-16-at-13.33.35-768x576.jpeg 768w\" data-sizes=\"(max-width: 1024px) 100vw, 1024px\" src=\"data:image\/gif;base64,R0lGODlhAQABAAAAACH5BAEKAAEALAAAAAABAAEAAAICTAEAOw==\" style=\"--smush-placeholder-width: 1024px; --smush-placeholder-aspect-ratio: 1024\/768;\" \/><\/figure>\n\n\n\n<p>Por su parte, el presidente del consejo rector y de la Fundacio Caixaltea, Ignacio Ortiz, recordaba en p\u00fablico el respaldo incondicional de la entidad financiera con los \u201cPremis Altea\u201d desde su puesta en marcha. Seg\u00fan Ortiz, \u201cun a\u00f1o m\u00e1s damos todo nuestro apoyo a estos premios. Una decisi\u00f3n de todo el consejo, por unanimidad, y quer\u00edamos agradecer el trabajo y esfuerzo de todas las personas, que como Jon Borja, hacen posible estos premios\u201d.<\/p>\n\n\n\n<p>Finalmente, la concejala de cultura del Ayuntamiento de Altea, Pepa V\u00edctoria P\u00e9rez, se\u00f1alaba que \u201cAltea es un pueblo vivo en cultura, con iniciativas que surgen desde las instituciones como el ayuntamiento, pero que necesita de las personas que se involucran de forma desinteresada como es el caso de Joan Borja, llevando a cabo la puesta en marcha de cada nueva edici\u00f3n de \u201cPremis Altea\u201d. Pero tambi\u00e9n es de agradecer el apoyo de la empresa privada, como es el caso de Caixaltea, ya que gracias a su respaldo es posible sufragar el importe del premio de mayor cuant\u00eda econ\u00f3mica como es el de novela y prosa creativa\u201d. La edil de cultura, record\u00f3 que \u201chasta el 31 de enero se van a poder presentar los originales a la novena edici\u00f3n y ya est\u00e1n publicadas las bases. Por eso, estoy segura que ser\u00e1 un nuevo \u00e9xito de estos premios m\u00e1s que consolidados. As\u00ed que animo a todas&nbsp; y todos los escritores a que presenten sus originales, y se sumen de esta forma a la fiesta de las letras valencianas, que este a\u00f1o disfrutaremos el pr\u00f3ximo 12 de abril de 2025\u201d, concluy\u00f3 Pepa P\u00e9rez.<\/p>\n\n\n\n<p>Recordar que los premios en met\u00e1lico est\u00e1n valorados en 3.000\u20ac para el \u201cPremi d\u2019Assaig i Investigaci\u00f3 Francesc Mart\u00ednez i Mart\u00ednez\u201d; 4.000\u20ac para el \u201cPremi Altea de Literatura Infantil i Juvenil\u201d y 5.000\u20ac el \u201cPremi Carmelina S\u00e1nchez-Cutillas de Novel.la i Prosa Creativa\u201d.<\/p>\n\n\n\n<p><a href=\"https:\/\/www.alteacultural.com\/premisaltea\">Bases Premis Altea 2025<\/a><\/p>\n\n\n\n<p>| ALTEADIGITAL.ES<\/p>\n","protected":false},"excerpt":{"rendered":"<p>El plazo de presentaci\u00f3n de originales acabar\u00e1 el 31 de enero y la Gala de entrega de galardones tendr\u00e1 [&hellip;]<\/p>\n","protected":false},"author":1,"featured_media":34166,"comment_status":"open","ping_status":"open","sticky":false,"template":"","format":"standard","meta":{"_expiration-date-status":"","_expiration-date":1744146843,"_expiration-date-type":"draft","_expiration-date-categories":[],"_expiration-date-options":[],"footnotes":""},"yoast_head":"<!-- This site is optimized with the Yoast SEO plugin v22.8 - https:\/\/yoast.com\/wordpress\/plugins\/seo\/ -->\n<title>La novena edici\u00f3n \u201cPremis Altea de Literatura i Investigaci\u00f3\u201d ya est\u00e1 en marcha - Altea Cultural<\/title>\n<meta name=\"robots\" content=\"index, follow, max-snippet:-1, max-image-preview:large, max-video-preview:-1\" \/>\n<link rel=\"canonical\" href=\"https:\/\/www.alteacultural.com\/es\/2024\/12\/17\/la-novena-edicio-premis-altea-de-literatura-i-investigacio-ja-esta-en-marxa\/\" \/>\n<meta property=\"og:locale\" content=\"es_ES\" \/>\n<meta property=\"og:type\" content=\"article\" \/>\n<meta property=\"og:title\" content=\"La novena edici\u00f3n \u201cPremis Altea de Literatura i Investigaci\u00f3\u201d ya est\u00e1 en marcha - Altea Cultural\" \/>\n<meta property=\"og:description\" content=\"El plazo de presentaci\u00f3n de originales acabar\u00e1 el 31 de enero y la Gala de entrega de galardones tendr\u00e1 [&hellip;]\" \/>\n<meta property=\"og:url\" content=\"https:\/\/www.alteacultural.com\/es\/2024\/12\/17\/la-novena-edicio-premis-altea-de-literatura-i-investigacio-ja-esta-en-marxa\/\" \/>\n<meta property=\"og:site_name\" content=\"Altea Cultural\" \/>\n<meta property=\"article:published_time\" content=\"2024-12-17T08:52:47+00:00\" \/>\n<meta property=\"article:modified_time\" content=\"2025-04-08T21:14:21+00:00\" \/>\n<meta property=\"og:image\" content=\"https:\/\/www.alteacultural.com\/wp-content\/uploads\/2025\/01\/premis-altea-2025-cartell-297x420-1-scaled.jpg\" \/>\n\t<meta property=\"og:image:width\" content=\"1817\" \/>\n\t<meta property=\"og:image:height\" content=\"2560\" \/>\n\t<meta property=\"og:image:type\" content=\"image\/jpeg\" \/>\n<meta name=\"author\" content=\"sfaltea.com-admin\" \/>\n<meta name=\"twitter:card\" content=\"summary_large_image\" \/>\n<meta name=\"twitter:label1\" content=\"Escrito por\" \/>\n\t<meta name=\"twitter:data1\" content=\"sfaltea.com-admin\" \/>\n\t<meta name=\"twitter:label2\" content=\"Tiempo de lectura\" \/>\n\t<meta name=\"twitter:data2\" content=\"5 minutos\" \/>\n<script type=\"application\/ld+json\" class=\"yoast-schema-graph\">{\"@context\":\"https:\/\/schema.org\",\"@graph\":[{\"@type\":\"WebPage\",\"@id\":\"https:\/\/www.alteacultural.com\/es\/2024\/12\/17\/la-novena-edicio-premis-altea-de-literatura-i-investigacio-ja-esta-en-marxa\/\",\"url\":\"https:\/\/www.alteacultural.com\/es\/2024\/12\/17\/la-novena-edicio-premis-altea-de-literatura-i-investigacio-ja-esta-en-marxa\/\",\"name\":\"La novena edici\u00f3n \u201cPremis Altea de Literatura i Investigaci\u00f3\u201d ya est\u00e1 en marcha - Altea Cultural\",\"isPartOf\":{\"@id\":\"https:\/\/www.alteacultural.com\/es\/#website\"},\"primaryImageOfPage\":{\"@id\":\"https:\/\/www.alteacultural.com\/es\/2024\/12\/17\/la-novena-edicio-premis-altea-de-literatura-i-investigacio-ja-esta-en-marxa\/#primaryimage\"},\"image\":{\"@id\":\"https:\/\/www.alteacultural.com\/es\/2024\/12\/17\/la-novena-edicio-premis-altea-de-literatura-i-investigacio-ja-esta-en-marxa\/#primaryimage\"},\"thumbnailUrl\":\"https:\/\/www.alteacultural.com\/wp-content\/uploads\/2025\/01\/premis-altea-2025-cartell-297x420-1-scaled.jpg\",\"datePublished\":\"2024-12-17T08:52:47+00:00\",\"dateModified\":\"2025-04-08T21:14:21+00:00\",\"author\":{\"@id\":\"https:\/\/www.alteacultural.com\/es\/#\/schema\/person\/c4e137537f1af546d214a315255e5172\"},\"breadcrumb\":{\"@id\":\"https:\/\/www.alteacultural.com\/es\/2024\/12\/17\/la-novena-edicio-premis-altea-de-literatura-i-investigacio-ja-esta-en-marxa\/#breadcrumb\"},\"inLanguage\":\"es\",\"potentialAction\":[{\"@type\":\"ReadAction\",\"target\":[\"https:\/\/www.alteacultural.com\/es\/2024\/12\/17\/la-novena-edicio-premis-altea-de-literatura-i-investigacio-ja-esta-en-marxa\/\"]}]},{\"@type\":\"ImageObject\",\"inLanguage\":\"es\",\"@id\":\"https:\/\/www.alteacultural.com\/es\/2024\/12\/17\/la-novena-edicio-premis-altea-de-literatura-i-investigacio-ja-esta-en-marxa\/#primaryimage\",\"url\":\"https:\/\/www.alteacultural.com\/wp-content\/uploads\/2025\/01\/premis-altea-2025-cartell-297x420-1-scaled.jpg\",\"contentUrl\":\"https:\/\/www.alteacultural.com\/wp-content\/uploads\/2025\/01\/premis-altea-2025-cartell-297x420-1-scaled.jpg\",\"width\":1817,\"height\":2560},{\"@type\":\"BreadcrumbList\",\"@id\":\"https:\/\/www.alteacultural.com\/es\/2024\/12\/17\/la-novena-edicio-premis-altea-de-literatura-i-investigacio-ja-esta-en-marxa\/#breadcrumb\",\"itemListElement\":[{\"@type\":\"ListItem\",\"position\":1,\"name\":\"Inici\",\"item\":\"https:\/\/www.alteacultural.com\/es\/\"},{\"@type\":\"ListItem\",\"position\":2,\"name\":\"La novena edici\u00f3n \u201cPremis Altea de Literatura i Investigaci\u00f3\u201d ya est\u00e1 en marcha\"}]},{\"@type\":\"WebSite\",\"@id\":\"https:\/\/www.alteacultural.com\/es\/#website\",\"url\":\"https:\/\/www.alteacultural.com\/es\/\",\"name\":\"Altea Cultural\",\"description\":\"Regidoria de Cultura de l&#039;Ajuntament d&#039;Altea\",\"potentialAction\":[{\"@type\":\"SearchAction\",\"target\":{\"@type\":\"EntryPoint\",\"urlTemplate\":\"https:\/\/www.alteacultural.com\/es\/?s={search_term_string}\"},\"query-input\":\"required name=search_term_string\"}],\"inLanguage\":\"es\"},{\"@type\":\"Person\",\"@id\":\"https:\/\/www.alteacultural.com\/es\/#\/schema\/person\/c4e137537f1af546d214a315255e5172\",\"name\":\"sfaltea.com-admin\",\"image\":{\"@type\":\"ImageObject\",\"inLanguage\":\"es\",\"@id\":\"https:\/\/www.alteacultural.com\/es\/#\/schema\/person\/image\/\",\"url\":\"https:\/\/secure.gravatar.com\/avatar\/f7473fa2fbd351270ccfd469de536202?s=96&d=mm&r=g\",\"contentUrl\":\"https:\/\/secure.gravatar.com\/avatar\/f7473fa2fbd351270ccfd469de536202?s=96&d=mm&r=g\",\"caption\":\"sfaltea.com-admin\"},\"url\":\"https:\/\/www.alteacultural.com\/es\/author\/sfaltea-com-admin\/\"}]}<\/script>\n<!-- \/ Yoast SEO plugin. -->","yoast_head_json":{"title":"La novena edici\u00f3n \u201cPremis Altea de Literatura i Investigaci\u00f3\u201d ya est\u00e1 en marcha - Altea Cultural","robots":{"index":"index","follow":"follow","max-snippet":"max-snippet:-1","max-image-preview":"max-image-preview:large","max-video-preview":"max-video-preview:-1"},"canonical":"https:\/\/www.alteacultural.com\/es\/2024\/12\/17\/la-novena-edicio-premis-altea-de-literatura-i-investigacio-ja-esta-en-marxa\/","og_locale":"es_ES","og_type":"article","og_title":"La novena edici\u00f3n \u201cPremis Altea de Literatura i Investigaci\u00f3\u201d ya est\u00e1 en marcha - Altea Cultural","og_description":"El plazo de presentaci\u00f3n de originales acabar\u00e1 el 31 de enero y la Gala de entrega de galardones tendr\u00e1 [&hellip;]","og_url":"https:\/\/www.alteacultural.com\/es\/2024\/12\/17\/la-novena-edicio-premis-altea-de-literatura-i-investigacio-ja-esta-en-marxa\/","og_site_name":"Altea Cultural","article_published_time":"2024-12-17T08:52:47+00:00","article_modified_time":"2025-04-08T21:14:21+00:00","og_image":[{"width":1817,"height":2560,"url":"https:\/\/www.alteacultural.com\/wp-content\/uploads\/2025\/01\/premis-altea-2025-cartell-297x420-1-scaled.jpg","type":"image\/jpeg"}],"author":"sfaltea.com-admin","twitter_card":"summary_large_image","twitter_misc":{"Escrito por":"sfaltea.com-admin","Tiempo de lectura":"5 minutos"},"schema":{"@context":"https:\/\/schema.org","@graph":[{"@type":"WebPage","@id":"https:\/\/www.alteacultural.com\/es\/2024\/12\/17\/la-novena-edicio-premis-altea-de-literatura-i-investigacio-ja-esta-en-marxa\/","url":"https:\/\/www.alteacultural.com\/es\/2024\/12\/17\/la-novena-edicio-premis-altea-de-literatura-i-investigacio-ja-esta-en-marxa\/","name":"La novena edici\u00f3n \u201cPremis Altea de Literatura i Investigaci\u00f3\u201d ya est\u00e1 en marcha - Altea Cultural","isPartOf":{"@id":"https:\/\/www.alteacultural.com\/es\/#website"},"primaryImageOfPage":{"@id":"https:\/\/www.alteacultural.com\/es\/2024\/12\/17\/la-novena-edicio-premis-altea-de-literatura-i-investigacio-ja-esta-en-marxa\/#primaryimage"},"image":{"@id":"https:\/\/www.alteacultural.com\/es\/2024\/12\/17\/la-novena-edicio-premis-altea-de-literatura-i-investigacio-ja-esta-en-marxa\/#primaryimage"},"thumbnailUrl":"https:\/\/www.alteacultural.com\/wp-content\/uploads\/2025\/01\/premis-altea-2025-cartell-297x420-1-scaled.jpg","datePublished":"2024-12-17T08:52:47+00:00","dateModified":"2025-04-08T21:14:21+00:00","author":{"@id":"https:\/\/www.alteacultural.com\/es\/#\/schema\/person\/c4e137537f1af546d214a315255e5172"},"breadcrumb":{"@id":"https:\/\/www.alteacultural.com\/es\/2024\/12\/17\/la-novena-edicio-premis-altea-de-literatura-i-investigacio-ja-esta-en-marxa\/#breadcrumb"},"inLanguage":"es","potentialAction":[{"@type":"ReadAction","target":["https:\/\/www.alteacultural.com\/es\/2024\/12\/17\/la-novena-edicio-premis-altea-de-literatura-i-investigacio-ja-esta-en-marxa\/"]}]},{"@type":"ImageObject","inLanguage":"es","@id":"https:\/\/www.alteacultural.com\/es\/2024\/12\/17\/la-novena-edicio-premis-altea-de-literatura-i-investigacio-ja-esta-en-marxa\/#primaryimage","url":"https:\/\/www.alteacultural.com\/wp-content\/uploads\/2025\/01\/premis-altea-2025-cartell-297x420-1-scaled.jpg","contentUrl":"https:\/\/www.alteacultural.com\/wp-content\/uploads\/2025\/01\/premis-altea-2025-cartell-297x420-1-scaled.jpg","width":1817,"height":2560},{"@type":"BreadcrumbList","@id":"https:\/\/www.alteacultural.com\/es\/2024\/12\/17\/la-novena-edicio-premis-altea-de-literatura-i-investigacio-ja-esta-en-marxa\/#breadcrumb","itemListElement":[{"@type":"ListItem","position":1,"name":"Inici","item":"https:\/\/www.alteacultural.com\/es\/"},{"@type":"ListItem","position":2,"name":"La novena edici\u00f3n \u201cPremis Altea de Literatura i Investigaci\u00f3\u201d ya est\u00e1 en marcha"}]},{"@type":"WebSite","@id":"https:\/\/www.alteacultural.com\/es\/#website","url":"https:\/\/www.alteacultural.com\/es\/","name":"Altea Cultural","description":"Regidoria de Cultura de l&#039;Ajuntament d&#039;Altea","potentialAction":[{"@type":"SearchAction","target":{"@type":"EntryPoint","urlTemplate":"https:\/\/www.alteacultural.com\/es\/?s={search_term_string}"},"query-input":"required name=search_term_string"}],"inLanguage":"es"},{"@type":"Person","@id":"https:\/\/www.alteacultural.com\/es\/#\/schema\/person\/c4e137537f1af546d214a315255e5172","name":"sfaltea.com-admin","image":{"@type":"ImageObject","inLanguage":"es","@id":"https:\/\/www.alteacultural.com\/es\/#\/schema\/person\/image\/","url":"https:\/\/secure.gravatar.com\/avatar\/f7473fa2fbd351270ccfd469de536202?s=96&d=mm&r=g","contentUrl":"https:\/\/secure.gravatar.com\/avatar\/f7473fa2fbd351270ccfd469de536202?s=96&d=mm&r=g","caption":"sfaltea.com-admin"},"url":"https:\/\/www.alteacultural.com\/es\/author\/sfaltea-com-admin\/"}]}},"_links":{"self":[{"href":"https:\/\/www.alteacultural.com\/es\/wp-json\/wp\/v2\/posts\/34007"}],"collection":[{"href":"https:\/\/www.alteacultural.com\/es\/wp-json\/wp\/v2\/posts"}],"about":[{"href":"https:\/\/www.alteacultural.com\/es\/wp-json\/wp\/v2\/types\/post"}],"author":[{"embeddable":true,"href":"https:\/\/www.alteacultural.com\/es\/wp-json\/wp\/v2\/users\/1"}],"replies":[{"embeddable":true,"href":"https:\/\/www.alteacultural.com\/es\/wp-json\/wp\/v2\/comments?post=34007"}],"version-history":[{"count":3,"href":"https:\/\/www.alteacultural.com\/es\/wp-json\/wp\/v2\/posts\/34007\/revisions"}],"predecessor-version":[{"id":34230,"href":"https:\/\/www.alteacultural.com\/es\/wp-json\/wp\/v2\/posts\/34007\/revisions\/34230"}],"wp:featuredmedia":[{"embeddable":true,"href":"https:\/\/www.alteacultural.com\/es\/wp-json\/wp\/v2\/media\/34166"}],"wp:attachment":[{"href":"https:\/\/www.alteacultural.com\/es\/wp-json\/wp\/v2\/media?parent=34007"}],"curies":[{"name":"wp","href":"https:\/\/api.w.org\/{rel}","templated":true}]}}