{"id":34696,"date":"2025-02-04T09:53:15","date_gmt":"2025-02-04T08:53:15","guid":{"rendered":"https:\/\/www.alteacultural.com\/2025\/02\/04\/cultura-realitza-una-visita-a-lexposicio-del-pintor-altea-juan-navarro-ramon-al-mubag\/"},"modified":"2025-02-09T09:49:04","modified_gmt":"2025-02-09T08:49:04","slug":"cultura-realitza-una-visita-a-lexposicio-del-pintor-altea-juan-navarro-ramon-al-mubag","status":"publish","type":"post","link":"https:\/\/www.alteacultural.com\/es\/2025\/02\/04\/cultura-realitza-una-visita-a-lexposicio-del-pintor-altea-juan-navarro-ramon-al-mubag\/","title":{"rendered":"Cultura realiza una visita a la exposici\u00f3n del pintor alteano Juan Navarro Ram\u00f3n en el Mubag"},"content":{"rendered":"\n<figure class=\"wp-block-image size-full\"><img fetchpriority=\"high\" decoding=\"async\" width=\"1028\" height=\"581\" src=\"https:\/\/www.alteacultural.com\/wp-content\/uploads\/2025\/02\/grup-MUBAG-web.jpg\" alt=\"\" class=\"wp-image-34691\" srcset=\"https:\/\/www.alteacultural.com\/wp-content\/uploads\/2025\/02\/grup-MUBAG-web.jpg 1028w, https:\/\/www.alteacultural.com\/wp-content\/uploads\/2025\/02\/grup-MUBAG-web-768x434.jpg 768w\" sizes=\"(max-width: 1028px) 100vw, 1028px\" \/><\/figure>\n\n\n\n<p><strong>La muestra \u201cMujeres. La mirada pict\u00f3rica de Navarro Ram\u00f3n\u201d estar\u00e1 presente en el Museo de Bellas Artes de Alicante hasta el mes de mayo.<\/strong><\/p>\n\n\n\n<p>El pasado mi\u00e9rcoles un grupo de alteanos y alteanas se desplazaba hasta Alicante para visitar el Mubag y disfrutar de la exposici\u00f3n \u201cMujeres. La mirada pict\u00f3rica de Navarro Ram\u00f3n\u201d del pintor alteano m\u00e1s internacional, Juan Navarro Ram\u00f3n. La cita estuvo organizada por la concejal\u00eda de Cultura de Altea, regida por Pepa Victoria P\u00e9rez y cont\u00f3 con la participaci\u00f3n de la Comisaria de la Exposici\u00f3n, Juan Mar\u00eda Balsalobre.<\/p>\n\n\n\n<p>Como recuerda la edil de \u00e1rea, \u201cla concejal\u00eda de Cultura, desde el 120 aniversario del nacimiento del pintor, en el a\u00f1o 2023, ha organizado una serie de actividades con el objetivo de difundir su obra, darle el valor que le corresponde y en definitiva poner al pintor en el mapa del arte\u201d.<\/p>\n\n\n\n<p>\u201cLa visita que hemos realizado un grupo de alteanos ha estado guiada por la comisaria de la exposici\u00f3n, Juana Mar\u00eda Balsalobre, quien tambi\u00e9n fuera comisaria del 120 aniversario de Navarro Ram\u00f3n y pasamos una ma\u00f1ana disfrutando y aprendiendo sobre la figura de Navarro Ram\u00f3n, sus obras y la historia del pintor alteano\u201d; comenta la responsable municipal de Cultura.<\/p>\n\n\n\n<figure class=\"wp-block-image size-full\"><img decoding=\"async\" width=\"1028\" height=\"691\" data-src=\"https:\/\/www.alteacultural.com\/wp-content\/uploads\/2025\/02\/visita-guiada-web.jpg\" alt=\"\" class=\"wp-image-34693 lazyload\" data-srcset=\"https:\/\/www.alteacultural.com\/wp-content\/uploads\/2025\/02\/visita-guiada-web.jpg 1028w, https:\/\/www.alteacultural.com\/wp-content\/uploads\/2025\/02\/visita-guiada-web-768x516.jpg 768w\" data-sizes=\"(max-width: 1028px) 100vw, 1028px\" src=\"data:image\/gif;base64,R0lGODlhAQABAAAAACH5BAEKAAEALAAAAAABAAEAAAICTAEAOw==\" style=\"--smush-placeholder-width: 1028px; --smush-placeholder-aspect-ratio: 1028\/691;\" \/><\/figure>\n\n\n\n<p>Pepa Victoria P\u00e9rez destaca \u201cla implicaci\u00f3n del \u201cConsorci de Museus de la Comunitat Valenciana en su apuesta por Juan Navarro Ram\u00f3n y el fondo pict\u00f3rico que Altea tiene del pintor ya que el 90% de los cuadros expuestos pertenecen al patrimonio alteano\u201d. \u201cAdem\u00e1s, con periodicidad mensual, el Consorci organiza actitivades en torno a la exposici\u00f3n destinadas a menores de entre 0 y 3 a\u00f1os que consisten en animaci\u00f3n y Arteterapia\u201d; a\u00f1ade la edil.<\/p>\n\n\n\n<p>Seg\u00fan los datos aportados por P\u00e9rez, los domingos las visitas a la exposici\u00f3n est\u00e1n guidadas por personal del propio Mubag. La muestra estar\u00e1 expuesta hasta el 18 de mayo.<\/p>\n\n\n\n<p>Pepa Victoria P\u00e9rez anima a las familias alteanas a disfrutar de la exposici\u00f3n y de las actividades entorno a la misma inform\u00e1ndose en la web del Museo de Bellas Artes de Alicante.<\/p>\n\n\n\n<p>La edil de Cultura acaba agradeciendo al Mubag y al Consorci de Museus de la Comunitat Valenciana su apuesta por el pintor alteano Juan Navarro Ram\u00f3n y \u201cla acogida que siempre nos hacen\u201d.<\/p>\n\n\n\n<p><strong>Mujeres. La mirada pict\u00f3rica de Navarro Ram\u00f3n.<\/strong><\/p>\n\n\n\n<p>La selecci\u00f3n de obras de esta retrospectiva muestra la relaci\u00f3n directa con el t\u00edtulo, Mujeres, vinculada a la figuraci\u00f3n en los a\u00f1os treinta, cuarenta. Y, en los cincuenta, a las formas abstractas que pint\u00f3 en Par\u00eds en esa d\u00e9cada. Expuso como societario del Sal\u00f3n de R\u00e9alit\u00e9s Nouvelles, en el Mus\u00e9e d\u00b4 Art Modern de Paris y en importantes galer\u00edas. En las d\u00e9cadas siguientes compone sus sinfon\u00edas desde la abstracci\u00f3n con un claro dominio del color. En sus lienzos, vuelve a poner el foco central, entre otros, en Mujeres conversando, un tema muy significativo en Navarro Ram\u00f3n. Esta exposici\u00f3n, comisariada por Juana Mar\u00eda Balsalobre, re\u00fane un conjunto significativo de obras de Juan Navarro Ram\u00f3n (1903-1989). Se articula en tres salas y se muestra de forma cronol\u00f3gica. El soporte expositivo es un lienzo continuo, un recorrido visible de la trayectoria vital y profesional del artista. Espacialmente, en su centro, a manera de galer\u00eda continua se disponen las obras, dibujos, lienzos y litograf\u00edas. En la parte inferior una l\u00ednea del tiempo indica, \u00edtem a \u00edtem, referencias, destinos, avatares, historias y huellas de vida compartida con Josefa Fisac Mart\u00edn (1909-1989), que con dieciocho a\u00f1os, en contra de la opini\u00f3n de sus padres, eligi\u00f3 a Juan y al a\u00f1o siguiente se casaron. Fue mucho m\u00e1s que su musa, su compa\u00f1era, su pilar. Ella no se pleg\u00f3 a asumir las limitaciones que la sociedad de su \u00e9poca le impon\u00eda. Tambi\u00e9n en ese extenso lienzo en trazado superior una estela de frases, de citas literarias y cr\u00edticas. Artista comprometido y referenciado en la Historia del Arte del siglo XX como uno de los significativos hacedores del arte abstracto con varias monograf\u00edas y textos escritos por prestigiosos profesores, historiadores del arte, escritores, poetas y cr\u00edticos.<\/p>\n\n\n\n<p><strong>Mus\u2019n\u2019babies<\/strong><\/p>\n\n\n\n<p>Mus\u2019n\u2019babies es una experiencia art\u00edstica y multisensorial que se realiza en la exposici\u00f3n temporal \u00abMujeres. La mirada pict\u00f3rica de Navarro Ram\u00f3n\u00bb que une los conceptos de \u00abm\u00fasica\u00bb, \u00abmuseo\u00bb y \u00abbeb\u00e9\u00bb<\/p>\n\n\n\n<p>Los ni\u00f1os de 0 a 3 a\u00f1os, acompa\u00f1ados de sus familias, descubrir\u00e1n nuestra nueva exposici\u00f3n temporal en un viaje por los sentidos en el que la m\u00fasica y sonidos, que aluden a las im\u00e1genes que aparecen representadas en los cuadros, permiten a los ni\u00f1os disfrutar de las obras de arte. Una experiencia art\u00edstico-musical en un entorno incomparable para vivir en familia.<\/p>\n\n\n\n<p>Organizada por el Consorci de Museus de la Comunitat Valenciana y realizada por UTEM Escola de m\u00fasica. La actividad se realizar\u00e1 a las 11: 30h y 12:30h, en las siguientes fechas: 25 de enero, 15 de febrero, 29 de marzo, 12 de abril, 17 de mayo.<\/p>\n\n\n\n<p>Plazas limitadas. Imprescindible reserva llamando al MUBAG: 965 146 780.<\/p>\n\n\n\n<p>| ALTEADIGITAL.ES<\/p>\n","protected":false},"excerpt":{"rendered":"<p>La muestra \u201cMujeres. La mirada pict\u00f3rica de Navarro Ram\u00f3n\u201d estar\u00e1 presente en el Museo de Bellas Artes de Alicante [&hellip;]<\/p>\n","protected":false},"author":1,"featured_media":34692,"comment_status":"open","ping_status":"open","sticky":false,"template":"","format":"standard","meta":{"_expiration-date-status":"","_expiration-date":0,"_expiration-date-type":"","_expiration-date-categories":[],"_expiration-date-options":[],"footnotes":""},"yoast_head":"<!-- This site is optimized with the Yoast SEO plugin v22.8 - https:\/\/yoast.com\/wordpress\/plugins\/seo\/ -->\n<title>Cultura realiza una visita a la exposici\u00f3n del pintor alteano Juan Navarro Ram\u00f3n en el Mubag - Altea Cultural<\/title>\n<meta name=\"robots\" content=\"index, follow, max-snippet:-1, max-image-preview:large, max-video-preview:-1\" \/>\n<link rel=\"canonical\" href=\"https:\/\/www.alteacultural.com\/es\/2025\/02\/04\/cultura-realitza-una-visita-a-lexposicio-del-pintor-altea-juan-navarro-ramon-al-mubag\/\" \/>\n<meta property=\"og:locale\" content=\"es_ES\" \/>\n<meta property=\"og:type\" content=\"article\" \/>\n<meta property=\"og:title\" content=\"Cultura realiza una visita a la exposici\u00f3n del pintor alteano Juan Navarro Ram\u00f3n en el Mubag - Altea Cultural\" \/>\n<meta property=\"og:description\" content=\"La muestra \u201cMujeres. La mirada pict\u00f3rica de Navarro Ram\u00f3n\u201d estar\u00e1 presente en el Museo de Bellas Artes de Alicante [&hellip;]\" \/>\n<meta property=\"og:url\" content=\"https:\/\/www.alteacultural.com\/es\/2025\/02\/04\/cultura-realitza-una-visita-a-lexposicio-del-pintor-altea-juan-navarro-ramon-al-mubag\/\" \/>\n<meta property=\"og:site_name\" content=\"Altea Cultural\" \/>\n<meta property=\"article:published_time\" content=\"2025-02-04T08:53:15+00:00\" \/>\n<meta property=\"article:modified_time\" content=\"2025-02-09T08:49:04+00:00\" \/>\n<meta property=\"og:image\" content=\"https:\/\/www.alteacultural.com\/wp-content\/uploads\/2025\/02\/grup-MUBAG-web.jpg\" \/>\n\t<meta property=\"og:image:width\" content=\"1028\" \/>\n\t<meta property=\"og:image:height\" content=\"581\" \/>\n\t<meta property=\"og:image:type\" content=\"image\/jpeg\" \/>\n<meta name=\"author\" content=\"sfaltea.com-admin\" \/>\n<meta name=\"twitter:card\" content=\"summary_large_image\" \/>\n<meta name=\"twitter:label1\" content=\"Escrito por\" \/>\n\t<meta name=\"twitter:data1\" content=\"sfaltea.com-admin\" \/>\n\t<meta name=\"twitter:label2\" content=\"Tiempo de lectura\" \/>\n\t<meta name=\"twitter:data2\" content=\"6 minutos\" \/>\n<script type=\"application\/ld+json\" class=\"yoast-schema-graph\">{\"@context\":\"https:\/\/schema.org\",\"@graph\":[{\"@type\":\"WebPage\",\"@id\":\"https:\/\/www.alteacultural.com\/es\/2025\/02\/04\/cultura-realitza-una-visita-a-lexposicio-del-pintor-altea-juan-navarro-ramon-al-mubag\/\",\"url\":\"https:\/\/www.alteacultural.com\/es\/2025\/02\/04\/cultura-realitza-una-visita-a-lexposicio-del-pintor-altea-juan-navarro-ramon-al-mubag\/\",\"name\":\"Cultura realiza una visita a la exposici\u00f3n del pintor alteano Juan Navarro Ram\u00f3n en el Mubag - Altea Cultural\",\"isPartOf\":{\"@id\":\"https:\/\/www.alteacultural.com\/es\/#website\"},\"primaryImageOfPage\":{\"@id\":\"https:\/\/www.alteacultural.com\/es\/2025\/02\/04\/cultura-realitza-una-visita-a-lexposicio-del-pintor-altea-juan-navarro-ramon-al-mubag\/#primaryimage\"},\"image\":{\"@id\":\"https:\/\/www.alteacultural.com\/es\/2025\/02\/04\/cultura-realitza-una-visita-a-lexposicio-del-pintor-altea-juan-navarro-ramon-al-mubag\/#primaryimage\"},\"thumbnailUrl\":\"https:\/\/www.alteacultural.com\/wp-content\/uploads\/2025\/02\/grup-MUBAG-web.jpg\",\"datePublished\":\"2025-02-04T08:53:15+00:00\",\"dateModified\":\"2025-02-09T08:49:04+00:00\",\"author\":{\"@id\":\"https:\/\/www.alteacultural.com\/es\/#\/schema\/person\/c4e137537f1af546d214a315255e5172\"},\"breadcrumb\":{\"@id\":\"https:\/\/www.alteacultural.com\/es\/2025\/02\/04\/cultura-realitza-una-visita-a-lexposicio-del-pintor-altea-juan-navarro-ramon-al-mubag\/#breadcrumb\"},\"inLanguage\":\"es\",\"potentialAction\":[{\"@type\":\"ReadAction\",\"target\":[\"https:\/\/www.alteacultural.com\/es\/2025\/02\/04\/cultura-realitza-una-visita-a-lexposicio-del-pintor-altea-juan-navarro-ramon-al-mubag\/\"]}]},{\"@type\":\"ImageObject\",\"inLanguage\":\"es\",\"@id\":\"https:\/\/www.alteacultural.com\/es\/2025\/02\/04\/cultura-realitza-una-visita-a-lexposicio-del-pintor-altea-juan-navarro-ramon-al-mubag\/#primaryimage\",\"url\":\"https:\/\/www.alteacultural.com\/wp-content\/uploads\/2025\/02\/grup-MUBAG-web.jpg\",\"contentUrl\":\"https:\/\/www.alteacultural.com\/wp-content\/uploads\/2025\/02\/grup-MUBAG-web.jpg\",\"width\":1028,\"height\":581},{\"@type\":\"BreadcrumbList\",\"@id\":\"https:\/\/www.alteacultural.com\/es\/2025\/02\/04\/cultura-realitza-una-visita-a-lexposicio-del-pintor-altea-juan-navarro-ramon-al-mubag\/#breadcrumb\",\"itemListElement\":[{\"@type\":\"ListItem\",\"position\":1,\"name\":\"Inici\",\"item\":\"https:\/\/www.alteacultural.com\/es\/\"},{\"@type\":\"ListItem\",\"position\":2,\"name\":\"Cultura realiza una visita a la exposici\u00f3n del pintor alteano Juan Navarro Ram\u00f3n en el Mubag\"}]},{\"@type\":\"WebSite\",\"@id\":\"https:\/\/www.alteacultural.com\/es\/#website\",\"url\":\"https:\/\/www.alteacultural.com\/es\/\",\"name\":\"Altea Cultural\",\"description\":\"Regidoria de Cultura de l&#039;Ajuntament d&#039;Altea\",\"potentialAction\":[{\"@type\":\"SearchAction\",\"target\":{\"@type\":\"EntryPoint\",\"urlTemplate\":\"https:\/\/www.alteacultural.com\/es\/?s={search_term_string}\"},\"query-input\":\"required name=search_term_string\"}],\"inLanguage\":\"es\"},{\"@type\":\"Person\",\"@id\":\"https:\/\/www.alteacultural.com\/es\/#\/schema\/person\/c4e137537f1af546d214a315255e5172\",\"name\":\"sfaltea.com-admin\",\"image\":{\"@type\":\"ImageObject\",\"inLanguage\":\"es\",\"@id\":\"https:\/\/www.alteacultural.com\/es\/#\/schema\/person\/image\/\",\"url\":\"https:\/\/secure.gravatar.com\/avatar\/f7473fa2fbd351270ccfd469de536202?s=96&d=mm&r=g\",\"contentUrl\":\"https:\/\/secure.gravatar.com\/avatar\/f7473fa2fbd351270ccfd469de536202?s=96&d=mm&r=g\",\"caption\":\"sfaltea.com-admin\"},\"url\":\"https:\/\/www.alteacultural.com\/es\/author\/sfaltea-com-admin\/\"}]}<\/script>\n<!-- \/ Yoast SEO plugin. -->","yoast_head_json":{"title":"Cultura realiza una visita a la exposici\u00f3n del pintor alteano Juan Navarro Ram\u00f3n en el Mubag - Altea Cultural","robots":{"index":"index","follow":"follow","max-snippet":"max-snippet:-1","max-image-preview":"max-image-preview:large","max-video-preview":"max-video-preview:-1"},"canonical":"https:\/\/www.alteacultural.com\/es\/2025\/02\/04\/cultura-realitza-una-visita-a-lexposicio-del-pintor-altea-juan-navarro-ramon-al-mubag\/","og_locale":"es_ES","og_type":"article","og_title":"Cultura realiza una visita a la exposici\u00f3n del pintor alteano Juan Navarro Ram\u00f3n en el Mubag - Altea Cultural","og_description":"La muestra \u201cMujeres. La mirada pict\u00f3rica de Navarro Ram\u00f3n\u201d estar\u00e1 presente en el Museo de Bellas Artes de Alicante [&hellip;]","og_url":"https:\/\/www.alteacultural.com\/es\/2025\/02\/04\/cultura-realitza-una-visita-a-lexposicio-del-pintor-altea-juan-navarro-ramon-al-mubag\/","og_site_name":"Altea Cultural","article_published_time":"2025-02-04T08:53:15+00:00","article_modified_time":"2025-02-09T08:49:04+00:00","og_image":[{"width":1028,"height":581,"url":"https:\/\/www.alteacultural.com\/wp-content\/uploads\/2025\/02\/grup-MUBAG-web.jpg","type":"image\/jpeg"}],"author":"sfaltea.com-admin","twitter_card":"summary_large_image","twitter_misc":{"Escrito por":"sfaltea.com-admin","Tiempo de lectura":"6 minutos"},"schema":{"@context":"https:\/\/schema.org","@graph":[{"@type":"WebPage","@id":"https:\/\/www.alteacultural.com\/es\/2025\/02\/04\/cultura-realitza-una-visita-a-lexposicio-del-pintor-altea-juan-navarro-ramon-al-mubag\/","url":"https:\/\/www.alteacultural.com\/es\/2025\/02\/04\/cultura-realitza-una-visita-a-lexposicio-del-pintor-altea-juan-navarro-ramon-al-mubag\/","name":"Cultura realiza una visita a la exposici\u00f3n del pintor alteano Juan Navarro Ram\u00f3n en el Mubag - Altea Cultural","isPartOf":{"@id":"https:\/\/www.alteacultural.com\/es\/#website"},"primaryImageOfPage":{"@id":"https:\/\/www.alteacultural.com\/es\/2025\/02\/04\/cultura-realitza-una-visita-a-lexposicio-del-pintor-altea-juan-navarro-ramon-al-mubag\/#primaryimage"},"image":{"@id":"https:\/\/www.alteacultural.com\/es\/2025\/02\/04\/cultura-realitza-una-visita-a-lexposicio-del-pintor-altea-juan-navarro-ramon-al-mubag\/#primaryimage"},"thumbnailUrl":"https:\/\/www.alteacultural.com\/wp-content\/uploads\/2025\/02\/grup-MUBAG-web.jpg","datePublished":"2025-02-04T08:53:15+00:00","dateModified":"2025-02-09T08:49:04+00:00","author":{"@id":"https:\/\/www.alteacultural.com\/es\/#\/schema\/person\/c4e137537f1af546d214a315255e5172"},"breadcrumb":{"@id":"https:\/\/www.alteacultural.com\/es\/2025\/02\/04\/cultura-realitza-una-visita-a-lexposicio-del-pintor-altea-juan-navarro-ramon-al-mubag\/#breadcrumb"},"inLanguage":"es","potentialAction":[{"@type":"ReadAction","target":["https:\/\/www.alteacultural.com\/es\/2025\/02\/04\/cultura-realitza-una-visita-a-lexposicio-del-pintor-altea-juan-navarro-ramon-al-mubag\/"]}]},{"@type":"ImageObject","inLanguage":"es","@id":"https:\/\/www.alteacultural.com\/es\/2025\/02\/04\/cultura-realitza-una-visita-a-lexposicio-del-pintor-altea-juan-navarro-ramon-al-mubag\/#primaryimage","url":"https:\/\/www.alteacultural.com\/wp-content\/uploads\/2025\/02\/grup-MUBAG-web.jpg","contentUrl":"https:\/\/www.alteacultural.com\/wp-content\/uploads\/2025\/02\/grup-MUBAG-web.jpg","width":1028,"height":581},{"@type":"BreadcrumbList","@id":"https:\/\/www.alteacultural.com\/es\/2025\/02\/04\/cultura-realitza-una-visita-a-lexposicio-del-pintor-altea-juan-navarro-ramon-al-mubag\/#breadcrumb","itemListElement":[{"@type":"ListItem","position":1,"name":"Inici","item":"https:\/\/www.alteacultural.com\/es\/"},{"@type":"ListItem","position":2,"name":"Cultura realiza una visita a la exposici\u00f3n del pintor alteano Juan Navarro Ram\u00f3n en el Mubag"}]},{"@type":"WebSite","@id":"https:\/\/www.alteacultural.com\/es\/#website","url":"https:\/\/www.alteacultural.com\/es\/","name":"Altea Cultural","description":"Regidoria de Cultura de l&#039;Ajuntament d&#039;Altea","potentialAction":[{"@type":"SearchAction","target":{"@type":"EntryPoint","urlTemplate":"https:\/\/www.alteacultural.com\/es\/?s={search_term_string}"},"query-input":"required name=search_term_string"}],"inLanguage":"es"},{"@type":"Person","@id":"https:\/\/www.alteacultural.com\/es\/#\/schema\/person\/c4e137537f1af546d214a315255e5172","name":"sfaltea.com-admin","image":{"@type":"ImageObject","inLanguage":"es","@id":"https:\/\/www.alteacultural.com\/es\/#\/schema\/person\/image\/","url":"https:\/\/secure.gravatar.com\/avatar\/f7473fa2fbd351270ccfd469de536202?s=96&d=mm&r=g","contentUrl":"https:\/\/secure.gravatar.com\/avatar\/f7473fa2fbd351270ccfd469de536202?s=96&d=mm&r=g","caption":"sfaltea.com-admin"},"url":"https:\/\/www.alteacultural.com\/es\/author\/sfaltea-com-admin\/"}]}},"_links":{"self":[{"href":"https:\/\/www.alteacultural.com\/es\/wp-json\/wp\/v2\/posts\/34696"}],"collection":[{"href":"https:\/\/www.alteacultural.com\/es\/wp-json\/wp\/v2\/posts"}],"about":[{"href":"https:\/\/www.alteacultural.com\/es\/wp-json\/wp\/v2\/types\/post"}],"author":[{"embeddable":true,"href":"https:\/\/www.alteacultural.com\/es\/wp-json\/wp\/v2\/users\/1"}],"replies":[{"embeddable":true,"href":"https:\/\/www.alteacultural.com\/es\/wp-json\/wp\/v2\/comments?post=34696"}],"version-history":[{"count":1,"href":"https:\/\/www.alteacultural.com\/es\/wp-json\/wp\/v2\/posts\/34696\/revisions"}],"predecessor-version":[{"id":34698,"href":"https:\/\/www.alteacultural.com\/es\/wp-json\/wp\/v2\/posts\/34696\/revisions\/34698"}],"wp:featuredmedia":[{"embeddable":true,"href":"https:\/\/www.alteacultural.com\/es\/wp-json\/wp\/v2\/media\/34692"}],"wp:attachment":[{"href":"https:\/\/www.alteacultural.com\/es\/wp-json\/wp\/v2\/media?parent=34696"}],"curies":[{"name":"wp","href":"https:\/\/api.w.org\/{rel}","templated":true}]}}