{"id":34710,"date":"2025-02-04T10:09:20","date_gmt":"2025-02-04T09:09:20","guid":{"rendered":"https:\/\/www.alteacultural.com\/2025\/02\/04\/la-societat-filharmonica-alteanense-inicia-la-seleccio-de-bandes-pera-la-seccio-simfonica-de-la-50-edicio-del-certamen-internacional-de-musica-vila-daltea\/"},"modified":"2025-02-09T10:02:13","modified_gmt":"2025-02-09T09:02:13","slug":"la-societat-filharmonica-alteanense-inicia-la-seleccio-de-bandes-pera-la-seccio-simfonica-de-la-50-edicio-del-certamen-internacional-de-musica-vila-daltea","status":"publish","type":"post","link":"https:\/\/www.alteacultural.com\/es\/2025\/02\/04\/la-societat-filharmonica-alteanense-inicia-la-seleccio-de-bandes-pera-la-seccio-simfonica-de-la-50-edicio-del-certamen-internacional-de-musica-vila-daltea\/","title":{"rendered":"La Societat Filharm\u00f2nica Alteanense inicia la selecci\u00f3n de bandas para la Secci\u00f3n Sinf\u00f3nica de la 50 Edici\u00f3n del Certamen Internacional de M\u00fasica Vila d\u2019Altea"},"content":{"rendered":"\n<figure class=\"wp-block-image size-full\"><img fetchpriority=\"high\" decoding=\"async\" width=\"826\" height=\"660\" src=\"https:\/\/www.alteacultural.com\/wp-content\/uploads\/2025\/02\/regidora-i-president-de-la-SFA-CIM-web.jpg\" alt=\"\" class=\"wp-image-34707\" srcset=\"https:\/\/www.alteacultural.com\/wp-content\/uploads\/2025\/02\/regidora-i-president-de-la-SFA-CIM-web.jpg 826w, https:\/\/www.alteacultural.com\/wp-content\/uploads\/2025\/02\/regidora-i-president-de-la-SFA-CIM-web-768x614.jpg 768w\" sizes=\"(max-width: 826px) 100vw, 826px\" \/><\/figure>\n\n\n\n<p><\/p>\n\n\n\n<p><strong>El 50 CIMALTEA se est\u00e1 celebrando de forma bienal y este 2025 cerrar\u00e1 la celebraci\u00f3n de las Bodas de Oro con la Secci\u00f3n Sinf\u00f3nica.<\/strong><\/p>\n\n\n\n<p>\u00b7 <strong>La SFA seleccionar\u00e1 un m\u00e1ximo de 3 bandas de m\u00fasica sinf\u00f3nicas en la Secci\u00f3n Sinf\u00f3nica que se celebrar\u00e1 el 7 de diciembre de 2025, bajo la modalidad de concierto de libre interpretaci\u00f3n y en la que podr\u00e1n participar entre 90 y 140 int\u00e9rpretes.<\/strong><br>\u00b7 <strong>La 50 edici\u00f3n del Certamen Internacional de M\u00fasica Vila d\u2019Altea est\u00e1 dedicada al 120 Aniversario del Nacimiento del pintor Juan Navarro Ram\u00f3n, 1903-1989, impulsado por la Concejal\u00eda de Cultura del Ayuntamiento de Altea.<\/strong><br><strong>\u00b7 Tras el \u00e9xito de la primera parte del 50 CIMALTEA, la Societat Filarm\u00f2nica Alteanense afronta con ilusi\u00f3n la segunda entrega de este prestigioso e innovador proyecto con una renovada Secci\u00f3n Sinf\u00f3nica.<\/strong><br><strong>\u00b7 Por el CIM Vila de Altea han pasado 207 Sociedades Musicales, 20.500 m\u00fasicos y 146.000 asistentes.<\/strong><\/p>\n\n\n\n<p>La SFA, ha publicado hoy la ampliaci\u00f3n y correcci\u00f3n de las bases de su prestigioso Certamen Internacional de M\u00fasica Villa de Altea, que este a\u00f1o contin\u00faa con sus Bodas de Oro. 50 ediciones en las que este evento se ha ganado un puesto de honor entre las competiciones band\u00edsticas dentro del panorama internacional. La tem\u00e1tica escogida para conducir esta edici\u00f3n es el \u201c120 Aniversario del nacimiento del pintor Juan Navarro Ram\u00f3n, lema impulsado por el Ayuntamiento de Altea que ha puesto el foco de atenci\u00f3n sobre esta emblem\u00e1tica efem\u00e9ride hacia uno de los m\u00e1s c\u00e9lebres pintores de nuestro territorio.<\/p>\n\n\n\n<p>Altea es un pueblo que ha abrazado a la cultura como sello de identidad y, en concreto, hacia la cultura musical. Dentro del inmenso entramado de actividades culturales relacionadas con esta disciplina, tanto en la vertiente cultural como en la educativa y la social, emerge el Certamen como m\u00e1ximo exponente de la tradici\u00f3n musical alteana.<\/p>\n\n\n\n<p>La comisi\u00f3n organizadora seleccionar\u00e1 un m\u00e1ximo de 3 bandas de m\u00fasica sinf\u00f3nicas que participar\u00e1n el pr\u00f3ximo 7 de diciembre de 2025 dentro de la Secci\u00f3n Sinf\u00f3nica, una nueva modalidad de competici\u00f3n: concierto de libre interpretaci\u00f3n y en la que podr\u00e1n participar entre 90 y 140 int\u00e9rpretes en cada una de las bandas seleccionadas. Las agrupaciones que quieran participar, deber\u00e1n confeccionar y presentar un proyecto cultural que ser\u00e1 valorado por un jurado art\u00edstico. En este proyecto se pueden combinar distintas manifestaciones art\u00edsticas, proponiendo un completo espect\u00e1culo. El plazo de inscripci\u00f3n para esta Secci\u00f3n ser\u00e1 entre el 12 y el 28 de febrero de 2025.<\/p>\n\n\n\n<p>El presidente de la SFA, Juan Carlos Guillen, ha informado que \u00abpara la SFA es un motivo de satisfacci\u00f3n continuar un a\u00f1o m\u00e1s con la celebraci\u00f3n de este humilde pero, a su vez, gran evento. Celebrar las Bodas de Oro de este importante evento band\u00edstico, con grandes e importantes novedades es, para nosotros, una motivaci\u00f3n especial\u201d. Asimismo, Guillen ha dedicado unas palabras de agradecimiento hacia el Ayuntamiento de Altea por la confianza depositada en la SFA por en la organizaci\u00f3n del CIMALTEA, la actividad cultural m\u00e1s importante que se lleva a cabo en Altea.<\/p>\n\n\n\n<p>Por \u00faltimo, Guillen ha destacado que \u00abcon la celebraci\u00f3n de esta edici\u00f3n del certamen se consolidan las bases de este ambicioso proyecto\u00bb. Tambi\u00e9n ha querido agradecer el apoyo de todas las entidades colaboradoras, especialmente a la Fundaci\u00f3n Sanganxa, con quien se est\u00e1 trabajando para desarrollar acciones de colaboraci\u00f3n, as\u00ed como a los habituales colaboradores: Caixaltea, Alia Tasaciones, Restaurante El Barba, SIGGO, Hotel Cap Negret, Borpe, Zaral, Palau Altea, Diputaci\u00f3n de Alicante y Conselleria de Educaci\u00f3n, Cultura y Deporte, por continuar depositando su confianza de forma desinteresada en la gesti\u00f3n de la SFA y sus proyectos.<\/p>\n\n\n\n<p>Por su parte, Pepa P\u00e9rez, concejala de Cultura, se ha mostrado muy ilusionada con esta nueva entrega de la 50\u00aa edici\u00f3n del CIM Vila de Altea. Adem\u00e1s, P\u00e9rez ha comentado que \u00abdesde la Concejal\u00eda de Cultura del Ayuntamiento de Altea felicitamos a la SFA por llegar, no sin grandes esfuerzos, a esta 50 edici\u00f3n del CIMALTEA. Un proyecto consolidado, innovador y que, con el nuevo impulso, camina hacia mayores logros.<\/p>\n\n\n\n<p>Por \u00faltimo, la responsable de Cultura ha querido agradecer el esfuerzo del Comit\u00e9 organizador, mostrando su plena disposici\u00f3n a colaborar con este gran proyecto.<\/p>\n\n\n\n<p>La SFA, organizadora del certamen, agrupa a 200 m\u00fasicos, 400 alumnos de la escuela de m\u00fasica, 1.000 socios y diferentes secciones: Banda Sinf\u00f3nica, Coro, Orquesta de Pulso y P\u00faa, Orquesta de Cuerda y Escuela de m\u00fasica y danza, ESMUALTEA. Pertenece a la Federaci\u00f3n de Sociedades Musicales de la Comunidad Valenciana, una asociaci\u00f3n que aglutina a m\u00e1s de 550 sociedades musicales con 40.000 m\u00fasicos, 50% de Espa\u00f1a, 60.000 alumnos y 200.000 socios.<\/p>\n\n\n\n<p>El CIM Vila d\u2019Altea presenta una innovadora Secci\u00f3n Sinf\u00f3nica dentro de la celebraci\u00f3n del 50 CIMALTEA. Un evento que no ser\u00eda posible sin el apoyo del Ayuntamiento Altea, despu\u00e9s de ver pasar 207 Sociedades Musicales procedentes de cuatro continentes -Europa, Am\u00e9rica , \u00c1frica y Asia-, m\u00e1s de 20.500 m\u00fasicos y 146.000 asistentes; de interpretar 680 obras y entregar 176.000 euros en premios desde el principio.<\/p>\n\n\n\n<p>Enlace descarga Correcci\u00f3n y ampliaci\u00f3n bases 50 CIMALTEA: <a href=\"https:\/\/www.cimaltea.com\/seccion-sinfonica\/\" target=\"_blank\" rel=\"noreferrer noopener\">https:\/\/www.cimaltea.com\/seccion-sinfonica\/<\/a><\/p>\n\n\n\n<p><strong>M\u00c9S INFORMACI\u00d3 I CONTACTES:<\/strong><\/p>\n\n\n\n<p><a href=\"http:\/\/www.cimaltea.com\">www.cimaltea.com<\/a>\u2028<a href=\"http:\/\/www.sfaltea.com\">www.sfaltea.com<\/a><\/p>\n\n\n\n<p>Coordinaci\u00f3n del CIMALTEA: Juan Tom\u00e1s Lavi\u00f3s<\/p>\n\n\n\n<p>Tel\u00e8f. +34 677 38 47 66<\/p>\n\n\n\n<p>| ALTEADIGITAL.ES<\/p>\n","protected":false},"excerpt":{"rendered":"<p>El 50 CIMALTEA se est\u00e1 celebrando de forma bienal y este 2025 cerrar\u00e1 la celebraci\u00f3n de las Bodas de [&hellip;]<\/p>\n","protected":false},"author":1,"featured_media":34708,"comment_status":"open","ping_status":"open","sticky":false,"template":"","format":"standard","meta":{"_expiration-date-status":"","_expiration-date":0,"_expiration-date-type":"","_expiration-date-categories":[],"_expiration-date-options":[],"footnotes":""},"yoast_head":"<!-- This site is optimized with the Yoast SEO plugin v22.8 - https:\/\/yoast.com\/wordpress\/plugins\/seo\/ -->\n<title>La Societat Filharm\u00f2nica Alteanense inicia la selecci\u00f3n de bandas para la Secci\u00f3n Sinf\u00f3nica de la 50 Edici\u00f3n del Certamen Internacional de M\u00fasica Vila d\u2019Altea - Altea Cultural<\/title>\n<meta name=\"robots\" content=\"index, follow, max-snippet:-1, max-image-preview:large, max-video-preview:-1\" \/>\n<link rel=\"canonical\" href=\"https:\/\/www.alteacultural.com\/es\/2025\/02\/04\/la-societat-filharmonica-alteanense-inicia-la-seleccio-de-bandes-pera-la-seccio-simfonica-de-la-50-edicio-del-certamen-internacional-de-musica-vila-daltea\/\" \/>\n<meta property=\"og:locale\" content=\"es_ES\" \/>\n<meta property=\"og:type\" content=\"article\" \/>\n<meta property=\"og:title\" content=\"La Societat Filharm\u00f2nica Alteanense inicia la selecci\u00f3n de bandas para la Secci\u00f3n Sinf\u00f3nica de la 50 Edici\u00f3n del Certamen Internacional de M\u00fasica Vila d\u2019Altea - Altea Cultural\" \/>\n<meta property=\"og:description\" content=\"El 50 CIMALTEA se est\u00e1 celebrando de forma bienal y este 2025 cerrar\u00e1 la celebraci\u00f3n de las Bodas de [&hellip;]\" \/>\n<meta property=\"og:url\" content=\"https:\/\/www.alteacultural.com\/es\/2025\/02\/04\/la-societat-filharmonica-alteanense-inicia-la-seleccio-de-bandes-pera-la-seccio-simfonica-de-la-50-edicio-del-certamen-internacional-de-musica-vila-daltea\/\" \/>\n<meta property=\"og:site_name\" content=\"Altea Cultural\" \/>\n<meta property=\"article:published_time\" content=\"2025-02-04T09:09:20+00:00\" \/>\n<meta property=\"article:modified_time\" content=\"2025-02-09T09:02:13+00:00\" \/>\n<meta property=\"og:image\" content=\"https:\/\/www.alteacultural.com\/wp-content\/uploads\/2025\/02\/regidora-i-president-de-la-SFA-CIM-web.jpg\" \/>\n\t<meta property=\"og:image:width\" content=\"826\" \/>\n\t<meta property=\"og:image:height\" content=\"660\" \/>\n\t<meta property=\"og:image:type\" content=\"image\/jpeg\" \/>\n<meta name=\"author\" content=\"sfaltea.com-admin\" \/>\n<meta name=\"twitter:card\" content=\"summary_large_image\" \/>\n<meta name=\"twitter:label1\" content=\"Escrito por\" \/>\n\t<meta name=\"twitter:data1\" content=\"sfaltea.com-admin\" \/>\n\t<meta name=\"twitter:label2\" content=\"Tiempo de lectura\" \/>\n\t<meta name=\"twitter:data2\" content=\"6 minutos\" \/>\n<script type=\"application\/ld+json\" class=\"yoast-schema-graph\">{\"@context\":\"https:\/\/schema.org\",\"@graph\":[{\"@type\":\"WebPage\",\"@id\":\"https:\/\/www.alteacultural.com\/es\/2025\/02\/04\/la-societat-filharmonica-alteanense-inicia-la-seleccio-de-bandes-pera-la-seccio-simfonica-de-la-50-edicio-del-certamen-internacional-de-musica-vila-daltea\/\",\"url\":\"https:\/\/www.alteacultural.com\/es\/2025\/02\/04\/la-societat-filharmonica-alteanense-inicia-la-seleccio-de-bandes-pera-la-seccio-simfonica-de-la-50-edicio-del-certamen-internacional-de-musica-vila-daltea\/\",\"name\":\"La Societat Filharm\u00f2nica Alteanense inicia la selecci\u00f3n de bandas para la Secci\u00f3n Sinf\u00f3nica de la 50 Edici\u00f3n del Certamen Internacional de M\u00fasica Vila d\u2019Altea - Altea Cultural\",\"isPartOf\":{\"@id\":\"https:\/\/www.alteacultural.com\/es\/#website\"},\"primaryImageOfPage\":{\"@id\":\"https:\/\/www.alteacultural.com\/es\/2025\/02\/04\/la-societat-filharmonica-alteanense-inicia-la-seleccio-de-bandes-pera-la-seccio-simfonica-de-la-50-edicio-del-certamen-internacional-de-musica-vila-daltea\/#primaryimage\"},\"image\":{\"@id\":\"https:\/\/www.alteacultural.com\/es\/2025\/02\/04\/la-societat-filharmonica-alteanense-inicia-la-seleccio-de-bandes-pera-la-seccio-simfonica-de-la-50-edicio-del-certamen-internacional-de-musica-vila-daltea\/#primaryimage\"},\"thumbnailUrl\":\"https:\/\/www.alteacultural.com\/wp-content\/uploads\/2025\/02\/regidora-i-president-de-la-SFA-CIM-web.jpg\",\"datePublished\":\"2025-02-04T09:09:20+00:00\",\"dateModified\":\"2025-02-09T09:02:13+00:00\",\"author\":{\"@id\":\"https:\/\/www.alteacultural.com\/es\/#\/schema\/person\/c4e137537f1af546d214a315255e5172\"},\"breadcrumb\":{\"@id\":\"https:\/\/www.alteacultural.com\/es\/2025\/02\/04\/la-societat-filharmonica-alteanense-inicia-la-seleccio-de-bandes-pera-la-seccio-simfonica-de-la-50-edicio-del-certamen-internacional-de-musica-vila-daltea\/#breadcrumb\"},\"inLanguage\":\"es\",\"potentialAction\":[{\"@type\":\"ReadAction\",\"target\":[\"https:\/\/www.alteacultural.com\/es\/2025\/02\/04\/la-societat-filharmonica-alteanense-inicia-la-seleccio-de-bandes-pera-la-seccio-simfonica-de-la-50-edicio-del-certamen-internacional-de-musica-vila-daltea\/\"]}]},{\"@type\":\"ImageObject\",\"inLanguage\":\"es\",\"@id\":\"https:\/\/www.alteacultural.com\/es\/2025\/02\/04\/la-societat-filharmonica-alteanense-inicia-la-seleccio-de-bandes-pera-la-seccio-simfonica-de-la-50-edicio-del-certamen-internacional-de-musica-vila-daltea\/#primaryimage\",\"url\":\"https:\/\/www.alteacultural.com\/wp-content\/uploads\/2025\/02\/regidora-i-president-de-la-SFA-CIM-web.jpg\",\"contentUrl\":\"https:\/\/www.alteacultural.com\/wp-content\/uploads\/2025\/02\/regidora-i-president-de-la-SFA-CIM-web.jpg\",\"width\":826,\"height\":660},{\"@type\":\"BreadcrumbList\",\"@id\":\"https:\/\/www.alteacultural.com\/es\/2025\/02\/04\/la-societat-filharmonica-alteanense-inicia-la-seleccio-de-bandes-pera-la-seccio-simfonica-de-la-50-edicio-del-certamen-internacional-de-musica-vila-daltea\/#breadcrumb\",\"itemListElement\":[{\"@type\":\"ListItem\",\"position\":1,\"name\":\"Inici\",\"item\":\"https:\/\/www.alteacultural.com\/es\/\"},{\"@type\":\"ListItem\",\"position\":2,\"name\":\"La Societat Filharm\u00f2nica Alteanense inicia la selecci\u00f3n de bandas para la Secci\u00f3n Sinf\u00f3nica de la 50 Edici\u00f3n del Certamen Internacional de M\u00fasica Vila d\u2019Altea\"}]},{\"@type\":\"WebSite\",\"@id\":\"https:\/\/www.alteacultural.com\/es\/#website\",\"url\":\"https:\/\/www.alteacultural.com\/es\/\",\"name\":\"Altea Cultural\",\"description\":\"Regidoria de Cultura de l&#039;Ajuntament d&#039;Altea\",\"potentialAction\":[{\"@type\":\"SearchAction\",\"target\":{\"@type\":\"EntryPoint\",\"urlTemplate\":\"https:\/\/www.alteacultural.com\/es\/?s={search_term_string}\"},\"query-input\":\"required name=search_term_string\"}],\"inLanguage\":\"es\"},{\"@type\":\"Person\",\"@id\":\"https:\/\/www.alteacultural.com\/es\/#\/schema\/person\/c4e137537f1af546d214a315255e5172\",\"name\":\"sfaltea.com-admin\",\"image\":{\"@type\":\"ImageObject\",\"inLanguage\":\"es\",\"@id\":\"https:\/\/www.alteacultural.com\/es\/#\/schema\/person\/image\/\",\"url\":\"https:\/\/secure.gravatar.com\/avatar\/f7473fa2fbd351270ccfd469de536202?s=96&d=mm&r=g\",\"contentUrl\":\"https:\/\/secure.gravatar.com\/avatar\/f7473fa2fbd351270ccfd469de536202?s=96&d=mm&r=g\",\"caption\":\"sfaltea.com-admin\"},\"url\":\"https:\/\/www.alteacultural.com\/es\/author\/sfaltea-com-admin\/\"}]}<\/script>\n<!-- \/ Yoast SEO plugin. -->","yoast_head_json":{"title":"La Societat Filharm\u00f2nica Alteanense inicia la selecci\u00f3n de bandas para la Secci\u00f3n Sinf\u00f3nica de la 50 Edici\u00f3n del Certamen Internacional de M\u00fasica Vila d\u2019Altea - Altea Cultural","robots":{"index":"index","follow":"follow","max-snippet":"max-snippet:-1","max-image-preview":"max-image-preview:large","max-video-preview":"max-video-preview:-1"},"canonical":"https:\/\/www.alteacultural.com\/es\/2025\/02\/04\/la-societat-filharmonica-alteanense-inicia-la-seleccio-de-bandes-pera-la-seccio-simfonica-de-la-50-edicio-del-certamen-internacional-de-musica-vila-daltea\/","og_locale":"es_ES","og_type":"article","og_title":"La Societat Filharm\u00f2nica Alteanense inicia la selecci\u00f3n de bandas para la Secci\u00f3n Sinf\u00f3nica de la 50 Edici\u00f3n del Certamen Internacional de M\u00fasica Vila d\u2019Altea - Altea Cultural","og_description":"El 50 CIMALTEA se est\u00e1 celebrando de forma bienal y este 2025 cerrar\u00e1 la celebraci\u00f3n de las Bodas de [&hellip;]","og_url":"https:\/\/www.alteacultural.com\/es\/2025\/02\/04\/la-societat-filharmonica-alteanense-inicia-la-seleccio-de-bandes-pera-la-seccio-simfonica-de-la-50-edicio-del-certamen-internacional-de-musica-vila-daltea\/","og_site_name":"Altea Cultural","article_published_time":"2025-02-04T09:09:20+00:00","article_modified_time":"2025-02-09T09:02:13+00:00","og_image":[{"width":826,"height":660,"url":"https:\/\/www.alteacultural.com\/wp-content\/uploads\/2025\/02\/regidora-i-president-de-la-SFA-CIM-web.jpg","type":"image\/jpeg"}],"author":"sfaltea.com-admin","twitter_card":"summary_large_image","twitter_misc":{"Escrito por":"sfaltea.com-admin","Tiempo de lectura":"6 minutos"},"schema":{"@context":"https:\/\/schema.org","@graph":[{"@type":"WebPage","@id":"https:\/\/www.alteacultural.com\/es\/2025\/02\/04\/la-societat-filharmonica-alteanense-inicia-la-seleccio-de-bandes-pera-la-seccio-simfonica-de-la-50-edicio-del-certamen-internacional-de-musica-vila-daltea\/","url":"https:\/\/www.alteacultural.com\/es\/2025\/02\/04\/la-societat-filharmonica-alteanense-inicia-la-seleccio-de-bandes-pera-la-seccio-simfonica-de-la-50-edicio-del-certamen-internacional-de-musica-vila-daltea\/","name":"La Societat Filharm\u00f2nica Alteanense inicia la selecci\u00f3n de bandas para la Secci\u00f3n Sinf\u00f3nica de la 50 Edici\u00f3n del Certamen Internacional de M\u00fasica Vila d\u2019Altea - Altea Cultural","isPartOf":{"@id":"https:\/\/www.alteacultural.com\/es\/#website"},"primaryImageOfPage":{"@id":"https:\/\/www.alteacultural.com\/es\/2025\/02\/04\/la-societat-filharmonica-alteanense-inicia-la-seleccio-de-bandes-pera-la-seccio-simfonica-de-la-50-edicio-del-certamen-internacional-de-musica-vila-daltea\/#primaryimage"},"image":{"@id":"https:\/\/www.alteacultural.com\/es\/2025\/02\/04\/la-societat-filharmonica-alteanense-inicia-la-seleccio-de-bandes-pera-la-seccio-simfonica-de-la-50-edicio-del-certamen-internacional-de-musica-vila-daltea\/#primaryimage"},"thumbnailUrl":"https:\/\/www.alteacultural.com\/wp-content\/uploads\/2025\/02\/regidora-i-president-de-la-SFA-CIM-web.jpg","datePublished":"2025-02-04T09:09:20+00:00","dateModified":"2025-02-09T09:02:13+00:00","author":{"@id":"https:\/\/www.alteacultural.com\/es\/#\/schema\/person\/c4e137537f1af546d214a315255e5172"},"breadcrumb":{"@id":"https:\/\/www.alteacultural.com\/es\/2025\/02\/04\/la-societat-filharmonica-alteanense-inicia-la-seleccio-de-bandes-pera-la-seccio-simfonica-de-la-50-edicio-del-certamen-internacional-de-musica-vila-daltea\/#breadcrumb"},"inLanguage":"es","potentialAction":[{"@type":"ReadAction","target":["https:\/\/www.alteacultural.com\/es\/2025\/02\/04\/la-societat-filharmonica-alteanense-inicia-la-seleccio-de-bandes-pera-la-seccio-simfonica-de-la-50-edicio-del-certamen-internacional-de-musica-vila-daltea\/"]}]},{"@type":"ImageObject","inLanguage":"es","@id":"https:\/\/www.alteacultural.com\/es\/2025\/02\/04\/la-societat-filharmonica-alteanense-inicia-la-seleccio-de-bandes-pera-la-seccio-simfonica-de-la-50-edicio-del-certamen-internacional-de-musica-vila-daltea\/#primaryimage","url":"https:\/\/www.alteacultural.com\/wp-content\/uploads\/2025\/02\/regidora-i-president-de-la-SFA-CIM-web.jpg","contentUrl":"https:\/\/www.alteacultural.com\/wp-content\/uploads\/2025\/02\/regidora-i-president-de-la-SFA-CIM-web.jpg","width":826,"height":660},{"@type":"BreadcrumbList","@id":"https:\/\/www.alteacultural.com\/es\/2025\/02\/04\/la-societat-filharmonica-alteanense-inicia-la-seleccio-de-bandes-pera-la-seccio-simfonica-de-la-50-edicio-del-certamen-internacional-de-musica-vila-daltea\/#breadcrumb","itemListElement":[{"@type":"ListItem","position":1,"name":"Inici","item":"https:\/\/www.alteacultural.com\/es\/"},{"@type":"ListItem","position":2,"name":"La Societat Filharm\u00f2nica Alteanense inicia la selecci\u00f3n de bandas para la Secci\u00f3n Sinf\u00f3nica de la 50 Edici\u00f3n del Certamen Internacional de M\u00fasica Vila d\u2019Altea"}]},{"@type":"WebSite","@id":"https:\/\/www.alteacultural.com\/es\/#website","url":"https:\/\/www.alteacultural.com\/es\/","name":"Altea Cultural","description":"Regidoria de Cultura de l&#039;Ajuntament d&#039;Altea","potentialAction":[{"@type":"SearchAction","target":{"@type":"EntryPoint","urlTemplate":"https:\/\/www.alteacultural.com\/es\/?s={search_term_string}"},"query-input":"required name=search_term_string"}],"inLanguage":"es"},{"@type":"Person","@id":"https:\/\/www.alteacultural.com\/es\/#\/schema\/person\/c4e137537f1af546d214a315255e5172","name":"sfaltea.com-admin","image":{"@type":"ImageObject","inLanguage":"es","@id":"https:\/\/www.alteacultural.com\/es\/#\/schema\/person\/image\/","url":"https:\/\/secure.gravatar.com\/avatar\/f7473fa2fbd351270ccfd469de536202?s=96&d=mm&r=g","contentUrl":"https:\/\/secure.gravatar.com\/avatar\/f7473fa2fbd351270ccfd469de536202?s=96&d=mm&r=g","caption":"sfaltea.com-admin"},"url":"https:\/\/www.alteacultural.com\/es\/author\/sfaltea-com-admin\/"}]}},"_links":{"self":[{"href":"https:\/\/www.alteacultural.com\/es\/wp-json\/wp\/v2\/posts\/34710"}],"collection":[{"href":"https:\/\/www.alteacultural.com\/es\/wp-json\/wp\/v2\/posts"}],"about":[{"href":"https:\/\/www.alteacultural.com\/es\/wp-json\/wp\/v2\/types\/post"}],"author":[{"embeddable":true,"href":"https:\/\/www.alteacultural.com\/es\/wp-json\/wp\/v2\/users\/1"}],"replies":[{"embeddable":true,"href":"https:\/\/www.alteacultural.com\/es\/wp-json\/wp\/v2\/comments?post=34710"}],"version-history":[{"count":1,"href":"https:\/\/www.alteacultural.com\/es\/wp-json\/wp\/v2\/posts\/34710\/revisions"}],"predecessor-version":[{"id":34712,"href":"https:\/\/www.alteacultural.com\/es\/wp-json\/wp\/v2\/posts\/34710\/revisions\/34712"}],"wp:featuredmedia":[{"embeddable":true,"href":"https:\/\/www.alteacultural.com\/es\/wp-json\/wp\/v2\/media\/34708"}],"wp:attachment":[{"href":"https:\/\/www.alteacultural.com\/es\/wp-json\/wp\/v2\/media?parent=34710"}],"curies":[{"name":"wp","href":"https:\/\/api.w.org\/{rel}","templated":true}]}}