{"id":34802,"date":"2025-02-11T10:07:37","date_gmt":"2025-02-11T09:07:37","guid":{"rendered":"https:\/\/www.alteacultural.com\/2025\/02\/11\/cultura-presenta-una-nova-cinquena-edicio-del-beethoven-fest\/"},"modified":"2025-02-17T10:07:46","modified_gmt":"2025-02-17T09:07:46","slug":"cultura-presenta-una-nova-cinquena-edicio-del-beethoven-fest","status":"publish","type":"post","link":"https:\/\/www.alteacultural.com\/es\/2025\/02\/11\/cultura-presenta-una-nova-cinquena-edicio-del-beethoven-fest\/","title":{"rendered":"Cultura presenta una novedosa quinta edici\u00f3n del Beethoven Fest"},"content":{"rendered":"\n<figure class=\"wp-block-image size-full\"><img fetchpriority=\"high\" decoding=\"async\" width=\"800\" height=\"728\" src=\"https:\/\/www.alteacultural.com\/wp-content\/uploads\/2025\/02\/Marcos-y-Pepa-Beethoven-Fest-web.jpg\" alt=\"\" class=\"wp-image-34799\" srcset=\"https:\/\/www.alteacultural.com\/wp-content\/uploads\/2025\/02\/Marcos-y-Pepa-Beethoven-Fest-web.jpg 800w, https:\/\/www.alteacultural.com\/wp-content\/uploads\/2025\/02\/Marcos-y-Pepa-Beethoven-Fest-web-768x699.jpg 768w\" sizes=\"(max-width: 800px) 100vw, 800px\" \/><\/figure>\n\n\n\n<p><strong>El \u00faltimo de los conciertos, de car\u00e1cter internacional, tendr\u00e1 lugar en Palau Altea.<\/strong><\/p>\n\n\n\n<p>El 21 de febrero tendr\u00e1 lugar el primero de los tres conciertos con los que contar\u00e1 el Beethoven Fest en su quinta edici\u00f3n. Una efem\u00e9ride que se ha querido conmemorar con el cambio de formato de uno de los conciertos, concretamente el \u00faltimo, que tendr\u00e1 lugar en Palau Altea el 1 de marzo con la participaci\u00f3n de la orquesta \u201cLeo kestenberg\u201d, procedente de Alemania. As\u00ed lo han anunciado la edil de Cultura, Pepa Victoria P\u00e9rez y el coordinador del evento, Marcos Ivorra.<\/p>\n\n\n\n<p>En palabras de la edil de Cultura, \u201ceste a\u00f1o se celebra ya la 5\u00aa edici\u00f3n del Beethoven Fest, lo que indica que se trata de un ciclo de m\u00fasica consolidado y para celebrarlo, cambiamos un poco la dimensi\u00f3n de los conciertos que hasta el momento han sido de de peque\u00f1o formato en la Casa de Cultura y el \u00faltimo de los tres de este a\u00f1o tendr\u00e1 lugar en Palau Altea\u201d.<\/p>\n\n\n\n<p>Pepa Victoria P\u00e9rez ha dado las gracias a Marcos Ivorra y Sinfonietta Altea por colaborar en la organizaci\u00f3n del Beethoven Fest desde su inicio.<\/p>\n\n\n\n<p>Asimismo, P\u00e9rez ha invitado a todas las personas que lo deseen a asistir a los conciertos y ha recordado que la entrada es gratuita.<\/p>\n\n\n\n<p>Como coordinador del Evento, Marcos Ivorra ha explicado que ser\u00e1n tres conciertos, dos a la Casa de Cultura y uno, el \u00faltimo, en Palau Altea, lo que conformen el programa del Beethoven Fest 2025.<\/p>\n\n\n\n<p>El primero de los conciertos, d\u00eda 21 de febrero a las 20:00h es el que responde al concierto del artista local. \u201cSiempre nos gusta dar visibilidad a los m\u00fasicos de nuestro pueblo\u201d, ha declarado Ivorra, quien ha apuntado que ser\u00e1 Ludwig Trio \u2013Viol\u00edn, contrabajo y piano- el que interprete \u201cUna sonata para tres\u201d. En este caso la artista local es Mari Ripoll Gallardo, al contrabajo.<\/p>\n\n\n\n<p>El segundo de los conciertos se desarrollar\u00e1 el 23 de febrero a las 12h, tambi\u00e9n en la Casa de Cultura, en el que el pianista Jes\u00fas Mar\u00eda G\u00f3mez Rodr\u00edguez interpretar\u00e1 \u201cLa Sonata, Esencia del Clasicismo\u201d.<\/p>\n\n\n\n<p>Y el tercero de los conciertos, de mayor formato, tendr\u00e1 lugar en Palau Altea el 1 de marzo a las 19h. La actuaci\u00f3n correr\u00e1 a cargo de la orquesta de c\u00e1mara \u201cLeo Kesterberg\u201d, compuesta por 25 componentes y el viol\u00edn Iskandar Widjajam, dirigida por Alexander Ramm.<\/p>\n\n\n\n<p>\u201cEsta es una edici\u00f3n especial que realmente empezamos a cerrar mientras celebr\u00e1bamos el a\u00f1o pasado y pensamos que este es un paso m\u00e1s dentro del Festival y lo que hacemos con estos m\u00fasicos alemanes que vienen es darle car\u00e1cter internacional al Beethoven Fest\u201d; ha concluido Marcos Ivorra, coordinador del Festival.<\/p>\n\n\n\n<figure class=\"wp-block-image size-full is-resized\"><img decoding=\"async\" width=\"1809\" height=\"2560\" data-src=\"https:\/\/www.alteacultural.com\/wp-content\/uploads\/2025\/01\/2025-03-01-V-Beethoven-Fest-2025-cartel-scaled.jpg\" alt=\"\" class=\"wp-image-34605 lazyload\" style=\"--smush-placeholder-width: 1809px; --smush-placeholder-aspect-ratio: 1809\/2560;width:840px;height:auto\" data-srcset=\"https:\/\/www.alteacultural.com\/wp-content\/uploads\/2025\/01\/2025-03-01-V-Beethoven-Fest-2025-cartel-scaled.jpg 1809w, https:\/\/www.alteacultural.com\/wp-content\/uploads\/2025\/01\/2025-03-01-V-Beethoven-Fest-2025-cartel-768x1087.jpg 768w, https:\/\/www.alteacultural.com\/wp-content\/uploads\/2025\/01\/2025-03-01-V-Beethoven-Fest-2025-cartel-1085x1536.jpg 1085w, https:\/\/www.alteacultural.com\/wp-content\/uploads\/2025\/01\/2025-03-01-V-Beethoven-Fest-2025-cartel-1447x2048.jpg 1447w\" data-sizes=\"(max-width: 1809px) 100vw, 1809px\" src=\"data:image\/gif;base64,R0lGODlhAQABAAAAACH5BAEKAAEALAAAAAABAAEAAAICTAEAOw==\" \/><\/figure>\n\n\n\n<p>| ALTEADIGITAL.ES<\/p>\n","protected":false},"excerpt":{"rendered":"<p>El \u00faltimo de los conciertos, de car\u00e1cter internacional, tendr\u00e1 lugar en Palau Altea. El 21 de febrero tendr\u00e1 lugar [&hellip;]<\/p>\n","protected":false},"author":1,"featured_media":34615,"comment_status":"open","ping_status":"open","sticky":false,"template":"","format":"standard","meta":{"_expiration-date-status":"","_expiration-date":0,"_expiration-date-type":"","_expiration-date-categories":[],"_expiration-date-options":[],"footnotes":""},"yoast_head":"<!-- This site is optimized with the Yoast SEO plugin v22.8 - https:\/\/yoast.com\/wordpress\/plugins\/seo\/ -->\n<title>Cultura presenta una novedosa quinta edici\u00f3n del Beethoven Fest - Altea Cultural<\/title>\n<meta name=\"robots\" content=\"index, follow, max-snippet:-1, max-image-preview:large, max-video-preview:-1\" \/>\n<link rel=\"canonical\" href=\"https:\/\/www.alteacultural.com\/es\/2025\/02\/11\/cultura-presenta-una-nova-cinquena-edicio-del-beethoven-fest\/\" \/>\n<meta property=\"og:locale\" content=\"es_ES\" \/>\n<meta property=\"og:type\" content=\"article\" \/>\n<meta property=\"og:title\" content=\"Cultura presenta una novedosa quinta edici\u00f3n del Beethoven Fest - Altea Cultural\" \/>\n<meta property=\"og:description\" content=\"El \u00faltimo de los conciertos, de car\u00e1cter internacional, tendr\u00e1 lugar en Palau Altea. El 21 de febrero tendr\u00e1 lugar [&hellip;]\" \/>\n<meta property=\"og:url\" content=\"https:\/\/www.alteacultural.com\/es\/2025\/02\/11\/cultura-presenta-una-nova-cinquena-edicio-del-beethoven-fest\/\" \/>\n<meta property=\"og:site_name\" content=\"Altea Cultural\" \/>\n<meta property=\"article:published_time\" content=\"2025-02-11T09:07:37+00:00\" \/>\n<meta property=\"article:modified_time\" content=\"2025-02-17T09:07:46+00:00\" \/>\n<meta property=\"og:image\" content=\"https:\/\/www.alteacultural.com\/wp-content\/uploads\/2025\/01\/beethbanner.webp\" \/>\n\t<meta property=\"og:image:width\" content=\"1600\" \/>\n\t<meta property=\"og:image:height\" content=\"360\" \/>\n\t<meta property=\"og:image:type\" content=\"image\/webp\" \/>\n<meta name=\"author\" content=\"sfaltea.com-admin\" \/>\n<meta name=\"twitter:card\" content=\"summary_large_image\" \/>\n<meta name=\"twitter:label1\" content=\"Escrito por\" \/>\n\t<meta name=\"twitter:data1\" content=\"sfaltea.com-admin\" \/>\n\t<meta name=\"twitter:label2\" content=\"Tiempo de lectura\" \/>\n\t<meta name=\"twitter:data2\" content=\"4 minutos\" \/>\n<script type=\"application\/ld+json\" class=\"yoast-schema-graph\">{\"@context\":\"https:\/\/schema.org\",\"@graph\":[{\"@type\":\"WebPage\",\"@id\":\"https:\/\/www.alteacultural.com\/es\/2025\/02\/11\/cultura-presenta-una-nova-cinquena-edicio-del-beethoven-fest\/\",\"url\":\"https:\/\/www.alteacultural.com\/es\/2025\/02\/11\/cultura-presenta-una-nova-cinquena-edicio-del-beethoven-fest\/\",\"name\":\"Cultura presenta una novedosa quinta edici\u00f3n del Beethoven Fest - Altea Cultural\",\"isPartOf\":{\"@id\":\"https:\/\/www.alteacultural.com\/es\/#website\"},\"primaryImageOfPage\":{\"@id\":\"https:\/\/www.alteacultural.com\/es\/2025\/02\/11\/cultura-presenta-una-nova-cinquena-edicio-del-beethoven-fest\/#primaryimage\"},\"image\":{\"@id\":\"https:\/\/www.alteacultural.com\/es\/2025\/02\/11\/cultura-presenta-una-nova-cinquena-edicio-del-beethoven-fest\/#primaryimage\"},\"thumbnailUrl\":\"https:\/\/www.alteacultural.com\/wp-content\/uploads\/2025\/01\/beethbanner.webp\",\"datePublished\":\"2025-02-11T09:07:37+00:00\",\"dateModified\":\"2025-02-17T09:07:46+00:00\",\"author\":{\"@id\":\"https:\/\/www.alteacultural.com\/es\/#\/schema\/person\/c4e137537f1af546d214a315255e5172\"},\"breadcrumb\":{\"@id\":\"https:\/\/www.alteacultural.com\/es\/2025\/02\/11\/cultura-presenta-una-nova-cinquena-edicio-del-beethoven-fest\/#breadcrumb\"},\"inLanguage\":\"es\",\"potentialAction\":[{\"@type\":\"ReadAction\",\"target\":[\"https:\/\/www.alteacultural.com\/es\/2025\/02\/11\/cultura-presenta-una-nova-cinquena-edicio-del-beethoven-fest\/\"]}]},{\"@type\":\"ImageObject\",\"inLanguage\":\"es\",\"@id\":\"https:\/\/www.alteacultural.com\/es\/2025\/02\/11\/cultura-presenta-una-nova-cinquena-edicio-del-beethoven-fest\/#primaryimage\",\"url\":\"https:\/\/www.alteacultural.com\/wp-content\/uploads\/2025\/01\/beethbanner.webp\",\"contentUrl\":\"https:\/\/www.alteacultural.com\/wp-content\/uploads\/2025\/01\/beethbanner.webp\",\"width\":1600,\"height\":360},{\"@type\":\"BreadcrumbList\",\"@id\":\"https:\/\/www.alteacultural.com\/es\/2025\/02\/11\/cultura-presenta-una-nova-cinquena-edicio-del-beethoven-fest\/#breadcrumb\",\"itemListElement\":[{\"@type\":\"ListItem\",\"position\":1,\"name\":\"Inici\",\"item\":\"https:\/\/www.alteacultural.com\/es\/\"},{\"@type\":\"ListItem\",\"position\":2,\"name\":\"Cultura presenta una novedosa quinta edici\u00f3n del Beethoven Fest\"}]},{\"@type\":\"WebSite\",\"@id\":\"https:\/\/www.alteacultural.com\/es\/#website\",\"url\":\"https:\/\/www.alteacultural.com\/es\/\",\"name\":\"Altea Cultural\",\"description\":\"Regidoria de Cultura de l&#039;Ajuntament d&#039;Altea\",\"potentialAction\":[{\"@type\":\"SearchAction\",\"target\":{\"@type\":\"EntryPoint\",\"urlTemplate\":\"https:\/\/www.alteacultural.com\/es\/?s={search_term_string}\"},\"query-input\":\"required name=search_term_string\"}],\"inLanguage\":\"es\"},{\"@type\":\"Person\",\"@id\":\"https:\/\/www.alteacultural.com\/es\/#\/schema\/person\/c4e137537f1af546d214a315255e5172\",\"name\":\"sfaltea.com-admin\",\"image\":{\"@type\":\"ImageObject\",\"inLanguage\":\"es\",\"@id\":\"https:\/\/www.alteacultural.com\/es\/#\/schema\/person\/image\/\",\"url\":\"https:\/\/secure.gravatar.com\/avatar\/f7473fa2fbd351270ccfd469de536202?s=96&d=mm&r=g\",\"contentUrl\":\"https:\/\/secure.gravatar.com\/avatar\/f7473fa2fbd351270ccfd469de536202?s=96&d=mm&r=g\",\"caption\":\"sfaltea.com-admin\"},\"url\":\"https:\/\/www.alteacultural.com\/es\/author\/sfaltea-com-admin\/\"}]}<\/script>\n<!-- \/ Yoast SEO plugin. -->","yoast_head_json":{"title":"Cultura presenta una novedosa quinta edici\u00f3n del Beethoven Fest - Altea Cultural","robots":{"index":"index","follow":"follow","max-snippet":"max-snippet:-1","max-image-preview":"max-image-preview:large","max-video-preview":"max-video-preview:-1"},"canonical":"https:\/\/www.alteacultural.com\/es\/2025\/02\/11\/cultura-presenta-una-nova-cinquena-edicio-del-beethoven-fest\/","og_locale":"es_ES","og_type":"article","og_title":"Cultura presenta una novedosa quinta edici\u00f3n del Beethoven Fest - Altea Cultural","og_description":"El \u00faltimo de los conciertos, de car\u00e1cter internacional, tendr\u00e1 lugar en Palau Altea. El 21 de febrero tendr\u00e1 lugar [&hellip;]","og_url":"https:\/\/www.alteacultural.com\/es\/2025\/02\/11\/cultura-presenta-una-nova-cinquena-edicio-del-beethoven-fest\/","og_site_name":"Altea Cultural","article_published_time":"2025-02-11T09:07:37+00:00","article_modified_time":"2025-02-17T09:07:46+00:00","og_image":[{"width":1600,"height":360,"url":"https:\/\/www.alteacultural.com\/wp-content\/uploads\/2025\/01\/beethbanner.webp","type":"image\/webp"}],"author":"sfaltea.com-admin","twitter_card":"summary_large_image","twitter_misc":{"Escrito por":"sfaltea.com-admin","Tiempo de lectura":"4 minutos"},"schema":{"@context":"https:\/\/schema.org","@graph":[{"@type":"WebPage","@id":"https:\/\/www.alteacultural.com\/es\/2025\/02\/11\/cultura-presenta-una-nova-cinquena-edicio-del-beethoven-fest\/","url":"https:\/\/www.alteacultural.com\/es\/2025\/02\/11\/cultura-presenta-una-nova-cinquena-edicio-del-beethoven-fest\/","name":"Cultura presenta una novedosa quinta edici\u00f3n del Beethoven Fest - Altea Cultural","isPartOf":{"@id":"https:\/\/www.alteacultural.com\/es\/#website"},"primaryImageOfPage":{"@id":"https:\/\/www.alteacultural.com\/es\/2025\/02\/11\/cultura-presenta-una-nova-cinquena-edicio-del-beethoven-fest\/#primaryimage"},"image":{"@id":"https:\/\/www.alteacultural.com\/es\/2025\/02\/11\/cultura-presenta-una-nova-cinquena-edicio-del-beethoven-fest\/#primaryimage"},"thumbnailUrl":"https:\/\/www.alteacultural.com\/wp-content\/uploads\/2025\/01\/beethbanner.webp","datePublished":"2025-02-11T09:07:37+00:00","dateModified":"2025-02-17T09:07:46+00:00","author":{"@id":"https:\/\/www.alteacultural.com\/es\/#\/schema\/person\/c4e137537f1af546d214a315255e5172"},"breadcrumb":{"@id":"https:\/\/www.alteacultural.com\/es\/2025\/02\/11\/cultura-presenta-una-nova-cinquena-edicio-del-beethoven-fest\/#breadcrumb"},"inLanguage":"es","potentialAction":[{"@type":"ReadAction","target":["https:\/\/www.alteacultural.com\/es\/2025\/02\/11\/cultura-presenta-una-nova-cinquena-edicio-del-beethoven-fest\/"]}]},{"@type":"ImageObject","inLanguage":"es","@id":"https:\/\/www.alteacultural.com\/es\/2025\/02\/11\/cultura-presenta-una-nova-cinquena-edicio-del-beethoven-fest\/#primaryimage","url":"https:\/\/www.alteacultural.com\/wp-content\/uploads\/2025\/01\/beethbanner.webp","contentUrl":"https:\/\/www.alteacultural.com\/wp-content\/uploads\/2025\/01\/beethbanner.webp","width":1600,"height":360},{"@type":"BreadcrumbList","@id":"https:\/\/www.alteacultural.com\/es\/2025\/02\/11\/cultura-presenta-una-nova-cinquena-edicio-del-beethoven-fest\/#breadcrumb","itemListElement":[{"@type":"ListItem","position":1,"name":"Inici","item":"https:\/\/www.alteacultural.com\/es\/"},{"@type":"ListItem","position":2,"name":"Cultura presenta una novedosa quinta edici\u00f3n del Beethoven Fest"}]},{"@type":"WebSite","@id":"https:\/\/www.alteacultural.com\/es\/#website","url":"https:\/\/www.alteacultural.com\/es\/","name":"Altea Cultural","description":"Regidoria de Cultura de l&#039;Ajuntament d&#039;Altea","potentialAction":[{"@type":"SearchAction","target":{"@type":"EntryPoint","urlTemplate":"https:\/\/www.alteacultural.com\/es\/?s={search_term_string}"},"query-input":"required name=search_term_string"}],"inLanguage":"es"},{"@type":"Person","@id":"https:\/\/www.alteacultural.com\/es\/#\/schema\/person\/c4e137537f1af546d214a315255e5172","name":"sfaltea.com-admin","image":{"@type":"ImageObject","inLanguage":"es","@id":"https:\/\/www.alteacultural.com\/es\/#\/schema\/person\/image\/","url":"https:\/\/secure.gravatar.com\/avatar\/f7473fa2fbd351270ccfd469de536202?s=96&d=mm&r=g","contentUrl":"https:\/\/secure.gravatar.com\/avatar\/f7473fa2fbd351270ccfd469de536202?s=96&d=mm&r=g","caption":"sfaltea.com-admin"},"url":"https:\/\/www.alteacultural.com\/es\/author\/sfaltea-com-admin\/"}]}},"_links":{"self":[{"href":"https:\/\/www.alteacultural.com\/es\/wp-json\/wp\/v2\/posts\/34802"}],"collection":[{"href":"https:\/\/www.alteacultural.com\/es\/wp-json\/wp\/v2\/posts"}],"about":[{"href":"https:\/\/www.alteacultural.com\/es\/wp-json\/wp\/v2\/types\/post"}],"author":[{"embeddable":true,"href":"https:\/\/www.alteacultural.com\/es\/wp-json\/wp\/v2\/users\/1"}],"replies":[{"embeddable":true,"href":"https:\/\/www.alteacultural.com\/es\/wp-json\/wp\/v2\/comments?post=34802"}],"version-history":[{"count":2,"href":"https:\/\/www.alteacultural.com\/es\/wp-json\/wp\/v2\/posts\/34802\/revisions"}],"predecessor-version":[{"id":34805,"href":"https:\/\/www.alteacultural.com\/es\/wp-json\/wp\/v2\/posts\/34802\/revisions\/34805"}],"wp:featuredmedia":[{"embeddable":true,"href":"https:\/\/www.alteacultural.com\/es\/wp-json\/wp\/v2\/media\/34615"}],"wp:attachment":[{"href":"https:\/\/www.alteacultural.com\/es\/wp-json\/wp\/v2\/media?parent=34802"}],"curies":[{"name":"wp","href":"https:\/\/api.w.org\/{rel}","templated":true}]}}