{"id":34840,"date":"2025-02-17T11:07:10","date_gmt":"2025-02-17T10:07:10","guid":{"rendered":"https:\/\/www.alteacultural.com\/2025\/02\/17\/altea-tenamorara-tambe-per-sant-valenti\/"},"modified":"2025-02-17T11:08:56","modified_gmt":"2025-02-17T10:08:56","slug":"altea-tenamorara-tambe-per-sant-valenti","status":"publish","type":"post","link":"https:\/\/www.alteacultural.com\/es\/2025\/02\/17\/altea-tenamorara-tambe-per-sant-valenti\/","title":{"rendered":"Altea te enamorar\u00e1 tambi\u00e9n por San Valent\u00edn"},"content":{"rendered":"\n<figure class=\"wp-block-image size-full\"><img fetchpriority=\"high\" decoding=\"async\" width=\"1024\" height=\"1365\" src=\"https:\/\/www.alteacultural.com\/wp-content\/uploads\/2025\/02\/WhatsApp-Image-2025-02-07-at-15.02.01.jpeg\" alt=\"\" class=\"wp-image-34831\" srcset=\"https:\/\/www.alteacultural.com\/wp-content\/uploads\/2025\/02\/WhatsApp-Image-2025-02-07-at-15.02.01.jpeg 1024w, https:\/\/www.alteacultural.com\/wp-content\/uploads\/2025\/02\/WhatsApp-Image-2025-02-07-at-15.02.01-768x1024.jpeg 768w\" sizes=\"(max-width: 1024px) 100vw, 1024px\" \/><\/figure>\n\n\n\n<p><strong>Con distintas actividades e iniciativas, del 14 al 16 de febrero, con la celebraci\u00f3n de la Ruta del Amor<\/strong><\/p>\n\n\n\n<p>Este fin de semana, Altea acoger\u00e1 una nueva edici\u00f3n de la denominada \u201cRuta del Amor\u201d. Las concejal\u00edas de Comercio, Turismo y Cultura del Ayuntamiento de Altea han organizado una serie de actividades, que del 14 al 16 de febrero, se han puesto en marcha por tercer a\u00f1o consecutivo.<\/p>\n\n\n\n<p>Este viernes 14 de febrero a partir de las 19:30 horas, la casa de cultura albergar\u00e1 la actividad denominada \u201cLecturas de cartas de amor entre escritores espa\u00f1oles\u201d, con la lectura de misivas de Perez Gald\u00f3s, Antonio Machado, Miguel Hern\u00e1ndez o Gloria Fuertes, con una vertiente triste, melanc\u00f3lica o divertida, seg\u00fan el autor o autora.<\/p>\n\n\n\n<p>El s\u00e1bado 15 de febrero se pondr\u00e1 en marcha una ruta guiada, con salida desde la Tourist Info de Altea, a las 12:00 del mediod\u00eda, y que har\u00e1 un recorrido por los lugares m\u00e1s pintorescos del municipio.<\/p>\n\n\n\n<p>Y durante todo el fin de semana, las calles de acceso al casco antiguo de Altea se engalanar\u00e1n con motivos rom\u00e1nticos, y con una esmerada y cuidada decoraci\u00f3n con globos y otros elementos similares. Adem\u00e1s este a\u00f1o, el Mercado Municipal de Altea tambi\u00e9n se engalanar\u00e1 para esta celebraci\u00f3n, haciendo divertidas apuestas con sus productos.<\/p>\n\n\n\n<p>Destacar tambi\u00e9n la colaboraci\u00f3n de los comerciantes del casco antiguo, que como en a\u00f1os anteriores, pondr\u00e1n en marcha la feria de oportunidades coincidiendo con el fin de semana de San Valent\u00edn. Los comercios, bares y restaurantes del casco antiguo de Altea ofrecer\u00e1n en estos d\u00edas descuentos, precios y men\u00fas especiales, para dejarse enamorar un a\u00f1o m\u00e1s en Altea.<\/p>\n\n\n\n<p>El concejal de comercio del Ayuntamiento de Altea, Jose Mar\u00eda Borja, destacaba y pon\u00eda en valor la iniciativa, \u201ceste es un periodo de temporada baja, y todos los comerciantes, sobretodo los del casco antiguo, tuvieron a bien poner en marcha esta iniciativa\u201d. Seg\u00fan Borja, \u201cdado el \u00e9xito de ediciones anteriores, hemos seguido apostando por la iniciativa, y que sea un reclamo m\u00e1s para escaparse y visitar Altea este fin de semana\u201d.<\/p>\n\n\n\n<p>Para finalizar, el edil de comercio alteano, quiso invitar a visitantes y turistas a perderse por las calles de la localidad, \u201cser\u00e1 un paseo agradable por todo el casco antiguo, donde se podr\u00e1 ver esa decoraci\u00f3n tan especial que se ha preparado. En definitiva, la propuesta trata de respaldar al comercio local y darle la oportunidad en los meses que tienen menos afluencia de p\u00fablico. Como pudimos comprobar ya el a\u00f1o pasado, las fotograf\u00edas y los impactos en redes sociales, ya garantizaron el \u00e9xito de la iniciativa que esperemos se pueda repetir este a\u00f1o\u201d, concluy\u00f3 Jose Mar\u00eda Borja.<\/p>\n\n\n\n<figure class=\"wp-block-image size-full\"><img decoding=\"async\" width=\"1024\" height=\"1820\" data-src=\"https:\/\/www.alteacultural.com\/wp-content\/uploads\/2025\/02\/San-Valentin-Comercio21.jpg\" alt=\"\" class=\"wp-image-34833 lazyload\" data-srcset=\"https:\/\/www.alteacultural.com\/wp-content\/uploads\/2025\/02\/San-Valentin-Comercio21.jpg 1024w, https:\/\/www.alteacultural.com\/wp-content\/uploads\/2025\/02\/San-Valentin-Comercio21-768x1365.jpg 768w, https:\/\/www.alteacultural.com\/wp-content\/uploads\/2025\/02\/San-Valentin-Comercio21-864x1536.jpg 864w\" data-sizes=\"(max-width: 1024px) 100vw, 1024px\" src=\"data:image\/gif;base64,R0lGODlhAQABAAAAACH5BAEKAAEALAAAAAABAAEAAAICTAEAOw==\" style=\"--smush-placeholder-width: 1024px; --smush-placeholder-aspect-ratio: 1024\/1820;\" \/><\/figure>\n\n\n\n<p>| ALTEADIGITAL.ES<\/p>\n","protected":false},"excerpt":{"rendered":"<p>Con distintas actividades e iniciativas, del 14 al 16 de febrero, con la celebraci\u00f3n de la Ruta del Amor [&hellip;]<\/p>\n","protected":false},"author":1,"featured_media":34838,"comment_status":"open","ping_status":"open","sticky":false,"template":"","format":"standard","meta":{"_expiration-date-status":"","_expiration-date":0,"_expiration-date-type":"","_expiration-date-categories":[],"_expiration-date-options":[],"footnotes":""},"yoast_head":"<!-- This site is optimized with the Yoast SEO plugin v22.8 - https:\/\/yoast.com\/wordpress\/plugins\/seo\/ -->\n<title>Altea te enamorar\u00e1 tambi\u00e9n por San Valent\u00edn - Altea Cultural<\/title>\n<meta name=\"robots\" content=\"index, follow, max-snippet:-1, max-image-preview:large, max-video-preview:-1\" \/>\n<link rel=\"canonical\" href=\"https:\/\/www.alteacultural.com\/es\/2025\/02\/17\/altea-tenamorara-tambe-per-sant-valenti\/\" \/>\n<meta property=\"og:locale\" content=\"es_ES\" \/>\n<meta property=\"og:type\" content=\"article\" \/>\n<meta property=\"og:title\" content=\"Altea te enamorar\u00e1 tambi\u00e9n por San Valent\u00edn - Altea Cultural\" \/>\n<meta property=\"og:description\" content=\"Con distintas actividades e iniciativas, del 14 al 16 de febrero, con la celebraci\u00f3n de la Ruta del Amor [&hellip;]\" \/>\n<meta property=\"og:url\" content=\"https:\/\/www.alteacultural.com\/es\/2025\/02\/17\/altea-tenamorara-tambe-per-sant-valenti\/\" \/>\n<meta property=\"og:site_name\" content=\"Altea Cultural\" \/>\n<meta property=\"article:published_time\" content=\"2025-02-17T10:07:10+00:00\" \/>\n<meta property=\"article:modified_time\" content=\"2025-02-17T10:08:56+00:00\" \/>\n<meta property=\"og:image\" content=\"https:\/\/www.alteacultural.com\/wp-content\/uploads\/2025\/02\/BANNER-1.jpg\" \/>\n\t<meta property=\"og:image:width\" content=\"1020\" \/>\n\t<meta property=\"og:image:height\" content=\"292\" \/>\n\t<meta property=\"og:image:type\" content=\"image\/jpeg\" \/>\n<meta name=\"author\" content=\"sfaltea.com-admin\" \/>\n<meta name=\"twitter:card\" content=\"summary_large_image\" \/>\n<meta name=\"twitter:label1\" content=\"Escrito por\" \/>\n\t<meta name=\"twitter:data1\" content=\"sfaltea.com-admin\" \/>\n\t<meta name=\"twitter:label2\" content=\"Tiempo de lectura\" \/>\n\t<meta name=\"twitter:data2\" content=\"4 minutos\" \/>\n<script type=\"application\/ld+json\" class=\"yoast-schema-graph\">{\"@context\":\"https:\/\/schema.org\",\"@graph\":[{\"@type\":\"WebPage\",\"@id\":\"https:\/\/www.alteacultural.com\/es\/2025\/02\/17\/altea-tenamorara-tambe-per-sant-valenti\/\",\"url\":\"https:\/\/www.alteacultural.com\/es\/2025\/02\/17\/altea-tenamorara-tambe-per-sant-valenti\/\",\"name\":\"Altea te enamorar\u00e1 tambi\u00e9n por San Valent\u00edn - Altea Cultural\",\"isPartOf\":{\"@id\":\"https:\/\/www.alteacultural.com\/es\/#website\"},\"primaryImageOfPage\":{\"@id\":\"https:\/\/www.alteacultural.com\/es\/2025\/02\/17\/altea-tenamorara-tambe-per-sant-valenti\/#primaryimage\"},\"image\":{\"@id\":\"https:\/\/www.alteacultural.com\/es\/2025\/02\/17\/altea-tenamorara-tambe-per-sant-valenti\/#primaryimage\"},\"thumbnailUrl\":\"https:\/\/www.alteacultural.com\/wp-content\/uploads\/2025\/02\/BANNER-1.jpg\",\"datePublished\":\"2025-02-17T10:07:10+00:00\",\"dateModified\":\"2025-02-17T10:08:56+00:00\",\"author\":{\"@id\":\"https:\/\/www.alteacultural.com\/es\/#\/schema\/person\/c4e137537f1af546d214a315255e5172\"},\"breadcrumb\":{\"@id\":\"https:\/\/www.alteacultural.com\/es\/2025\/02\/17\/altea-tenamorara-tambe-per-sant-valenti\/#breadcrumb\"},\"inLanguage\":\"es\",\"potentialAction\":[{\"@type\":\"ReadAction\",\"target\":[\"https:\/\/www.alteacultural.com\/es\/2025\/02\/17\/altea-tenamorara-tambe-per-sant-valenti\/\"]}]},{\"@type\":\"ImageObject\",\"inLanguage\":\"es\",\"@id\":\"https:\/\/www.alteacultural.com\/es\/2025\/02\/17\/altea-tenamorara-tambe-per-sant-valenti\/#primaryimage\",\"url\":\"https:\/\/www.alteacultural.com\/wp-content\/uploads\/2025\/02\/BANNER-1.jpg\",\"contentUrl\":\"https:\/\/www.alteacultural.com\/wp-content\/uploads\/2025\/02\/BANNER-1.jpg\",\"width\":1020,\"height\":292},{\"@type\":\"BreadcrumbList\",\"@id\":\"https:\/\/www.alteacultural.com\/es\/2025\/02\/17\/altea-tenamorara-tambe-per-sant-valenti\/#breadcrumb\",\"itemListElement\":[{\"@type\":\"ListItem\",\"position\":1,\"name\":\"Inici\",\"item\":\"https:\/\/www.alteacultural.com\/es\/\"},{\"@type\":\"ListItem\",\"position\":2,\"name\":\"Altea te enamorar\u00e1 tambi\u00e9n por San Valent\u00edn\"}]},{\"@type\":\"WebSite\",\"@id\":\"https:\/\/www.alteacultural.com\/es\/#website\",\"url\":\"https:\/\/www.alteacultural.com\/es\/\",\"name\":\"Altea Cultural\",\"description\":\"Regidoria de Cultura de l&#039;Ajuntament d&#039;Altea\",\"potentialAction\":[{\"@type\":\"SearchAction\",\"target\":{\"@type\":\"EntryPoint\",\"urlTemplate\":\"https:\/\/www.alteacultural.com\/es\/?s={search_term_string}\"},\"query-input\":\"required name=search_term_string\"}],\"inLanguage\":\"es\"},{\"@type\":\"Person\",\"@id\":\"https:\/\/www.alteacultural.com\/es\/#\/schema\/person\/c4e137537f1af546d214a315255e5172\",\"name\":\"sfaltea.com-admin\",\"image\":{\"@type\":\"ImageObject\",\"inLanguage\":\"es\",\"@id\":\"https:\/\/www.alteacultural.com\/es\/#\/schema\/person\/image\/\",\"url\":\"https:\/\/secure.gravatar.com\/avatar\/f7473fa2fbd351270ccfd469de536202?s=96&d=mm&r=g\",\"contentUrl\":\"https:\/\/secure.gravatar.com\/avatar\/f7473fa2fbd351270ccfd469de536202?s=96&d=mm&r=g\",\"caption\":\"sfaltea.com-admin\"},\"url\":\"https:\/\/www.alteacultural.com\/es\/author\/sfaltea-com-admin\/\"}]}<\/script>\n<!-- \/ Yoast SEO plugin. -->","yoast_head_json":{"title":"Altea te enamorar\u00e1 tambi\u00e9n por San Valent\u00edn - Altea Cultural","robots":{"index":"index","follow":"follow","max-snippet":"max-snippet:-1","max-image-preview":"max-image-preview:large","max-video-preview":"max-video-preview:-1"},"canonical":"https:\/\/www.alteacultural.com\/es\/2025\/02\/17\/altea-tenamorara-tambe-per-sant-valenti\/","og_locale":"es_ES","og_type":"article","og_title":"Altea te enamorar\u00e1 tambi\u00e9n por San Valent\u00edn - Altea Cultural","og_description":"Con distintas actividades e iniciativas, del 14 al 16 de febrero, con la celebraci\u00f3n de la Ruta del Amor [&hellip;]","og_url":"https:\/\/www.alteacultural.com\/es\/2025\/02\/17\/altea-tenamorara-tambe-per-sant-valenti\/","og_site_name":"Altea Cultural","article_published_time":"2025-02-17T10:07:10+00:00","article_modified_time":"2025-02-17T10:08:56+00:00","og_image":[{"width":1020,"height":292,"url":"https:\/\/www.alteacultural.com\/wp-content\/uploads\/2025\/02\/BANNER-1.jpg","type":"image\/jpeg"}],"author":"sfaltea.com-admin","twitter_card":"summary_large_image","twitter_misc":{"Escrito por":"sfaltea.com-admin","Tiempo de lectura":"4 minutos"},"schema":{"@context":"https:\/\/schema.org","@graph":[{"@type":"WebPage","@id":"https:\/\/www.alteacultural.com\/es\/2025\/02\/17\/altea-tenamorara-tambe-per-sant-valenti\/","url":"https:\/\/www.alteacultural.com\/es\/2025\/02\/17\/altea-tenamorara-tambe-per-sant-valenti\/","name":"Altea te enamorar\u00e1 tambi\u00e9n por San Valent\u00edn - Altea Cultural","isPartOf":{"@id":"https:\/\/www.alteacultural.com\/es\/#website"},"primaryImageOfPage":{"@id":"https:\/\/www.alteacultural.com\/es\/2025\/02\/17\/altea-tenamorara-tambe-per-sant-valenti\/#primaryimage"},"image":{"@id":"https:\/\/www.alteacultural.com\/es\/2025\/02\/17\/altea-tenamorara-tambe-per-sant-valenti\/#primaryimage"},"thumbnailUrl":"https:\/\/www.alteacultural.com\/wp-content\/uploads\/2025\/02\/BANNER-1.jpg","datePublished":"2025-02-17T10:07:10+00:00","dateModified":"2025-02-17T10:08:56+00:00","author":{"@id":"https:\/\/www.alteacultural.com\/es\/#\/schema\/person\/c4e137537f1af546d214a315255e5172"},"breadcrumb":{"@id":"https:\/\/www.alteacultural.com\/es\/2025\/02\/17\/altea-tenamorara-tambe-per-sant-valenti\/#breadcrumb"},"inLanguage":"es","potentialAction":[{"@type":"ReadAction","target":["https:\/\/www.alteacultural.com\/es\/2025\/02\/17\/altea-tenamorara-tambe-per-sant-valenti\/"]}]},{"@type":"ImageObject","inLanguage":"es","@id":"https:\/\/www.alteacultural.com\/es\/2025\/02\/17\/altea-tenamorara-tambe-per-sant-valenti\/#primaryimage","url":"https:\/\/www.alteacultural.com\/wp-content\/uploads\/2025\/02\/BANNER-1.jpg","contentUrl":"https:\/\/www.alteacultural.com\/wp-content\/uploads\/2025\/02\/BANNER-1.jpg","width":1020,"height":292},{"@type":"BreadcrumbList","@id":"https:\/\/www.alteacultural.com\/es\/2025\/02\/17\/altea-tenamorara-tambe-per-sant-valenti\/#breadcrumb","itemListElement":[{"@type":"ListItem","position":1,"name":"Inici","item":"https:\/\/www.alteacultural.com\/es\/"},{"@type":"ListItem","position":2,"name":"Altea te enamorar\u00e1 tambi\u00e9n por San Valent\u00edn"}]},{"@type":"WebSite","@id":"https:\/\/www.alteacultural.com\/es\/#website","url":"https:\/\/www.alteacultural.com\/es\/","name":"Altea Cultural","description":"Regidoria de Cultura de l&#039;Ajuntament d&#039;Altea","potentialAction":[{"@type":"SearchAction","target":{"@type":"EntryPoint","urlTemplate":"https:\/\/www.alteacultural.com\/es\/?s={search_term_string}"},"query-input":"required name=search_term_string"}],"inLanguage":"es"},{"@type":"Person","@id":"https:\/\/www.alteacultural.com\/es\/#\/schema\/person\/c4e137537f1af546d214a315255e5172","name":"sfaltea.com-admin","image":{"@type":"ImageObject","inLanguage":"es","@id":"https:\/\/www.alteacultural.com\/es\/#\/schema\/person\/image\/","url":"https:\/\/secure.gravatar.com\/avatar\/f7473fa2fbd351270ccfd469de536202?s=96&d=mm&r=g","contentUrl":"https:\/\/secure.gravatar.com\/avatar\/f7473fa2fbd351270ccfd469de536202?s=96&d=mm&r=g","caption":"sfaltea.com-admin"},"url":"https:\/\/www.alteacultural.com\/es\/author\/sfaltea-com-admin\/"}]}},"_links":{"self":[{"href":"https:\/\/www.alteacultural.com\/es\/wp-json\/wp\/v2\/posts\/34840"}],"collection":[{"href":"https:\/\/www.alteacultural.com\/es\/wp-json\/wp\/v2\/posts"}],"about":[{"href":"https:\/\/www.alteacultural.com\/es\/wp-json\/wp\/v2\/types\/post"}],"author":[{"embeddable":true,"href":"https:\/\/www.alteacultural.com\/es\/wp-json\/wp\/v2\/users\/1"}],"replies":[{"embeddable":true,"href":"https:\/\/www.alteacultural.com\/es\/wp-json\/wp\/v2\/comments?post=34840"}],"version-history":[{"count":1,"href":"https:\/\/www.alteacultural.com\/es\/wp-json\/wp\/v2\/posts\/34840\/revisions"}],"predecessor-version":[{"id":34842,"href":"https:\/\/www.alteacultural.com\/es\/wp-json\/wp\/v2\/posts\/34840\/revisions\/34842"}],"wp:featuredmedia":[{"embeddable":true,"href":"https:\/\/www.alteacultural.com\/es\/wp-json\/wp\/v2\/media\/34838"}],"wp:attachment":[{"href":"https:\/\/www.alteacultural.com\/es\/wp-json\/wp\/v2\/media?parent=34840"}],"curies":[{"name":"wp","href":"https:\/\/api.w.org\/{rel}","templated":true}]}}