{"id":34847,"date":"2025-02-17T11:13:36","date_gmt":"2025-02-17T10:13:36","guid":{"rendered":"https:\/\/www.alteacultural.com\/2025\/02\/17\/altea-la-vella-segueix-impulsant-les-bandes-i-la-musica-festera\/"},"modified":"2025-02-22T11:10:19","modified_gmt":"2025-02-22T10:10:19","slug":"altea-la-vella-segueix-impulsant-les-bandes-i-la-musica-festera","status":"publish","type":"post","link":"https:\/\/www.alteacultural.com\/es\/2025\/02\/17\/altea-la-vella-segueix-impulsant-les-bandes-i-la-musica-festera\/","title":{"rendered":"Altea la Vella sigue impulsando las bandas y la m\u00fasica festera"},"content":{"rendered":"\n<figure class=\"wp-block-image size-full\"><img fetchpriority=\"high\" decoding=\"async\" width=\"1024\" height=\"768\" src=\"https:\/\/www.alteacultural.com\/wp-content\/uploads\/2025\/02\/WhatsApp-Image-2025-02-14-at-13.11.55.jpeg\" alt=\"\" class=\"wp-image-34844\" srcset=\"https:\/\/www.alteacultural.com\/wp-content\/uploads\/2025\/02\/WhatsApp-Image-2025-02-14-at-13.11.55.jpeg 1024w, https:\/\/www.alteacultural.com\/wp-content\/uploads\/2025\/02\/WhatsApp-Image-2025-02-14-at-13.11.55-768x576.jpeg 768w\" sizes=\"(max-width: 1024px) 100vw, 1024px\" \/><\/figure>\n\n\n\n<p><strong>Con motivo de la XV edici\u00f3n del Certamen de M\u00fasica Festera, con la participaci\u00f3n de la Uni\u00f3 Musical La Primitiva de Castell de Castells, la Agrupaci\u00f3 Escuela Musical La Nova de l\u2019Olleria y la Agrupaci\u00f3 Musical de Pego.<\/strong><\/p>\n\n\n\n<p>Todo est\u00e1 preparado para que el Centro Cultural de Altea la Vella acoja la XV edici\u00f3n del Certamen de M\u00fasica Festera, que organiza la Sociedad Recreativa Musical de Altea la Vella. El pr\u00f3ximo s\u00e1bado 22 de febrero, las bandas de la Uni\u00f3 Musical La Primitiva de Castell de Castells, la Agrupaci\u00f3 Escola Musical La Nova de l\u2019Olleria y la Agrupaci\u00f3 Musical de Pego, competir\u00e1n para conseguir el primer premio del certamen. Un evento cultural y musical que en los \u00faltimos a\u00f1os ha tenido un car\u00e1cter bianual, pero que en la presentaci\u00f3n de esta edici\u00f3n ya hemos podido saber que recuperar\u00e1 el esp\u00edritu inicial del certamen, pasando a celebrarse cada a\u00f1o.<\/p>\n\n\n\n<p>La concejala de cultura del Ayuntamiento de Altea, Pepa Victoria P\u00e9rez comenzaba felicitando a la entidad organizadora todo su trabajo, \u201cquer\u00eda agradecer el esfuerzo de la Recreativa Musical de Altea la Vella, que a\u00f1o tras a\u00f1o, contin\u00faa apostando por este certamen. Por circunstancias organizativas, se decidi\u00f3 pasado un tiempo que se realizara cada dos a\u00f1os, y ahora la voluntad de la junta directiva con su nuevo director, es que el certamen se pueda hacer cada a\u00f1o, ya desde 2026\u201d, a\u00f1ad\u00eda el edil de cultura que destacaba que \u201cnosotros continuaremos apoyando al certamen y a la Recreativa, puesto que es un placer apostar por la m\u00fasica en tierra de m\u00fasicos, y d\u00f3nde en Altea contamos con dos grandes entidades musicales\u201d.<\/p>\n\n\n\n<p>El director de la Recreativa de Altea la Vella, David Pont, presentaba las bandas participantes de este a\u00f1o, \u201ctendremos tres grandes bandas, con un gran nivel. Fueron seis las bandas que se presentaron, pero por sorteo quedaron seleccionadas las bandas de la Primitiva de Castell de Castells, la Nova de l\u2019Olleria y la Agrupaci\u00f3 Musical de Pego\u201d. Seg\u00fan Pont, \u201cser\u00e1 un gran revulsivo retomar el certamen cada a\u00f1o, para toda la sociedad musical, puesto que es un certamen que ya tiene mucho prestigio en el mundo band\u00edstico\u201d.<\/p>\n\n\n\n<p>Por su parte, Domingo Berenguer en nombre de la Fundaci\u00f3n Caixaltea, destacaba que \u201ccontinuaremos apostando por este certamen, y confirm\u00f3 que la Fundaci\u00f3 Caixaltea ampliar\u00e1 la partida presupuestaria porque su aportaci\u00f3n al acontecimiento musical pase a ser anual. Seg\u00fan el patr\u00f3n de Caixaltea, \u201ceste es el principal objetivo de la Fundaci\u00f3n, continuar apostando por acontecimientos culturales, fiesteros, deportivos o sociales\u201d.<\/p>\n\n\n\n<p>Para finalizar, el presidente de la Sociedad Recreativa Musical de Altea la Vella, Juan Antonio Ba\u00f1uls, quiso poner en valor el apoyo recibido por las instituciones p\u00fablicas y privadas en cada edici\u00f3n, \u201cquiero agradecer la colaboraci\u00f3n del Ayuntamiento de Altea, a la Fundaci\u00f3 Caixaltea, a la Comisi\u00f3n de Fiestas de Cristo de la Salud y a la empresa NeoMusica, porque sin su aportaci\u00f3n econ\u00f3mica ser\u00eda muy dif\u00edcil llevar a cabo este certamen\u201d. Seg\u00fan Ba\u00f1uls, \u201cel primer premio lo concede el Ayuntamiento de Altea con 2.500 euros, el segundo premio lo entrega la Fundaci\u00f3 Caixaltea con 2.000 euros, la comisi\u00f3n de fiestas de Cristo de la Salud hace entrega del tercer premio por un importe de 1.500 euros, y este a\u00f1o se ha sumado la empresa NeoMusica, que ofrecer\u00e1 un premio de 300 euros, en material musical, a la banda que haga un mejor desfile hacia el Centro Cultural\u201d.<\/p>\n\n\n\n<p>Hay que recordar que las bandas concursantes interpretar\u00e1n el pasodoble obligado \u201cEl CIM d\u2019Altea\u201d, compuesto por Julio Domingo Escamilla, as\u00ed como dos piezas de libre elecci\u00f3n: una marcha cristiana y una marcha mora, valorando la riqueza y diversidad del repertorio tradicional de la m\u00fasica festera. La Sociedad Recreativa Musical de Altea la Vella, como banda anfitriona y fuera de concurso, cerrar\u00e1 el certamen con su actuaci\u00f3n.<\/p>\n\n\n\n<p>El jurado encargado de valorar las actuaciones al certamen estar\u00e1 formado por el mismo compositor de la obra obligada, Julio Domingo Escamilla; Victor Vall\u00e9s Fornet y Jos\u00e9 Vicente Asens\u00ed Seva.<\/p>\n\n\n\n<p>El certamen comenzar\u00e1 a las 17:00 horas con un desfile de las bandas participantes desde Caixaltea hasta el Centro Cultural de Altea la Vella, donde tendr\u00e1 lugar el evento musical a partir de las 18:00 horas, y se podr\u00e1 seguir en riguroso directo en streaming por el canal municipal del Ayuntamiento de Altea en youtube.<\/p>\n\n\n\n<figure class=\"wp-block-image size-full\"><img decoding=\"async\" width=\"1807\" height=\"2560\" data-src=\"https:\/\/www.alteacultural.com\/wp-content\/uploads\/2025\/01\/2025-02-22-XV-Certamen-Altea-La-Vella-scaled.jpg\" alt=\"\" class=\"wp-image-34629 lazyload\" data-srcset=\"https:\/\/www.alteacultural.com\/wp-content\/uploads\/2025\/01\/2025-02-22-XV-Certamen-Altea-La-Vella-scaled.jpg 1807w, https:\/\/www.alteacultural.com\/wp-content\/uploads\/2025\/01\/2025-02-22-XV-Certamen-Altea-La-Vella-768x1088.jpg 768w, https:\/\/www.alteacultural.com\/wp-content\/uploads\/2025\/01\/2025-02-22-XV-Certamen-Altea-La-Vella-1084x1536.jpg 1084w, https:\/\/www.alteacultural.com\/wp-content\/uploads\/2025\/01\/2025-02-22-XV-Certamen-Altea-La-Vella-1445x2048.jpg 1445w\" data-sizes=\"(max-width: 1807px) 100vw, 1807px\" src=\"data:image\/gif;base64,R0lGODlhAQABAAAAACH5BAEKAAEALAAAAAABAAEAAAICTAEAOw==\" style=\"--smush-placeholder-width: 1807px; --smush-placeholder-aspect-ratio: 1807\/2560;\" \/><\/figure>\n\n\n\n<p>| ALTEADIGITAL.ES<\/p>\n","protected":false},"excerpt":{"rendered":"<p>Con motivo de la XV edici\u00f3n del Certamen de M\u00fasica Festera, con la participaci\u00f3n de la Uni\u00f3 Musical La [&hellip;]<\/p>\n","protected":false},"author":1,"featured_media":34632,"comment_status":"open","ping_status":"open","sticky":false,"template":"","format":"standard","meta":{"_expiration-date-status":"","_expiration-date":0,"_expiration-date-type":"","_expiration-date-categories":[],"_expiration-date-options":[],"footnotes":""},"yoast_head":"<!-- This site is optimized with the Yoast SEO plugin v22.8 - https:\/\/yoast.com\/wordpress\/plugins\/seo\/ -->\n<title>Altea la Vella sigue impulsando las bandas y la m\u00fasica festera - Altea Cultural<\/title>\n<meta name=\"robots\" content=\"index, follow, max-snippet:-1, max-image-preview:large, max-video-preview:-1\" \/>\n<link rel=\"canonical\" href=\"https:\/\/www.alteacultural.com\/es\/2025\/02\/17\/altea-la-vella-segueix-impulsant-les-bandes-i-la-musica-festera\/\" \/>\n<meta property=\"og:locale\" content=\"es_ES\" \/>\n<meta property=\"og:type\" content=\"article\" \/>\n<meta property=\"og:title\" content=\"Altea la Vella sigue impulsando las bandas y la m\u00fasica festera - Altea Cultural\" \/>\n<meta property=\"og:description\" content=\"Con motivo de la XV edici\u00f3n del Certamen de M\u00fasica Festera, con la participaci\u00f3n de la Uni\u00f3 Musical La [&hellip;]\" \/>\n<meta property=\"og:url\" content=\"https:\/\/www.alteacultural.com\/es\/2025\/02\/17\/altea-la-vella-segueix-impulsant-les-bandes-i-la-musica-festera\/\" \/>\n<meta property=\"og:site_name\" content=\"Altea Cultural\" \/>\n<meta property=\"article:published_time\" content=\"2025-02-17T10:13:36+00:00\" \/>\n<meta property=\"article:modified_time\" content=\"2025-02-22T10:10:19+00:00\" \/>\n<meta property=\"og:image\" content=\"https:\/\/www.alteacultural.com\/wp-content\/uploads\/2025\/01\/2025-02-22-XV-Certamen-Altea-La-Vella-banner.jpg\" \/>\n\t<meta property=\"og:image:width\" content=\"2484\" \/>\n\t<meta property=\"og:image:height\" content=\"945\" \/>\n\t<meta property=\"og:image:type\" content=\"image\/jpeg\" \/>\n<meta name=\"author\" content=\"sfaltea.com-admin\" \/>\n<meta name=\"twitter:card\" content=\"summary_large_image\" \/>\n<meta name=\"twitter:label1\" content=\"Escrito por\" \/>\n\t<meta name=\"twitter:data1\" content=\"sfaltea.com-admin\" \/>\n\t<meta name=\"twitter:label2\" content=\"Tiempo de lectura\" \/>\n\t<meta name=\"twitter:data2\" content=\"5 minutos\" \/>\n<script type=\"application\/ld+json\" class=\"yoast-schema-graph\">{\"@context\":\"https:\/\/schema.org\",\"@graph\":[{\"@type\":\"WebPage\",\"@id\":\"https:\/\/www.alteacultural.com\/es\/2025\/02\/17\/altea-la-vella-segueix-impulsant-les-bandes-i-la-musica-festera\/\",\"url\":\"https:\/\/www.alteacultural.com\/es\/2025\/02\/17\/altea-la-vella-segueix-impulsant-les-bandes-i-la-musica-festera\/\",\"name\":\"Altea la Vella sigue impulsando las bandas y la m\u00fasica festera - Altea Cultural\",\"isPartOf\":{\"@id\":\"https:\/\/www.alteacultural.com\/es\/#website\"},\"primaryImageOfPage\":{\"@id\":\"https:\/\/www.alteacultural.com\/es\/2025\/02\/17\/altea-la-vella-segueix-impulsant-les-bandes-i-la-musica-festera\/#primaryimage\"},\"image\":{\"@id\":\"https:\/\/www.alteacultural.com\/es\/2025\/02\/17\/altea-la-vella-segueix-impulsant-les-bandes-i-la-musica-festera\/#primaryimage\"},\"thumbnailUrl\":\"https:\/\/www.alteacultural.com\/wp-content\/uploads\/2025\/01\/2025-02-22-XV-Certamen-Altea-La-Vella-banner.jpg\",\"datePublished\":\"2025-02-17T10:13:36+00:00\",\"dateModified\":\"2025-02-22T10:10:19+00:00\",\"author\":{\"@id\":\"https:\/\/www.alteacultural.com\/es\/#\/schema\/person\/c4e137537f1af546d214a315255e5172\"},\"breadcrumb\":{\"@id\":\"https:\/\/www.alteacultural.com\/es\/2025\/02\/17\/altea-la-vella-segueix-impulsant-les-bandes-i-la-musica-festera\/#breadcrumb\"},\"inLanguage\":\"es\",\"potentialAction\":[{\"@type\":\"ReadAction\",\"target\":[\"https:\/\/www.alteacultural.com\/es\/2025\/02\/17\/altea-la-vella-segueix-impulsant-les-bandes-i-la-musica-festera\/\"]}]},{\"@type\":\"ImageObject\",\"inLanguage\":\"es\",\"@id\":\"https:\/\/www.alteacultural.com\/es\/2025\/02\/17\/altea-la-vella-segueix-impulsant-les-bandes-i-la-musica-festera\/#primaryimage\",\"url\":\"https:\/\/www.alteacultural.com\/wp-content\/uploads\/2025\/01\/2025-02-22-XV-Certamen-Altea-La-Vella-banner.jpg\",\"contentUrl\":\"https:\/\/www.alteacultural.com\/wp-content\/uploads\/2025\/01\/2025-02-22-XV-Certamen-Altea-La-Vella-banner.jpg\",\"width\":2484,\"height\":945},{\"@type\":\"BreadcrumbList\",\"@id\":\"https:\/\/www.alteacultural.com\/es\/2025\/02\/17\/altea-la-vella-segueix-impulsant-les-bandes-i-la-musica-festera\/#breadcrumb\",\"itemListElement\":[{\"@type\":\"ListItem\",\"position\":1,\"name\":\"Inici\",\"item\":\"https:\/\/www.alteacultural.com\/es\/\"},{\"@type\":\"ListItem\",\"position\":2,\"name\":\"Altea la Vella sigue impulsando las bandas y la m\u00fasica festera\"}]},{\"@type\":\"WebSite\",\"@id\":\"https:\/\/www.alteacultural.com\/es\/#website\",\"url\":\"https:\/\/www.alteacultural.com\/es\/\",\"name\":\"Altea Cultural\",\"description\":\"Regidoria de Cultura de l&#039;Ajuntament d&#039;Altea\",\"potentialAction\":[{\"@type\":\"SearchAction\",\"target\":{\"@type\":\"EntryPoint\",\"urlTemplate\":\"https:\/\/www.alteacultural.com\/es\/?s={search_term_string}\"},\"query-input\":\"required name=search_term_string\"}],\"inLanguage\":\"es\"},{\"@type\":\"Person\",\"@id\":\"https:\/\/www.alteacultural.com\/es\/#\/schema\/person\/c4e137537f1af546d214a315255e5172\",\"name\":\"sfaltea.com-admin\",\"image\":{\"@type\":\"ImageObject\",\"inLanguage\":\"es\",\"@id\":\"https:\/\/www.alteacultural.com\/es\/#\/schema\/person\/image\/\",\"url\":\"https:\/\/secure.gravatar.com\/avatar\/f7473fa2fbd351270ccfd469de536202?s=96&d=mm&r=g\",\"contentUrl\":\"https:\/\/secure.gravatar.com\/avatar\/f7473fa2fbd351270ccfd469de536202?s=96&d=mm&r=g\",\"caption\":\"sfaltea.com-admin\"},\"url\":\"https:\/\/www.alteacultural.com\/es\/author\/sfaltea-com-admin\/\"}]}<\/script>\n<!-- \/ Yoast SEO plugin. -->","yoast_head_json":{"title":"Altea la Vella sigue impulsando las bandas y la m\u00fasica festera - Altea Cultural","robots":{"index":"index","follow":"follow","max-snippet":"max-snippet:-1","max-image-preview":"max-image-preview:large","max-video-preview":"max-video-preview:-1"},"canonical":"https:\/\/www.alteacultural.com\/es\/2025\/02\/17\/altea-la-vella-segueix-impulsant-les-bandes-i-la-musica-festera\/","og_locale":"es_ES","og_type":"article","og_title":"Altea la Vella sigue impulsando las bandas y la m\u00fasica festera - Altea Cultural","og_description":"Con motivo de la XV edici\u00f3n del Certamen de M\u00fasica Festera, con la participaci\u00f3n de la Uni\u00f3 Musical La [&hellip;]","og_url":"https:\/\/www.alteacultural.com\/es\/2025\/02\/17\/altea-la-vella-segueix-impulsant-les-bandes-i-la-musica-festera\/","og_site_name":"Altea Cultural","article_published_time":"2025-02-17T10:13:36+00:00","article_modified_time":"2025-02-22T10:10:19+00:00","og_image":[{"width":2484,"height":945,"url":"https:\/\/www.alteacultural.com\/wp-content\/uploads\/2025\/01\/2025-02-22-XV-Certamen-Altea-La-Vella-banner.jpg","type":"image\/jpeg"}],"author":"sfaltea.com-admin","twitter_card":"summary_large_image","twitter_misc":{"Escrito por":"sfaltea.com-admin","Tiempo de lectura":"5 minutos"},"schema":{"@context":"https:\/\/schema.org","@graph":[{"@type":"WebPage","@id":"https:\/\/www.alteacultural.com\/es\/2025\/02\/17\/altea-la-vella-segueix-impulsant-les-bandes-i-la-musica-festera\/","url":"https:\/\/www.alteacultural.com\/es\/2025\/02\/17\/altea-la-vella-segueix-impulsant-les-bandes-i-la-musica-festera\/","name":"Altea la Vella sigue impulsando las bandas y la m\u00fasica festera - Altea Cultural","isPartOf":{"@id":"https:\/\/www.alteacultural.com\/es\/#website"},"primaryImageOfPage":{"@id":"https:\/\/www.alteacultural.com\/es\/2025\/02\/17\/altea-la-vella-segueix-impulsant-les-bandes-i-la-musica-festera\/#primaryimage"},"image":{"@id":"https:\/\/www.alteacultural.com\/es\/2025\/02\/17\/altea-la-vella-segueix-impulsant-les-bandes-i-la-musica-festera\/#primaryimage"},"thumbnailUrl":"https:\/\/www.alteacultural.com\/wp-content\/uploads\/2025\/01\/2025-02-22-XV-Certamen-Altea-La-Vella-banner.jpg","datePublished":"2025-02-17T10:13:36+00:00","dateModified":"2025-02-22T10:10:19+00:00","author":{"@id":"https:\/\/www.alteacultural.com\/es\/#\/schema\/person\/c4e137537f1af546d214a315255e5172"},"breadcrumb":{"@id":"https:\/\/www.alteacultural.com\/es\/2025\/02\/17\/altea-la-vella-segueix-impulsant-les-bandes-i-la-musica-festera\/#breadcrumb"},"inLanguage":"es","potentialAction":[{"@type":"ReadAction","target":["https:\/\/www.alteacultural.com\/es\/2025\/02\/17\/altea-la-vella-segueix-impulsant-les-bandes-i-la-musica-festera\/"]}]},{"@type":"ImageObject","inLanguage":"es","@id":"https:\/\/www.alteacultural.com\/es\/2025\/02\/17\/altea-la-vella-segueix-impulsant-les-bandes-i-la-musica-festera\/#primaryimage","url":"https:\/\/www.alteacultural.com\/wp-content\/uploads\/2025\/01\/2025-02-22-XV-Certamen-Altea-La-Vella-banner.jpg","contentUrl":"https:\/\/www.alteacultural.com\/wp-content\/uploads\/2025\/01\/2025-02-22-XV-Certamen-Altea-La-Vella-banner.jpg","width":2484,"height":945},{"@type":"BreadcrumbList","@id":"https:\/\/www.alteacultural.com\/es\/2025\/02\/17\/altea-la-vella-segueix-impulsant-les-bandes-i-la-musica-festera\/#breadcrumb","itemListElement":[{"@type":"ListItem","position":1,"name":"Inici","item":"https:\/\/www.alteacultural.com\/es\/"},{"@type":"ListItem","position":2,"name":"Altea la Vella sigue impulsando las bandas y la m\u00fasica festera"}]},{"@type":"WebSite","@id":"https:\/\/www.alteacultural.com\/es\/#website","url":"https:\/\/www.alteacultural.com\/es\/","name":"Altea Cultural","description":"Regidoria de Cultura de l&#039;Ajuntament d&#039;Altea","potentialAction":[{"@type":"SearchAction","target":{"@type":"EntryPoint","urlTemplate":"https:\/\/www.alteacultural.com\/es\/?s={search_term_string}"},"query-input":"required name=search_term_string"}],"inLanguage":"es"},{"@type":"Person","@id":"https:\/\/www.alteacultural.com\/es\/#\/schema\/person\/c4e137537f1af546d214a315255e5172","name":"sfaltea.com-admin","image":{"@type":"ImageObject","inLanguage":"es","@id":"https:\/\/www.alteacultural.com\/es\/#\/schema\/person\/image\/","url":"https:\/\/secure.gravatar.com\/avatar\/f7473fa2fbd351270ccfd469de536202?s=96&d=mm&r=g","contentUrl":"https:\/\/secure.gravatar.com\/avatar\/f7473fa2fbd351270ccfd469de536202?s=96&d=mm&r=g","caption":"sfaltea.com-admin"},"url":"https:\/\/www.alteacultural.com\/es\/author\/sfaltea-com-admin\/"}]}},"_links":{"self":[{"href":"https:\/\/www.alteacultural.com\/es\/wp-json\/wp\/v2\/posts\/34847"}],"collection":[{"href":"https:\/\/www.alteacultural.com\/es\/wp-json\/wp\/v2\/posts"}],"about":[{"href":"https:\/\/www.alteacultural.com\/es\/wp-json\/wp\/v2\/types\/post"}],"author":[{"embeddable":true,"href":"https:\/\/www.alteacultural.com\/es\/wp-json\/wp\/v2\/users\/1"}],"replies":[{"embeddable":true,"href":"https:\/\/www.alteacultural.com\/es\/wp-json\/wp\/v2\/comments?post=34847"}],"version-history":[{"count":1,"href":"https:\/\/www.alteacultural.com\/es\/wp-json\/wp\/v2\/posts\/34847\/revisions"}],"predecessor-version":[{"id":34849,"href":"https:\/\/www.alteacultural.com\/es\/wp-json\/wp\/v2\/posts\/34847\/revisions\/34849"}],"wp:featuredmedia":[{"embeddable":true,"href":"https:\/\/www.alteacultural.com\/es\/wp-json\/wp\/v2\/media\/34632"}],"wp:attachment":[{"href":"https:\/\/www.alteacultural.com\/es\/wp-json\/wp\/v2\/media?parent=34847"}],"curies":[{"name":"wp","href":"https:\/\/api.w.org\/{rel}","templated":true}]}}