{"id":34853,"date":"2025-02-21T09:27:10","date_gmt":"2025-02-21T08:27:10","guid":{"rendered":"https:\/\/www.alteacultural.com\/2025\/02\/21\/comenca-una-nova-edicio-de-altea-llibres-a-la-primavera\/"},"modified":"2025-02-27T09:20:03","modified_gmt":"2025-02-27T08:20:03","slug":"comenca-una-nova-edicio-de-altea-llibres-a-la-primavera","status":"publish","type":"post","link":"https:\/\/www.alteacultural.com\/es\/2025\/02\/21\/comenca-una-nova-edicio-de-altea-llibres-a-la-primavera\/","title":{"rendered":"Empieza una nueva edici\u00f3n de \u201cAltea, Llibres a la Primavera\u201d"},"content":{"rendered":"\n<figure class=\"wp-block-image size-full\"><img fetchpriority=\"high\" decoding=\"async\" width=\"1754\" height=\"2480\" src=\"https:\/\/www.alteacultural.com\/wp-content\/uploads\/2025\/02\/2024-04-10-LlibresPrimavera25Cartell-01.jpg\" alt=\"\" class=\"wp-image-34731\" srcset=\"https:\/\/www.alteacultural.com\/wp-content\/uploads\/2025\/02\/2024-04-10-LlibresPrimavera25Cartell-01.jpg 1754w, https:\/\/www.alteacultural.com\/wp-content\/uploads\/2025\/02\/2024-04-10-LlibresPrimavera25Cartell-01-768x1086.jpg 768w, https:\/\/www.alteacultural.com\/wp-content\/uploads\/2025\/02\/2024-04-10-LlibresPrimavera25Cartell-01-1086x1536.jpg 1086w, https:\/\/www.alteacultural.com\/wp-content\/uploads\/2025\/02\/2024-04-10-LlibresPrimavera25Cartell-01-1448x2048.jpg 1448w\" sizes=\"(max-width: 1754px) 100vw, 1754px\" \/><\/figure>\n\n\n\n<p>Ma\u00f1ana, jueves 20 de febrero, dar\u00e1 inicio una nueva edici\u00f3n de \u201cAltea, Llibres a la Primavera\u201d con la presentaci\u00f3n de la obra \u201cEncrucijada\u201d a las 19:30h en la Biblioteca P\u00fablica Municipal. Una edici\u00f3n 2025 que se prolongar\u00e1 hasta el mes de abril y promocionar\u00e1 el conocimiento y la lectura de nueve libros, escritos algunos de ellos por alteanos, como as\u00ed sucede con el primero de ellos.<\/p>\n\n\n\n<p>\u201cUn a\u00f1o m\u00e1s los escritores se muestran interesados en presentar sus obras en nuestra biblioteca y en esta ocasi\u00f3n presentaremos 9 libros\u201d; se\u00f1ala Pepa Victoria P\u00e9rez, concejala de Cultura del Ayuntamiento de Altea.<\/p>\n\n\n\n<p>\u201cLas obras que se van a dar a conocer son muy variadas. Algunos autores son alteanos, otros de la Comarca y otros de fuera, pero lo importante es que en estas presentaciones acabamos aprendiendo cosas nuevas y descubriendo cuestiones interesantes de historia, fantas\u00eda, de tem\u00e1tica feminista, de autoayuda, etc.\u201d Comenta la responsable municipal de Cultura, quien no ha dejado pasar la oportunidad de inviat a alteanos, alteanas y amantes de la lectura a asistir a estas presentaciones de libros cuya entrada es gratuita.<\/p>\n\n\n\n<p><strong>Programa de presentaciones<\/strong><\/p>\n\n\n\n<p><strong>20 de febrero, a las 19:30h<\/strong> en la Casa de Cultura, presentaci\u00f3n del libro \u201cEncrucijada\u201d de Pilar G-M Bermejo y Ximo Rom\u00e0.<\/p>\n\n\n\n<p>Sinopsis. Los protagonistas, tres antiguos compa\u00f1eros de universidad, adentrados de pleno en la edad madura, ven sus vidas entrecruzadas de nuevo a ra\u00edz de ciertos hechos fortuitos asociados de una u otra forma a una mujer.<\/p>\n\n\n\n<p>Sentimientos de culpabilidad, secretos nunca confesados y una sospecha de asesinato, marcan sus respectivas existencias, que acaban convergiendo en algo similar a la liberaci\u00f3n, cuando reparan en aquello que de cercano y sencillo encierran sus vidas.<\/p>\n\n\n\n<p><strong>Presentaci\u00f3n 27 de febrero, a las 19:30h<\/strong> en la Casa de Cultura, \u201cDi\u00e0nia. Terra de Castells\u201d de Just I. Sell\u00e9s -escritor y fot\u00f3grafo.<\/p>\n\n\n\n<p>Sinopsis. Di\u00e0nia, el mar de monta\u00f1as y valles que ondea al sur del J\u00facar, es un pa\u00eds abrupto, de castillos elevados sobre las pe\u00f1as; fortificaciones que un d\u00eda asomaron los caminos, el territorio, y que en otros tiempos, tambi\u00e9n, construyeron campamentos, alojaron poblados y defendieron a la gente de la tierra. Testimonios de la violencia humana y escenarios de la cruda dial\u00e9ctica de la guerra, los castillos custodian los secretos de los acontecimientos pasados: nuestra historia fosilizada en nuestros paisajes.<\/p>\n\n\n\n<p><strong>Presentaci\u00f3n 28 de febrero, a las 19:30h<\/strong> en el Centro Cultural de Altea la Vella, \u201cLeer la historia. Repensar las fronteras, reinventar las pr\u00e1cticas\u201d. Coordinado y dirigido por Vicent Galiana y Alejandro Llinares, profesores de historia. Presentan: Paqui Cano y Alma Brell.<\/p>\n\n\n\n<p>Sinopsis. \u00bfPuede la literatura ser una herramienta atractiva para contar la historia? \u00bfPuede la historia fomentar la lectura de ficci\u00f3n? Estas dos preguntas son el motor de Leer la historia, un libro b\u00e1sico y necesario que nace de las reflexiones de veintis\u00e9is investigadoras y docentes de diferentes especialidades maduradas con la experiencia en las aulas. El fruto es un viaje apasionante por los episodios clave de nuestra historia a partir de obras literarias fundamentales que les cuentan: de la Grecia cl\u00e1sica a nuestros d\u00edas pasando por la edad media, la colonizaci\u00f3n feudal, el Renacimiento, la guerra de Sucesi\u00f3n, la Revoluci\u00f3n Francesa, el totalitarismo, el holocausto, la Guerra Fr\u00eda; de Homero a Vicent Andr\u00e9s Estell\u00e9s pasando por nombres como Victor Hugo, Olympe de Gouges, Paco Roca, Rafael Chirba, Pepa Guardiola, Primo Levi, Keiji Nakazawa o Did\u00edn Puig. Y siempre poniendo el foco en las realidades populares silenciadas de la mayor\u00eda social. \u00c9ste es un libro, en definitiva, cargado de valiosas herramientas did\u00e1cticas para sembrar amor por la literatura y la historia en las aulas y en las calles de nuestro pa\u00eds.<\/p>\n\n\n\n<p><strong>Presentaci\u00f3n 6 de marzo, a las 19:30h<\/strong> en la Casa de Cultura, del libro: \u201cSomos las que est\u00e1bamos esperando: Mujeres que no se rinden\u201d. Obra colectiva.<\/p>\n\n\n\n<p>Sinopsis. \u201cSomos las que est\u00e1bamos esperando\u201d, un verso de June Jordan elegido en colectivo como t\u00edtulo para un libro que recoge el testimonio de una veintena de mujeres en lucha. Desde una oralidad primera sus palabras fueron transcritas y trabajadas a lo largo de dos a\u00f1os para terminar articulando textos que muestran las verdades de estas mujeres. Ellas pertenecen a grupos sociales normalmente excluidos de la escritura; alguna ni leer sabe. En consecuencia, sus saberes para sobrevivir a desahucios, violencias e injusticias solo suelen ocupar el lugar escrito cuando son mediados por otras personas. Aqu\u00ed la apuesta fue la contraria: vulnerar la norma y dejar que su saber ocupase, en primera persona, el objeto libro.<\/p>\n\n\n\n<p><strong>Presentaci\u00f3n 13 de marzo, a las 19:30h<\/strong> en la Casa de Cultura, de la obra \u201cLa materia que refulge\u201d de Marta Blanco Fern\u00e1ndez.<\/p>\n\n\n\n<p><strong>Presentaci\u00f3n 20 de marzo, a las 19:30h<\/strong> en la Casa de Cultura, del libro: \u201cDesterrats per ordre de Carles III. El llarg exili dels jesu\u00eftes valencians\u201d de Francesc J. Monjo i Dalmau.<\/p>\n\n\n\n<p>Sinopsis: En 1767, los jesuitas que viv\u00edan en el antiguo reino de Valencia, 190 en total, sufrieron las consecuencias del hecho hist\u00f3rico que m\u00e1s conmovi\u00f3 a la Europa cat\u00f3lica de los setecientos: la expulsi\u00f3n de la Compa\u00f1\u00eda de Jes\u00fas de los dominios de Carlos III. A partir de las fuentes documentales, se reconstruyen los acontecimientos desde el acoso inicial a estos religiosos valencianos, con la consiguiente expulsi\u00f3n, el exilio involuntario en C\u00f3rcega y en Italia y, finalmente, el regreso a tierras valencianas cuarenta y nueve a\u00f1os despu\u00e9s. Una panor\u00e1mica completa, pues, del proceso hasta la restauraci\u00f3n del orden jesu\u00edtico y su restablecimiento en Valencia, en 1816.<\/p>\n\n\n\n<p><strong>Presentaci\u00f3n 27 de marzo, a las 10:30h<\/strong> en la Casa de Cultura, del libro: \u201c\u00bfSe puede educar la felicidad? S\u00ed\u00ed\u00ed\u201d de Isabel Carri\u00f3n Codo\u00f1er.<\/p>\n\n\n\n<p>Sinopsis. Con Arist\u00f3teles, Dalai Lama y M. Seligman, vemos que la felicidad se entrena. Llega con trabajo y esfuerzo.<\/p>\n\n\n\n<p>Nuestros menores necesitan herramientas para tener bienestar y prevenir los problemas emocionales, porque la salud mental empieza en la infancia.<\/p>\n\n\n\n<p>Es necesario establecer sinergias entre familia y escuela para cultivar la felicidad en ellos. Se tiene que fomentar el bienestar interior. Ya que la verdadera felicidad no est\u00e1 en el tener sino en el ser.<\/p>\n\n\n\n<p>Con la lectura de este libro la autora da a conocer unos beneficios a trav\u00e9s del desarrollo de las habilidades del bienestar, como herramientas para ense\u00f1arlas en casa y en la escuela.<\/p>\n\n\n\n<p><strong>Presentaci\u00f3n 3 de abril, a las 19:30h<\/strong> en la Casa de Cultura, del libro: \u201cPeque detectives. Un fin de semana en el cole\u201d de Piedad Isabel Parra Garrido.<\/p>\n\n\n\n<p>Sinopsis. \u00bfAlguna vez se te ha pasado por la cabeza ser detective? \u00a1A mis amigos y a m\u00ed no! Todo surgi\u00f3 de repente. Nuestra investigaci\u00f3n tiene lugar en nuestro cole, donde acampamos todo un fin de semana. Alicia desaparece de forma misteriosa y la buscamos sin parar, incluso, viajamos a trav\u00e9s de diferentes portales para encontrarla. Nos suceden un mont\u00f3n de cosas muy extra\u00f1as, pero interesantes e inolvidables.<\/p>\n\n\n\n<p>\u00bfAlguna vez has pensado en ser escritor\/a o ilustrador\/a? A m\u00ed no se me hab\u00eda ocurrido nunca hasta los 10 a\u00f1os que decido escribir este libro con las ilustraciones hechas por mi medio prima, Laura, tambi\u00e9n de mi edad.<\/p>\n\n\n\n<p>\u00bfQu\u00e9 me gustar\u00eda conseguir? En primer lugar, motivar a mi hermana y a otros\/as ni\u00f1os\/as a que lean y, en segundo lugar, animar a todos\/as a que escriban o ilustren un libro.<\/p>\n\n\n\n<p>\u00bfTe animas a descubrir qu\u00e9 pas\u00f3 en nuestro misterioso fin de semana?<\/p>\n\n\n\n<p><strong>Presentaci\u00f3n 10 de abril, a las 19:30h<\/strong> en la Casa de Cultura, del libro: \u201cMy Atlantis. La creaci\u00f3n de tu propio imperio\u201d de Miguel Sanchis Gregori.<\/p>\n\n\n\n<p>Sinopsis. Crear un Imperio de la nada no es tarea f\u00e1cil\u2026 \u00bfo s\u00ed? Las personas tenemos un potencial ilimitado pero muchas veces no somos conscientes de ello y vivimos una vida sistem\u00e1tica guiada por nuestros patrones, nuestros h\u00e1bitos y nuestras creencias limitantes.<\/p>\n\n\n\n<p>En este libro descubrir\u00e1s todos los principios que te ayudar\u00e1n a crear tu propio Imperio; tu propio \u201cMy Atlantis\u201d y llevar una vida plena con unos resultados extraordinarios.<\/p>\n\n\n\n<p>| ALTEADIGITAL.ES<\/p>\n","protected":false},"excerpt":{"rendered":"<p>Ma\u00f1ana, jueves 20 de febrero, dar\u00e1 inicio una nueva edici\u00f3n de \u201cAltea, Llibres a la Primavera\u201d con la presentaci\u00f3n [&hellip;]<\/p>\n","protected":false},"author":1,"featured_media":34793,"comment_status":"open","ping_status":"open","sticky":false,"template":"","format":"standard","meta":{"_expiration-date-status":"","_expiration-date":0,"_expiration-date-type":"","_expiration-date-categories":[],"_expiration-date-options":[],"footnotes":""},"yoast_head":"<!-- This site is optimized with the Yoast SEO plugin v22.8 - https:\/\/yoast.com\/wordpress\/plugins\/seo\/ -->\n<title>Empieza una nueva edici\u00f3n de \u201cAltea, Llibres a la Primavera\u201d - Altea Cultural<\/title>\n<meta name=\"robots\" content=\"index, follow, max-snippet:-1, max-image-preview:large, max-video-preview:-1\" \/>\n<link rel=\"canonical\" href=\"https:\/\/www.alteacultural.com\/es\/2025\/02\/21\/comenca-una-nova-edicio-de-altea-llibres-a-la-primavera\/\" \/>\n<meta property=\"og:locale\" content=\"es_ES\" \/>\n<meta property=\"og:type\" content=\"article\" \/>\n<meta property=\"og:title\" content=\"Empieza una nueva edici\u00f3n de \u201cAltea, Llibres a la Primavera\u201d - Altea Cultural\" \/>\n<meta property=\"og:description\" content=\"Ma\u00f1ana, jueves 20 de febrero, dar\u00e1 inicio una nueva edici\u00f3n de \u201cAltea, Llibres a la Primavera\u201d con la presentaci\u00f3n [&hellip;]\" \/>\n<meta property=\"og:url\" content=\"https:\/\/www.alteacultural.com\/es\/2025\/02\/21\/comenca-una-nova-edicio-de-altea-llibres-a-la-primavera\/\" \/>\n<meta property=\"og:site_name\" content=\"Altea Cultural\" \/>\n<meta property=\"article:published_time\" content=\"2025-02-21T08:27:10+00:00\" \/>\n<meta property=\"article:modified_time\" content=\"2025-02-27T08:20:03+00:00\" \/>\n<meta property=\"og:image\" content=\"https:\/\/www.alteacultural.com\/wp-content\/uploads\/2025\/02\/2025-02-27_Altea_Llibres_a_la_primavera_2025_banner.jpg\" \/>\n\t<meta property=\"og:image:width\" content=\"1746\" \/>\n\t<meta property=\"og:image:height\" content=\"601\" \/>\n\t<meta property=\"og:image:type\" content=\"image\/jpeg\" \/>\n<meta name=\"author\" content=\"sfaltea.com-admin\" \/>\n<meta name=\"twitter:card\" content=\"summary_large_image\" \/>\n<meta name=\"twitter:label1\" content=\"Escrito por\" \/>\n\t<meta name=\"twitter:data1\" content=\"sfaltea.com-admin\" \/>\n\t<meta name=\"twitter:label2\" content=\"Tiempo de lectura\" \/>\n\t<meta name=\"twitter:data2\" content=\"8 minutos\" \/>\n<script type=\"application\/ld+json\" class=\"yoast-schema-graph\">{\"@context\":\"https:\/\/schema.org\",\"@graph\":[{\"@type\":\"WebPage\",\"@id\":\"https:\/\/www.alteacultural.com\/es\/2025\/02\/21\/comenca-una-nova-edicio-de-altea-llibres-a-la-primavera\/\",\"url\":\"https:\/\/www.alteacultural.com\/es\/2025\/02\/21\/comenca-una-nova-edicio-de-altea-llibres-a-la-primavera\/\",\"name\":\"Empieza una nueva edici\u00f3n de \u201cAltea, Llibres a la Primavera\u201d - Altea Cultural\",\"isPartOf\":{\"@id\":\"https:\/\/www.alteacultural.com\/es\/#website\"},\"primaryImageOfPage\":{\"@id\":\"https:\/\/www.alteacultural.com\/es\/2025\/02\/21\/comenca-una-nova-edicio-de-altea-llibres-a-la-primavera\/#primaryimage\"},\"image\":{\"@id\":\"https:\/\/www.alteacultural.com\/es\/2025\/02\/21\/comenca-una-nova-edicio-de-altea-llibres-a-la-primavera\/#primaryimage\"},\"thumbnailUrl\":\"https:\/\/www.alteacultural.com\/wp-content\/uploads\/2025\/02\/2025-02-27_Altea_Llibres_a_la_primavera_2025_banner.jpg\",\"datePublished\":\"2025-02-21T08:27:10+00:00\",\"dateModified\":\"2025-02-27T08:20:03+00:00\",\"author\":{\"@id\":\"https:\/\/www.alteacultural.com\/es\/#\/schema\/person\/c4e137537f1af546d214a315255e5172\"},\"breadcrumb\":{\"@id\":\"https:\/\/www.alteacultural.com\/es\/2025\/02\/21\/comenca-una-nova-edicio-de-altea-llibres-a-la-primavera\/#breadcrumb\"},\"inLanguage\":\"es\",\"potentialAction\":[{\"@type\":\"ReadAction\",\"target\":[\"https:\/\/www.alteacultural.com\/es\/2025\/02\/21\/comenca-una-nova-edicio-de-altea-llibres-a-la-primavera\/\"]}]},{\"@type\":\"ImageObject\",\"inLanguage\":\"es\",\"@id\":\"https:\/\/www.alteacultural.com\/es\/2025\/02\/21\/comenca-una-nova-edicio-de-altea-llibres-a-la-primavera\/#primaryimage\",\"url\":\"https:\/\/www.alteacultural.com\/wp-content\/uploads\/2025\/02\/2025-02-27_Altea_Llibres_a_la_primavera_2025_banner.jpg\",\"contentUrl\":\"https:\/\/www.alteacultural.com\/wp-content\/uploads\/2025\/02\/2025-02-27_Altea_Llibres_a_la_primavera_2025_banner.jpg\",\"width\":1746,\"height\":601},{\"@type\":\"BreadcrumbList\",\"@id\":\"https:\/\/www.alteacultural.com\/es\/2025\/02\/21\/comenca-una-nova-edicio-de-altea-llibres-a-la-primavera\/#breadcrumb\",\"itemListElement\":[{\"@type\":\"ListItem\",\"position\":1,\"name\":\"Inici\",\"item\":\"https:\/\/www.alteacultural.com\/es\/\"},{\"@type\":\"ListItem\",\"position\":2,\"name\":\"Empieza una nueva edici\u00f3n de \u201cAltea, Llibres a la Primavera\u201d\"}]},{\"@type\":\"WebSite\",\"@id\":\"https:\/\/www.alteacultural.com\/es\/#website\",\"url\":\"https:\/\/www.alteacultural.com\/es\/\",\"name\":\"Altea Cultural\",\"description\":\"Regidoria de Cultura de l&#039;Ajuntament d&#039;Altea\",\"potentialAction\":[{\"@type\":\"SearchAction\",\"target\":{\"@type\":\"EntryPoint\",\"urlTemplate\":\"https:\/\/www.alteacultural.com\/es\/?s={search_term_string}\"},\"query-input\":\"required name=search_term_string\"}],\"inLanguage\":\"es\"},{\"@type\":\"Person\",\"@id\":\"https:\/\/www.alteacultural.com\/es\/#\/schema\/person\/c4e137537f1af546d214a315255e5172\",\"name\":\"sfaltea.com-admin\",\"image\":{\"@type\":\"ImageObject\",\"inLanguage\":\"es\",\"@id\":\"https:\/\/www.alteacultural.com\/es\/#\/schema\/person\/image\/\",\"url\":\"https:\/\/secure.gravatar.com\/avatar\/f7473fa2fbd351270ccfd469de536202?s=96&d=mm&r=g\",\"contentUrl\":\"https:\/\/secure.gravatar.com\/avatar\/f7473fa2fbd351270ccfd469de536202?s=96&d=mm&r=g\",\"caption\":\"sfaltea.com-admin\"},\"url\":\"https:\/\/www.alteacultural.com\/es\/author\/sfaltea-com-admin\/\"}]}<\/script>\n<!-- \/ Yoast SEO plugin. -->","yoast_head_json":{"title":"Empieza una nueva edici\u00f3n de \u201cAltea, Llibres a la Primavera\u201d - Altea Cultural","robots":{"index":"index","follow":"follow","max-snippet":"max-snippet:-1","max-image-preview":"max-image-preview:large","max-video-preview":"max-video-preview:-1"},"canonical":"https:\/\/www.alteacultural.com\/es\/2025\/02\/21\/comenca-una-nova-edicio-de-altea-llibres-a-la-primavera\/","og_locale":"es_ES","og_type":"article","og_title":"Empieza una nueva edici\u00f3n de \u201cAltea, Llibres a la Primavera\u201d - Altea Cultural","og_description":"Ma\u00f1ana, jueves 20 de febrero, dar\u00e1 inicio una nueva edici\u00f3n de \u201cAltea, Llibres a la Primavera\u201d con la presentaci\u00f3n [&hellip;]","og_url":"https:\/\/www.alteacultural.com\/es\/2025\/02\/21\/comenca-una-nova-edicio-de-altea-llibres-a-la-primavera\/","og_site_name":"Altea Cultural","article_published_time":"2025-02-21T08:27:10+00:00","article_modified_time":"2025-02-27T08:20:03+00:00","og_image":[{"width":1746,"height":601,"url":"https:\/\/www.alteacultural.com\/wp-content\/uploads\/2025\/02\/2025-02-27_Altea_Llibres_a_la_primavera_2025_banner.jpg","type":"image\/jpeg"}],"author":"sfaltea.com-admin","twitter_card":"summary_large_image","twitter_misc":{"Escrito por":"sfaltea.com-admin","Tiempo de lectura":"8 minutos"},"schema":{"@context":"https:\/\/schema.org","@graph":[{"@type":"WebPage","@id":"https:\/\/www.alteacultural.com\/es\/2025\/02\/21\/comenca-una-nova-edicio-de-altea-llibres-a-la-primavera\/","url":"https:\/\/www.alteacultural.com\/es\/2025\/02\/21\/comenca-una-nova-edicio-de-altea-llibres-a-la-primavera\/","name":"Empieza una nueva edici\u00f3n de \u201cAltea, Llibres a la Primavera\u201d - Altea Cultural","isPartOf":{"@id":"https:\/\/www.alteacultural.com\/es\/#website"},"primaryImageOfPage":{"@id":"https:\/\/www.alteacultural.com\/es\/2025\/02\/21\/comenca-una-nova-edicio-de-altea-llibres-a-la-primavera\/#primaryimage"},"image":{"@id":"https:\/\/www.alteacultural.com\/es\/2025\/02\/21\/comenca-una-nova-edicio-de-altea-llibres-a-la-primavera\/#primaryimage"},"thumbnailUrl":"https:\/\/www.alteacultural.com\/wp-content\/uploads\/2025\/02\/2025-02-27_Altea_Llibres_a_la_primavera_2025_banner.jpg","datePublished":"2025-02-21T08:27:10+00:00","dateModified":"2025-02-27T08:20:03+00:00","author":{"@id":"https:\/\/www.alteacultural.com\/es\/#\/schema\/person\/c4e137537f1af546d214a315255e5172"},"breadcrumb":{"@id":"https:\/\/www.alteacultural.com\/es\/2025\/02\/21\/comenca-una-nova-edicio-de-altea-llibres-a-la-primavera\/#breadcrumb"},"inLanguage":"es","potentialAction":[{"@type":"ReadAction","target":["https:\/\/www.alteacultural.com\/es\/2025\/02\/21\/comenca-una-nova-edicio-de-altea-llibres-a-la-primavera\/"]}]},{"@type":"ImageObject","inLanguage":"es","@id":"https:\/\/www.alteacultural.com\/es\/2025\/02\/21\/comenca-una-nova-edicio-de-altea-llibres-a-la-primavera\/#primaryimage","url":"https:\/\/www.alteacultural.com\/wp-content\/uploads\/2025\/02\/2025-02-27_Altea_Llibres_a_la_primavera_2025_banner.jpg","contentUrl":"https:\/\/www.alteacultural.com\/wp-content\/uploads\/2025\/02\/2025-02-27_Altea_Llibres_a_la_primavera_2025_banner.jpg","width":1746,"height":601},{"@type":"BreadcrumbList","@id":"https:\/\/www.alteacultural.com\/es\/2025\/02\/21\/comenca-una-nova-edicio-de-altea-llibres-a-la-primavera\/#breadcrumb","itemListElement":[{"@type":"ListItem","position":1,"name":"Inici","item":"https:\/\/www.alteacultural.com\/es\/"},{"@type":"ListItem","position":2,"name":"Empieza una nueva edici\u00f3n de \u201cAltea, Llibres a la Primavera\u201d"}]},{"@type":"WebSite","@id":"https:\/\/www.alteacultural.com\/es\/#website","url":"https:\/\/www.alteacultural.com\/es\/","name":"Altea Cultural","description":"Regidoria de Cultura de l&#039;Ajuntament d&#039;Altea","potentialAction":[{"@type":"SearchAction","target":{"@type":"EntryPoint","urlTemplate":"https:\/\/www.alteacultural.com\/es\/?s={search_term_string}"},"query-input":"required name=search_term_string"}],"inLanguage":"es"},{"@type":"Person","@id":"https:\/\/www.alteacultural.com\/es\/#\/schema\/person\/c4e137537f1af546d214a315255e5172","name":"sfaltea.com-admin","image":{"@type":"ImageObject","inLanguage":"es","@id":"https:\/\/www.alteacultural.com\/es\/#\/schema\/person\/image\/","url":"https:\/\/secure.gravatar.com\/avatar\/f7473fa2fbd351270ccfd469de536202?s=96&d=mm&r=g","contentUrl":"https:\/\/secure.gravatar.com\/avatar\/f7473fa2fbd351270ccfd469de536202?s=96&d=mm&r=g","caption":"sfaltea.com-admin"},"url":"https:\/\/www.alteacultural.com\/es\/author\/sfaltea-com-admin\/"}]}},"_links":{"self":[{"href":"https:\/\/www.alteacultural.com\/es\/wp-json\/wp\/v2\/posts\/34853"}],"collection":[{"href":"https:\/\/www.alteacultural.com\/es\/wp-json\/wp\/v2\/posts"}],"about":[{"href":"https:\/\/www.alteacultural.com\/es\/wp-json\/wp\/v2\/types\/post"}],"author":[{"embeddable":true,"href":"https:\/\/www.alteacultural.com\/es\/wp-json\/wp\/v2\/users\/1"}],"replies":[{"embeddable":true,"href":"https:\/\/www.alteacultural.com\/es\/wp-json\/wp\/v2\/comments?post=34853"}],"version-history":[{"count":1,"href":"https:\/\/www.alteacultural.com\/es\/wp-json\/wp\/v2\/posts\/34853\/revisions"}],"predecessor-version":[{"id":34855,"href":"https:\/\/www.alteacultural.com\/es\/wp-json\/wp\/v2\/posts\/34853\/revisions\/34855"}],"wp:featuredmedia":[{"embeddable":true,"href":"https:\/\/www.alteacultural.com\/es\/wp-json\/wp\/v2\/media\/34793"}],"wp:attachment":[{"href":"https:\/\/www.alteacultural.com\/es\/wp-json\/wp\/v2\/media?parent=34853"}],"curies":[{"name":"wp","href":"https:\/\/api.w.org\/{rel}","templated":true}]}}