{"id":34862,"date":"2025-02-24T14:07:41","date_gmt":"2025-02-24T13:07:41","guid":{"rendered":"https:\/\/www.alteacultural.com\/2025\/02\/24\/el-dissabte-1-de-marc-tindra-lloc-ledicio-dhivern-del-mercat-del-convent\/"},"modified":"2025-03-01T14:04:05","modified_gmt":"2025-03-01T13:04:05","slug":"el-dissabte-1-de-marc-tindra-lloc-ledicio-dhivern-del-mercat-del-convent","status":"publish","type":"post","link":"https:\/\/www.alteacultural.com\/es\/2025\/02\/24\/el-dissabte-1-de-marc-tindra-lloc-ledicio-dhivern-del-mercat-del-convent\/","title":{"rendered":"[\u274cAPLAZADO AL 15-03-2025] El s\u00e1bado 1 de marzo tendr\u00e1 lugar la edici\u00f3n de invierno de \u201cEl Mercat del Convent\u201d"},"content":{"rendered":"\n<figure class=\"wp-block-image size-full\"><img fetchpriority=\"high\" decoding=\"async\" width=\"1028\" height=\"749\" src=\"https:\/\/www.alteacultural.com\/wp-content\/uploads\/2025\/02\/RP-Mercat-del-Convent-web.jpg\" alt=\"\" class=\"wp-image-34857\" srcset=\"https:\/\/www.alteacultural.com\/wp-content\/uploads\/2025\/02\/RP-Mercat-del-Convent-web.jpg 1028w, https:\/\/www.alteacultural.com\/wp-content\/uploads\/2025\/02\/RP-Mercat-del-Convent-web-768x560.jpg 768w\" sizes=\"(max-width: 1028px) 100vw, 1028px\" \/><\/figure>\n\n\n\n<p><strong>Desde las 10:00 a las 20:00h en la \u201cPla\u00e7a del Convent\u201d.<\/strong><\/p>\n\n\n\n<p class=\"has-vivid-red-color has-text-color has-link-color wp-elements-cf64157aa996b0c43aa1027e825a3354\"><a href=\"https:\/\/www.alteacultural.com\/es\/events\/mercat-del-convent-edicio-hivern-2025-2\/\">[\u274cAPLAZADO AL 15-03-2025]<\/a><\/p>\n\n\n\n<p>En la ma\u00f1ana de hoy ha tenido lugar la presentaci\u00f3n p\u00fablica de la 8\u00aa edici\u00f3n de \u201cEl Mercat del Convent\u201d en su jornada de invierno. Una cita con los productos de proximidad alteanos y comarcales que, combinada con una serie de actividades l\u00fadicas y culturales, se ha convertido ya en una actividad consolidada en Altea.<\/p>\n\n\n\n<p>De esta edici\u00f3n de invierno de \u201cEl Mercat del Convent\u201d han hablado los concejales de Medio Ambiente, Jose Orozco; Cultura, Pepa Victoria P\u00e9rez y Comercio, Jose Maria Borja; as\u00ed como un representante de la Asociaci\u00f3n Agrollotja, Mariano P\u00e9rez, responsable de la coordinaci\u00f3n de este mercado tradicional.<\/p>\n\n\n\n<p>En nombre del Ayuntamiento de Altea, los representantes municipales han coincidido en resaltar el \u00e9xito de las pasadas ediciones de \u201cEl Mercat del Convent\u201d. Un \u00e9xito que ha hecho que la iniciativa celebre el pr\u00f3ximo 1 de marzo su 8\u00aa convocatoria.<\/p>\n\n\n\n<p>Tanto el edil de Medio Ambiente como la responsable de Cultura y el concejal de Comercio han subrayado la posibilidad ofrece \u201cEl Mercat del Convent\u201d a los productores locales y comarcales de mostrar sus productos, muchos de ellos artesanales y agrarios, y venderlos.<\/p>\n\n\n\n<p>Adem\u00e1s, la cita se ha convertido ya en una jornada l\u00fadica familiar en la que se puede disfrutar de actividades poco habituales en el mundo globalizado en el que nos encontramos, como puede ser la demostraci\u00f3n de c\u00f3mo se realiza en encaje de bolillos, el baile de danzas populares, concursos, charlas sobre elaboraci\u00f3n de productos naturales, entre otros.<\/p>\n\n\n\n<p>En nombre de Agrollotja, entidad coordinadora del evento, Mariano P\u00e9rez ha detallado los diferentes puestos que estar\u00e1n presentes el s\u00e1bado 1 de marzo en la \u201cPla\u00e7a del Convent\u201d, para exponer sus productos: Agrollotja y Xavi Mendoza; Cal\u00e7ots d\u2019Altea; Ca Satorres; embutidos Gloria; Mar de Vins; Escuina con Vicent Zaragoz\u00ed; Grattitude; Xocolate Toni Garci; Arca Almendras; Horno El Petenero; Tia Tula; Althaia; Herbero Rufo; Caliu; Pasteleo con pasi\u00f3n y Mar de Pedres.<\/p>\n\n\n\n<p>\u201cEsta es la VIII edici\u00f3n que celebramos y esperamos, que como en todas las ediciones anteriores, vuelva a ser no s\u00f3lo un \u00e9xito de p\u00fablico, sino aquello por lo que realmente se constituy\u00f3; un lugar que destaca por hacer valer la agricultura de proximidad, dar a conocer a todos aquellos profesionales que elaboran productos de km. O, adem\u00e1s de un punto de encuentro de cultura, artesan\u00eda, recuperaci\u00f3n de memoria hist\u00f3rica y tradiciones locales\u201d. Comenta P\u00e9rez.<\/p>\n\n\n\n<p>En el transcurso de la presentaci\u00f3n los participantes han coincidido en indicar que cada una de las ediciones de este mercado han hecho que se convierta en un lugar de disfrute en el que se pueden degustar los productos expuestos, gracias a la zona de mesas y sillas que se habilita para la ocasi\u00f3n.<\/p>\n\n\n\n<p>Desde la organizaci\u00f3n se invita a alteanos, alteanas, residentes en la Comarca y visitantes a disfrutar de este mercado alternativo en el que los productos de proximidad y las actividades l\u00fadicas y formativas son los protagonistas.<\/p>\n\n\n\n<p class=\"has-vivid-red-color has-text-color has-link-color wp-elements-cf64157aa996b0c43aa1027e825a3354\"><a href=\"https:\/\/www.alteacultural.com\/es\/events\/mercat-del-convent-edicio-hivern-2025-2\/\">[\u274cAPLAZADO AL 15-03-2025]<\/a><\/p>\n\n\n\n<figure class=\"wp-block-image size-full is-resized\"><img decoding=\"async\" width=\"1821\" height=\"2560\" data-src=\"https:\/\/www.alteacultural.com\/wp-content\/uploads\/2025\/02\/cartell-mercat-convent-demohivern-01-03-2025-scaled.jpg\" alt=\"\" class=\"wp-image-34747 lazyload\" style=\"--smush-placeholder-width: 1821px; --smush-placeholder-aspect-ratio: 1821\/2560;width:840px;height:auto\" data-srcset=\"https:\/\/www.alteacultural.com\/wp-content\/uploads\/2025\/02\/cartell-mercat-convent-demohivern-01-03-2025-scaled.jpg 1821w, https:\/\/www.alteacultural.com\/wp-content\/uploads\/2025\/02\/cartell-mercat-convent-demohivern-01-03-2025-768x1080.jpg 768w, https:\/\/www.alteacultural.com\/wp-content\/uploads\/2025\/02\/cartell-mercat-convent-demohivern-01-03-2025-1092x1536.jpg 1092w, https:\/\/www.alteacultural.com\/wp-content\/uploads\/2025\/02\/cartell-mercat-convent-demohivern-01-03-2025-1457x2048.jpg 1457w\" data-sizes=\"(max-width: 1821px) 100vw, 1821px\" src=\"data:image\/gif;base64,R0lGODlhAQABAAAAACH5BAEKAAEALAAAAAABAAEAAAICTAEAOw==\" \/><\/figure>\n\n\n\n<p>| ALTEADIGITAL.ES<\/p>\n","protected":false},"excerpt":{"rendered":"<p>Desde las 10:00 a las 20:00h en la \u201cPla\u00e7a del Convent\u201d. [\u274cAPLAZADO AL 15-03-2025] En la ma\u00f1ana de hoy [&hellip;]<\/p>\n","protected":false},"author":1,"featured_media":34860,"comment_status":"open","ping_status":"open","sticky":false,"template":"","format":"standard","meta":{"_expiration-date-status":"","_expiration-date":0,"_expiration-date-type":"","_expiration-date-categories":[],"_expiration-date-options":[],"footnotes":""},"yoast_head":"<!-- This site is optimized with the Yoast SEO plugin v22.8 - https:\/\/yoast.com\/wordpress\/plugins\/seo\/ -->\n<title>[\u274cAPLAZADO AL 15-03-2025] El s\u00e1bado 1 de marzo tendr\u00e1 lugar la edici\u00f3n de invierno de \u201cEl Mercat del Convent\u201d - Altea Cultural<\/title>\n<meta name=\"robots\" content=\"index, follow, max-snippet:-1, max-image-preview:large, max-video-preview:-1\" \/>\n<link rel=\"canonical\" href=\"https:\/\/www.alteacultural.com\/es\/2025\/02\/24\/el-dissabte-1-de-marc-tindra-lloc-ledicio-dhivern-del-mercat-del-convent\/\" \/>\n<meta property=\"og:locale\" content=\"es_ES\" \/>\n<meta property=\"og:type\" content=\"article\" \/>\n<meta property=\"og:title\" content=\"[\u274cAPLAZADO AL 15-03-2025] El s\u00e1bado 1 de marzo tendr\u00e1 lugar la edici\u00f3n de invierno de \u201cEl Mercat del Convent\u201d - Altea Cultural\" \/>\n<meta property=\"og:description\" content=\"Desde las 10:00 a las 20:00h en la \u201cPla\u00e7a del Convent\u201d. [\u274cAPLAZADO AL 15-03-2025] En la ma\u00f1ana de hoy [&hellip;]\" \/>\n<meta property=\"og:url\" content=\"https:\/\/www.alteacultural.com\/es\/2025\/02\/24\/el-dissabte-1-de-marc-tindra-lloc-ledicio-dhivern-del-mercat-del-convent\/\" \/>\n<meta property=\"og:site_name\" content=\"Altea Cultural\" \/>\n<meta property=\"article:published_time\" content=\"2025-02-24T13:07:41+00:00\" \/>\n<meta property=\"article:modified_time\" content=\"2025-03-01T13:04:05+00:00\" \/>\n<meta property=\"og:image\" content=\"https:\/\/www.alteacultural.com\/wp-content\/uploads\/2025\/02\/2025-03-01_mercat-convent-banner.webp\" \/>\n\t<meta property=\"og:image:width\" content=\"1600\" \/>\n\t<meta property=\"og:image:height\" content=\"807\" \/>\n\t<meta property=\"og:image:type\" content=\"image\/webp\" \/>\n<meta name=\"author\" content=\"sfaltea.com-admin\" \/>\n<meta name=\"twitter:card\" content=\"summary_large_image\" \/>\n<meta name=\"twitter:label1\" content=\"Escrito por\" \/>\n\t<meta name=\"twitter:data1\" content=\"sfaltea.com-admin\" \/>\n\t<meta name=\"twitter:label2\" content=\"Tiempo de lectura\" \/>\n\t<meta name=\"twitter:data2\" content=\"4 minutos\" \/>\n<script type=\"application\/ld+json\" class=\"yoast-schema-graph\">{\"@context\":\"https:\/\/schema.org\",\"@graph\":[{\"@type\":\"WebPage\",\"@id\":\"https:\/\/www.alteacultural.com\/es\/2025\/02\/24\/el-dissabte-1-de-marc-tindra-lloc-ledicio-dhivern-del-mercat-del-convent\/\",\"url\":\"https:\/\/www.alteacultural.com\/es\/2025\/02\/24\/el-dissabte-1-de-marc-tindra-lloc-ledicio-dhivern-del-mercat-del-convent\/\",\"name\":\"[\u274cAPLAZADO AL 15-03-2025] El s\u00e1bado 1 de marzo tendr\u00e1 lugar la edici\u00f3n de invierno de \u201cEl Mercat del Convent\u201d - Altea Cultural\",\"isPartOf\":{\"@id\":\"https:\/\/www.alteacultural.com\/es\/#website\"},\"primaryImageOfPage\":{\"@id\":\"https:\/\/www.alteacultural.com\/es\/2025\/02\/24\/el-dissabte-1-de-marc-tindra-lloc-ledicio-dhivern-del-mercat-del-convent\/#primaryimage\"},\"image\":{\"@id\":\"https:\/\/www.alteacultural.com\/es\/2025\/02\/24\/el-dissabte-1-de-marc-tindra-lloc-ledicio-dhivern-del-mercat-del-convent\/#primaryimage\"},\"thumbnailUrl\":\"https:\/\/www.alteacultural.com\/wp-content\/uploads\/2025\/02\/2025-03-01_mercat-convent-banner.webp\",\"datePublished\":\"2025-02-24T13:07:41+00:00\",\"dateModified\":\"2025-03-01T13:04:05+00:00\",\"author\":{\"@id\":\"https:\/\/www.alteacultural.com\/es\/#\/schema\/person\/c4e137537f1af546d214a315255e5172\"},\"breadcrumb\":{\"@id\":\"https:\/\/www.alteacultural.com\/es\/2025\/02\/24\/el-dissabte-1-de-marc-tindra-lloc-ledicio-dhivern-del-mercat-del-convent\/#breadcrumb\"},\"inLanguage\":\"es\",\"potentialAction\":[{\"@type\":\"ReadAction\",\"target\":[\"https:\/\/www.alteacultural.com\/es\/2025\/02\/24\/el-dissabte-1-de-marc-tindra-lloc-ledicio-dhivern-del-mercat-del-convent\/\"]}]},{\"@type\":\"ImageObject\",\"inLanguage\":\"es\",\"@id\":\"https:\/\/www.alteacultural.com\/es\/2025\/02\/24\/el-dissabte-1-de-marc-tindra-lloc-ledicio-dhivern-del-mercat-del-convent\/#primaryimage\",\"url\":\"https:\/\/www.alteacultural.com\/wp-content\/uploads\/2025\/02\/2025-03-01_mercat-convent-banner.webp\",\"contentUrl\":\"https:\/\/www.alteacultural.com\/wp-content\/uploads\/2025\/02\/2025-03-01_mercat-convent-banner.webp\",\"width\":1600,\"height\":807},{\"@type\":\"BreadcrumbList\",\"@id\":\"https:\/\/www.alteacultural.com\/es\/2025\/02\/24\/el-dissabte-1-de-marc-tindra-lloc-ledicio-dhivern-del-mercat-del-convent\/#breadcrumb\",\"itemListElement\":[{\"@type\":\"ListItem\",\"position\":1,\"name\":\"Inici\",\"item\":\"https:\/\/www.alteacultural.com\/es\/\"},{\"@type\":\"ListItem\",\"position\":2,\"name\":\"[\u274cAPLAZADO AL 15-03-2025] El s\u00e1bado 1 de marzo tendr\u00e1 lugar la edici\u00f3n de invierno de \u201cEl Mercat del Convent\u201d\"}]},{\"@type\":\"WebSite\",\"@id\":\"https:\/\/www.alteacultural.com\/es\/#website\",\"url\":\"https:\/\/www.alteacultural.com\/es\/\",\"name\":\"Altea Cultural\",\"description\":\"Regidoria de Cultura de l&#039;Ajuntament d&#039;Altea\",\"potentialAction\":[{\"@type\":\"SearchAction\",\"target\":{\"@type\":\"EntryPoint\",\"urlTemplate\":\"https:\/\/www.alteacultural.com\/es\/?s={search_term_string}\"},\"query-input\":\"required name=search_term_string\"}],\"inLanguage\":\"es\"},{\"@type\":\"Person\",\"@id\":\"https:\/\/www.alteacultural.com\/es\/#\/schema\/person\/c4e137537f1af546d214a315255e5172\",\"name\":\"sfaltea.com-admin\",\"image\":{\"@type\":\"ImageObject\",\"inLanguage\":\"es\",\"@id\":\"https:\/\/www.alteacultural.com\/es\/#\/schema\/person\/image\/\",\"url\":\"https:\/\/secure.gravatar.com\/avatar\/f7473fa2fbd351270ccfd469de536202?s=96&d=mm&r=g\",\"contentUrl\":\"https:\/\/secure.gravatar.com\/avatar\/f7473fa2fbd351270ccfd469de536202?s=96&d=mm&r=g\",\"caption\":\"sfaltea.com-admin\"},\"url\":\"https:\/\/www.alteacultural.com\/es\/author\/sfaltea-com-admin\/\"}]}<\/script>\n<!-- \/ Yoast SEO plugin. -->","yoast_head_json":{"title":"[\u274cAPLAZADO AL 15-03-2025] El s\u00e1bado 1 de marzo tendr\u00e1 lugar la edici\u00f3n de invierno de \u201cEl Mercat del Convent\u201d - Altea Cultural","robots":{"index":"index","follow":"follow","max-snippet":"max-snippet:-1","max-image-preview":"max-image-preview:large","max-video-preview":"max-video-preview:-1"},"canonical":"https:\/\/www.alteacultural.com\/es\/2025\/02\/24\/el-dissabte-1-de-marc-tindra-lloc-ledicio-dhivern-del-mercat-del-convent\/","og_locale":"es_ES","og_type":"article","og_title":"[\u274cAPLAZADO AL 15-03-2025] El s\u00e1bado 1 de marzo tendr\u00e1 lugar la edici\u00f3n de invierno de \u201cEl Mercat del Convent\u201d - Altea Cultural","og_description":"Desde las 10:00 a las 20:00h en la \u201cPla\u00e7a del Convent\u201d. [\u274cAPLAZADO AL 15-03-2025] En la ma\u00f1ana de hoy [&hellip;]","og_url":"https:\/\/www.alteacultural.com\/es\/2025\/02\/24\/el-dissabte-1-de-marc-tindra-lloc-ledicio-dhivern-del-mercat-del-convent\/","og_site_name":"Altea Cultural","article_published_time":"2025-02-24T13:07:41+00:00","article_modified_time":"2025-03-01T13:04:05+00:00","og_image":[{"width":1600,"height":807,"url":"https:\/\/www.alteacultural.com\/wp-content\/uploads\/2025\/02\/2025-03-01_mercat-convent-banner.webp","type":"image\/webp"}],"author":"sfaltea.com-admin","twitter_card":"summary_large_image","twitter_misc":{"Escrito por":"sfaltea.com-admin","Tiempo de lectura":"4 minutos"},"schema":{"@context":"https:\/\/schema.org","@graph":[{"@type":"WebPage","@id":"https:\/\/www.alteacultural.com\/es\/2025\/02\/24\/el-dissabte-1-de-marc-tindra-lloc-ledicio-dhivern-del-mercat-del-convent\/","url":"https:\/\/www.alteacultural.com\/es\/2025\/02\/24\/el-dissabte-1-de-marc-tindra-lloc-ledicio-dhivern-del-mercat-del-convent\/","name":"[\u274cAPLAZADO AL 15-03-2025] El s\u00e1bado 1 de marzo tendr\u00e1 lugar la edici\u00f3n de invierno de \u201cEl Mercat del Convent\u201d - Altea Cultural","isPartOf":{"@id":"https:\/\/www.alteacultural.com\/es\/#website"},"primaryImageOfPage":{"@id":"https:\/\/www.alteacultural.com\/es\/2025\/02\/24\/el-dissabte-1-de-marc-tindra-lloc-ledicio-dhivern-del-mercat-del-convent\/#primaryimage"},"image":{"@id":"https:\/\/www.alteacultural.com\/es\/2025\/02\/24\/el-dissabte-1-de-marc-tindra-lloc-ledicio-dhivern-del-mercat-del-convent\/#primaryimage"},"thumbnailUrl":"https:\/\/www.alteacultural.com\/wp-content\/uploads\/2025\/02\/2025-03-01_mercat-convent-banner.webp","datePublished":"2025-02-24T13:07:41+00:00","dateModified":"2025-03-01T13:04:05+00:00","author":{"@id":"https:\/\/www.alteacultural.com\/es\/#\/schema\/person\/c4e137537f1af546d214a315255e5172"},"breadcrumb":{"@id":"https:\/\/www.alteacultural.com\/es\/2025\/02\/24\/el-dissabte-1-de-marc-tindra-lloc-ledicio-dhivern-del-mercat-del-convent\/#breadcrumb"},"inLanguage":"es","potentialAction":[{"@type":"ReadAction","target":["https:\/\/www.alteacultural.com\/es\/2025\/02\/24\/el-dissabte-1-de-marc-tindra-lloc-ledicio-dhivern-del-mercat-del-convent\/"]}]},{"@type":"ImageObject","inLanguage":"es","@id":"https:\/\/www.alteacultural.com\/es\/2025\/02\/24\/el-dissabte-1-de-marc-tindra-lloc-ledicio-dhivern-del-mercat-del-convent\/#primaryimage","url":"https:\/\/www.alteacultural.com\/wp-content\/uploads\/2025\/02\/2025-03-01_mercat-convent-banner.webp","contentUrl":"https:\/\/www.alteacultural.com\/wp-content\/uploads\/2025\/02\/2025-03-01_mercat-convent-banner.webp","width":1600,"height":807},{"@type":"BreadcrumbList","@id":"https:\/\/www.alteacultural.com\/es\/2025\/02\/24\/el-dissabte-1-de-marc-tindra-lloc-ledicio-dhivern-del-mercat-del-convent\/#breadcrumb","itemListElement":[{"@type":"ListItem","position":1,"name":"Inici","item":"https:\/\/www.alteacultural.com\/es\/"},{"@type":"ListItem","position":2,"name":"[\u274cAPLAZADO AL 15-03-2025] El s\u00e1bado 1 de marzo tendr\u00e1 lugar la edici\u00f3n de invierno de \u201cEl Mercat del Convent\u201d"}]},{"@type":"WebSite","@id":"https:\/\/www.alteacultural.com\/es\/#website","url":"https:\/\/www.alteacultural.com\/es\/","name":"Altea Cultural","description":"Regidoria de Cultura de l&#039;Ajuntament d&#039;Altea","potentialAction":[{"@type":"SearchAction","target":{"@type":"EntryPoint","urlTemplate":"https:\/\/www.alteacultural.com\/es\/?s={search_term_string}"},"query-input":"required name=search_term_string"}],"inLanguage":"es"},{"@type":"Person","@id":"https:\/\/www.alteacultural.com\/es\/#\/schema\/person\/c4e137537f1af546d214a315255e5172","name":"sfaltea.com-admin","image":{"@type":"ImageObject","inLanguage":"es","@id":"https:\/\/www.alteacultural.com\/es\/#\/schema\/person\/image\/","url":"https:\/\/secure.gravatar.com\/avatar\/f7473fa2fbd351270ccfd469de536202?s=96&d=mm&r=g","contentUrl":"https:\/\/secure.gravatar.com\/avatar\/f7473fa2fbd351270ccfd469de536202?s=96&d=mm&r=g","caption":"sfaltea.com-admin"},"url":"https:\/\/www.alteacultural.com\/es\/author\/sfaltea-com-admin\/"}]}},"_links":{"self":[{"href":"https:\/\/www.alteacultural.com\/es\/wp-json\/wp\/v2\/posts\/34862"}],"collection":[{"href":"https:\/\/www.alteacultural.com\/es\/wp-json\/wp\/v2\/posts"}],"about":[{"href":"https:\/\/www.alteacultural.com\/es\/wp-json\/wp\/v2\/types\/post"}],"author":[{"embeddable":true,"href":"https:\/\/www.alteacultural.com\/es\/wp-json\/wp\/v2\/users\/1"}],"replies":[{"embeddable":true,"href":"https:\/\/www.alteacultural.com\/es\/wp-json\/wp\/v2\/comments?post=34862"}],"version-history":[{"count":3,"href":"https:\/\/www.alteacultural.com\/es\/wp-json\/wp\/v2\/posts\/34862\/revisions"}],"predecessor-version":[{"id":34939,"href":"https:\/\/www.alteacultural.com\/es\/wp-json\/wp\/v2\/posts\/34862\/revisions\/34939"}],"wp:featuredmedia":[{"embeddable":true,"href":"https:\/\/www.alteacultural.com\/es\/wp-json\/wp\/v2\/media\/34860"}],"wp:attachment":[{"href":"https:\/\/www.alteacultural.com\/es\/wp-json\/wp\/v2\/media?parent=34862"}],"curies":[{"name":"wp","href":"https:\/\/api.w.org\/{rel}","templated":true}]}}