{"id":34899,"date":"2025-02-26T09:01:14","date_gmt":"2025-02-26T08:01:14","guid":{"rendered":"https:\/\/www.alteacultural.com\/2025\/02\/26\/lagrupacio-musical-de-pego-salca-amb-el-primer-premi-del-certamen-de-musica-festera-daltea-la-vella\/"},"modified":"2025-03-03T08:57:02","modified_gmt":"2025-03-03T07:57:02","slug":"lagrupacio-musical-de-pego-salca-amb-el-primer-premi-del-certamen-de-musica-festera-daltea-la-vella","status":"publish","type":"post","link":"https:\/\/www.alteacultural.com\/es\/2025\/02\/26\/lagrupacio-musical-de-pego-salca-amb-el-primer-premi-del-certamen-de-musica-festera-daltea-la-vella\/","title":{"rendered":"La \u201cAgrupaci\u00f3 Musical\u201d de Pego se alza con el primer premio del Certamen de M\u00fasica Festera de Altea la Vella"},"content":{"rendered":"\n<figure class=\"wp-block-image size-full\"><img fetchpriority=\"high\" decoding=\"async\" width=\"1028\" height=\"771\" src=\"https:\/\/www.alteacultural.com\/wp-content\/uploads\/2025\/02\/entrega-primer-premi-web.jpg\" alt=\"\" class=\"wp-image-34894\" srcset=\"https:\/\/www.alteacultural.com\/wp-content\/uploads\/2025\/02\/entrega-primer-premi-web.jpg 1028w, https:\/\/www.alteacultural.com\/wp-content\/uploads\/2025\/02\/entrega-primer-premi-web-768x576.jpg 768w\" sizes=\"(max-width: 1028px) 100vw, 1028px\" \/><\/figure>\n\n\n\n<p><strong>La \u201cUni\u00f3 Musical La Primitiva de Castell de Castells y la \u201cAgrupaci\u00f3 Escola Musical La Nova de l\u2019Olleria\u201d consiguen el segundo y tercer premio, respectivamente.<\/strong><\/p>\n\n\n\n<p>El pasado s\u00e1bado 22 de febrero ten\u00eda lugar la decimoquinta edici\u00f3n del Certamen de Bandas de M\u00fasica Festera de Altea la Vella. Una cita pasada por agua que congregaba en el Centro Cultural de Altea la Vella a las bandas participantes de la \u201cUni\u00f3 Musical La Primitiva de Castell de Castells, la \u201cAgrupaci\u00f3 Escola Musical La Nova de l\u2019Olleria\u201d y la \u201cAgrupaci\u00f3 Musical de Pego\u201d, sus seguidores y numeroso p\u00fablico alteano; as\u00ed como autoridades municipales y representantes institucionales, culturales y festivas del municipio que no quisieron perderse esta importante cita con la m\u00fasica festera.<\/p>\n\n\n\n<p>El concurso contaba con una novedad, un premio en material musical, gentileza de Neom\u00fasica, a la banda que mejor desfilase. Pero \u00e9ste hubo de cambiar su objeto ya que, a consecuencia de la lluvia, el desfile era suspendido y se trasladaba al auditorio la interpretaci\u00f3n de los pasodobles elegidos por cada agrupaci\u00f3n para optar a este premio. Con la interpretaci\u00f3n del pasodoble de desfile comenzaba cada una de las tres bandas participantes su actuaci\u00f3n. Juzgada \u00e9sta, el jurado decid\u00eda conceder este premio a la \u201cUni\u00f3 Musical \u201cLa Primitiva\u201d de Castell de Castells\u201d por la interpretaci\u00f3n de \u201cM\u00fasics el XXI\u201d de Jos\u00e9 Rafael Pascual Vilaplana.<\/p>\n\n\n\n<p>Jurado que estaba compuesto por Julio Domingo Escamilla, en calidad de presidente y autor de \u201cEl CIM d\u2019Altea\u201d, pasodoble de concierto de obligada interpretaci\u00f3n para las 3 bandas participantes; Victor Vall\u00e9s Fornet y Jos\u00e9 Vicente Asensi Seva como vocales.<\/p>\n\n\n\n<p>Concluida la actuaci\u00f3n de las tres bandas participantes, era el turno de la anfitriona, la \u201cSocietat Recreativa Musical d\u2019Altea la Vella\u201d quien deleit\u00f3 a los presentes con dos pasodobles, una marcha mora y una cristiana mientras el jurado puntuaba la actuaci\u00f3n de las agrupaciones a concurso.<\/p>\n\n\n\n<p>Concluida la deliberaci\u00f3n, la conductora del acto, la periodista alteana Marga Riera, hac\u00eda p\u00fablico el resultado y solicitaba la presencia en el escenario del Alcalde de Altea, Diego Zaragoz\u00ed; el presidente de la Recreativa, Juan Antonio Ba\u00f1uls; el presidente de Caixaltea, Ignacio Ortiz; el presidente de la \u201cFederaci\u00f3 de Moros i Cristians Sant Blai\u201d, Vicent Lloret; los clavarios de la Comisi\u00f3n de Fiestas del Stmo. Cristo de la Salud, Vicente Ferrer y Pepa Gregori, y los reyes cristiano y moro, Jes\u00fas Garc\u00eda y Roberto Riera, que fueron los encargados de entregar los premios, as\u00ed como de los presidentes de las bandas, receptores de los diplomas y premios valorados en 2.500, 2.000 y 1.500\u20ac en met\u00e1lico.<\/p>\n\n\n\n<p>Como reza el acta, las puntuaciones obtenidas por las bandas y por consiguiente los premios, quedaron de la siguiente manera: primer premio, \u201cAgrupaci\u00f3 Musical de Pego\u201d con 267.5 puntos; segundo premio, \u201cUni\u00f3n Musical La Primitiva de Castell de Castells\u201d con 266 puntos y tercer premio, \u201cAgrupaci\u00f3 Escola Musical La Nova de l\u2019Olleria con 233.5 puntos.<\/p>\n\n\n\n<figure class=\"wp-block-image size-full is-resized\"><img decoding=\"async\" width=\"1028\" height=\"580\" data-src=\"https:\/\/www.alteacultural.com\/wp-content\/uploads\/2025\/02\/plano-general-con-puntuaciones-web.jpg\" alt=\"\" class=\"wp-image-34896 lazyload\" style=\"--smush-placeholder-width: 1028px; --smush-placeholder-aspect-ratio: 1028\/580;width:840px;height:auto\" data-srcset=\"https:\/\/www.alteacultural.com\/wp-content\/uploads\/2025\/02\/plano-general-con-puntuaciones-web.jpg 1028w, https:\/\/www.alteacultural.com\/wp-content\/uploads\/2025\/02\/plano-general-con-puntuaciones-web-768x433.jpg 768w\" data-sizes=\"(max-width: 1028px) 100vw, 1028px\" src=\"data:image\/gif;base64,R0lGODlhAQABAAAAACH5BAEKAAEALAAAAAABAAEAAAICTAEAOw==\" \/><\/figure>\n\n\n\n<p>Entregados los premios, se da por concluido este XV Certamen de M\u00fasica Festera de Altea la Vella, que pudo verse en directo con una retransmisi\u00f3n, patrocinada por la concejal\u00eda de Cultura y conducida por la periodista de R\u00e0dio Altea Diana Rey, por el canal de Youtube del Ayuntamiento de Altea a trav\u00e9s del enlace <a href=\"https:\/\/www.youtube.com\/live\/215VMOy3SqA?feature=shared\">https:\/\/www.youtube.com\/live\/215VMOy3SqA?feature=shared<\/a><\/p>\n\n\n\n<p>| ALTEADIGITAL.ES<\/p>\n","protected":false},"excerpt":{"rendered":"<p>La \u201cUni\u00f3 Musical La Primitiva de Castell de Castells y la \u201cAgrupaci\u00f3 Escola Musical La Nova de l\u2019Olleria\u201d consiguen [&hellip;]<\/p>\n","protected":false},"author":1,"featured_media":34632,"comment_status":"open","ping_status":"open","sticky":false,"template":"","format":"standard","meta":{"_expiration-date-status":"","_expiration-date":0,"_expiration-date-type":"","_expiration-date-categories":[],"_expiration-date-options":[],"footnotes":""},"yoast_head":"<!-- This site is optimized with the Yoast SEO plugin v22.8 - https:\/\/yoast.com\/wordpress\/plugins\/seo\/ -->\n<title>La \u201cAgrupaci\u00f3 Musical\u201d de Pego se alza con el primer premio del Certamen de M\u00fasica Festera de Altea la Vella - Altea Cultural<\/title>\n<meta name=\"robots\" content=\"index, follow, max-snippet:-1, max-image-preview:large, max-video-preview:-1\" \/>\n<link rel=\"canonical\" href=\"https:\/\/www.alteacultural.com\/es\/2025\/02\/26\/lagrupacio-musical-de-pego-salca-amb-el-primer-premi-del-certamen-de-musica-festera-daltea-la-vella\/\" \/>\n<meta property=\"og:locale\" content=\"es_ES\" \/>\n<meta property=\"og:type\" content=\"article\" \/>\n<meta property=\"og:title\" content=\"La \u201cAgrupaci\u00f3 Musical\u201d de Pego se alza con el primer premio del Certamen de M\u00fasica Festera de Altea la Vella - Altea Cultural\" \/>\n<meta property=\"og:description\" content=\"La \u201cUni\u00f3 Musical La Primitiva de Castell de Castells y la \u201cAgrupaci\u00f3 Escola Musical La Nova de l\u2019Olleria\u201d consiguen [&hellip;]\" \/>\n<meta property=\"og:url\" content=\"https:\/\/www.alteacultural.com\/es\/2025\/02\/26\/lagrupacio-musical-de-pego-salca-amb-el-primer-premi-del-certamen-de-musica-festera-daltea-la-vella\/\" \/>\n<meta property=\"og:site_name\" content=\"Altea Cultural\" \/>\n<meta property=\"article:published_time\" content=\"2025-02-26T08:01:14+00:00\" \/>\n<meta property=\"article:modified_time\" content=\"2025-03-03T07:57:02+00:00\" \/>\n<meta property=\"og:image\" content=\"https:\/\/www.alteacultural.com\/wp-content\/uploads\/2025\/01\/2025-02-22-XV-Certamen-Altea-La-Vella-banner.jpg\" \/>\n\t<meta property=\"og:image:width\" content=\"2484\" \/>\n\t<meta property=\"og:image:height\" content=\"945\" \/>\n\t<meta property=\"og:image:type\" content=\"image\/jpeg\" \/>\n<meta name=\"author\" content=\"sfaltea.com-admin\" \/>\n<meta name=\"twitter:card\" content=\"summary_large_image\" \/>\n<meta name=\"twitter:label1\" content=\"Escrito por\" \/>\n\t<meta name=\"twitter:data1\" content=\"sfaltea.com-admin\" \/>\n\t<meta name=\"twitter:label2\" content=\"Tiempo de lectura\" \/>\n\t<meta name=\"twitter:data2\" content=\"4 minutos\" \/>\n<script type=\"application\/ld+json\" class=\"yoast-schema-graph\">{\"@context\":\"https:\/\/schema.org\",\"@graph\":[{\"@type\":\"WebPage\",\"@id\":\"https:\/\/www.alteacultural.com\/es\/2025\/02\/26\/lagrupacio-musical-de-pego-salca-amb-el-primer-premi-del-certamen-de-musica-festera-daltea-la-vella\/\",\"url\":\"https:\/\/www.alteacultural.com\/es\/2025\/02\/26\/lagrupacio-musical-de-pego-salca-amb-el-primer-premi-del-certamen-de-musica-festera-daltea-la-vella\/\",\"name\":\"La \u201cAgrupaci\u00f3 Musical\u201d de Pego se alza con el primer premio del Certamen de M\u00fasica Festera de Altea la Vella - Altea Cultural\",\"isPartOf\":{\"@id\":\"https:\/\/www.alteacultural.com\/es\/#website\"},\"primaryImageOfPage\":{\"@id\":\"https:\/\/www.alteacultural.com\/es\/2025\/02\/26\/lagrupacio-musical-de-pego-salca-amb-el-primer-premi-del-certamen-de-musica-festera-daltea-la-vella\/#primaryimage\"},\"image\":{\"@id\":\"https:\/\/www.alteacultural.com\/es\/2025\/02\/26\/lagrupacio-musical-de-pego-salca-amb-el-primer-premi-del-certamen-de-musica-festera-daltea-la-vella\/#primaryimage\"},\"thumbnailUrl\":\"https:\/\/www.alteacultural.com\/wp-content\/uploads\/2025\/01\/2025-02-22-XV-Certamen-Altea-La-Vella-banner.jpg\",\"datePublished\":\"2025-02-26T08:01:14+00:00\",\"dateModified\":\"2025-03-03T07:57:02+00:00\",\"author\":{\"@id\":\"https:\/\/www.alteacultural.com\/es\/#\/schema\/person\/c4e137537f1af546d214a315255e5172\"},\"breadcrumb\":{\"@id\":\"https:\/\/www.alteacultural.com\/es\/2025\/02\/26\/lagrupacio-musical-de-pego-salca-amb-el-primer-premi-del-certamen-de-musica-festera-daltea-la-vella\/#breadcrumb\"},\"inLanguage\":\"es\",\"potentialAction\":[{\"@type\":\"ReadAction\",\"target\":[\"https:\/\/www.alteacultural.com\/es\/2025\/02\/26\/lagrupacio-musical-de-pego-salca-amb-el-primer-premi-del-certamen-de-musica-festera-daltea-la-vella\/\"]}]},{\"@type\":\"ImageObject\",\"inLanguage\":\"es\",\"@id\":\"https:\/\/www.alteacultural.com\/es\/2025\/02\/26\/lagrupacio-musical-de-pego-salca-amb-el-primer-premi-del-certamen-de-musica-festera-daltea-la-vella\/#primaryimage\",\"url\":\"https:\/\/www.alteacultural.com\/wp-content\/uploads\/2025\/01\/2025-02-22-XV-Certamen-Altea-La-Vella-banner.jpg\",\"contentUrl\":\"https:\/\/www.alteacultural.com\/wp-content\/uploads\/2025\/01\/2025-02-22-XV-Certamen-Altea-La-Vella-banner.jpg\",\"width\":2484,\"height\":945},{\"@type\":\"BreadcrumbList\",\"@id\":\"https:\/\/www.alteacultural.com\/es\/2025\/02\/26\/lagrupacio-musical-de-pego-salca-amb-el-primer-premi-del-certamen-de-musica-festera-daltea-la-vella\/#breadcrumb\",\"itemListElement\":[{\"@type\":\"ListItem\",\"position\":1,\"name\":\"Inici\",\"item\":\"https:\/\/www.alteacultural.com\/es\/\"},{\"@type\":\"ListItem\",\"position\":2,\"name\":\"La \u201cAgrupaci\u00f3 Musical\u201d de Pego se alza con el primer premio del Certamen de M\u00fasica Festera de Altea la Vella\"}]},{\"@type\":\"WebSite\",\"@id\":\"https:\/\/www.alteacultural.com\/es\/#website\",\"url\":\"https:\/\/www.alteacultural.com\/es\/\",\"name\":\"Altea Cultural\",\"description\":\"Regidoria de Cultura de l&#039;Ajuntament d&#039;Altea\",\"potentialAction\":[{\"@type\":\"SearchAction\",\"target\":{\"@type\":\"EntryPoint\",\"urlTemplate\":\"https:\/\/www.alteacultural.com\/es\/?s={search_term_string}\"},\"query-input\":\"required name=search_term_string\"}],\"inLanguage\":\"es\"},{\"@type\":\"Person\",\"@id\":\"https:\/\/www.alteacultural.com\/es\/#\/schema\/person\/c4e137537f1af546d214a315255e5172\",\"name\":\"sfaltea.com-admin\",\"image\":{\"@type\":\"ImageObject\",\"inLanguage\":\"es\",\"@id\":\"https:\/\/www.alteacultural.com\/es\/#\/schema\/person\/image\/\",\"url\":\"https:\/\/secure.gravatar.com\/avatar\/f7473fa2fbd351270ccfd469de536202?s=96&d=mm&r=g\",\"contentUrl\":\"https:\/\/secure.gravatar.com\/avatar\/f7473fa2fbd351270ccfd469de536202?s=96&d=mm&r=g\",\"caption\":\"sfaltea.com-admin\"},\"url\":\"https:\/\/www.alteacultural.com\/es\/author\/sfaltea-com-admin\/\"}]}<\/script>\n<!-- \/ Yoast SEO plugin. -->","yoast_head_json":{"title":"La \u201cAgrupaci\u00f3 Musical\u201d de Pego se alza con el primer premio del Certamen de M\u00fasica Festera de Altea la Vella - Altea Cultural","robots":{"index":"index","follow":"follow","max-snippet":"max-snippet:-1","max-image-preview":"max-image-preview:large","max-video-preview":"max-video-preview:-1"},"canonical":"https:\/\/www.alteacultural.com\/es\/2025\/02\/26\/lagrupacio-musical-de-pego-salca-amb-el-primer-premi-del-certamen-de-musica-festera-daltea-la-vella\/","og_locale":"es_ES","og_type":"article","og_title":"La \u201cAgrupaci\u00f3 Musical\u201d de Pego se alza con el primer premio del Certamen de M\u00fasica Festera de Altea la Vella - Altea Cultural","og_description":"La \u201cUni\u00f3 Musical La Primitiva de Castell de Castells y la \u201cAgrupaci\u00f3 Escola Musical La Nova de l\u2019Olleria\u201d consiguen [&hellip;]","og_url":"https:\/\/www.alteacultural.com\/es\/2025\/02\/26\/lagrupacio-musical-de-pego-salca-amb-el-primer-premi-del-certamen-de-musica-festera-daltea-la-vella\/","og_site_name":"Altea Cultural","article_published_time":"2025-02-26T08:01:14+00:00","article_modified_time":"2025-03-03T07:57:02+00:00","og_image":[{"width":2484,"height":945,"url":"https:\/\/www.alteacultural.com\/wp-content\/uploads\/2025\/01\/2025-02-22-XV-Certamen-Altea-La-Vella-banner.jpg","type":"image\/jpeg"}],"author":"sfaltea.com-admin","twitter_card":"summary_large_image","twitter_misc":{"Escrito por":"sfaltea.com-admin","Tiempo de lectura":"4 minutos"},"schema":{"@context":"https:\/\/schema.org","@graph":[{"@type":"WebPage","@id":"https:\/\/www.alteacultural.com\/es\/2025\/02\/26\/lagrupacio-musical-de-pego-salca-amb-el-primer-premi-del-certamen-de-musica-festera-daltea-la-vella\/","url":"https:\/\/www.alteacultural.com\/es\/2025\/02\/26\/lagrupacio-musical-de-pego-salca-amb-el-primer-premi-del-certamen-de-musica-festera-daltea-la-vella\/","name":"La \u201cAgrupaci\u00f3 Musical\u201d de Pego se alza con el primer premio del Certamen de M\u00fasica Festera de Altea la Vella - Altea Cultural","isPartOf":{"@id":"https:\/\/www.alteacultural.com\/es\/#website"},"primaryImageOfPage":{"@id":"https:\/\/www.alteacultural.com\/es\/2025\/02\/26\/lagrupacio-musical-de-pego-salca-amb-el-primer-premi-del-certamen-de-musica-festera-daltea-la-vella\/#primaryimage"},"image":{"@id":"https:\/\/www.alteacultural.com\/es\/2025\/02\/26\/lagrupacio-musical-de-pego-salca-amb-el-primer-premi-del-certamen-de-musica-festera-daltea-la-vella\/#primaryimage"},"thumbnailUrl":"https:\/\/www.alteacultural.com\/wp-content\/uploads\/2025\/01\/2025-02-22-XV-Certamen-Altea-La-Vella-banner.jpg","datePublished":"2025-02-26T08:01:14+00:00","dateModified":"2025-03-03T07:57:02+00:00","author":{"@id":"https:\/\/www.alteacultural.com\/es\/#\/schema\/person\/c4e137537f1af546d214a315255e5172"},"breadcrumb":{"@id":"https:\/\/www.alteacultural.com\/es\/2025\/02\/26\/lagrupacio-musical-de-pego-salca-amb-el-primer-premi-del-certamen-de-musica-festera-daltea-la-vella\/#breadcrumb"},"inLanguage":"es","potentialAction":[{"@type":"ReadAction","target":["https:\/\/www.alteacultural.com\/es\/2025\/02\/26\/lagrupacio-musical-de-pego-salca-amb-el-primer-premi-del-certamen-de-musica-festera-daltea-la-vella\/"]}]},{"@type":"ImageObject","inLanguage":"es","@id":"https:\/\/www.alteacultural.com\/es\/2025\/02\/26\/lagrupacio-musical-de-pego-salca-amb-el-primer-premi-del-certamen-de-musica-festera-daltea-la-vella\/#primaryimage","url":"https:\/\/www.alteacultural.com\/wp-content\/uploads\/2025\/01\/2025-02-22-XV-Certamen-Altea-La-Vella-banner.jpg","contentUrl":"https:\/\/www.alteacultural.com\/wp-content\/uploads\/2025\/01\/2025-02-22-XV-Certamen-Altea-La-Vella-banner.jpg","width":2484,"height":945},{"@type":"BreadcrumbList","@id":"https:\/\/www.alteacultural.com\/es\/2025\/02\/26\/lagrupacio-musical-de-pego-salca-amb-el-primer-premi-del-certamen-de-musica-festera-daltea-la-vella\/#breadcrumb","itemListElement":[{"@type":"ListItem","position":1,"name":"Inici","item":"https:\/\/www.alteacultural.com\/es\/"},{"@type":"ListItem","position":2,"name":"La \u201cAgrupaci\u00f3 Musical\u201d de Pego se alza con el primer premio del Certamen de M\u00fasica Festera de Altea la Vella"}]},{"@type":"WebSite","@id":"https:\/\/www.alteacultural.com\/es\/#website","url":"https:\/\/www.alteacultural.com\/es\/","name":"Altea Cultural","description":"Regidoria de Cultura de l&#039;Ajuntament d&#039;Altea","potentialAction":[{"@type":"SearchAction","target":{"@type":"EntryPoint","urlTemplate":"https:\/\/www.alteacultural.com\/es\/?s={search_term_string}"},"query-input":"required name=search_term_string"}],"inLanguage":"es"},{"@type":"Person","@id":"https:\/\/www.alteacultural.com\/es\/#\/schema\/person\/c4e137537f1af546d214a315255e5172","name":"sfaltea.com-admin","image":{"@type":"ImageObject","inLanguage":"es","@id":"https:\/\/www.alteacultural.com\/es\/#\/schema\/person\/image\/","url":"https:\/\/secure.gravatar.com\/avatar\/f7473fa2fbd351270ccfd469de536202?s=96&d=mm&r=g","contentUrl":"https:\/\/secure.gravatar.com\/avatar\/f7473fa2fbd351270ccfd469de536202?s=96&d=mm&r=g","caption":"sfaltea.com-admin"},"url":"https:\/\/www.alteacultural.com\/es\/author\/sfaltea-com-admin\/"}]}},"_links":{"self":[{"href":"https:\/\/www.alteacultural.com\/es\/wp-json\/wp\/v2\/posts\/34899"}],"collection":[{"href":"https:\/\/www.alteacultural.com\/es\/wp-json\/wp\/v2\/posts"}],"about":[{"href":"https:\/\/www.alteacultural.com\/es\/wp-json\/wp\/v2\/types\/post"}],"author":[{"embeddable":true,"href":"https:\/\/www.alteacultural.com\/es\/wp-json\/wp\/v2\/users\/1"}],"replies":[{"embeddable":true,"href":"https:\/\/www.alteacultural.com\/es\/wp-json\/wp\/v2\/comments?post=34899"}],"version-history":[{"count":1,"href":"https:\/\/www.alteacultural.com\/es\/wp-json\/wp\/v2\/posts\/34899\/revisions"}],"predecessor-version":[{"id":34901,"href":"https:\/\/www.alteacultural.com\/es\/wp-json\/wp\/v2\/posts\/34899\/revisions\/34901"}],"wp:featuredmedia":[{"embeddable":true,"href":"https:\/\/www.alteacultural.com\/es\/wp-json\/wp\/v2\/media\/34632"}],"wp:attachment":[{"href":"https:\/\/www.alteacultural.com\/es\/wp-json\/wp\/v2\/media?parent=34899"}],"curies":[{"name":"wp","href":"https:\/\/api.w.org\/{rel}","templated":true}]}}