{"id":35007,"date":"2025-03-05T10:15:31","date_gmt":"2025-03-05T09:15:31","guid":{"rendered":"https:\/\/www.alteacultural.com\/2025\/03\/05\/cultura-convoca-la-vuitena-edicio-de-la-nit-de-lart\/"},"modified":"2025-03-10T10:12:04","modified_gmt":"2025-03-10T09:12:04","slug":"cultura-convoca-la-vuitena-edicio-de-la-nit-de-lart","status":"publish","type":"post","link":"https:\/\/www.alteacultural.com\/es\/2025\/03\/05\/cultura-convoca-la-vuitena-edicio-de-la-nit-de-lart\/","title":{"rendered":"Cultura convoca la octava edici\u00f3n de \u201cLa Nit de l\u2019Art\u201d"},"content":{"rendered":"\n<figure class=\"wp-block-image size-full\"><img fetchpriority=\"high\" decoding=\"async\" width=\"1028\" height=\"645\" src=\"https:\/\/www.alteacultural.com\/wp-content\/uploads\/2025\/03\/cartell-convocatoria-Nit-de-lArt-web.jpg\" alt=\"\" class=\"wp-image-35004\" srcset=\"https:\/\/www.alteacultural.com\/wp-content\/uploads\/2025\/03\/cartell-convocatoria-Nit-de-lArt-web.jpg 1028w, https:\/\/www.alteacultural.com\/wp-content\/uploads\/2025\/03\/cartell-convocatoria-Nit-de-lArt-web-768x482.jpg 768w\" sizes=\"(max-width: 1028px) 100vw, 1028px\" \/><\/figure>\n\n\n\n<p><\/p>\n\n\n\n<p><strong>La convocatoria de proyectos permanecer\u00e1 abierta hasta el 31 de marzo.<\/strong><\/p>\n\n\n\n<p>La organizaci\u00f3n de La Nit de l\u2019Art convoca la octava edici\u00f3n de este festival de instalaciones, video creaciones, danza y performance con la apertura del periodo de presentaci\u00f3n de proyectos, que permanecer\u00e1 abierto hasta el pr\u00f3ximo 31 de marzo; seg\u00fan indica la edil de Cultura, Pepa Victoria P\u00e9rez, quien ha desvelado que La Nit de l\u2019Art 2025 tendr\u00e1 lugar los d\u00edas 6 y 7 de junio.<\/p>\n\n\n\n<p>Como ha recordado la edil, el objeto de la convocatoria es dinamizar la cultura y la creaci\u00f3n contempor\u00e1nea en el municipio de Altea; planteando La Nit de l\u2019Art como un espacio vivo de experimentaci\u00f3n y tr\u00e1nsito art\u00edstico.<\/p>\n\n\n\n<p>En cuanto a las bases de la convocatoria, Pepa Victoria P\u00e9rez ha apuntado que se trata de una convocatoria abierta, dirigida a la selecci\u00f3n de innovadores proyectos de instalaci\u00f3n, video creaci\u00f3n, danza y\/o performance para conformar un itinerario art\u00edstico temporal en el casco urbano.<\/p>\n\n\n\n<p>Pueden presentar sus proyectos artistas pl\u00e1sticos, visuales y bailarines\/as, de forma individual o colectiva, de cualquier nacionalidad y sin l\u00edmite de edad.<\/p>\n\n\n\n<p>La selecci\u00f3n de los proyectos se realizar\u00e1 mediante la valoraci\u00f3n de las propuestas<\/p>\n\n\n\n<p>presentadas en funci\u00f3n del inter\u00e9s, la originalidad y calidad del proyecto; la adaptaci\u00f3n de la propuesta al espacio urbano escogido y el cuidado del mismo, as\u00ed como la capacidad de interacci\u00f3n entre las obras, el espacio y la ciudadan\u00eda; la viabilidad del proyecto a nivel t\u00e9cnico y de ejecuci\u00f3n: facilidad de montaje, cronograma o planificaci\u00f3n temporal y presupuesto estimado.<\/p>\n\n\n\n<p>Se establecen cuatro categor\u00edas de intervenci\u00f3n urbana a elegir, de las cuales ser\u00e1n elegidas 5 piezas en total con una dotaci\u00f3n de 500\u20ac cada una: danza contempor\u00e1nea; instalaci\u00f3n o intervenci\u00f3n; performance y video creaci\u00f3n.<\/p>\n\n\n\n<p>La Documentaci\u00f3n a aportar, de forma digital, contendr\u00e1 un formulario de solicitud cumplimentado; fotocopia del DNI o pasaporte del autor, la autora o autores y\/o autoras del proyecto; curr\u00edculum; breve dossier con im\u00e1genes de trabajos anteriores con sus correspondientes fichas t\u00e9cnicas; proyecto a realizar con la categor\u00eda a la que se presenta y espacio escogido; t\u00edtulo y desarrollo del proyecto; sinopsis, objetivos y memoria conceptual; fotograf\u00edas de la obra o im\u00e1genes de bocetos, croquis, modelos y\/o maquetas de las piezas en el caso de ser in\u00e9ditas. Si se dispone de material audiovisual producido, se recomienda incluir im\u00e1genes y enlaces web a los videos alojados en Vimeo o Youtube;<\/p>\n\n\n\n<p>Las interesadas e interesados en participar en esta convocatoria deber\u00e1n enviar la documentaci\u00f3n requerida por correo electr\u00f3nico a <a href=\"mailto:nitdelartaltea@gmail.com\">nitdelartaltea@gmail.com<\/a> y se deber\u00e1 especificar en el asunto Nit de l\u2019Art 2025 y el nombre del autor o autora.<\/p>\n\n\n\n<p>El plazo para la presentaci\u00f3n de la documentaci\u00f3n finaliza el 31 de MARZO de 2024.<\/p>\n\n\n\n<p>Una vez recibida la documentaci\u00f3n, la organizaci\u00f3n contestar\u00e1 al correo para confirmar su recepci\u00f3n.<\/p>\n\n\n\n<p>Para m\u00e1s informaci\u00f3n consultar en <a href=\"http:\/\/www.alteacultural.com\">www.alteacultural.com<\/a><\/p>\n\n\n\n<p>| ALTEADIGITAL.ES<\/p>\n","protected":false},"excerpt":{"rendered":"<p>La convocatoria de proyectos permanecer\u00e1 abierta hasta el 31 de marzo. La organizaci\u00f3n de La Nit de l\u2019Art convoca [&hellip;]<\/p>\n","protected":false},"author":1,"featured_media":35005,"comment_status":"open","ping_status":"open","sticky":false,"template":"","format":"standard","meta":{"_expiration-date-status":"","_expiration-date":0,"_expiration-date-type":"","_expiration-date-categories":[],"_expiration-date-options":[],"footnotes":""},"yoast_head":"<!-- This site is optimized with the Yoast SEO plugin v22.8 - https:\/\/yoast.com\/wordpress\/plugins\/seo\/ -->\n<title>Cultura convoca la octava edici\u00f3n de \u201cLa Nit de l\u2019Art\u201d - Altea Cultural<\/title>\n<meta name=\"robots\" content=\"index, follow, max-snippet:-1, max-image-preview:large, max-video-preview:-1\" \/>\n<link rel=\"canonical\" href=\"https:\/\/www.alteacultural.com\/es\/2025\/03\/05\/cultura-convoca-la-vuitena-edicio-de-la-nit-de-lart\/\" \/>\n<meta property=\"og:locale\" content=\"es_ES\" \/>\n<meta property=\"og:type\" content=\"article\" \/>\n<meta property=\"og:title\" content=\"Cultura convoca la octava edici\u00f3n de \u201cLa Nit de l\u2019Art\u201d - Altea Cultural\" \/>\n<meta property=\"og:description\" content=\"La convocatoria de proyectos permanecer\u00e1 abierta hasta el 31 de marzo. La organizaci\u00f3n de La Nit de l\u2019Art convoca [&hellip;]\" \/>\n<meta property=\"og:url\" content=\"https:\/\/www.alteacultural.com\/es\/2025\/03\/05\/cultura-convoca-la-vuitena-edicio-de-la-nit-de-lart\/\" \/>\n<meta property=\"og:site_name\" content=\"Altea Cultural\" \/>\n<meta property=\"article:published_time\" content=\"2025-03-05T09:15:31+00:00\" \/>\n<meta property=\"article:modified_time\" content=\"2025-03-10T09:12:04+00:00\" \/>\n<meta property=\"og:image\" content=\"https:\/\/www.alteacultural.com\/wp-content\/uploads\/2025\/03\/cartell-convocatoria-Nit-de-lArt-web.jpg\" \/>\n\t<meta property=\"og:image:width\" content=\"1028\" \/>\n\t<meta property=\"og:image:height\" content=\"645\" \/>\n\t<meta property=\"og:image:type\" content=\"image\/jpeg\" \/>\n<meta name=\"author\" content=\"sfaltea.com-admin\" \/>\n<meta name=\"twitter:card\" content=\"summary_large_image\" \/>\n<meta name=\"twitter:label1\" content=\"Escrito por\" \/>\n\t<meta name=\"twitter:data1\" content=\"sfaltea.com-admin\" \/>\n\t<meta name=\"twitter:label2\" content=\"Tiempo de lectura\" \/>\n\t<meta name=\"twitter:data2\" content=\"3 minutos\" \/>\n<script type=\"application\/ld+json\" class=\"yoast-schema-graph\">{\"@context\":\"https:\/\/schema.org\",\"@graph\":[{\"@type\":\"WebPage\",\"@id\":\"https:\/\/www.alteacultural.com\/es\/2025\/03\/05\/cultura-convoca-la-vuitena-edicio-de-la-nit-de-lart\/\",\"url\":\"https:\/\/www.alteacultural.com\/es\/2025\/03\/05\/cultura-convoca-la-vuitena-edicio-de-la-nit-de-lart\/\",\"name\":\"Cultura convoca la octava edici\u00f3n de \u201cLa Nit de l\u2019Art\u201d - Altea Cultural\",\"isPartOf\":{\"@id\":\"https:\/\/www.alteacultural.com\/es\/#website\"},\"primaryImageOfPage\":{\"@id\":\"https:\/\/www.alteacultural.com\/es\/2025\/03\/05\/cultura-convoca-la-vuitena-edicio-de-la-nit-de-lart\/#primaryimage\"},\"image\":{\"@id\":\"https:\/\/www.alteacultural.com\/es\/2025\/03\/05\/cultura-convoca-la-vuitena-edicio-de-la-nit-de-lart\/#primaryimage\"},\"thumbnailUrl\":\"https:\/\/www.alteacultural.com\/wp-content\/uploads\/2025\/03\/cartell-convocatoria-Nit-de-lArt-web.jpg\",\"datePublished\":\"2025-03-05T09:15:31+00:00\",\"dateModified\":\"2025-03-10T09:12:04+00:00\",\"author\":{\"@id\":\"https:\/\/www.alteacultural.com\/es\/#\/schema\/person\/c4e137537f1af546d214a315255e5172\"},\"breadcrumb\":{\"@id\":\"https:\/\/www.alteacultural.com\/es\/2025\/03\/05\/cultura-convoca-la-vuitena-edicio-de-la-nit-de-lart\/#breadcrumb\"},\"inLanguage\":\"es\",\"potentialAction\":[{\"@type\":\"ReadAction\",\"target\":[\"https:\/\/www.alteacultural.com\/es\/2025\/03\/05\/cultura-convoca-la-vuitena-edicio-de-la-nit-de-lart\/\"]}]},{\"@type\":\"ImageObject\",\"inLanguage\":\"es\",\"@id\":\"https:\/\/www.alteacultural.com\/es\/2025\/03\/05\/cultura-convoca-la-vuitena-edicio-de-la-nit-de-lart\/#primaryimage\",\"url\":\"https:\/\/www.alteacultural.com\/wp-content\/uploads\/2025\/03\/cartell-convocatoria-Nit-de-lArt-web.jpg\",\"contentUrl\":\"https:\/\/www.alteacultural.com\/wp-content\/uploads\/2025\/03\/cartell-convocatoria-Nit-de-lArt-web.jpg\",\"width\":1028,\"height\":645},{\"@type\":\"BreadcrumbList\",\"@id\":\"https:\/\/www.alteacultural.com\/es\/2025\/03\/05\/cultura-convoca-la-vuitena-edicio-de-la-nit-de-lart\/#breadcrumb\",\"itemListElement\":[{\"@type\":\"ListItem\",\"position\":1,\"name\":\"Inici\",\"item\":\"https:\/\/www.alteacultural.com\/es\/\"},{\"@type\":\"ListItem\",\"position\":2,\"name\":\"Cultura convoca la octava edici\u00f3n de \u201cLa Nit de l\u2019Art\u201d\"}]},{\"@type\":\"WebSite\",\"@id\":\"https:\/\/www.alteacultural.com\/es\/#website\",\"url\":\"https:\/\/www.alteacultural.com\/es\/\",\"name\":\"Altea Cultural\",\"description\":\"Regidoria de Cultura de l&#039;Ajuntament d&#039;Altea\",\"potentialAction\":[{\"@type\":\"SearchAction\",\"target\":{\"@type\":\"EntryPoint\",\"urlTemplate\":\"https:\/\/www.alteacultural.com\/es\/?s={search_term_string}\"},\"query-input\":\"required name=search_term_string\"}],\"inLanguage\":\"es\"},{\"@type\":\"Person\",\"@id\":\"https:\/\/www.alteacultural.com\/es\/#\/schema\/person\/c4e137537f1af546d214a315255e5172\",\"name\":\"sfaltea.com-admin\",\"image\":{\"@type\":\"ImageObject\",\"inLanguage\":\"es\",\"@id\":\"https:\/\/www.alteacultural.com\/es\/#\/schema\/person\/image\/\",\"url\":\"https:\/\/secure.gravatar.com\/avatar\/f7473fa2fbd351270ccfd469de536202?s=96&d=mm&r=g\",\"contentUrl\":\"https:\/\/secure.gravatar.com\/avatar\/f7473fa2fbd351270ccfd469de536202?s=96&d=mm&r=g\",\"caption\":\"sfaltea.com-admin\"},\"url\":\"https:\/\/www.alteacultural.com\/es\/author\/sfaltea-com-admin\/\"}]}<\/script>\n<!-- \/ Yoast SEO plugin. -->","yoast_head_json":{"title":"Cultura convoca la octava edici\u00f3n de \u201cLa Nit de l\u2019Art\u201d - Altea Cultural","robots":{"index":"index","follow":"follow","max-snippet":"max-snippet:-1","max-image-preview":"max-image-preview:large","max-video-preview":"max-video-preview:-1"},"canonical":"https:\/\/www.alteacultural.com\/es\/2025\/03\/05\/cultura-convoca-la-vuitena-edicio-de-la-nit-de-lart\/","og_locale":"es_ES","og_type":"article","og_title":"Cultura convoca la octava edici\u00f3n de \u201cLa Nit de l\u2019Art\u201d - Altea Cultural","og_description":"La convocatoria de proyectos permanecer\u00e1 abierta hasta el 31 de marzo. La organizaci\u00f3n de La Nit de l\u2019Art convoca [&hellip;]","og_url":"https:\/\/www.alteacultural.com\/es\/2025\/03\/05\/cultura-convoca-la-vuitena-edicio-de-la-nit-de-lart\/","og_site_name":"Altea Cultural","article_published_time":"2025-03-05T09:15:31+00:00","article_modified_time":"2025-03-10T09:12:04+00:00","og_image":[{"width":1028,"height":645,"url":"https:\/\/www.alteacultural.com\/wp-content\/uploads\/2025\/03\/cartell-convocatoria-Nit-de-lArt-web.jpg","type":"image\/jpeg"}],"author":"sfaltea.com-admin","twitter_card":"summary_large_image","twitter_misc":{"Escrito por":"sfaltea.com-admin","Tiempo de lectura":"3 minutos"},"schema":{"@context":"https:\/\/schema.org","@graph":[{"@type":"WebPage","@id":"https:\/\/www.alteacultural.com\/es\/2025\/03\/05\/cultura-convoca-la-vuitena-edicio-de-la-nit-de-lart\/","url":"https:\/\/www.alteacultural.com\/es\/2025\/03\/05\/cultura-convoca-la-vuitena-edicio-de-la-nit-de-lart\/","name":"Cultura convoca la octava edici\u00f3n de \u201cLa Nit de l\u2019Art\u201d - Altea Cultural","isPartOf":{"@id":"https:\/\/www.alteacultural.com\/es\/#website"},"primaryImageOfPage":{"@id":"https:\/\/www.alteacultural.com\/es\/2025\/03\/05\/cultura-convoca-la-vuitena-edicio-de-la-nit-de-lart\/#primaryimage"},"image":{"@id":"https:\/\/www.alteacultural.com\/es\/2025\/03\/05\/cultura-convoca-la-vuitena-edicio-de-la-nit-de-lart\/#primaryimage"},"thumbnailUrl":"https:\/\/www.alteacultural.com\/wp-content\/uploads\/2025\/03\/cartell-convocatoria-Nit-de-lArt-web.jpg","datePublished":"2025-03-05T09:15:31+00:00","dateModified":"2025-03-10T09:12:04+00:00","author":{"@id":"https:\/\/www.alteacultural.com\/es\/#\/schema\/person\/c4e137537f1af546d214a315255e5172"},"breadcrumb":{"@id":"https:\/\/www.alteacultural.com\/es\/2025\/03\/05\/cultura-convoca-la-vuitena-edicio-de-la-nit-de-lart\/#breadcrumb"},"inLanguage":"es","potentialAction":[{"@type":"ReadAction","target":["https:\/\/www.alteacultural.com\/es\/2025\/03\/05\/cultura-convoca-la-vuitena-edicio-de-la-nit-de-lart\/"]}]},{"@type":"ImageObject","inLanguage":"es","@id":"https:\/\/www.alteacultural.com\/es\/2025\/03\/05\/cultura-convoca-la-vuitena-edicio-de-la-nit-de-lart\/#primaryimage","url":"https:\/\/www.alteacultural.com\/wp-content\/uploads\/2025\/03\/cartell-convocatoria-Nit-de-lArt-web.jpg","contentUrl":"https:\/\/www.alteacultural.com\/wp-content\/uploads\/2025\/03\/cartell-convocatoria-Nit-de-lArt-web.jpg","width":1028,"height":645},{"@type":"BreadcrumbList","@id":"https:\/\/www.alteacultural.com\/es\/2025\/03\/05\/cultura-convoca-la-vuitena-edicio-de-la-nit-de-lart\/#breadcrumb","itemListElement":[{"@type":"ListItem","position":1,"name":"Inici","item":"https:\/\/www.alteacultural.com\/es\/"},{"@type":"ListItem","position":2,"name":"Cultura convoca la octava edici\u00f3n de \u201cLa Nit de l\u2019Art\u201d"}]},{"@type":"WebSite","@id":"https:\/\/www.alteacultural.com\/es\/#website","url":"https:\/\/www.alteacultural.com\/es\/","name":"Altea Cultural","description":"Regidoria de Cultura de l&#039;Ajuntament d&#039;Altea","potentialAction":[{"@type":"SearchAction","target":{"@type":"EntryPoint","urlTemplate":"https:\/\/www.alteacultural.com\/es\/?s={search_term_string}"},"query-input":"required name=search_term_string"}],"inLanguage":"es"},{"@type":"Person","@id":"https:\/\/www.alteacultural.com\/es\/#\/schema\/person\/c4e137537f1af546d214a315255e5172","name":"sfaltea.com-admin","image":{"@type":"ImageObject","inLanguage":"es","@id":"https:\/\/www.alteacultural.com\/es\/#\/schema\/person\/image\/","url":"https:\/\/secure.gravatar.com\/avatar\/f7473fa2fbd351270ccfd469de536202?s=96&d=mm&r=g","contentUrl":"https:\/\/secure.gravatar.com\/avatar\/f7473fa2fbd351270ccfd469de536202?s=96&d=mm&r=g","caption":"sfaltea.com-admin"},"url":"https:\/\/www.alteacultural.com\/es\/author\/sfaltea-com-admin\/"}]}},"_links":{"self":[{"href":"https:\/\/www.alteacultural.com\/es\/wp-json\/wp\/v2\/posts\/35007"}],"collection":[{"href":"https:\/\/www.alteacultural.com\/es\/wp-json\/wp\/v2\/posts"}],"about":[{"href":"https:\/\/www.alteacultural.com\/es\/wp-json\/wp\/v2\/types\/post"}],"author":[{"embeddable":true,"href":"https:\/\/www.alteacultural.com\/es\/wp-json\/wp\/v2\/users\/1"}],"replies":[{"embeddable":true,"href":"https:\/\/www.alteacultural.com\/es\/wp-json\/wp\/v2\/comments?post=35007"}],"version-history":[{"count":1,"href":"https:\/\/www.alteacultural.com\/es\/wp-json\/wp\/v2\/posts\/35007\/revisions"}],"predecessor-version":[{"id":35009,"href":"https:\/\/www.alteacultural.com\/es\/wp-json\/wp\/v2\/posts\/35007\/revisions\/35009"}],"wp:featuredmedia":[{"embeddable":true,"href":"https:\/\/www.alteacultural.com\/es\/wp-json\/wp\/v2\/media\/35005"}],"wp:attachment":[{"href":"https:\/\/www.alteacultural.com\/es\/wp-json\/wp\/v2\/media?parent=35007"}],"curies":[{"name":"wp","href":"https:\/\/api.w.org\/{rel}","templated":true}]}}