{"id":35153,"date":"2025-03-13T10:58:26","date_gmt":"2025-03-13T09:58:26","guid":{"rendered":"https:\/\/www.alteacultural.com\/2025\/03\/13\/la-biblioteca-municipal-daltea-posa-en-marxa-el-cicle-de-contes-cau-de-contes\/"},"modified":"2025-03-14T10:52:02","modified_gmt":"2025-03-14T09:52:02","slug":"la-biblioteca-municipal-daltea-posa-en-marxa-el-cicle-de-contes-cau-de-contes","status":"publish","type":"post","link":"https:\/\/www.alteacultural.com\/es\/2025\/03\/13\/la-biblioteca-municipal-daltea-posa-en-marxa-el-cicle-de-contes-cau-de-contes\/","title":{"rendered":"La Biblioteca Municipal de Altea pone en marcha el ciclo de cuentos \u201cCau de Contes\u201d"},"content":{"rendered":"\n<figure class=\"wp-block-image size-full\"><img fetchpriority=\"high\" decoding=\"async\" width=\"800\" height=\"1131\" src=\"https:\/\/www.alteacultural.com\/wp-content\/uploads\/2025\/03\/Cartell-Cau-de-Contes-web.jpg\" alt=\"\" class=\"wp-image-35148\" srcset=\"https:\/\/www.alteacultural.com\/wp-content\/uploads\/2025\/03\/Cartell-Cau-de-Contes-web.jpg 800w, https:\/\/www.alteacultural.com\/wp-content\/uploads\/2025\/03\/Cartell-Cau-de-Contes-web-768x1086.jpg 768w\" sizes=\"(max-width: 800px) 100vw, 800px\" \/><\/figure>\n\n\n\n<p><\/p>\n\n\n\n<p><strong>Da inicio este viernes, 14 de marzo, con la narraci\u00f3n de Almudena Franc\u00e9s.<\/strong><\/p>\n\n\n\n<p>La concejal\u00eda de Cultura de Altea, a trav\u00e9s de la Biblioteca Municipal, ha puesto en marcha un nuevo proyecto al que ha denominado \u201cCau de Contes\u201d. El ciclo dar\u00e1 inicio este viernes a partir de las 18:00h con la narraci\u00f3n de cuentos \u201cA poc a poc\u201d de Almudena Franc\u00e9s. As\u00ed lo informa la edil de \u00e1rea, Pepa Victoria P\u00e9rez.<\/p>\n\n\n\n<p>Como explica la responsable municipal de Cultura, \u201cel objetivo de esta nueva propuesta cultural es ofrecer al p\u00fablico infantil y familiar la narraci\u00f3n de cuentos de forma habitual una vez al mes en la Biblioteca Municipal\u201d. \u201cEn los meses de verano se interrumpir\u00e1 y en oto\u00f1o dar\u00e1 inicio de nuevo\u201d; ha a\u00f1adido Pepa Victoria P\u00e9rez, quien invita a las familias alteanas a llevar a sus ni\u00f1os y ni\u00f1as a estas sesiones de cuentos \u201cporque se lo pasar\u00e1n muy bien, adem\u00e1s de iniciarse en el uso de unas instalaciones municipales en las que una amplia secci\u00f3n, incluido el espacio, est\u00e1 destinado a los menores\u201d.<\/p>\n\n\n\n<p>La entrada a estas sesiones de cuentos es libre y gratuita; apunta la edil, que ha adelantado las fechas de las pr\u00f3ximas citas de \u201cEl Cau de Contes\u201d y que ser\u00e1n el 11 de abril, el 24 de octubre, el 21 de noviembre y el 19 de diciembre.<\/p>\n\n\n\n<figure class=\"wp-block-image size-full\"><img decoding=\"async\" width=\"1754\" height=\"2480\" data-src=\"https:\/\/www.alteacultural.com\/wp-content\/uploads\/2025\/03\/CauDeContesAlmudena14mar2025_Cartell-01.jpg\" alt=\"\" class=\"wp-image-35054 lazyload\" data-srcset=\"https:\/\/www.alteacultural.com\/wp-content\/uploads\/2025\/03\/CauDeContesAlmudena14mar2025_Cartell-01.jpg 1754w, https:\/\/www.alteacultural.com\/wp-content\/uploads\/2025\/03\/CauDeContesAlmudena14mar2025_Cartell-01-768x1086.jpg 768w, https:\/\/www.alteacultural.com\/wp-content\/uploads\/2025\/03\/CauDeContesAlmudena14mar2025_Cartell-01-1086x1536.jpg 1086w, https:\/\/www.alteacultural.com\/wp-content\/uploads\/2025\/03\/CauDeContesAlmudena14mar2025_Cartell-01-1448x2048.jpg 1448w\" data-sizes=\"(max-width: 1754px) 100vw, 1754px\" src=\"data:image\/gif;base64,R0lGODlhAQABAAAAACH5BAEKAAEALAAAAAABAAEAAAICTAEAOw==\" style=\"--smush-placeholder-width: 1754px; --smush-placeholder-aspect-ratio: 1754\/2480;\" \/><\/figure>\n\n\n\n<p>| ALTEADIGITAL.ES<\/p>\n","protected":false},"excerpt":{"rendered":"<p>Da inicio este viernes, 14 de marzo, con la narraci\u00f3n de Almudena Franc\u00e9s. La concejal\u00eda de Cultura de Altea, [&hellip;]<\/p>\n","protected":false},"author":1,"featured_media":35151,"comment_status":"open","ping_status":"open","sticky":false,"template":"","format":"standard","meta":{"_expiration-date-status":"","_expiration-date":0,"_expiration-date-type":"","_expiration-date-categories":[],"_expiration-date-options":[],"footnotes":""},"yoast_head":"<!-- This site is optimized with the Yoast SEO plugin v22.8 - https:\/\/yoast.com\/wordpress\/plugins\/seo\/ -->\n<title>La Biblioteca Municipal de Altea pone en marcha el ciclo de cuentos \u201cCau de Contes\u201d - Altea Cultural<\/title>\n<meta name=\"robots\" content=\"index, follow, max-snippet:-1, max-image-preview:large, max-video-preview:-1\" \/>\n<link rel=\"canonical\" href=\"https:\/\/www.alteacultural.com\/es\/2025\/03\/13\/la-biblioteca-municipal-daltea-posa-en-marxa-el-cicle-de-contes-cau-de-contes\/\" \/>\n<meta property=\"og:locale\" content=\"es_ES\" \/>\n<meta property=\"og:type\" content=\"article\" \/>\n<meta property=\"og:title\" content=\"La Biblioteca Municipal de Altea pone en marcha el ciclo de cuentos \u201cCau de Contes\u201d - Altea Cultural\" \/>\n<meta property=\"og:description\" content=\"Da inicio este viernes, 14 de marzo, con la narraci\u00f3n de Almudena Franc\u00e9s. La concejal\u00eda de Cultura de Altea, [&hellip;]\" \/>\n<meta property=\"og:url\" content=\"https:\/\/www.alteacultural.com\/es\/2025\/03\/13\/la-biblioteca-municipal-daltea-posa-en-marxa-el-cicle-de-contes-cau-de-contes\/\" \/>\n<meta property=\"og:site_name\" content=\"Altea Cultural\" \/>\n<meta property=\"article:published_time\" content=\"2025-03-13T09:58:26+00:00\" \/>\n<meta property=\"article:modified_time\" content=\"2025-03-14T09:52:02+00:00\" \/>\n<meta property=\"og:image\" content=\"https:\/\/www.alteacultural.com\/wp-content\/uploads\/2025\/03\/CAU-DE-CONTES-BANNER.jpg\" \/>\n\t<meta property=\"og:image:width\" content=\"798\" \/>\n\t<meta property=\"og:image:height\" content=\"333\" \/>\n\t<meta property=\"og:image:type\" content=\"image\/jpeg\" \/>\n<meta name=\"author\" content=\"sfaltea.com-admin\" \/>\n<meta name=\"twitter:card\" content=\"summary_large_image\" \/>\n<meta name=\"twitter:label1\" content=\"Escrito por\" \/>\n\t<meta name=\"twitter:data1\" content=\"sfaltea.com-admin\" \/>\n\t<meta name=\"twitter:label2\" content=\"Tiempo de lectura\" \/>\n\t<meta name=\"twitter:data2\" content=\"2 minutos\" \/>\n<script type=\"application\/ld+json\" class=\"yoast-schema-graph\">{\"@context\":\"https:\/\/schema.org\",\"@graph\":[{\"@type\":\"WebPage\",\"@id\":\"https:\/\/www.alteacultural.com\/es\/2025\/03\/13\/la-biblioteca-municipal-daltea-posa-en-marxa-el-cicle-de-contes-cau-de-contes\/\",\"url\":\"https:\/\/www.alteacultural.com\/es\/2025\/03\/13\/la-biblioteca-municipal-daltea-posa-en-marxa-el-cicle-de-contes-cau-de-contes\/\",\"name\":\"La Biblioteca Municipal de Altea pone en marcha el ciclo de cuentos \u201cCau de Contes\u201d - Altea Cultural\",\"isPartOf\":{\"@id\":\"https:\/\/www.alteacultural.com\/es\/#website\"},\"primaryImageOfPage\":{\"@id\":\"https:\/\/www.alteacultural.com\/es\/2025\/03\/13\/la-biblioteca-municipal-daltea-posa-en-marxa-el-cicle-de-contes-cau-de-contes\/#primaryimage\"},\"image\":{\"@id\":\"https:\/\/www.alteacultural.com\/es\/2025\/03\/13\/la-biblioteca-municipal-daltea-posa-en-marxa-el-cicle-de-contes-cau-de-contes\/#primaryimage\"},\"thumbnailUrl\":\"https:\/\/www.alteacultural.com\/wp-content\/uploads\/2025\/03\/CAU-DE-CONTES-BANNER.jpg\",\"datePublished\":\"2025-03-13T09:58:26+00:00\",\"dateModified\":\"2025-03-14T09:52:02+00:00\",\"author\":{\"@id\":\"https:\/\/www.alteacultural.com\/es\/#\/schema\/person\/c4e137537f1af546d214a315255e5172\"},\"breadcrumb\":{\"@id\":\"https:\/\/www.alteacultural.com\/es\/2025\/03\/13\/la-biblioteca-municipal-daltea-posa-en-marxa-el-cicle-de-contes-cau-de-contes\/#breadcrumb\"},\"inLanguage\":\"es\",\"potentialAction\":[{\"@type\":\"ReadAction\",\"target\":[\"https:\/\/www.alteacultural.com\/es\/2025\/03\/13\/la-biblioteca-municipal-daltea-posa-en-marxa-el-cicle-de-contes-cau-de-contes\/\"]}]},{\"@type\":\"ImageObject\",\"inLanguage\":\"es\",\"@id\":\"https:\/\/www.alteacultural.com\/es\/2025\/03\/13\/la-biblioteca-municipal-daltea-posa-en-marxa-el-cicle-de-contes-cau-de-contes\/#primaryimage\",\"url\":\"https:\/\/www.alteacultural.com\/wp-content\/uploads\/2025\/03\/CAU-DE-CONTES-BANNER.jpg\",\"contentUrl\":\"https:\/\/www.alteacultural.com\/wp-content\/uploads\/2025\/03\/CAU-DE-CONTES-BANNER.jpg\",\"width\":798,\"height\":333},{\"@type\":\"BreadcrumbList\",\"@id\":\"https:\/\/www.alteacultural.com\/es\/2025\/03\/13\/la-biblioteca-municipal-daltea-posa-en-marxa-el-cicle-de-contes-cau-de-contes\/#breadcrumb\",\"itemListElement\":[{\"@type\":\"ListItem\",\"position\":1,\"name\":\"Inici\",\"item\":\"https:\/\/www.alteacultural.com\/es\/\"},{\"@type\":\"ListItem\",\"position\":2,\"name\":\"La Biblioteca Municipal de Altea pone en marcha el ciclo de cuentos \u201cCau de Contes\u201d\"}]},{\"@type\":\"WebSite\",\"@id\":\"https:\/\/www.alteacultural.com\/es\/#website\",\"url\":\"https:\/\/www.alteacultural.com\/es\/\",\"name\":\"Altea Cultural\",\"description\":\"Regidoria de Cultura de l&#039;Ajuntament d&#039;Altea\",\"potentialAction\":[{\"@type\":\"SearchAction\",\"target\":{\"@type\":\"EntryPoint\",\"urlTemplate\":\"https:\/\/www.alteacultural.com\/es\/?s={search_term_string}\"},\"query-input\":\"required name=search_term_string\"}],\"inLanguage\":\"es\"},{\"@type\":\"Person\",\"@id\":\"https:\/\/www.alteacultural.com\/es\/#\/schema\/person\/c4e137537f1af546d214a315255e5172\",\"name\":\"sfaltea.com-admin\",\"image\":{\"@type\":\"ImageObject\",\"inLanguage\":\"es\",\"@id\":\"https:\/\/www.alteacultural.com\/es\/#\/schema\/person\/image\/\",\"url\":\"https:\/\/secure.gravatar.com\/avatar\/f7473fa2fbd351270ccfd469de536202?s=96&d=mm&r=g\",\"contentUrl\":\"https:\/\/secure.gravatar.com\/avatar\/f7473fa2fbd351270ccfd469de536202?s=96&d=mm&r=g\",\"caption\":\"sfaltea.com-admin\"},\"url\":\"https:\/\/www.alteacultural.com\/es\/author\/sfaltea-com-admin\/\"}]}<\/script>\n<!-- \/ Yoast SEO plugin. -->","yoast_head_json":{"title":"La Biblioteca Municipal de Altea pone en marcha el ciclo de cuentos \u201cCau de Contes\u201d - Altea Cultural","robots":{"index":"index","follow":"follow","max-snippet":"max-snippet:-1","max-image-preview":"max-image-preview:large","max-video-preview":"max-video-preview:-1"},"canonical":"https:\/\/www.alteacultural.com\/es\/2025\/03\/13\/la-biblioteca-municipal-daltea-posa-en-marxa-el-cicle-de-contes-cau-de-contes\/","og_locale":"es_ES","og_type":"article","og_title":"La Biblioteca Municipal de Altea pone en marcha el ciclo de cuentos \u201cCau de Contes\u201d - Altea Cultural","og_description":"Da inicio este viernes, 14 de marzo, con la narraci\u00f3n de Almudena Franc\u00e9s. La concejal\u00eda de Cultura de Altea, [&hellip;]","og_url":"https:\/\/www.alteacultural.com\/es\/2025\/03\/13\/la-biblioteca-municipal-daltea-posa-en-marxa-el-cicle-de-contes-cau-de-contes\/","og_site_name":"Altea Cultural","article_published_time":"2025-03-13T09:58:26+00:00","article_modified_time":"2025-03-14T09:52:02+00:00","og_image":[{"width":798,"height":333,"url":"https:\/\/www.alteacultural.com\/wp-content\/uploads\/2025\/03\/CAU-DE-CONTES-BANNER.jpg","type":"image\/jpeg"}],"author":"sfaltea.com-admin","twitter_card":"summary_large_image","twitter_misc":{"Escrito por":"sfaltea.com-admin","Tiempo de lectura":"2 minutos"},"schema":{"@context":"https:\/\/schema.org","@graph":[{"@type":"WebPage","@id":"https:\/\/www.alteacultural.com\/es\/2025\/03\/13\/la-biblioteca-municipal-daltea-posa-en-marxa-el-cicle-de-contes-cau-de-contes\/","url":"https:\/\/www.alteacultural.com\/es\/2025\/03\/13\/la-biblioteca-municipal-daltea-posa-en-marxa-el-cicle-de-contes-cau-de-contes\/","name":"La Biblioteca Municipal de Altea pone en marcha el ciclo de cuentos \u201cCau de Contes\u201d - Altea Cultural","isPartOf":{"@id":"https:\/\/www.alteacultural.com\/es\/#website"},"primaryImageOfPage":{"@id":"https:\/\/www.alteacultural.com\/es\/2025\/03\/13\/la-biblioteca-municipal-daltea-posa-en-marxa-el-cicle-de-contes-cau-de-contes\/#primaryimage"},"image":{"@id":"https:\/\/www.alteacultural.com\/es\/2025\/03\/13\/la-biblioteca-municipal-daltea-posa-en-marxa-el-cicle-de-contes-cau-de-contes\/#primaryimage"},"thumbnailUrl":"https:\/\/www.alteacultural.com\/wp-content\/uploads\/2025\/03\/CAU-DE-CONTES-BANNER.jpg","datePublished":"2025-03-13T09:58:26+00:00","dateModified":"2025-03-14T09:52:02+00:00","author":{"@id":"https:\/\/www.alteacultural.com\/es\/#\/schema\/person\/c4e137537f1af546d214a315255e5172"},"breadcrumb":{"@id":"https:\/\/www.alteacultural.com\/es\/2025\/03\/13\/la-biblioteca-municipal-daltea-posa-en-marxa-el-cicle-de-contes-cau-de-contes\/#breadcrumb"},"inLanguage":"es","potentialAction":[{"@type":"ReadAction","target":["https:\/\/www.alteacultural.com\/es\/2025\/03\/13\/la-biblioteca-municipal-daltea-posa-en-marxa-el-cicle-de-contes-cau-de-contes\/"]}]},{"@type":"ImageObject","inLanguage":"es","@id":"https:\/\/www.alteacultural.com\/es\/2025\/03\/13\/la-biblioteca-municipal-daltea-posa-en-marxa-el-cicle-de-contes-cau-de-contes\/#primaryimage","url":"https:\/\/www.alteacultural.com\/wp-content\/uploads\/2025\/03\/CAU-DE-CONTES-BANNER.jpg","contentUrl":"https:\/\/www.alteacultural.com\/wp-content\/uploads\/2025\/03\/CAU-DE-CONTES-BANNER.jpg","width":798,"height":333},{"@type":"BreadcrumbList","@id":"https:\/\/www.alteacultural.com\/es\/2025\/03\/13\/la-biblioteca-municipal-daltea-posa-en-marxa-el-cicle-de-contes-cau-de-contes\/#breadcrumb","itemListElement":[{"@type":"ListItem","position":1,"name":"Inici","item":"https:\/\/www.alteacultural.com\/es\/"},{"@type":"ListItem","position":2,"name":"La Biblioteca Municipal de Altea pone en marcha el ciclo de cuentos \u201cCau de Contes\u201d"}]},{"@type":"WebSite","@id":"https:\/\/www.alteacultural.com\/es\/#website","url":"https:\/\/www.alteacultural.com\/es\/","name":"Altea Cultural","description":"Regidoria de Cultura de l&#039;Ajuntament d&#039;Altea","potentialAction":[{"@type":"SearchAction","target":{"@type":"EntryPoint","urlTemplate":"https:\/\/www.alteacultural.com\/es\/?s={search_term_string}"},"query-input":"required name=search_term_string"}],"inLanguage":"es"},{"@type":"Person","@id":"https:\/\/www.alteacultural.com\/es\/#\/schema\/person\/c4e137537f1af546d214a315255e5172","name":"sfaltea.com-admin","image":{"@type":"ImageObject","inLanguage":"es","@id":"https:\/\/www.alteacultural.com\/es\/#\/schema\/person\/image\/","url":"https:\/\/secure.gravatar.com\/avatar\/f7473fa2fbd351270ccfd469de536202?s=96&d=mm&r=g","contentUrl":"https:\/\/secure.gravatar.com\/avatar\/f7473fa2fbd351270ccfd469de536202?s=96&d=mm&r=g","caption":"sfaltea.com-admin"},"url":"https:\/\/www.alteacultural.com\/es\/author\/sfaltea-com-admin\/"}]}},"_links":{"self":[{"href":"https:\/\/www.alteacultural.com\/es\/wp-json\/wp\/v2\/posts\/35153"}],"collection":[{"href":"https:\/\/www.alteacultural.com\/es\/wp-json\/wp\/v2\/posts"}],"about":[{"href":"https:\/\/www.alteacultural.com\/es\/wp-json\/wp\/v2\/types\/post"}],"author":[{"embeddable":true,"href":"https:\/\/www.alteacultural.com\/es\/wp-json\/wp\/v2\/users\/1"}],"replies":[{"embeddable":true,"href":"https:\/\/www.alteacultural.com\/es\/wp-json\/wp\/v2\/comments?post=35153"}],"version-history":[{"count":1,"href":"https:\/\/www.alteacultural.com\/es\/wp-json\/wp\/v2\/posts\/35153\/revisions"}],"predecessor-version":[{"id":35155,"href":"https:\/\/www.alteacultural.com\/es\/wp-json\/wp\/v2\/posts\/35153\/revisions\/35155"}],"wp:featuredmedia":[{"embeddable":true,"href":"https:\/\/www.alteacultural.com\/es\/wp-json\/wp\/v2\/media\/35151"}],"wp:attachment":[{"href":"https:\/\/www.alteacultural.com\/es\/wp-json\/wp\/v2\/media?parent=35153"}],"curies":[{"name":"wp","href":"https:\/\/api.w.org\/{rel}","templated":true}]}}