{"id":35166,"date":"2025-03-14T11:30:18","date_gmt":"2025-03-14T10:30:18","guid":{"rendered":"https:\/\/www.alteacultural.com\/2025\/03\/14\/la-50a-edicio-del-cim-vila-daltea-fara-la-seua-clausura-amb-dos-grans-societats-musicals-a-la-seccio-simfonica\/"},"modified":"2025-03-19T11:27:57","modified_gmt":"2025-03-19T10:27:57","slug":"la-50a-edicio-del-cim-vila-daltea-fara-la-seua-clausura-amb-dos-grans-societats-musicals-a-la-seccio-simfonica","status":"publish","type":"post","link":"https:\/\/www.alteacultural.com\/es\/2025\/03\/14\/la-50a-edicio-del-cim-vila-daltea-fara-la-seua-clausura-amb-dos-grans-societats-musicals-a-la-seccio-simfonica\/","title":{"rendered":"La 50\u00aa edici\u00f3n del CIM \u00abVila d\u2019Altea\u00bb har\u00e1 su clausura con dos grandes sociedades musicales en la Secci\u00f3n Sinf\u00f3nica"},"content":{"rendered":"\n<figure class=\"wp-block-image size-full\"><img fetchpriority=\"high\" decoding=\"async\" width=\"826\" height=\"660\" src=\"https:\/\/www.alteacultural.com\/wp-content\/uploads\/2025\/03\/regidora-i-president-de-la-SFA-CIM-web.jpg\" alt=\"\" class=\"wp-image-35163\" srcset=\"https:\/\/www.alteacultural.com\/wp-content\/uploads\/2025\/03\/regidora-i-president-de-la-SFA-CIM-web.jpg 826w, https:\/\/www.alteacultural.com\/wp-content\/uploads\/2025\/03\/regidora-i-president-de-la-SFA-CIM-web-768x614.jpg 768w\" sizes=\"(max-width: 826px) 100vw, 826px\" \/><\/figure>\n\n\n\n<p><\/p>\n\n\n\n<p>El Certamen Internacional de M\u00fasica \u00abVila d\u2019Altea\u00bb contin\u00faa celebrando este a\u00f1o su 50 edici\u00f3n, consolid\u00e1ndose como un referente en el panorama musical. En esta edici\u00f3n tan especial, la Secci\u00f3n Sinf\u00f3nica contar\u00e1 con la participaci\u00f3n de las bandas \u201cAteneo Musical y de Ense\u00f1anza Banda Primitiva de Ll\u00edria\u201d y \u201cCentro Instructivo Musical de Mislata\u201d; dos prestigiosas sociedades musicales que ofrecer\u00e1n lo mejor de su repertorio en una competici\u00f3n marcada por la excelencia art\u00edstica.<\/p>\n\n\n\n<p>Las bandas participantes en esta categor\u00eda tienen un n\u00famero de int\u00e9rpretes comprendido entre 90 y 140 m\u00fasicos. La cita tendr\u00e1 lugar el pr\u00f3ximo 7 de diciembre; una fecha que todos los amantes de la m\u00fasica de banda deber\u00edan marcar en su calendario, ya que se prev\u00e9 una edici\u00f3n llena de emoci\u00f3n y calidad musical.<\/p>\n\n\n\n<p><strong>Un certamen con proyecci\u00f3n e innovaci\u00f3n<\/strong><\/p>\n\n\n\n<p>En este segundo a\u00f1o de la 50 edici\u00f3n, en el que el CIM \u201cVila d\u2019Altea\u201d celebra su secci\u00f3n sinf\u00f3nica, hay que destacar que se caracterizar\u00e1 por su formato de concierto de libre interpretaci\u00f3n, donde las sociedades musicales participantes han presentado una propuesta art\u00edstica que ha sido analizada y autorizada por el comit\u00e9 organizador en funci\u00f3n de su calidad. Asimismo, se fomenta la creaci\u00f3n de nueva literatura musical, ofreciendo ayudas a las bandas que deciden estrenar obras in\u00e9ditas, impulsando as\u00ed la innovaci\u00f3n en el repertorio band\u00edstico.<\/p>\n\n\n\n<p>En palabras de la concejala Pepa P\u00e9rez, \u201cesta 50 edici\u00f3n promete ser el punto \u00e1lgido de una experiencia \u00fanica, con la presencia de dos bandas de gran prestigio y un programa que pondr\u00e1 en valor la riqueza y la diversidad de la m\u00fasica de banda\u201d.<\/p>\n\n\n\n<p>| ALTEADIGITAL.ES<\/p>\n","protected":false},"excerpt":{"rendered":"<p>El Certamen Internacional de M\u00fasica \u00abVila d\u2019Altea\u00bb contin\u00faa celebrando este a\u00f1o su 50 edici\u00f3n, consolid\u00e1ndose como un referente en [&hellip;]<\/p>\n","protected":false},"author":1,"featured_media":35164,"comment_status":"open","ping_status":"open","sticky":false,"template":"","format":"standard","meta":{"_expiration-date-status":"","_expiration-date":0,"_expiration-date-type":"","_expiration-date-categories":[],"_expiration-date-options":[],"footnotes":""},"yoast_head":"<!-- This site is optimized with the Yoast SEO plugin v22.8 - https:\/\/yoast.com\/wordpress\/plugins\/seo\/ -->\n<title>La 50\u00aa edici\u00f3n del CIM \u00abVila d\u2019Altea\u00bb har\u00e1 su clausura con dos grandes sociedades musicales en la Secci\u00f3n Sinf\u00f3nica - Altea Cultural<\/title>\n<meta name=\"robots\" content=\"index, follow, max-snippet:-1, max-image-preview:large, max-video-preview:-1\" \/>\n<link rel=\"canonical\" href=\"https:\/\/www.alteacultural.com\/es\/2025\/03\/14\/la-50a-edicio-del-cim-vila-daltea-fara-la-seua-clausura-amb-dos-grans-societats-musicals-a-la-seccio-simfonica\/\" \/>\n<meta property=\"og:locale\" content=\"es_ES\" \/>\n<meta property=\"og:type\" content=\"article\" \/>\n<meta property=\"og:title\" content=\"La 50\u00aa edici\u00f3n del CIM \u00abVila d\u2019Altea\u00bb har\u00e1 su clausura con dos grandes sociedades musicales en la Secci\u00f3n Sinf\u00f3nica - Altea Cultural\" \/>\n<meta property=\"og:description\" content=\"El Certamen Internacional de M\u00fasica \u00abVila d\u2019Altea\u00bb contin\u00faa celebrando este a\u00f1o su 50 edici\u00f3n, consolid\u00e1ndose como un referente en [&hellip;]\" \/>\n<meta property=\"og:url\" content=\"https:\/\/www.alteacultural.com\/es\/2025\/03\/14\/la-50a-edicio-del-cim-vila-daltea-fara-la-seua-clausura-amb-dos-grans-societats-musicals-a-la-seccio-simfonica\/\" \/>\n<meta property=\"og:site_name\" content=\"Altea Cultural\" \/>\n<meta property=\"article:published_time\" content=\"2025-03-14T10:30:18+00:00\" \/>\n<meta property=\"article:modified_time\" content=\"2025-03-19T10:27:57+00:00\" \/>\n<meta property=\"og:image\" content=\"https:\/\/www.alteacultural.com\/wp-content\/uploads\/2025\/03\/regidora-i-president-de-la-SFA-CIM-web.jpg\" \/>\n\t<meta property=\"og:image:width\" content=\"826\" \/>\n\t<meta property=\"og:image:height\" content=\"660\" \/>\n\t<meta property=\"og:image:type\" content=\"image\/jpeg\" \/>\n<meta name=\"author\" content=\"sfaltea.com-admin\" \/>\n<meta name=\"twitter:card\" content=\"summary_large_image\" \/>\n<meta name=\"twitter:label1\" content=\"Escrito por\" \/>\n\t<meta name=\"twitter:data1\" content=\"sfaltea.com-admin\" \/>\n\t<meta name=\"twitter:label2\" content=\"Tiempo de lectura\" \/>\n\t<meta name=\"twitter:data2\" content=\"2 minutos\" \/>\n<script type=\"application\/ld+json\" class=\"yoast-schema-graph\">{\"@context\":\"https:\/\/schema.org\",\"@graph\":[{\"@type\":\"WebPage\",\"@id\":\"https:\/\/www.alteacultural.com\/es\/2025\/03\/14\/la-50a-edicio-del-cim-vila-daltea-fara-la-seua-clausura-amb-dos-grans-societats-musicals-a-la-seccio-simfonica\/\",\"url\":\"https:\/\/www.alteacultural.com\/es\/2025\/03\/14\/la-50a-edicio-del-cim-vila-daltea-fara-la-seua-clausura-amb-dos-grans-societats-musicals-a-la-seccio-simfonica\/\",\"name\":\"La 50\u00aa edici\u00f3n del CIM \u00abVila d\u2019Altea\u00bb har\u00e1 su clausura con dos grandes sociedades musicales en la Secci\u00f3n Sinf\u00f3nica - Altea Cultural\",\"isPartOf\":{\"@id\":\"https:\/\/www.alteacultural.com\/es\/#website\"},\"primaryImageOfPage\":{\"@id\":\"https:\/\/www.alteacultural.com\/es\/2025\/03\/14\/la-50a-edicio-del-cim-vila-daltea-fara-la-seua-clausura-amb-dos-grans-societats-musicals-a-la-seccio-simfonica\/#primaryimage\"},\"image\":{\"@id\":\"https:\/\/www.alteacultural.com\/es\/2025\/03\/14\/la-50a-edicio-del-cim-vila-daltea-fara-la-seua-clausura-amb-dos-grans-societats-musicals-a-la-seccio-simfonica\/#primaryimage\"},\"thumbnailUrl\":\"https:\/\/www.alteacultural.com\/wp-content\/uploads\/2025\/03\/regidora-i-president-de-la-SFA-CIM-web.jpg\",\"datePublished\":\"2025-03-14T10:30:18+00:00\",\"dateModified\":\"2025-03-19T10:27:57+00:00\",\"author\":{\"@id\":\"https:\/\/www.alteacultural.com\/es\/#\/schema\/person\/c4e137537f1af546d214a315255e5172\"},\"breadcrumb\":{\"@id\":\"https:\/\/www.alteacultural.com\/es\/2025\/03\/14\/la-50a-edicio-del-cim-vila-daltea-fara-la-seua-clausura-amb-dos-grans-societats-musicals-a-la-seccio-simfonica\/#breadcrumb\"},\"inLanguage\":\"es\",\"potentialAction\":[{\"@type\":\"ReadAction\",\"target\":[\"https:\/\/www.alteacultural.com\/es\/2025\/03\/14\/la-50a-edicio-del-cim-vila-daltea-fara-la-seua-clausura-amb-dos-grans-societats-musicals-a-la-seccio-simfonica\/\"]}]},{\"@type\":\"ImageObject\",\"inLanguage\":\"es\",\"@id\":\"https:\/\/www.alteacultural.com\/es\/2025\/03\/14\/la-50a-edicio-del-cim-vila-daltea-fara-la-seua-clausura-amb-dos-grans-societats-musicals-a-la-seccio-simfonica\/#primaryimage\",\"url\":\"https:\/\/www.alteacultural.com\/wp-content\/uploads\/2025\/03\/regidora-i-president-de-la-SFA-CIM-web.jpg\",\"contentUrl\":\"https:\/\/www.alteacultural.com\/wp-content\/uploads\/2025\/03\/regidora-i-president-de-la-SFA-CIM-web.jpg\",\"width\":826,\"height\":660},{\"@type\":\"BreadcrumbList\",\"@id\":\"https:\/\/www.alteacultural.com\/es\/2025\/03\/14\/la-50a-edicio-del-cim-vila-daltea-fara-la-seua-clausura-amb-dos-grans-societats-musicals-a-la-seccio-simfonica\/#breadcrumb\",\"itemListElement\":[{\"@type\":\"ListItem\",\"position\":1,\"name\":\"Inici\",\"item\":\"https:\/\/www.alteacultural.com\/es\/\"},{\"@type\":\"ListItem\",\"position\":2,\"name\":\"La 50\u00aa edici\u00f3n del CIM \u00abVila d\u2019Altea\u00bb har\u00e1 su clausura con dos grandes sociedades musicales en la Secci\u00f3n Sinf\u00f3nica\"}]},{\"@type\":\"WebSite\",\"@id\":\"https:\/\/www.alteacultural.com\/es\/#website\",\"url\":\"https:\/\/www.alteacultural.com\/es\/\",\"name\":\"Altea Cultural\",\"description\":\"Regidoria de Cultura de l&#039;Ajuntament d&#039;Altea\",\"potentialAction\":[{\"@type\":\"SearchAction\",\"target\":{\"@type\":\"EntryPoint\",\"urlTemplate\":\"https:\/\/www.alteacultural.com\/es\/?s={search_term_string}\"},\"query-input\":\"required name=search_term_string\"}],\"inLanguage\":\"es\"},{\"@type\":\"Person\",\"@id\":\"https:\/\/www.alteacultural.com\/es\/#\/schema\/person\/c4e137537f1af546d214a315255e5172\",\"name\":\"sfaltea.com-admin\",\"image\":{\"@type\":\"ImageObject\",\"inLanguage\":\"es\",\"@id\":\"https:\/\/www.alteacultural.com\/es\/#\/schema\/person\/image\/\",\"url\":\"https:\/\/secure.gravatar.com\/avatar\/f7473fa2fbd351270ccfd469de536202?s=96&d=mm&r=g\",\"contentUrl\":\"https:\/\/secure.gravatar.com\/avatar\/f7473fa2fbd351270ccfd469de536202?s=96&d=mm&r=g\",\"caption\":\"sfaltea.com-admin\"},\"url\":\"https:\/\/www.alteacultural.com\/es\/author\/sfaltea-com-admin\/\"}]}<\/script>\n<!-- \/ Yoast SEO plugin. -->","yoast_head_json":{"title":"La 50\u00aa edici\u00f3n del CIM \u00abVila d\u2019Altea\u00bb har\u00e1 su clausura con dos grandes sociedades musicales en la Secci\u00f3n Sinf\u00f3nica - Altea Cultural","robots":{"index":"index","follow":"follow","max-snippet":"max-snippet:-1","max-image-preview":"max-image-preview:large","max-video-preview":"max-video-preview:-1"},"canonical":"https:\/\/www.alteacultural.com\/es\/2025\/03\/14\/la-50a-edicio-del-cim-vila-daltea-fara-la-seua-clausura-amb-dos-grans-societats-musicals-a-la-seccio-simfonica\/","og_locale":"es_ES","og_type":"article","og_title":"La 50\u00aa edici\u00f3n del CIM \u00abVila d\u2019Altea\u00bb har\u00e1 su clausura con dos grandes sociedades musicales en la Secci\u00f3n Sinf\u00f3nica - Altea Cultural","og_description":"El Certamen Internacional de M\u00fasica \u00abVila d\u2019Altea\u00bb contin\u00faa celebrando este a\u00f1o su 50 edici\u00f3n, consolid\u00e1ndose como un referente en [&hellip;]","og_url":"https:\/\/www.alteacultural.com\/es\/2025\/03\/14\/la-50a-edicio-del-cim-vila-daltea-fara-la-seua-clausura-amb-dos-grans-societats-musicals-a-la-seccio-simfonica\/","og_site_name":"Altea Cultural","article_published_time":"2025-03-14T10:30:18+00:00","article_modified_time":"2025-03-19T10:27:57+00:00","og_image":[{"width":826,"height":660,"url":"https:\/\/www.alteacultural.com\/wp-content\/uploads\/2025\/03\/regidora-i-president-de-la-SFA-CIM-web.jpg","type":"image\/jpeg"}],"author":"sfaltea.com-admin","twitter_card":"summary_large_image","twitter_misc":{"Escrito por":"sfaltea.com-admin","Tiempo de lectura":"2 minutos"},"schema":{"@context":"https:\/\/schema.org","@graph":[{"@type":"WebPage","@id":"https:\/\/www.alteacultural.com\/es\/2025\/03\/14\/la-50a-edicio-del-cim-vila-daltea-fara-la-seua-clausura-amb-dos-grans-societats-musicals-a-la-seccio-simfonica\/","url":"https:\/\/www.alteacultural.com\/es\/2025\/03\/14\/la-50a-edicio-del-cim-vila-daltea-fara-la-seua-clausura-amb-dos-grans-societats-musicals-a-la-seccio-simfonica\/","name":"La 50\u00aa edici\u00f3n del CIM \u00abVila d\u2019Altea\u00bb har\u00e1 su clausura con dos grandes sociedades musicales en la Secci\u00f3n Sinf\u00f3nica - Altea Cultural","isPartOf":{"@id":"https:\/\/www.alteacultural.com\/es\/#website"},"primaryImageOfPage":{"@id":"https:\/\/www.alteacultural.com\/es\/2025\/03\/14\/la-50a-edicio-del-cim-vila-daltea-fara-la-seua-clausura-amb-dos-grans-societats-musicals-a-la-seccio-simfonica\/#primaryimage"},"image":{"@id":"https:\/\/www.alteacultural.com\/es\/2025\/03\/14\/la-50a-edicio-del-cim-vila-daltea-fara-la-seua-clausura-amb-dos-grans-societats-musicals-a-la-seccio-simfonica\/#primaryimage"},"thumbnailUrl":"https:\/\/www.alteacultural.com\/wp-content\/uploads\/2025\/03\/regidora-i-president-de-la-SFA-CIM-web.jpg","datePublished":"2025-03-14T10:30:18+00:00","dateModified":"2025-03-19T10:27:57+00:00","author":{"@id":"https:\/\/www.alteacultural.com\/es\/#\/schema\/person\/c4e137537f1af546d214a315255e5172"},"breadcrumb":{"@id":"https:\/\/www.alteacultural.com\/es\/2025\/03\/14\/la-50a-edicio-del-cim-vila-daltea-fara-la-seua-clausura-amb-dos-grans-societats-musicals-a-la-seccio-simfonica\/#breadcrumb"},"inLanguage":"es","potentialAction":[{"@type":"ReadAction","target":["https:\/\/www.alteacultural.com\/es\/2025\/03\/14\/la-50a-edicio-del-cim-vila-daltea-fara-la-seua-clausura-amb-dos-grans-societats-musicals-a-la-seccio-simfonica\/"]}]},{"@type":"ImageObject","inLanguage":"es","@id":"https:\/\/www.alteacultural.com\/es\/2025\/03\/14\/la-50a-edicio-del-cim-vila-daltea-fara-la-seua-clausura-amb-dos-grans-societats-musicals-a-la-seccio-simfonica\/#primaryimage","url":"https:\/\/www.alteacultural.com\/wp-content\/uploads\/2025\/03\/regidora-i-president-de-la-SFA-CIM-web.jpg","contentUrl":"https:\/\/www.alteacultural.com\/wp-content\/uploads\/2025\/03\/regidora-i-president-de-la-SFA-CIM-web.jpg","width":826,"height":660},{"@type":"BreadcrumbList","@id":"https:\/\/www.alteacultural.com\/es\/2025\/03\/14\/la-50a-edicio-del-cim-vila-daltea-fara-la-seua-clausura-amb-dos-grans-societats-musicals-a-la-seccio-simfonica\/#breadcrumb","itemListElement":[{"@type":"ListItem","position":1,"name":"Inici","item":"https:\/\/www.alteacultural.com\/es\/"},{"@type":"ListItem","position":2,"name":"La 50\u00aa edici\u00f3n del CIM \u00abVila d\u2019Altea\u00bb har\u00e1 su clausura con dos grandes sociedades musicales en la Secci\u00f3n Sinf\u00f3nica"}]},{"@type":"WebSite","@id":"https:\/\/www.alteacultural.com\/es\/#website","url":"https:\/\/www.alteacultural.com\/es\/","name":"Altea Cultural","description":"Regidoria de Cultura de l&#039;Ajuntament d&#039;Altea","potentialAction":[{"@type":"SearchAction","target":{"@type":"EntryPoint","urlTemplate":"https:\/\/www.alteacultural.com\/es\/?s={search_term_string}"},"query-input":"required name=search_term_string"}],"inLanguage":"es"},{"@type":"Person","@id":"https:\/\/www.alteacultural.com\/es\/#\/schema\/person\/c4e137537f1af546d214a315255e5172","name":"sfaltea.com-admin","image":{"@type":"ImageObject","inLanguage":"es","@id":"https:\/\/www.alteacultural.com\/es\/#\/schema\/person\/image\/","url":"https:\/\/secure.gravatar.com\/avatar\/f7473fa2fbd351270ccfd469de536202?s=96&d=mm&r=g","contentUrl":"https:\/\/secure.gravatar.com\/avatar\/f7473fa2fbd351270ccfd469de536202?s=96&d=mm&r=g","caption":"sfaltea.com-admin"},"url":"https:\/\/www.alteacultural.com\/es\/author\/sfaltea-com-admin\/"}]}},"_links":{"self":[{"href":"https:\/\/www.alteacultural.com\/es\/wp-json\/wp\/v2\/posts\/35166"}],"collection":[{"href":"https:\/\/www.alteacultural.com\/es\/wp-json\/wp\/v2\/posts"}],"about":[{"href":"https:\/\/www.alteacultural.com\/es\/wp-json\/wp\/v2\/types\/post"}],"author":[{"embeddable":true,"href":"https:\/\/www.alteacultural.com\/es\/wp-json\/wp\/v2\/users\/1"}],"replies":[{"embeddable":true,"href":"https:\/\/www.alteacultural.com\/es\/wp-json\/wp\/v2\/comments?post=35166"}],"version-history":[{"count":2,"href":"https:\/\/www.alteacultural.com\/es\/wp-json\/wp\/v2\/posts\/35166\/revisions"}],"predecessor-version":[{"id":35169,"href":"https:\/\/www.alteacultural.com\/es\/wp-json\/wp\/v2\/posts\/35166\/revisions\/35169"}],"wp:featuredmedia":[{"embeddable":true,"href":"https:\/\/www.alteacultural.com\/es\/wp-json\/wp\/v2\/media\/35164"}],"wp:attachment":[{"href":"https:\/\/www.alteacultural.com\/es\/wp-json\/wp\/v2\/media?parent=35166"}],"curies":[{"name":"wp","href":"https:\/\/api.w.org\/{rel}","templated":true}]}}