{"id":35324,"date":"2025-03-25T15:12:24","date_gmt":"2025-03-25T14:12:24","guid":{"rendered":"https:\/\/www.alteacultural.com\/2025\/03\/25\/pla-i-reves-presenta-el-cartell-de-tanqueu-a-leixir\/"},"modified":"2025-03-25T15:14:08","modified_gmt":"2025-03-25T14:14:08","slug":"pla-i-reves-presenta-el-cartell-de-tanqueu-a-leixir","status":"publish","type":"post","link":"https:\/\/www.alteacultural.com\/es\/2025\/03\/25\/pla-i-reves-presenta-el-cartell-de-tanqueu-a-leixir\/","title":{"rendered":"Pla i Rev\u00e9s presenta el cartel de \u201cTanqueu a l\u2019eixir\u201d"},"content":{"rendered":"\n<figure class=\"wp-block-image size-full\"><img fetchpriority=\"high\" decoding=\"async\" width=\"1028\" height=\"712\" src=\"https:\/\/www.alteacultural.com\/wp-content\/uploads\/2025\/03\/presentacio-cartell-Pla-i-Reves-web.jpg\" alt=\"\" class=\"wp-image-35314\" srcset=\"https:\/\/www.alteacultural.com\/wp-content\/uploads\/2025\/03\/presentacio-cartell-Pla-i-Reves-web.jpg 1028w, https:\/\/www.alteacultural.com\/wp-content\/uploads\/2025\/03\/presentacio-cartell-Pla-i-Reves-web-768x532.jpg 768w\" sizes=\"(max-width: 1028px) 100vw, 1028px\" \/><\/figure>\n\n\n\n<p><\/p>\n\n\n\n<p>El grupo de teatro local Pla i Rev\u00e9s ha presentado el cartel de su nueva comedia \u201cTanqueu a l\u2019eixir\u201d. La cita ten\u00eda lugar en la Casa de Cultura, el pasado viernes por la tarde, y el acto contaba con la presencia de las Clavarias del Cristo del Sagrario; un representante de la Comisi\u00f3n de Fiestas de Santa Anna de Altea la Vella; la edil de Cultura Pepa P\u00e9rez y el alcalde, Diego Zaragoz\u00ed.<\/p>\n\n\n\n<p>El estreno de la obra tendr\u00e1 lugar el 31 de mayo en Palau Altea y la representaci\u00f3n forma parte del compromiso de Pla i Rev\u00e9s con la promoci\u00f3n de las artes esc\u00e9nicas locales y cuenta con el soporte de la concejal\u00eda de Cultura y la Federaci\u00f3n de Teatro Amateur de la Comunidad Valenciana.<\/p>\n\n\n\n<p>Esta primera representaci\u00f3n de \u201cTanqueu a l\u2019eixir\u201d ser\u00e1 a beneficio de las dos comisiones de fiestas mencionadas. Las entradas est\u00e1n disponibles desde hoy mismo y estas se pueden adquirir de la mano de cualquier miembro de las comisiones de fiestas del Cristo del Sagrario y de Santa Anna. Adem\u00e1s, se pueden comprar en Pepo\u2019s Caf\u00e9, Inter\u00f3ptica y Bar la Soleada de Altea la Vella. El precio de las entradas es de 10\u20ac.<\/p>\n\n\n\n<p>Como responsable de Cultura, Pepa P\u00e9rez anima a alteanos y alteanas \u201ca disfrutar de una velada llena de humor y talento teatral\u201d.<\/p>\n\n\n\n<figure class=\"wp-block-image size-full\"><img decoding=\"async\" width=\"800\" height=\"1132\" data-src=\"https:\/\/www.alteacultural.com\/wp-content\/uploads\/2025\/03\/cartell-representacio-Pla-i-Reves-web.jpg\" alt=\"\" class=\"wp-image-35316 lazyload\" data-srcset=\"https:\/\/www.alteacultural.com\/wp-content\/uploads\/2025\/03\/cartell-representacio-Pla-i-Reves-web.jpg 800w, https:\/\/www.alteacultural.com\/wp-content\/uploads\/2025\/03\/cartell-representacio-Pla-i-Reves-web-768x1087.jpg 768w\" data-sizes=\"(max-width: 800px) 100vw, 800px\" src=\"data:image\/gif;base64,R0lGODlhAQABAAAAACH5BAEKAAEALAAAAAABAAEAAAICTAEAOw==\" style=\"--smush-placeholder-width: 800px; --smush-placeholder-aspect-ratio: 800\/1132;\" \/><\/figure>\n\n\n\n<p>| ALTEADIGITAL.ES<\/p>\n","protected":false},"excerpt":{"rendered":"<p>El grupo de teatro local Pla i Rev\u00e9s ha presentado el cartel de su nueva comedia \u201cTanqueu a l\u2019eixir\u201d. [&hellip;]<\/p>\n","protected":false},"author":1,"featured_media":35317,"comment_status":"open","ping_status":"open","sticky":false,"template":"","format":"standard","meta":{"_expiration-date-status":"","_expiration-date":0,"_expiration-date-type":"","_expiration-date-categories":[],"_expiration-date-options":[],"footnotes":""},"yoast_head":"<!-- This site is optimized with the Yoast SEO plugin v22.8 - https:\/\/yoast.com\/wordpress\/plugins\/seo\/ -->\n<title>Pla i Rev\u00e9s presenta el cartel de \u201cTanqueu a l\u2019eixir\u201d - Altea Cultural<\/title>\n<meta name=\"robots\" content=\"index, follow, max-snippet:-1, max-image-preview:large, max-video-preview:-1\" \/>\n<link rel=\"canonical\" href=\"https:\/\/www.alteacultural.com\/es\/2025\/03\/25\/pla-i-reves-presenta-el-cartell-de-tanqueu-a-leixir\/\" \/>\n<meta property=\"og:locale\" content=\"es_ES\" \/>\n<meta property=\"og:type\" content=\"article\" \/>\n<meta property=\"og:title\" content=\"Pla i Rev\u00e9s presenta el cartel de \u201cTanqueu a l\u2019eixir\u201d - Altea Cultural\" \/>\n<meta property=\"og:description\" content=\"El grupo de teatro local Pla i Rev\u00e9s ha presentado el cartel de su nueva comedia \u201cTanqueu a l\u2019eixir\u201d. [&hellip;]\" \/>\n<meta property=\"og:url\" content=\"https:\/\/www.alteacultural.com\/es\/2025\/03\/25\/pla-i-reves-presenta-el-cartell-de-tanqueu-a-leixir\/\" \/>\n<meta property=\"og:site_name\" content=\"Altea Cultural\" \/>\n<meta property=\"article:published_time\" content=\"2025-03-25T14:12:24+00:00\" \/>\n<meta property=\"article:modified_time\" content=\"2025-03-25T14:14:08+00:00\" \/>\n<meta property=\"og:image\" content=\"https:\/\/www.alteacultural.com\/wp-content\/uploads\/2025\/03\/cartell-representacio-Pla-i-Reves-web.jpg\" \/>\n\t<meta property=\"og:image:width\" content=\"800\" \/>\n\t<meta property=\"og:image:height\" content=\"1132\" \/>\n\t<meta property=\"og:image:type\" content=\"image\/jpeg\" \/>\n<meta name=\"author\" content=\"sfaltea.com-admin\" \/>\n<meta name=\"twitter:card\" content=\"summary_large_image\" \/>\n<meta name=\"twitter:label1\" content=\"Escrito por\" \/>\n\t<meta name=\"twitter:data1\" content=\"sfaltea.com-admin\" \/>\n\t<meta name=\"twitter:label2\" content=\"Tiempo de lectura\" \/>\n\t<meta name=\"twitter:data2\" content=\"2 minutos\" \/>\n<script type=\"application\/ld+json\" class=\"yoast-schema-graph\">{\"@context\":\"https:\/\/schema.org\",\"@graph\":[{\"@type\":\"WebPage\",\"@id\":\"https:\/\/www.alteacultural.com\/es\/2025\/03\/25\/pla-i-reves-presenta-el-cartell-de-tanqueu-a-leixir\/\",\"url\":\"https:\/\/www.alteacultural.com\/es\/2025\/03\/25\/pla-i-reves-presenta-el-cartell-de-tanqueu-a-leixir\/\",\"name\":\"Pla i Rev\u00e9s presenta el cartel de \u201cTanqueu a l\u2019eixir\u201d - Altea Cultural\",\"isPartOf\":{\"@id\":\"https:\/\/www.alteacultural.com\/es\/#website\"},\"primaryImageOfPage\":{\"@id\":\"https:\/\/www.alteacultural.com\/es\/2025\/03\/25\/pla-i-reves-presenta-el-cartell-de-tanqueu-a-leixir\/#primaryimage\"},\"image\":{\"@id\":\"https:\/\/www.alteacultural.com\/es\/2025\/03\/25\/pla-i-reves-presenta-el-cartell-de-tanqueu-a-leixir\/#primaryimage\"},\"thumbnailUrl\":\"https:\/\/www.alteacultural.com\/wp-content\/uploads\/2025\/03\/cartell-representacio-Pla-i-Reves-web.jpg\",\"datePublished\":\"2025-03-25T14:12:24+00:00\",\"dateModified\":\"2025-03-25T14:14:08+00:00\",\"author\":{\"@id\":\"https:\/\/www.alteacultural.com\/es\/#\/schema\/person\/c4e137537f1af546d214a315255e5172\"},\"breadcrumb\":{\"@id\":\"https:\/\/www.alteacultural.com\/es\/2025\/03\/25\/pla-i-reves-presenta-el-cartell-de-tanqueu-a-leixir\/#breadcrumb\"},\"inLanguage\":\"es\",\"potentialAction\":[{\"@type\":\"ReadAction\",\"target\":[\"https:\/\/www.alteacultural.com\/es\/2025\/03\/25\/pla-i-reves-presenta-el-cartell-de-tanqueu-a-leixir\/\"]}]},{\"@type\":\"ImageObject\",\"inLanguage\":\"es\",\"@id\":\"https:\/\/www.alteacultural.com\/es\/2025\/03\/25\/pla-i-reves-presenta-el-cartell-de-tanqueu-a-leixir\/#primaryimage\",\"url\":\"https:\/\/www.alteacultural.com\/wp-content\/uploads\/2025\/03\/cartell-representacio-Pla-i-Reves-web.jpg\",\"contentUrl\":\"https:\/\/www.alteacultural.com\/wp-content\/uploads\/2025\/03\/cartell-representacio-Pla-i-Reves-web.jpg\",\"width\":800,\"height\":1132},{\"@type\":\"BreadcrumbList\",\"@id\":\"https:\/\/www.alteacultural.com\/es\/2025\/03\/25\/pla-i-reves-presenta-el-cartell-de-tanqueu-a-leixir\/#breadcrumb\",\"itemListElement\":[{\"@type\":\"ListItem\",\"position\":1,\"name\":\"Inici\",\"item\":\"https:\/\/www.alteacultural.com\/es\/\"},{\"@type\":\"ListItem\",\"position\":2,\"name\":\"Pla i Rev\u00e9s presenta el cartel de \u201cTanqueu a l\u2019eixir\u201d\"}]},{\"@type\":\"WebSite\",\"@id\":\"https:\/\/www.alteacultural.com\/es\/#website\",\"url\":\"https:\/\/www.alteacultural.com\/es\/\",\"name\":\"Altea Cultural\",\"description\":\"Regidoria de Cultura de l&#039;Ajuntament d&#039;Altea\",\"potentialAction\":[{\"@type\":\"SearchAction\",\"target\":{\"@type\":\"EntryPoint\",\"urlTemplate\":\"https:\/\/www.alteacultural.com\/es\/?s={search_term_string}\"},\"query-input\":\"required name=search_term_string\"}],\"inLanguage\":\"es\"},{\"@type\":\"Person\",\"@id\":\"https:\/\/www.alteacultural.com\/es\/#\/schema\/person\/c4e137537f1af546d214a315255e5172\",\"name\":\"sfaltea.com-admin\",\"image\":{\"@type\":\"ImageObject\",\"inLanguage\":\"es\",\"@id\":\"https:\/\/www.alteacultural.com\/es\/#\/schema\/person\/image\/\",\"url\":\"https:\/\/secure.gravatar.com\/avatar\/f7473fa2fbd351270ccfd469de536202?s=96&d=mm&r=g\",\"contentUrl\":\"https:\/\/secure.gravatar.com\/avatar\/f7473fa2fbd351270ccfd469de536202?s=96&d=mm&r=g\",\"caption\":\"sfaltea.com-admin\"},\"url\":\"https:\/\/www.alteacultural.com\/es\/author\/sfaltea-com-admin\/\"}]}<\/script>\n<!-- \/ Yoast SEO plugin. -->","yoast_head_json":{"title":"Pla i Rev\u00e9s presenta el cartel de \u201cTanqueu a l\u2019eixir\u201d - Altea Cultural","robots":{"index":"index","follow":"follow","max-snippet":"max-snippet:-1","max-image-preview":"max-image-preview:large","max-video-preview":"max-video-preview:-1"},"canonical":"https:\/\/www.alteacultural.com\/es\/2025\/03\/25\/pla-i-reves-presenta-el-cartell-de-tanqueu-a-leixir\/","og_locale":"es_ES","og_type":"article","og_title":"Pla i Rev\u00e9s presenta el cartel de \u201cTanqueu a l\u2019eixir\u201d - Altea Cultural","og_description":"El grupo de teatro local Pla i Rev\u00e9s ha presentado el cartel de su nueva comedia \u201cTanqueu a l\u2019eixir\u201d. [&hellip;]","og_url":"https:\/\/www.alteacultural.com\/es\/2025\/03\/25\/pla-i-reves-presenta-el-cartell-de-tanqueu-a-leixir\/","og_site_name":"Altea Cultural","article_published_time":"2025-03-25T14:12:24+00:00","article_modified_time":"2025-03-25T14:14:08+00:00","og_image":[{"width":800,"height":1132,"url":"https:\/\/www.alteacultural.com\/wp-content\/uploads\/2025\/03\/cartell-representacio-Pla-i-Reves-web.jpg","type":"image\/jpeg"}],"author":"sfaltea.com-admin","twitter_card":"summary_large_image","twitter_misc":{"Escrito por":"sfaltea.com-admin","Tiempo de lectura":"2 minutos"},"schema":{"@context":"https:\/\/schema.org","@graph":[{"@type":"WebPage","@id":"https:\/\/www.alteacultural.com\/es\/2025\/03\/25\/pla-i-reves-presenta-el-cartell-de-tanqueu-a-leixir\/","url":"https:\/\/www.alteacultural.com\/es\/2025\/03\/25\/pla-i-reves-presenta-el-cartell-de-tanqueu-a-leixir\/","name":"Pla i Rev\u00e9s presenta el cartel de \u201cTanqueu a l\u2019eixir\u201d - Altea Cultural","isPartOf":{"@id":"https:\/\/www.alteacultural.com\/es\/#website"},"primaryImageOfPage":{"@id":"https:\/\/www.alteacultural.com\/es\/2025\/03\/25\/pla-i-reves-presenta-el-cartell-de-tanqueu-a-leixir\/#primaryimage"},"image":{"@id":"https:\/\/www.alteacultural.com\/es\/2025\/03\/25\/pla-i-reves-presenta-el-cartell-de-tanqueu-a-leixir\/#primaryimage"},"thumbnailUrl":"https:\/\/www.alteacultural.com\/wp-content\/uploads\/2025\/03\/cartell-representacio-Pla-i-Reves-web.jpg","datePublished":"2025-03-25T14:12:24+00:00","dateModified":"2025-03-25T14:14:08+00:00","author":{"@id":"https:\/\/www.alteacultural.com\/es\/#\/schema\/person\/c4e137537f1af546d214a315255e5172"},"breadcrumb":{"@id":"https:\/\/www.alteacultural.com\/es\/2025\/03\/25\/pla-i-reves-presenta-el-cartell-de-tanqueu-a-leixir\/#breadcrumb"},"inLanguage":"es","potentialAction":[{"@type":"ReadAction","target":["https:\/\/www.alteacultural.com\/es\/2025\/03\/25\/pla-i-reves-presenta-el-cartell-de-tanqueu-a-leixir\/"]}]},{"@type":"ImageObject","inLanguage":"es","@id":"https:\/\/www.alteacultural.com\/es\/2025\/03\/25\/pla-i-reves-presenta-el-cartell-de-tanqueu-a-leixir\/#primaryimage","url":"https:\/\/www.alteacultural.com\/wp-content\/uploads\/2025\/03\/cartell-representacio-Pla-i-Reves-web.jpg","contentUrl":"https:\/\/www.alteacultural.com\/wp-content\/uploads\/2025\/03\/cartell-representacio-Pla-i-Reves-web.jpg","width":800,"height":1132},{"@type":"BreadcrumbList","@id":"https:\/\/www.alteacultural.com\/es\/2025\/03\/25\/pla-i-reves-presenta-el-cartell-de-tanqueu-a-leixir\/#breadcrumb","itemListElement":[{"@type":"ListItem","position":1,"name":"Inici","item":"https:\/\/www.alteacultural.com\/es\/"},{"@type":"ListItem","position":2,"name":"Pla i Rev\u00e9s presenta el cartel de \u201cTanqueu a l\u2019eixir\u201d"}]},{"@type":"WebSite","@id":"https:\/\/www.alteacultural.com\/es\/#website","url":"https:\/\/www.alteacultural.com\/es\/","name":"Altea Cultural","description":"Regidoria de Cultura de l&#039;Ajuntament d&#039;Altea","potentialAction":[{"@type":"SearchAction","target":{"@type":"EntryPoint","urlTemplate":"https:\/\/www.alteacultural.com\/es\/?s={search_term_string}"},"query-input":"required name=search_term_string"}],"inLanguage":"es"},{"@type":"Person","@id":"https:\/\/www.alteacultural.com\/es\/#\/schema\/person\/c4e137537f1af546d214a315255e5172","name":"sfaltea.com-admin","image":{"@type":"ImageObject","inLanguage":"es","@id":"https:\/\/www.alteacultural.com\/es\/#\/schema\/person\/image\/","url":"https:\/\/secure.gravatar.com\/avatar\/f7473fa2fbd351270ccfd469de536202?s=96&d=mm&r=g","contentUrl":"https:\/\/secure.gravatar.com\/avatar\/f7473fa2fbd351270ccfd469de536202?s=96&d=mm&r=g","caption":"sfaltea.com-admin"},"url":"https:\/\/www.alteacultural.com\/es\/author\/sfaltea-com-admin\/"}]}},"_links":{"self":[{"href":"https:\/\/www.alteacultural.com\/es\/wp-json\/wp\/v2\/posts\/35324"}],"collection":[{"href":"https:\/\/www.alteacultural.com\/es\/wp-json\/wp\/v2\/posts"}],"about":[{"href":"https:\/\/www.alteacultural.com\/es\/wp-json\/wp\/v2\/types\/post"}],"author":[{"embeddable":true,"href":"https:\/\/www.alteacultural.com\/es\/wp-json\/wp\/v2\/users\/1"}],"replies":[{"embeddable":true,"href":"https:\/\/www.alteacultural.com\/es\/wp-json\/wp\/v2\/comments?post=35324"}],"version-history":[{"count":1,"href":"https:\/\/www.alteacultural.com\/es\/wp-json\/wp\/v2\/posts\/35324\/revisions"}],"predecessor-version":[{"id":35326,"href":"https:\/\/www.alteacultural.com\/es\/wp-json\/wp\/v2\/posts\/35324\/revisions\/35326"}],"wp:featuredmedia":[{"embeddable":true,"href":"https:\/\/www.alteacultural.com\/es\/wp-json\/wp\/v2\/media\/35317"}],"wp:attachment":[{"href":"https:\/\/www.alteacultural.com\/es\/wp-json\/wp\/v2\/media?parent=35324"}],"curies":[{"name":"wp","href":"https:\/\/api.w.org\/{rel}","templated":true}]}}