{"id":35332,"date":"2025-03-25T15:19:01","date_gmt":"2025-03-25T14:19:01","guid":{"rendered":"https:\/\/www.alteacultural.com\/2025\/03\/25\/cultura-i-normalitzacio-linguistica-impulsen-la-publicacio-del-poemari-per-si-un-dia-ens-trobem-de-carmelina-sanchez-cutillas\/"},"modified":"2025-03-25T15:20:34","modified_gmt":"2025-03-25T14:20:34","slug":"cultura-i-normalitzacio-linguistica-impulsen-la-publicacio-del-poemari-per-si-un-dia-ens-trobem-de-carmelina-sanchez-cutillas","status":"publish","type":"post","link":"https:\/\/www.alteacultural.com\/es\/2025\/03\/25\/cultura-i-normalitzacio-linguistica-impulsen-la-publicacio-del-poemari-per-si-un-dia-ens-trobem-de-carmelina-sanchez-cutillas\/","title":{"rendered":"Cultura y Normalizaci\u00f3n Ling\u00fc\u00edstica impulsan la publicaci\u00f3n del poemario \u201cPer si un dia ens trobem\u201d de Carmelina S\u00e1nchez-Cutillas"},"content":{"rendered":"\n<figure class=\"wp-block-image size-full\"><img fetchpriority=\"high\" decoding=\"async\" width=\"1028\" height=\"481\" src=\"https:\/\/www.alteacultural.com\/wp-content\/uploads\/2025\/03\/presentacio-poemari-Carmelina-web.jpg\" alt=\"\" class=\"wp-image-35329\" srcset=\"https:\/\/www.alteacultural.com\/wp-content\/uploads\/2025\/03\/presentacio-poemari-Carmelina-web.jpg 1028w, https:\/\/www.alteacultural.com\/wp-content\/uploads\/2025\/03\/presentacio-poemari-Carmelina-web-768x359.jpg 768w\" sizes=\"(max-width: 1028px) 100vw, 1028px\" \/><\/figure>\n\n\n\n<p><\/p>\n\n\n\n<p><strong>La presentaci\u00f3n del libro ten\u00eda lugar el pasado viernes en la Casa Gadea, centro de estudios sobre la escritora alteana.<\/strong><\/p>\n\n\n\n<p>El pasado viernes por la tarde, en el \u201cCentre d\u2019Interpretaci\u00f3 Carmelina S\u00e1nchez-Cutillas\u201d ten\u00eda lugar la presentaci\u00f3n de \u201cPer si un dia ens trobem\u201d. Una antolog\u00eda de la poes\u00eda de la escritora alteana, ilustrada por Gemma Capdevila y publicada por la editorial Andana a iniciativa de las concejal\u00edas de Cultura y Normalizaci\u00f3n Ling\u00fc\u00edstica del Ayuntamiento de Altea.<\/p>\n\n\n\n<p>\u201cPer si un dia ens trobem\u201d es una obra compuesta por una selecci\u00f3n de poemas de Carmelina S\u00e1nchez Cutillas que introduce al lector en la creaci\u00f3n po\u00e9tica a partir de la cotidianidad, de una obra comprometida y con una voz que no pide nada m\u00e1s que ser escuchada.<\/p>\n\n\n\n<p>En la presentaci\u00f3n participaban las ediles de Normalizaci\u00f3n Ling\u00fc\u00edstica, Xelo Gonz\u00e1lez, de Cultura, Pepa Victoria P\u00e9rez, garantes de la publicaci\u00f3n de esta obra; las responsables del espacio Carmelina, Paqui Cano, autora del pr\u00f3logo de la antolog\u00eda y Reme Gadea responsable de la parte did\u00e1ctica del libro. Asimismo, no quiso perderse la iniciativa el hijo de la escritora Luis del Romero.<\/p>\n\n\n\n<p>Este acto, que coincid\u00eda con la celebraci\u00f3n del D\u00eda Internacional de la Poes\u00eda, contaba tambi\u00e9n con un recital de poes\u00eda, protagonizado por alteanos y alteanas.<\/p>\n\n\n\n<p>Para los que deseen conocer esta antolog\u00eda po\u00e9tic de Carmelina S\u00e1nchez-Cutillas, \u201cPer si un dia ens trobem\u201d puede ser adquirida en las librer\u00edas de Altea y la de Altea la Vella.<\/p>\n\n\n\n<p>| ALTEADIGITAL.ES<\/p>\n","protected":false},"excerpt":{"rendered":"<p>La presentaci\u00f3n del libro ten\u00eda lugar el pasado viernes en la Casa Gadea, centro de estudios sobre la escritora [&hellip;]<\/p>\n","protected":false},"author":1,"featured_media":35330,"comment_status":"open","ping_status":"open","sticky":false,"template":"","format":"standard","meta":{"_expiration-date-status":"","_expiration-date":0,"_expiration-date-type":"","_expiration-date-categories":[],"_expiration-date-options":[],"footnotes":""},"yoast_head":"<!-- This site is optimized with the Yoast SEO plugin v22.8 - https:\/\/yoast.com\/wordpress\/plugins\/seo\/ -->\n<title>Cultura y Normalizaci\u00f3n Ling\u00fc\u00edstica impulsan la publicaci\u00f3n del poemario \u201cPer si un dia ens trobem\u201d de Carmelina S\u00e1nchez-Cutillas - Altea Cultural<\/title>\n<meta name=\"robots\" content=\"index, follow, max-snippet:-1, max-image-preview:large, max-video-preview:-1\" \/>\n<link rel=\"canonical\" href=\"https:\/\/www.alteacultural.com\/es\/2025\/03\/25\/cultura-i-normalitzacio-linguistica-impulsen-la-publicacio-del-poemari-per-si-un-dia-ens-trobem-de-carmelina-sanchez-cutillas\/\" \/>\n<meta property=\"og:locale\" content=\"es_ES\" \/>\n<meta property=\"og:type\" content=\"article\" \/>\n<meta property=\"og:title\" content=\"Cultura y Normalizaci\u00f3n Ling\u00fc\u00edstica impulsan la publicaci\u00f3n del poemario \u201cPer si un dia ens trobem\u201d de Carmelina S\u00e1nchez-Cutillas - Altea Cultural\" \/>\n<meta property=\"og:description\" content=\"La presentaci\u00f3n del libro ten\u00eda lugar el pasado viernes en la Casa Gadea, centro de estudios sobre la escritora [&hellip;]\" \/>\n<meta property=\"og:url\" content=\"https:\/\/www.alteacultural.com\/es\/2025\/03\/25\/cultura-i-normalitzacio-linguistica-impulsen-la-publicacio-del-poemari-per-si-un-dia-ens-trobem-de-carmelina-sanchez-cutillas\/\" \/>\n<meta property=\"og:site_name\" content=\"Altea Cultural\" \/>\n<meta property=\"article:published_time\" content=\"2025-03-25T14:19:01+00:00\" \/>\n<meta property=\"article:modified_time\" content=\"2025-03-25T14:20:34+00:00\" \/>\n<meta property=\"og:image\" content=\"https:\/\/www.alteacultural.com\/wp-content\/uploads\/2025\/03\/presentacio-poemari-Carmelina-web.jpg\" \/>\n\t<meta property=\"og:image:width\" content=\"1028\" \/>\n\t<meta property=\"og:image:height\" content=\"481\" \/>\n\t<meta property=\"og:image:type\" content=\"image\/jpeg\" \/>\n<meta name=\"author\" content=\"sfaltea.com-admin\" \/>\n<meta name=\"twitter:card\" content=\"summary_large_image\" \/>\n<meta name=\"twitter:label1\" content=\"Escrito por\" \/>\n\t<meta name=\"twitter:data1\" content=\"sfaltea.com-admin\" \/>\n\t<meta name=\"twitter:label2\" content=\"Tiempo de lectura\" \/>\n\t<meta name=\"twitter:data2\" content=\"2 minutos\" \/>\n<script type=\"application\/ld+json\" class=\"yoast-schema-graph\">{\"@context\":\"https:\/\/schema.org\",\"@graph\":[{\"@type\":\"WebPage\",\"@id\":\"https:\/\/www.alteacultural.com\/es\/2025\/03\/25\/cultura-i-normalitzacio-linguistica-impulsen-la-publicacio-del-poemari-per-si-un-dia-ens-trobem-de-carmelina-sanchez-cutillas\/\",\"url\":\"https:\/\/www.alteacultural.com\/es\/2025\/03\/25\/cultura-i-normalitzacio-linguistica-impulsen-la-publicacio-del-poemari-per-si-un-dia-ens-trobem-de-carmelina-sanchez-cutillas\/\",\"name\":\"Cultura y Normalizaci\u00f3n Ling\u00fc\u00edstica impulsan la publicaci\u00f3n del poemario \u201cPer si un dia ens trobem\u201d de Carmelina S\u00e1nchez-Cutillas - Altea Cultural\",\"isPartOf\":{\"@id\":\"https:\/\/www.alteacultural.com\/es\/#website\"},\"primaryImageOfPage\":{\"@id\":\"https:\/\/www.alteacultural.com\/es\/2025\/03\/25\/cultura-i-normalitzacio-linguistica-impulsen-la-publicacio-del-poemari-per-si-un-dia-ens-trobem-de-carmelina-sanchez-cutillas\/#primaryimage\"},\"image\":{\"@id\":\"https:\/\/www.alteacultural.com\/es\/2025\/03\/25\/cultura-i-normalitzacio-linguistica-impulsen-la-publicacio-del-poemari-per-si-un-dia-ens-trobem-de-carmelina-sanchez-cutillas\/#primaryimage\"},\"thumbnailUrl\":\"https:\/\/www.alteacultural.com\/wp-content\/uploads\/2025\/03\/presentacio-poemari-Carmelina-web.jpg\",\"datePublished\":\"2025-03-25T14:19:01+00:00\",\"dateModified\":\"2025-03-25T14:20:34+00:00\",\"author\":{\"@id\":\"https:\/\/www.alteacultural.com\/es\/#\/schema\/person\/c4e137537f1af546d214a315255e5172\"},\"breadcrumb\":{\"@id\":\"https:\/\/www.alteacultural.com\/es\/2025\/03\/25\/cultura-i-normalitzacio-linguistica-impulsen-la-publicacio-del-poemari-per-si-un-dia-ens-trobem-de-carmelina-sanchez-cutillas\/#breadcrumb\"},\"inLanguage\":\"es\",\"potentialAction\":[{\"@type\":\"ReadAction\",\"target\":[\"https:\/\/www.alteacultural.com\/es\/2025\/03\/25\/cultura-i-normalitzacio-linguistica-impulsen-la-publicacio-del-poemari-per-si-un-dia-ens-trobem-de-carmelina-sanchez-cutillas\/\"]}]},{\"@type\":\"ImageObject\",\"inLanguage\":\"es\",\"@id\":\"https:\/\/www.alteacultural.com\/es\/2025\/03\/25\/cultura-i-normalitzacio-linguistica-impulsen-la-publicacio-del-poemari-per-si-un-dia-ens-trobem-de-carmelina-sanchez-cutillas\/#primaryimage\",\"url\":\"https:\/\/www.alteacultural.com\/wp-content\/uploads\/2025\/03\/presentacio-poemari-Carmelina-web.jpg\",\"contentUrl\":\"https:\/\/www.alteacultural.com\/wp-content\/uploads\/2025\/03\/presentacio-poemari-Carmelina-web.jpg\",\"width\":1028,\"height\":481},{\"@type\":\"BreadcrumbList\",\"@id\":\"https:\/\/www.alteacultural.com\/es\/2025\/03\/25\/cultura-i-normalitzacio-linguistica-impulsen-la-publicacio-del-poemari-per-si-un-dia-ens-trobem-de-carmelina-sanchez-cutillas\/#breadcrumb\",\"itemListElement\":[{\"@type\":\"ListItem\",\"position\":1,\"name\":\"Inici\",\"item\":\"https:\/\/www.alteacultural.com\/es\/\"},{\"@type\":\"ListItem\",\"position\":2,\"name\":\"Cultura y Normalizaci\u00f3n Ling\u00fc\u00edstica impulsan la publicaci\u00f3n del poemario \u201cPer si un dia ens trobem\u201d de Carmelina S\u00e1nchez-Cutillas\"}]},{\"@type\":\"WebSite\",\"@id\":\"https:\/\/www.alteacultural.com\/es\/#website\",\"url\":\"https:\/\/www.alteacultural.com\/es\/\",\"name\":\"Altea Cultural\",\"description\":\"Regidoria de Cultura de l&#039;Ajuntament d&#039;Altea\",\"potentialAction\":[{\"@type\":\"SearchAction\",\"target\":{\"@type\":\"EntryPoint\",\"urlTemplate\":\"https:\/\/www.alteacultural.com\/es\/?s={search_term_string}\"},\"query-input\":\"required name=search_term_string\"}],\"inLanguage\":\"es\"},{\"@type\":\"Person\",\"@id\":\"https:\/\/www.alteacultural.com\/es\/#\/schema\/person\/c4e137537f1af546d214a315255e5172\",\"name\":\"sfaltea.com-admin\",\"image\":{\"@type\":\"ImageObject\",\"inLanguage\":\"es\",\"@id\":\"https:\/\/www.alteacultural.com\/es\/#\/schema\/person\/image\/\",\"url\":\"https:\/\/secure.gravatar.com\/avatar\/f7473fa2fbd351270ccfd469de536202?s=96&d=mm&r=g\",\"contentUrl\":\"https:\/\/secure.gravatar.com\/avatar\/f7473fa2fbd351270ccfd469de536202?s=96&d=mm&r=g\",\"caption\":\"sfaltea.com-admin\"},\"url\":\"https:\/\/www.alteacultural.com\/es\/author\/sfaltea-com-admin\/\"}]}<\/script>\n<!-- \/ Yoast SEO plugin. -->","yoast_head_json":{"title":"Cultura y Normalizaci\u00f3n Ling\u00fc\u00edstica impulsan la publicaci\u00f3n del poemario \u201cPer si un dia ens trobem\u201d de Carmelina S\u00e1nchez-Cutillas - Altea Cultural","robots":{"index":"index","follow":"follow","max-snippet":"max-snippet:-1","max-image-preview":"max-image-preview:large","max-video-preview":"max-video-preview:-1"},"canonical":"https:\/\/www.alteacultural.com\/es\/2025\/03\/25\/cultura-i-normalitzacio-linguistica-impulsen-la-publicacio-del-poemari-per-si-un-dia-ens-trobem-de-carmelina-sanchez-cutillas\/","og_locale":"es_ES","og_type":"article","og_title":"Cultura y Normalizaci\u00f3n Ling\u00fc\u00edstica impulsan la publicaci\u00f3n del poemario \u201cPer si un dia ens trobem\u201d de Carmelina S\u00e1nchez-Cutillas - Altea Cultural","og_description":"La presentaci\u00f3n del libro ten\u00eda lugar el pasado viernes en la Casa Gadea, centro de estudios sobre la escritora [&hellip;]","og_url":"https:\/\/www.alteacultural.com\/es\/2025\/03\/25\/cultura-i-normalitzacio-linguistica-impulsen-la-publicacio-del-poemari-per-si-un-dia-ens-trobem-de-carmelina-sanchez-cutillas\/","og_site_name":"Altea Cultural","article_published_time":"2025-03-25T14:19:01+00:00","article_modified_time":"2025-03-25T14:20:34+00:00","og_image":[{"width":1028,"height":481,"url":"https:\/\/www.alteacultural.com\/wp-content\/uploads\/2025\/03\/presentacio-poemari-Carmelina-web.jpg","type":"image\/jpeg"}],"author":"sfaltea.com-admin","twitter_card":"summary_large_image","twitter_misc":{"Escrito por":"sfaltea.com-admin","Tiempo de lectura":"2 minutos"},"schema":{"@context":"https:\/\/schema.org","@graph":[{"@type":"WebPage","@id":"https:\/\/www.alteacultural.com\/es\/2025\/03\/25\/cultura-i-normalitzacio-linguistica-impulsen-la-publicacio-del-poemari-per-si-un-dia-ens-trobem-de-carmelina-sanchez-cutillas\/","url":"https:\/\/www.alteacultural.com\/es\/2025\/03\/25\/cultura-i-normalitzacio-linguistica-impulsen-la-publicacio-del-poemari-per-si-un-dia-ens-trobem-de-carmelina-sanchez-cutillas\/","name":"Cultura y Normalizaci\u00f3n Ling\u00fc\u00edstica impulsan la publicaci\u00f3n del poemario \u201cPer si un dia ens trobem\u201d de Carmelina S\u00e1nchez-Cutillas - Altea Cultural","isPartOf":{"@id":"https:\/\/www.alteacultural.com\/es\/#website"},"primaryImageOfPage":{"@id":"https:\/\/www.alteacultural.com\/es\/2025\/03\/25\/cultura-i-normalitzacio-linguistica-impulsen-la-publicacio-del-poemari-per-si-un-dia-ens-trobem-de-carmelina-sanchez-cutillas\/#primaryimage"},"image":{"@id":"https:\/\/www.alteacultural.com\/es\/2025\/03\/25\/cultura-i-normalitzacio-linguistica-impulsen-la-publicacio-del-poemari-per-si-un-dia-ens-trobem-de-carmelina-sanchez-cutillas\/#primaryimage"},"thumbnailUrl":"https:\/\/www.alteacultural.com\/wp-content\/uploads\/2025\/03\/presentacio-poemari-Carmelina-web.jpg","datePublished":"2025-03-25T14:19:01+00:00","dateModified":"2025-03-25T14:20:34+00:00","author":{"@id":"https:\/\/www.alteacultural.com\/es\/#\/schema\/person\/c4e137537f1af546d214a315255e5172"},"breadcrumb":{"@id":"https:\/\/www.alteacultural.com\/es\/2025\/03\/25\/cultura-i-normalitzacio-linguistica-impulsen-la-publicacio-del-poemari-per-si-un-dia-ens-trobem-de-carmelina-sanchez-cutillas\/#breadcrumb"},"inLanguage":"es","potentialAction":[{"@type":"ReadAction","target":["https:\/\/www.alteacultural.com\/es\/2025\/03\/25\/cultura-i-normalitzacio-linguistica-impulsen-la-publicacio-del-poemari-per-si-un-dia-ens-trobem-de-carmelina-sanchez-cutillas\/"]}]},{"@type":"ImageObject","inLanguage":"es","@id":"https:\/\/www.alteacultural.com\/es\/2025\/03\/25\/cultura-i-normalitzacio-linguistica-impulsen-la-publicacio-del-poemari-per-si-un-dia-ens-trobem-de-carmelina-sanchez-cutillas\/#primaryimage","url":"https:\/\/www.alteacultural.com\/wp-content\/uploads\/2025\/03\/presentacio-poemari-Carmelina-web.jpg","contentUrl":"https:\/\/www.alteacultural.com\/wp-content\/uploads\/2025\/03\/presentacio-poemari-Carmelina-web.jpg","width":1028,"height":481},{"@type":"BreadcrumbList","@id":"https:\/\/www.alteacultural.com\/es\/2025\/03\/25\/cultura-i-normalitzacio-linguistica-impulsen-la-publicacio-del-poemari-per-si-un-dia-ens-trobem-de-carmelina-sanchez-cutillas\/#breadcrumb","itemListElement":[{"@type":"ListItem","position":1,"name":"Inici","item":"https:\/\/www.alteacultural.com\/es\/"},{"@type":"ListItem","position":2,"name":"Cultura y Normalizaci\u00f3n Ling\u00fc\u00edstica impulsan la publicaci\u00f3n del poemario \u201cPer si un dia ens trobem\u201d de Carmelina S\u00e1nchez-Cutillas"}]},{"@type":"WebSite","@id":"https:\/\/www.alteacultural.com\/es\/#website","url":"https:\/\/www.alteacultural.com\/es\/","name":"Altea Cultural","description":"Regidoria de Cultura de l&#039;Ajuntament d&#039;Altea","potentialAction":[{"@type":"SearchAction","target":{"@type":"EntryPoint","urlTemplate":"https:\/\/www.alteacultural.com\/es\/?s={search_term_string}"},"query-input":"required name=search_term_string"}],"inLanguage":"es"},{"@type":"Person","@id":"https:\/\/www.alteacultural.com\/es\/#\/schema\/person\/c4e137537f1af546d214a315255e5172","name":"sfaltea.com-admin","image":{"@type":"ImageObject","inLanguage":"es","@id":"https:\/\/www.alteacultural.com\/es\/#\/schema\/person\/image\/","url":"https:\/\/secure.gravatar.com\/avatar\/f7473fa2fbd351270ccfd469de536202?s=96&d=mm&r=g","contentUrl":"https:\/\/secure.gravatar.com\/avatar\/f7473fa2fbd351270ccfd469de536202?s=96&d=mm&r=g","caption":"sfaltea.com-admin"},"url":"https:\/\/www.alteacultural.com\/es\/author\/sfaltea-com-admin\/"}]}},"_links":{"self":[{"href":"https:\/\/www.alteacultural.com\/es\/wp-json\/wp\/v2\/posts\/35332"}],"collection":[{"href":"https:\/\/www.alteacultural.com\/es\/wp-json\/wp\/v2\/posts"}],"about":[{"href":"https:\/\/www.alteacultural.com\/es\/wp-json\/wp\/v2\/types\/post"}],"author":[{"embeddable":true,"href":"https:\/\/www.alteacultural.com\/es\/wp-json\/wp\/v2\/users\/1"}],"replies":[{"embeddable":true,"href":"https:\/\/www.alteacultural.com\/es\/wp-json\/wp\/v2\/comments?post=35332"}],"version-history":[{"count":1,"href":"https:\/\/www.alteacultural.com\/es\/wp-json\/wp\/v2\/posts\/35332\/revisions"}],"predecessor-version":[{"id":35334,"href":"https:\/\/www.alteacultural.com\/es\/wp-json\/wp\/v2\/posts\/35332\/revisions\/35334"}],"wp:featuredmedia":[{"embeddable":true,"href":"https:\/\/www.alteacultural.com\/es\/wp-json\/wp\/v2\/media\/35330"}],"wp:attachment":[{"href":"https:\/\/www.alteacultural.com\/es\/wp-json\/wp\/v2\/media?parent=35332"}],"curies":[{"name":"wp","href":"https:\/\/api.w.org\/{rel}","templated":true}]}}