{"id":35337,"date":"2025-03-25T15:27:37","date_gmt":"2025-03-25T14:27:37","guid":{"rendered":"https:\/\/www.alteacultural.com\/2025\/03\/25\/els-premis-altea-tornen-a-erigir-se-com-a-referent-de-les-lletres-valencianes-contemporanies\/"},"modified":"2025-04-08T23:14:36","modified_gmt":"2025-04-08T21:14:36","slug":"els-premis-altea-tornen-a-erigir-se-com-a-referent-de-les-lletres-valencianes-contemporanies","status":"publish","type":"post","link":"https:\/\/www.alteacultural.com\/es\/2025\/03\/25\/els-premis-altea-tornen-a-erigir-se-com-a-referent-de-les-lletres-valencianes-contemporanies\/","title":{"rendered":"Los Premis Altea vuelven a erigirse como referente de las letras valencianas contempor\u00e1neas"},"content":{"rendered":"\n<figure class=\"wp-block-image size-full\"><img fetchpriority=\"high\" decoding=\"async\" width=\"1777\" height=\"2504\" src=\"https:\/\/www.alteacultural.com\/wp-content\/uploads\/2025\/03\/premis_altea_2025_cartell_gala-01.jpg\" alt=\"\" class=\"wp-image-35210\" srcset=\"https:\/\/www.alteacultural.com\/wp-content\/uploads\/2025\/03\/premis_altea_2025_cartell_gala-01.jpg 1777w, https:\/\/www.alteacultural.com\/wp-content\/uploads\/2025\/03\/premis_altea_2025_cartell_gala-01-768x1082.jpg 768w, https:\/\/www.alteacultural.com\/wp-content\/uploads\/2025\/03\/premis_altea_2025_cartell_gala-01-1090x1536.jpg 1090w, https:\/\/www.alteacultural.com\/wp-content\/uploads\/2025\/03\/premis_altea_2025_cartell_gala-01-1453x2048.jpg 1453w\" sizes=\"(max-width: 1777px) 100vw, 1777px\" \/><\/figure>\n\n\n\n<p><\/p>\n\n\n\n<p><strong>La memoria de la profesora Antonia Consuelo Orozco ser\u00e1 reconocida con la concesi\u00f3n del Premio Estela de Honor en la gala del 12 de abril.<\/strong><\/p>\n\n\n\n<p>Los \u201cPremis Altea de Literatura iInvestigaci\u00f3\u201d calientan motores. El municipio se prepara para celebrar, el pr\u00f3ximo s\u00e1bado 12 de abril \u2014como siempre, la v\u00edspera del Domingo de Ramos\u2014, la tradicional cena de gala en la que se dar\u00e1n a conocer las autoras y los autores galardonados en las diferentes secciones objeto de concurso.<\/p>\n\n\n\n<p>Con 128 originales participantes, 9 en el \u201cPremi d\u2019Assaig i Investigaci\u00f3 Francesc Mart\u00ednez i Mart\u00ednez\u201d; 34 en el \u201cPremi Altea de Literatura Infantil i Juvenil\u201d y 85 en el \u201cPremi Carmelina S\u00e1nchez-Cutillas de Novel\u00b7la i Prosa Creativa\u201d, el certamen literario alteano vuelve a erigirse como uno de los m\u00e1s concurridos de las letras valencianas contempor\u00e1neas. De hecho, el \u201cPremi Carmelina S\u00e1nchez-Cutillas\u201d, con 85 obras presentadas, se consolida como el de mayor participaci\u00f3n, con diferencia, entre todos los premios de novela convocados en el seno del circuito editorial valenciano.<\/p>\n\n\n\n<p><strong>Antonia Consuelo Orozco, \u201cPremi Estela d\u2019Honor\u201d<\/strong><\/p>\n\n\n\n<p>El \u00fanico premio en el que no habr\u00e1 intrigas durante la gala del s\u00e1bado 12 de abril es el \u201cPremi Estela de Honor\u201d, porque la organizaci\u00f3n de los Premios Altea acaba de hacer p\u00fablico que, en la edici\u00f3n de 2025, el reconocimiento honor\u00edfico del \u201cPremi Estela d\u2019Honor\u201d recaer\u00e1 en la figura y la memoria de la profesora alteana Antonia Consuelo Orozco; una aut\u00e9ntica pionera del conocimiento en el \u00e1mbito de las ciencias qu\u00edmicas. La se\u00f1ora Antonia Consuelo Orozco, do\u00f1a Antonia, fue una de las primeras mujeres en licenciarse en Ciencias -Secci\u00f3n Qu\u00edmicas- por la Universidad de Valencia, en 1926. Y durante muchos a\u00f1os ejerci\u00f3 como profesora de ciencias y directora del Colegio Libre Adoptado \u2013CLA- de Altea, donde propici\u00f3 que toda una generaci\u00f3n de alteanas y alteanos adquiriese la formaci\u00f3n necesaria para encarar con el \u00e9xito la transici\u00f3n desde una sociedad preindustrial hasta la actual sociedad del conocimiento.<\/p>\n\n\n\n<p>El premio honor\u00edfico de los \u201cPremis Altea\u201d, el \u201cPremi Estela d\u2019Honor\u201d, fue concebido en su d\u00eda, precisamente, para reconocer y honrar la memoria de alteanas y alteanos que, ya desaparecidos, han destacado y sobresalido vital y profesionalmente en el \u00e1mbito de la literatura, del arte, de la creatividad o del conocimiento. Consiste en una reproducci\u00f3n a escala de la estela funeraria ib\u00e9rica de Altea la Vella, en la que converge un triple simbolismo: el de la historia y el patrimonio cultural alteanos, el de la facultad dignificadora de la memoria humana, y el del valor y reconocimiento del honor p\u00f3stumo.<\/p>\n\n\n\n<p><strong>Clara Castell\u00f3 y la Orquestra Blava<\/strong><\/p>\n\n\n\n<p>Como es tradicional, la m\u00fasica de la gala de los \u201cPremis Altea de Literatura iInvestigaci\u00f3\u201d correr\u00e1 a cargo de la Orquestra Blava, que en esta ocasi\u00f3n compartir\u00e1 escenario con la popular periodista valenciana Clara Castell\u00f3. Y es que, tal y como acaba de avanzar la organizaci\u00f3n de los \u201cPremis\u201d, la popular presentadora de \u201cLes not\u00edcies del mat\u00ed\u201d de la cadena televisiva auton\u00f3mica \u00c0 Punt ser\u00e1 la encargada de conducir, en la edici\u00f3n de este a\u00f1o, la ceremonia en la que se dar\u00e1n a conocer los ganadores de los \u201cPremis Altea 2025\u201d.<\/p>\n\n\n\n<p>Cabe recordar que los \u201cPremis Altea de Literatura i Investigaci\u00f3\u201d, convocados por el Ayuntamiento de Altea, son posibles gracias a la colaboraci\u00f3n entre este Ayuntamiento y la Fundaci\u00f3 Caixaltea, entidad patrocinadora del \u201cPremi Carmelina\u201d; la Acad\u00e8mia Valenciana de la Llengua, AilaEdicions, el Instituto Alicantino de Cultura Juan Gil-Albert de la Diputaci\u00f3n de Alicante, la C\u00e0tedra Enric Valor de la Universidad de Alicante y la Generalitat Valenciana.<\/p>\n\n\n\n<p>Desde esta semana resulta posible adquirir entradas para asistir a la gala-cena de los \u201cIX Premis Altea de Literatura iInvestigaci\u00f3\u201d \u2014hasta el 7 de abril, o hasta que se agoten\u2014 en el web <a href=\"https:\/\/www.alteacultural.com\/events\/gran-gala-sopar-dels-premis-altea-2025.\">https:\/\/www.alteacultural.com\/events\/gran-gala-sopar-dels-premis-altea-2025.<\/a><\/p>\n\n\n\n<p>| ALTEADIGITAL.ES<\/p>\n","protected":false},"excerpt":{"rendered":"<p>La memoria de la profesora Antonia Consuelo Orozco ser\u00e1 reconocida con la concesi\u00f3n del Premio Estela de Honor en [&hellip;]<\/p>\n","protected":false},"author":1,"featured_media":35215,"comment_status":"open","ping_status":"open","sticky":false,"template":"","format":"standard","meta":{"_expiration-date-status":"","_expiration-date":1744146845,"_expiration-date-type":"draft","_expiration-date-categories":[],"_expiration-date-options":[],"footnotes":""},"yoast_head":"<!-- This site is optimized with the Yoast SEO plugin v22.8 - https:\/\/yoast.com\/wordpress\/plugins\/seo\/ -->\n<title>Los Premis Altea vuelven a erigirse como referente de las letras valencianas contempor\u00e1neas - Altea Cultural<\/title>\n<meta name=\"robots\" content=\"index, follow, max-snippet:-1, max-image-preview:large, max-video-preview:-1\" \/>\n<link rel=\"canonical\" href=\"https:\/\/www.alteacultural.com\/es\/2025\/03\/25\/els-premis-altea-tornen-a-erigir-se-com-a-referent-de-les-lletres-valencianes-contemporanies\/\" \/>\n<meta property=\"og:locale\" content=\"es_ES\" \/>\n<meta property=\"og:type\" content=\"article\" \/>\n<meta property=\"og:title\" content=\"Los Premis Altea vuelven a erigirse como referente de las letras valencianas contempor\u00e1neas - Altea Cultural\" \/>\n<meta property=\"og:description\" content=\"La memoria de la profesora Antonia Consuelo Orozco ser\u00e1 reconocida con la concesi\u00f3n del Premio Estela de Honor en [&hellip;]\" \/>\n<meta property=\"og:url\" content=\"https:\/\/www.alteacultural.com\/es\/2025\/03\/25\/els-premis-altea-tornen-a-erigir-se-com-a-referent-de-les-lletres-valencianes-contemporanies\/\" \/>\n<meta property=\"og:site_name\" content=\"Altea Cultural\" \/>\n<meta property=\"article:published_time\" content=\"2025-03-25T14:27:37+00:00\" \/>\n<meta property=\"article:modified_time\" content=\"2025-04-08T21:14:36+00:00\" \/>\n<meta property=\"og:image\" content=\"https:\/\/www.alteacultural.com\/wp-content\/uploads\/2025\/03\/premis_altea_2025_gala_bannerLateral-01.jpg\" \/>\n\t<meta property=\"og:image:width\" content=\"687\" \/>\n\t<meta property=\"og:image:height\" content=\"208\" \/>\n\t<meta property=\"og:image:type\" content=\"image\/jpeg\" \/>\n<meta name=\"author\" content=\"sfaltea.com-admin\" \/>\n<meta name=\"twitter:card\" content=\"summary_large_image\" \/>\n<meta name=\"twitter:label1\" content=\"Escrito por\" \/>\n\t<meta name=\"twitter:data1\" content=\"sfaltea.com-admin\" \/>\n\t<meta name=\"twitter:label2\" content=\"Tiempo de lectura\" \/>\n\t<meta name=\"twitter:data2\" content=\"4 minutos\" \/>\n<script type=\"application\/ld+json\" class=\"yoast-schema-graph\">{\"@context\":\"https:\/\/schema.org\",\"@graph\":[{\"@type\":\"WebPage\",\"@id\":\"https:\/\/www.alteacultural.com\/es\/2025\/03\/25\/els-premis-altea-tornen-a-erigir-se-com-a-referent-de-les-lletres-valencianes-contemporanies\/\",\"url\":\"https:\/\/www.alteacultural.com\/es\/2025\/03\/25\/els-premis-altea-tornen-a-erigir-se-com-a-referent-de-les-lletres-valencianes-contemporanies\/\",\"name\":\"Los Premis Altea vuelven a erigirse como referente de las letras valencianas contempor\u00e1neas - Altea Cultural\",\"isPartOf\":{\"@id\":\"https:\/\/www.alteacultural.com\/es\/#website\"},\"primaryImageOfPage\":{\"@id\":\"https:\/\/www.alteacultural.com\/es\/2025\/03\/25\/els-premis-altea-tornen-a-erigir-se-com-a-referent-de-les-lletres-valencianes-contemporanies\/#primaryimage\"},\"image\":{\"@id\":\"https:\/\/www.alteacultural.com\/es\/2025\/03\/25\/els-premis-altea-tornen-a-erigir-se-com-a-referent-de-les-lletres-valencianes-contemporanies\/#primaryimage\"},\"thumbnailUrl\":\"https:\/\/www.alteacultural.com\/wp-content\/uploads\/2025\/03\/premis_altea_2025_gala_bannerLateral-01.jpg\",\"datePublished\":\"2025-03-25T14:27:37+00:00\",\"dateModified\":\"2025-04-08T21:14:36+00:00\",\"author\":{\"@id\":\"https:\/\/www.alteacultural.com\/es\/#\/schema\/person\/c4e137537f1af546d214a315255e5172\"},\"breadcrumb\":{\"@id\":\"https:\/\/www.alteacultural.com\/es\/2025\/03\/25\/els-premis-altea-tornen-a-erigir-se-com-a-referent-de-les-lletres-valencianes-contemporanies\/#breadcrumb\"},\"inLanguage\":\"es\",\"potentialAction\":[{\"@type\":\"ReadAction\",\"target\":[\"https:\/\/www.alteacultural.com\/es\/2025\/03\/25\/els-premis-altea-tornen-a-erigir-se-com-a-referent-de-les-lletres-valencianes-contemporanies\/\"]}]},{\"@type\":\"ImageObject\",\"inLanguage\":\"es\",\"@id\":\"https:\/\/www.alteacultural.com\/es\/2025\/03\/25\/els-premis-altea-tornen-a-erigir-se-com-a-referent-de-les-lletres-valencianes-contemporanies\/#primaryimage\",\"url\":\"https:\/\/www.alteacultural.com\/wp-content\/uploads\/2025\/03\/premis_altea_2025_gala_bannerLateral-01.jpg\",\"contentUrl\":\"https:\/\/www.alteacultural.com\/wp-content\/uploads\/2025\/03\/premis_altea_2025_gala_bannerLateral-01.jpg\",\"width\":687,\"height\":208},{\"@type\":\"BreadcrumbList\",\"@id\":\"https:\/\/www.alteacultural.com\/es\/2025\/03\/25\/els-premis-altea-tornen-a-erigir-se-com-a-referent-de-les-lletres-valencianes-contemporanies\/#breadcrumb\",\"itemListElement\":[{\"@type\":\"ListItem\",\"position\":1,\"name\":\"Inici\",\"item\":\"https:\/\/www.alteacultural.com\/es\/\"},{\"@type\":\"ListItem\",\"position\":2,\"name\":\"Los Premis Altea vuelven a erigirse como referente de las letras valencianas contempor\u00e1neas\"}]},{\"@type\":\"WebSite\",\"@id\":\"https:\/\/www.alteacultural.com\/es\/#website\",\"url\":\"https:\/\/www.alteacultural.com\/es\/\",\"name\":\"Altea Cultural\",\"description\":\"Regidoria de Cultura de l&#039;Ajuntament d&#039;Altea\",\"potentialAction\":[{\"@type\":\"SearchAction\",\"target\":{\"@type\":\"EntryPoint\",\"urlTemplate\":\"https:\/\/www.alteacultural.com\/es\/?s={search_term_string}\"},\"query-input\":\"required name=search_term_string\"}],\"inLanguage\":\"es\"},{\"@type\":\"Person\",\"@id\":\"https:\/\/www.alteacultural.com\/es\/#\/schema\/person\/c4e137537f1af546d214a315255e5172\",\"name\":\"sfaltea.com-admin\",\"image\":{\"@type\":\"ImageObject\",\"inLanguage\":\"es\",\"@id\":\"https:\/\/www.alteacultural.com\/es\/#\/schema\/person\/image\/\",\"url\":\"https:\/\/secure.gravatar.com\/avatar\/f7473fa2fbd351270ccfd469de536202?s=96&d=mm&r=g\",\"contentUrl\":\"https:\/\/secure.gravatar.com\/avatar\/f7473fa2fbd351270ccfd469de536202?s=96&d=mm&r=g\",\"caption\":\"sfaltea.com-admin\"},\"url\":\"https:\/\/www.alteacultural.com\/es\/author\/sfaltea-com-admin\/\"}]}<\/script>\n<!-- \/ Yoast SEO plugin. -->","yoast_head_json":{"title":"Los Premis Altea vuelven a erigirse como referente de las letras valencianas contempor\u00e1neas - Altea Cultural","robots":{"index":"index","follow":"follow","max-snippet":"max-snippet:-1","max-image-preview":"max-image-preview:large","max-video-preview":"max-video-preview:-1"},"canonical":"https:\/\/www.alteacultural.com\/es\/2025\/03\/25\/els-premis-altea-tornen-a-erigir-se-com-a-referent-de-les-lletres-valencianes-contemporanies\/","og_locale":"es_ES","og_type":"article","og_title":"Los Premis Altea vuelven a erigirse como referente de las letras valencianas contempor\u00e1neas - Altea Cultural","og_description":"La memoria de la profesora Antonia Consuelo Orozco ser\u00e1 reconocida con la concesi\u00f3n del Premio Estela de Honor en [&hellip;]","og_url":"https:\/\/www.alteacultural.com\/es\/2025\/03\/25\/els-premis-altea-tornen-a-erigir-se-com-a-referent-de-les-lletres-valencianes-contemporanies\/","og_site_name":"Altea Cultural","article_published_time":"2025-03-25T14:27:37+00:00","article_modified_time":"2025-04-08T21:14:36+00:00","og_image":[{"width":687,"height":208,"url":"https:\/\/www.alteacultural.com\/wp-content\/uploads\/2025\/03\/premis_altea_2025_gala_bannerLateral-01.jpg","type":"image\/jpeg"}],"author":"sfaltea.com-admin","twitter_card":"summary_large_image","twitter_misc":{"Escrito por":"sfaltea.com-admin","Tiempo de lectura":"4 minutos"},"schema":{"@context":"https:\/\/schema.org","@graph":[{"@type":"WebPage","@id":"https:\/\/www.alteacultural.com\/es\/2025\/03\/25\/els-premis-altea-tornen-a-erigir-se-com-a-referent-de-les-lletres-valencianes-contemporanies\/","url":"https:\/\/www.alteacultural.com\/es\/2025\/03\/25\/els-premis-altea-tornen-a-erigir-se-com-a-referent-de-les-lletres-valencianes-contemporanies\/","name":"Los Premis Altea vuelven a erigirse como referente de las letras valencianas contempor\u00e1neas - Altea Cultural","isPartOf":{"@id":"https:\/\/www.alteacultural.com\/es\/#website"},"primaryImageOfPage":{"@id":"https:\/\/www.alteacultural.com\/es\/2025\/03\/25\/els-premis-altea-tornen-a-erigir-se-com-a-referent-de-les-lletres-valencianes-contemporanies\/#primaryimage"},"image":{"@id":"https:\/\/www.alteacultural.com\/es\/2025\/03\/25\/els-premis-altea-tornen-a-erigir-se-com-a-referent-de-les-lletres-valencianes-contemporanies\/#primaryimage"},"thumbnailUrl":"https:\/\/www.alteacultural.com\/wp-content\/uploads\/2025\/03\/premis_altea_2025_gala_bannerLateral-01.jpg","datePublished":"2025-03-25T14:27:37+00:00","dateModified":"2025-04-08T21:14:36+00:00","author":{"@id":"https:\/\/www.alteacultural.com\/es\/#\/schema\/person\/c4e137537f1af546d214a315255e5172"},"breadcrumb":{"@id":"https:\/\/www.alteacultural.com\/es\/2025\/03\/25\/els-premis-altea-tornen-a-erigir-se-com-a-referent-de-les-lletres-valencianes-contemporanies\/#breadcrumb"},"inLanguage":"es","potentialAction":[{"@type":"ReadAction","target":["https:\/\/www.alteacultural.com\/es\/2025\/03\/25\/els-premis-altea-tornen-a-erigir-se-com-a-referent-de-les-lletres-valencianes-contemporanies\/"]}]},{"@type":"ImageObject","inLanguage":"es","@id":"https:\/\/www.alteacultural.com\/es\/2025\/03\/25\/els-premis-altea-tornen-a-erigir-se-com-a-referent-de-les-lletres-valencianes-contemporanies\/#primaryimage","url":"https:\/\/www.alteacultural.com\/wp-content\/uploads\/2025\/03\/premis_altea_2025_gala_bannerLateral-01.jpg","contentUrl":"https:\/\/www.alteacultural.com\/wp-content\/uploads\/2025\/03\/premis_altea_2025_gala_bannerLateral-01.jpg","width":687,"height":208},{"@type":"BreadcrumbList","@id":"https:\/\/www.alteacultural.com\/es\/2025\/03\/25\/els-premis-altea-tornen-a-erigir-se-com-a-referent-de-les-lletres-valencianes-contemporanies\/#breadcrumb","itemListElement":[{"@type":"ListItem","position":1,"name":"Inici","item":"https:\/\/www.alteacultural.com\/es\/"},{"@type":"ListItem","position":2,"name":"Los Premis Altea vuelven a erigirse como referente de las letras valencianas contempor\u00e1neas"}]},{"@type":"WebSite","@id":"https:\/\/www.alteacultural.com\/es\/#website","url":"https:\/\/www.alteacultural.com\/es\/","name":"Altea Cultural","description":"Regidoria de Cultura de l&#039;Ajuntament d&#039;Altea","potentialAction":[{"@type":"SearchAction","target":{"@type":"EntryPoint","urlTemplate":"https:\/\/www.alteacultural.com\/es\/?s={search_term_string}"},"query-input":"required name=search_term_string"}],"inLanguage":"es"},{"@type":"Person","@id":"https:\/\/www.alteacultural.com\/es\/#\/schema\/person\/c4e137537f1af546d214a315255e5172","name":"sfaltea.com-admin","image":{"@type":"ImageObject","inLanguage":"es","@id":"https:\/\/www.alteacultural.com\/es\/#\/schema\/person\/image\/","url":"https:\/\/secure.gravatar.com\/avatar\/f7473fa2fbd351270ccfd469de536202?s=96&d=mm&r=g","contentUrl":"https:\/\/secure.gravatar.com\/avatar\/f7473fa2fbd351270ccfd469de536202?s=96&d=mm&r=g","caption":"sfaltea.com-admin"},"url":"https:\/\/www.alteacultural.com\/es\/author\/sfaltea-com-admin\/"}]}},"_links":{"self":[{"href":"https:\/\/www.alteacultural.com\/es\/wp-json\/wp\/v2\/posts\/35337"}],"collection":[{"href":"https:\/\/www.alteacultural.com\/es\/wp-json\/wp\/v2\/posts"}],"about":[{"href":"https:\/\/www.alteacultural.com\/es\/wp-json\/wp\/v2\/types\/post"}],"author":[{"embeddable":true,"href":"https:\/\/www.alteacultural.com\/es\/wp-json\/wp\/v2\/users\/1"}],"replies":[{"embeddable":true,"href":"https:\/\/www.alteacultural.com\/es\/wp-json\/wp\/v2\/comments?post=35337"}],"version-history":[{"count":1,"href":"https:\/\/www.alteacultural.com\/es\/wp-json\/wp\/v2\/posts\/35337\/revisions"}],"predecessor-version":[{"id":35339,"href":"https:\/\/www.alteacultural.com\/es\/wp-json\/wp\/v2\/posts\/35337\/revisions\/35339"}],"wp:featuredmedia":[{"embeddable":true,"href":"https:\/\/www.alteacultural.com\/es\/wp-json\/wp\/v2\/media\/35215"}],"wp:attachment":[{"href":"https:\/\/www.alteacultural.com\/es\/wp-json\/wp\/v2\/media?parent=35337"}],"curies":[{"name":"wp","href":"https:\/\/api.w.org\/{rel}","templated":true}]}}