{"id":35542,"date":"2025-04-01T08:51:32","date_gmt":"2025-04-01T06:51:32","guid":{"rendered":"https:\/\/www.alteacultural.com\/2025\/04\/01\/terreta-urbana-porta-a-altea-el-seu-festival-de-ball-urba\/"},"modified":"2025-04-05T08:47:35","modified_gmt":"2025-04-05T06:47:35","slug":"terreta-urbana-porta-a-altea-el-seu-festival-de-ball-urba","status":"publish","type":"post","link":"https:\/\/www.alteacultural.com\/es\/2025\/04\/01\/terreta-urbana-porta-a-altea-el-seu-festival-de-ball-urba\/","title":{"rendered":"Terreta Urbana trae a Altea su festival de Baile Urbano"},"content":{"rendered":"\n<figure class=\"wp-block-image size-full\"><img fetchpriority=\"high\" decoding=\"async\" width=\"1028\" height=\"827\" src=\"https:\/\/www.alteacultural.com\/wp-content\/uploads\/2025\/04\/RP-Terreta-Urbana-web.jpg\" alt=\"\" class=\"wp-image-35539\" srcset=\"https:\/\/www.alteacultural.com\/wp-content\/uploads\/2025\/04\/RP-Terreta-Urbana-web.jpg 1028w, https:\/\/www.alteacultural.com\/wp-content\/uploads\/2025\/04\/RP-Terreta-Urbana-web-768x618.jpg 768w\" sizes=\"(max-width: 1028px) 100vw, 1028px\" \/><\/figure>\n\n\n\n<p><\/p>\n\n\n\n<p>El pr\u00f3ximo s\u00e1bado 5 de abril en Palau Altea tendr\u00e1 lugar la d\u00e9cima edici\u00f3n de Terreta Urbana; el festival de baile urbano organizado por las escuelas In Situ y Kuumba y que por primera vez sale de la ciudad de Alicante para desarrollarse en Altea. As\u00ed lo han dado a conocer los responsables del evento, la edil de Cultura y el concejal de Juventud; \u00e1reas que dan soporte a la iniciativa.<\/p>\n\n\n\n<p>Como ha explicado Marco Ramos, en nombre de la organizaci\u00f3n, \u201ces un festival que nace en un contexto de batallas de baile, coreograf\u00edas y todo un entramado de actividades dedicadas a la danza y cultura urbana y lo que proponemos en esta d\u00e9cima edici\u00f3n es un evento coreogr\u00e1fico que tendr\u00e1 lugar en Palau Altea y que reunir\u00e1 entre familias, alumnos y escuelas participantes a cerca de 1.500 personas que acudir\u00e1n a Altea el s\u00e1bado 5 de abril\u201d.<\/p>\n\n\n\n<p>\u201cDesde la Escuela In Situ, creadora del festival, desde siempre hemos apoyado la cultura Urbana mediterr\u00e1nea y es un placer estar en Altea\u201d; ha declarado Ramos.<\/p>\n\n\n\n<p>Seg\u00fan Sete Galva\u00f1, alteano de adopci\u00f3n, \u201cse ha querido traer esta parte coreogr\u00e1fica del festival al Palau y ha sido un placer para nosotros, por lo que agradecemos al Ayuntamiento y en concreto a las concejal\u00edas de Cultura y Juventud las facilidades que nos han dado para que el s\u00e1bado 5 Terreta Urbana est\u00e9 en Altea\u201d.<\/p>\n\n\n\n<p>Ser\u00e1n unos 600 los participantes y estos proceden de Valencia, Albacete, Murcia, Alicante, Elche, entre otros lugares y \u201cesto supone un \u00e9xito porque se ha acogido muy bien esta nueva propuesta\u201d; ha apuntado Galva\u00f1, quien ha resaltado que en el festival van a participar personas de todas las edades, desvelando que el m\u00e1s joven tiene 8 a\u00f1os y la mayor 68.<\/p>\n\n\n\n<p>Finalmente, en nombre del consistorio, Pepa V. P\u00e9rez, responsable de Cultura y Germ\u00e1n Manj\u00f3n, responsable Juventud, han coincidido en agradecer a la organizaci\u00f3n el haber elegido Altea para celebrar esta 10\u00aa edici\u00f3n de Terreta Urbana. Ambos han subrayado que el baile es una disciplina que est\u00e1 en auge y que celebrar en Altea un festival de esta \u00edndole es todo un lujo, al tiempo que una oportunidad de dar a conocer el municipio entre los participante y el baile urbano a los espectadores que deseen acudir el 5 de abril a Palau Altea a disfrutar de Terreta Urbana.<\/p>\n\n\n\n<p>El precio de las entradas es de 15\u20ac para cada una de las sesiones, ma\u00f1ana o tarde y de 23 el caso de querer asistir a ambas. Estas se pueden adquirir ese mismo d\u00eda en taquilla o por anticipado en <a href=\"https:\/\/www.terretaurbana.com\/entradas\">https:\/\/www.terretaurbana.com\/entradas<\/a><\/p>\n\n\n\n<p>| ALTEADIGITAL.ES<\/p>\n","protected":false},"excerpt":{"rendered":"<p>El pr\u00f3ximo s\u00e1bado 5 de abril en Palau Altea tendr\u00e1 lugar la d\u00e9cima edici\u00f3n de Terreta Urbana; el festival [&hellip;]<\/p>\n","protected":false},"author":1,"featured_media":35035,"comment_status":"open","ping_status":"open","sticky":false,"template":"","format":"standard","meta":{"_expiration-date-status":"","_expiration-date":0,"_expiration-date-type":"","_expiration-date-categories":[],"_expiration-date-options":[],"footnotes":""},"yoast_head":"<!-- This site is optimized with the Yoast SEO plugin v22.8 - https:\/\/yoast.com\/wordpress\/plugins\/seo\/ -->\n<title>Terreta Urbana trae a Altea su festival de Baile Urbano - Altea Cultural<\/title>\n<meta name=\"robots\" content=\"index, follow, max-snippet:-1, max-image-preview:large, max-video-preview:-1\" \/>\n<link rel=\"canonical\" href=\"https:\/\/www.alteacultural.com\/es\/2025\/04\/01\/terreta-urbana-porta-a-altea-el-seu-festival-de-ball-urba\/\" \/>\n<meta property=\"og:locale\" content=\"es_ES\" \/>\n<meta property=\"og:type\" content=\"article\" \/>\n<meta property=\"og:title\" content=\"Terreta Urbana trae a Altea su festival de Baile Urbano - Altea Cultural\" \/>\n<meta property=\"og:description\" content=\"El pr\u00f3ximo s\u00e1bado 5 de abril en Palau Altea tendr\u00e1 lugar la d\u00e9cima edici\u00f3n de Terreta Urbana; el festival [&hellip;]\" \/>\n<meta property=\"og:url\" content=\"https:\/\/www.alteacultural.com\/es\/2025\/04\/01\/terreta-urbana-porta-a-altea-el-seu-festival-de-ball-urba\/\" \/>\n<meta property=\"og:site_name\" content=\"Altea Cultural\" \/>\n<meta property=\"article:published_time\" content=\"2025-04-01T06:51:32+00:00\" \/>\n<meta property=\"article:modified_time\" content=\"2025-04-05T06:47:35+00:00\" \/>\n<meta property=\"og:image\" content=\"https:\/\/www.alteacultural.com\/wp-content\/uploads\/2025\/03\/2025-04-05_TerretaUrbana_banner.jpg\" \/>\n\t<meta property=\"og:image:width\" content=\"977\" \/>\n\t<meta property=\"og:image:height\" content=\"500\" \/>\n\t<meta property=\"og:image:type\" content=\"image\/jpeg\" \/>\n<meta name=\"author\" content=\"sfaltea.com-admin\" \/>\n<meta name=\"twitter:card\" content=\"summary_large_image\" \/>\n<meta name=\"twitter:label1\" content=\"Escrito por\" \/>\n\t<meta name=\"twitter:data1\" content=\"sfaltea.com-admin\" \/>\n\t<meta name=\"twitter:label2\" content=\"Tiempo de lectura\" \/>\n\t<meta name=\"twitter:data2\" content=\"3 minutos\" \/>\n<script type=\"application\/ld+json\" class=\"yoast-schema-graph\">{\"@context\":\"https:\/\/schema.org\",\"@graph\":[{\"@type\":\"WebPage\",\"@id\":\"https:\/\/www.alteacultural.com\/es\/2025\/04\/01\/terreta-urbana-porta-a-altea-el-seu-festival-de-ball-urba\/\",\"url\":\"https:\/\/www.alteacultural.com\/es\/2025\/04\/01\/terreta-urbana-porta-a-altea-el-seu-festival-de-ball-urba\/\",\"name\":\"Terreta Urbana trae a Altea su festival de Baile Urbano - Altea Cultural\",\"isPartOf\":{\"@id\":\"https:\/\/www.alteacultural.com\/es\/#website\"},\"primaryImageOfPage\":{\"@id\":\"https:\/\/www.alteacultural.com\/es\/2025\/04\/01\/terreta-urbana-porta-a-altea-el-seu-festival-de-ball-urba\/#primaryimage\"},\"image\":{\"@id\":\"https:\/\/www.alteacultural.com\/es\/2025\/04\/01\/terreta-urbana-porta-a-altea-el-seu-festival-de-ball-urba\/#primaryimage\"},\"thumbnailUrl\":\"https:\/\/www.alteacultural.com\/wp-content\/uploads\/2025\/03\/2025-04-05_TerretaUrbana_banner.jpg\",\"datePublished\":\"2025-04-01T06:51:32+00:00\",\"dateModified\":\"2025-04-05T06:47:35+00:00\",\"author\":{\"@id\":\"https:\/\/www.alteacultural.com\/es\/#\/schema\/person\/c4e137537f1af546d214a315255e5172\"},\"breadcrumb\":{\"@id\":\"https:\/\/www.alteacultural.com\/es\/2025\/04\/01\/terreta-urbana-porta-a-altea-el-seu-festival-de-ball-urba\/#breadcrumb\"},\"inLanguage\":\"es\",\"potentialAction\":[{\"@type\":\"ReadAction\",\"target\":[\"https:\/\/www.alteacultural.com\/es\/2025\/04\/01\/terreta-urbana-porta-a-altea-el-seu-festival-de-ball-urba\/\"]}]},{\"@type\":\"ImageObject\",\"inLanguage\":\"es\",\"@id\":\"https:\/\/www.alteacultural.com\/es\/2025\/04\/01\/terreta-urbana-porta-a-altea-el-seu-festival-de-ball-urba\/#primaryimage\",\"url\":\"https:\/\/www.alteacultural.com\/wp-content\/uploads\/2025\/03\/2025-04-05_TerretaUrbana_banner.jpg\",\"contentUrl\":\"https:\/\/www.alteacultural.com\/wp-content\/uploads\/2025\/03\/2025-04-05_TerretaUrbana_banner.jpg\",\"width\":977,\"height\":500},{\"@type\":\"BreadcrumbList\",\"@id\":\"https:\/\/www.alteacultural.com\/es\/2025\/04\/01\/terreta-urbana-porta-a-altea-el-seu-festival-de-ball-urba\/#breadcrumb\",\"itemListElement\":[{\"@type\":\"ListItem\",\"position\":1,\"name\":\"Inici\",\"item\":\"https:\/\/www.alteacultural.com\/es\/\"},{\"@type\":\"ListItem\",\"position\":2,\"name\":\"Terreta Urbana trae a Altea su festival de Baile Urbano\"}]},{\"@type\":\"WebSite\",\"@id\":\"https:\/\/www.alteacultural.com\/es\/#website\",\"url\":\"https:\/\/www.alteacultural.com\/es\/\",\"name\":\"Altea Cultural\",\"description\":\"Regidoria de Cultura de l&#039;Ajuntament d&#039;Altea\",\"potentialAction\":[{\"@type\":\"SearchAction\",\"target\":{\"@type\":\"EntryPoint\",\"urlTemplate\":\"https:\/\/www.alteacultural.com\/es\/?s={search_term_string}\"},\"query-input\":\"required name=search_term_string\"}],\"inLanguage\":\"es\"},{\"@type\":\"Person\",\"@id\":\"https:\/\/www.alteacultural.com\/es\/#\/schema\/person\/c4e137537f1af546d214a315255e5172\",\"name\":\"sfaltea.com-admin\",\"image\":{\"@type\":\"ImageObject\",\"inLanguage\":\"es\",\"@id\":\"https:\/\/www.alteacultural.com\/es\/#\/schema\/person\/image\/\",\"url\":\"https:\/\/secure.gravatar.com\/avatar\/f7473fa2fbd351270ccfd469de536202?s=96&d=mm&r=g\",\"contentUrl\":\"https:\/\/secure.gravatar.com\/avatar\/f7473fa2fbd351270ccfd469de536202?s=96&d=mm&r=g\",\"caption\":\"sfaltea.com-admin\"},\"url\":\"https:\/\/www.alteacultural.com\/es\/author\/sfaltea-com-admin\/\"}]}<\/script>\n<!-- \/ Yoast SEO plugin. -->","yoast_head_json":{"title":"Terreta Urbana trae a Altea su festival de Baile Urbano - Altea Cultural","robots":{"index":"index","follow":"follow","max-snippet":"max-snippet:-1","max-image-preview":"max-image-preview:large","max-video-preview":"max-video-preview:-1"},"canonical":"https:\/\/www.alteacultural.com\/es\/2025\/04\/01\/terreta-urbana-porta-a-altea-el-seu-festival-de-ball-urba\/","og_locale":"es_ES","og_type":"article","og_title":"Terreta Urbana trae a Altea su festival de Baile Urbano - Altea Cultural","og_description":"El pr\u00f3ximo s\u00e1bado 5 de abril en Palau Altea tendr\u00e1 lugar la d\u00e9cima edici\u00f3n de Terreta Urbana; el festival [&hellip;]","og_url":"https:\/\/www.alteacultural.com\/es\/2025\/04\/01\/terreta-urbana-porta-a-altea-el-seu-festival-de-ball-urba\/","og_site_name":"Altea Cultural","article_published_time":"2025-04-01T06:51:32+00:00","article_modified_time":"2025-04-05T06:47:35+00:00","og_image":[{"width":977,"height":500,"url":"https:\/\/www.alteacultural.com\/wp-content\/uploads\/2025\/03\/2025-04-05_TerretaUrbana_banner.jpg","type":"image\/jpeg"}],"author":"sfaltea.com-admin","twitter_card":"summary_large_image","twitter_misc":{"Escrito por":"sfaltea.com-admin","Tiempo de lectura":"3 minutos"},"schema":{"@context":"https:\/\/schema.org","@graph":[{"@type":"WebPage","@id":"https:\/\/www.alteacultural.com\/es\/2025\/04\/01\/terreta-urbana-porta-a-altea-el-seu-festival-de-ball-urba\/","url":"https:\/\/www.alteacultural.com\/es\/2025\/04\/01\/terreta-urbana-porta-a-altea-el-seu-festival-de-ball-urba\/","name":"Terreta Urbana trae a Altea su festival de Baile Urbano - Altea Cultural","isPartOf":{"@id":"https:\/\/www.alteacultural.com\/es\/#website"},"primaryImageOfPage":{"@id":"https:\/\/www.alteacultural.com\/es\/2025\/04\/01\/terreta-urbana-porta-a-altea-el-seu-festival-de-ball-urba\/#primaryimage"},"image":{"@id":"https:\/\/www.alteacultural.com\/es\/2025\/04\/01\/terreta-urbana-porta-a-altea-el-seu-festival-de-ball-urba\/#primaryimage"},"thumbnailUrl":"https:\/\/www.alteacultural.com\/wp-content\/uploads\/2025\/03\/2025-04-05_TerretaUrbana_banner.jpg","datePublished":"2025-04-01T06:51:32+00:00","dateModified":"2025-04-05T06:47:35+00:00","author":{"@id":"https:\/\/www.alteacultural.com\/es\/#\/schema\/person\/c4e137537f1af546d214a315255e5172"},"breadcrumb":{"@id":"https:\/\/www.alteacultural.com\/es\/2025\/04\/01\/terreta-urbana-porta-a-altea-el-seu-festival-de-ball-urba\/#breadcrumb"},"inLanguage":"es","potentialAction":[{"@type":"ReadAction","target":["https:\/\/www.alteacultural.com\/es\/2025\/04\/01\/terreta-urbana-porta-a-altea-el-seu-festival-de-ball-urba\/"]}]},{"@type":"ImageObject","inLanguage":"es","@id":"https:\/\/www.alteacultural.com\/es\/2025\/04\/01\/terreta-urbana-porta-a-altea-el-seu-festival-de-ball-urba\/#primaryimage","url":"https:\/\/www.alteacultural.com\/wp-content\/uploads\/2025\/03\/2025-04-05_TerretaUrbana_banner.jpg","contentUrl":"https:\/\/www.alteacultural.com\/wp-content\/uploads\/2025\/03\/2025-04-05_TerretaUrbana_banner.jpg","width":977,"height":500},{"@type":"BreadcrumbList","@id":"https:\/\/www.alteacultural.com\/es\/2025\/04\/01\/terreta-urbana-porta-a-altea-el-seu-festival-de-ball-urba\/#breadcrumb","itemListElement":[{"@type":"ListItem","position":1,"name":"Inici","item":"https:\/\/www.alteacultural.com\/es\/"},{"@type":"ListItem","position":2,"name":"Terreta Urbana trae a Altea su festival de Baile Urbano"}]},{"@type":"WebSite","@id":"https:\/\/www.alteacultural.com\/es\/#website","url":"https:\/\/www.alteacultural.com\/es\/","name":"Altea Cultural","description":"Regidoria de Cultura de l&#039;Ajuntament d&#039;Altea","potentialAction":[{"@type":"SearchAction","target":{"@type":"EntryPoint","urlTemplate":"https:\/\/www.alteacultural.com\/es\/?s={search_term_string}"},"query-input":"required name=search_term_string"}],"inLanguage":"es"},{"@type":"Person","@id":"https:\/\/www.alteacultural.com\/es\/#\/schema\/person\/c4e137537f1af546d214a315255e5172","name":"sfaltea.com-admin","image":{"@type":"ImageObject","inLanguage":"es","@id":"https:\/\/www.alteacultural.com\/es\/#\/schema\/person\/image\/","url":"https:\/\/secure.gravatar.com\/avatar\/f7473fa2fbd351270ccfd469de536202?s=96&d=mm&r=g","contentUrl":"https:\/\/secure.gravatar.com\/avatar\/f7473fa2fbd351270ccfd469de536202?s=96&d=mm&r=g","caption":"sfaltea.com-admin"},"url":"https:\/\/www.alteacultural.com\/es\/author\/sfaltea-com-admin\/"}]}},"_links":{"self":[{"href":"https:\/\/www.alteacultural.com\/es\/wp-json\/wp\/v2\/posts\/35542"}],"collection":[{"href":"https:\/\/www.alteacultural.com\/es\/wp-json\/wp\/v2\/posts"}],"about":[{"href":"https:\/\/www.alteacultural.com\/es\/wp-json\/wp\/v2\/types\/post"}],"author":[{"embeddable":true,"href":"https:\/\/www.alteacultural.com\/es\/wp-json\/wp\/v2\/users\/1"}],"replies":[{"embeddable":true,"href":"https:\/\/www.alteacultural.com\/es\/wp-json\/wp\/v2\/comments?post=35542"}],"version-history":[{"count":2,"href":"https:\/\/www.alteacultural.com\/es\/wp-json\/wp\/v2\/posts\/35542\/revisions"}],"predecessor-version":[{"id":35545,"href":"https:\/\/www.alteacultural.com\/es\/wp-json\/wp\/v2\/posts\/35542\/revisions\/35545"}],"wp:featuredmedia":[{"embeddable":true,"href":"https:\/\/www.alteacultural.com\/es\/wp-json\/wp\/v2\/media\/35035"}],"wp:attachment":[{"href":"https:\/\/www.alteacultural.com\/es\/wp-json\/wp\/v2\/media?parent=35542"}],"curies":[{"name":"wp","href":"https:\/\/api.w.org\/{rel}","templated":true}]}}