{"id":35605,"date":"2025-04-08T08:26:17","date_gmt":"2025-04-08T06:26:17","guid":{"rendered":"https:\/\/www.alteacultural.com\/2025\/04\/08\/la-ruta-de-les-ermites-2025-dona-protagonisme-als-musics-alteans\/"},"modified":"2025-04-13T08:20:03","modified_gmt":"2025-04-13T06:20:03","slug":"la-ruta-de-les-ermites-2025-dona-protagonisme-als-musics-alteans","status":"publish","type":"post","link":"https:\/\/www.alteacultural.com\/es\/2025\/04\/08\/la-ruta-de-les-ermites-2025-dona-protagonisme-als-musics-alteans\/","title":{"rendered":"La Ruta de les Ermites 2025 da protagonismo a los m\u00fasicos alteanos"},"content":{"rendered":"\n<figure class=\"wp-block-image size-full\"><img fetchpriority=\"high\" decoding=\"async\" width=\"1754\" height=\"2480\" src=\"https:\/\/www.alteacultural.com\/wp-content\/uploads\/2025\/03\/RutaDeLesErmites_Altea2025_Cartell-01-1.jpg\" alt=\"\" class=\"wp-image-35294\" srcset=\"https:\/\/www.alteacultural.com\/wp-content\/uploads\/2025\/03\/RutaDeLesErmites_Altea2025_Cartell-01-1.jpg 1754w, https:\/\/www.alteacultural.com\/wp-content\/uploads\/2025\/03\/RutaDeLesErmites_Altea2025_Cartell-01-1-768x1086.jpg 768w, https:\/\/www.alteacultural.com\/wp-content\/uploads\/2025\/03\/RutaDeLesErmites_Altea2025_Cartell-01-1-1086x1536.jpg 1086w, https:\/\/www.alteacultural.com\/wp-content\/uploads\/2025\/03\/RutaDeLesErmites_Altea2025_Cartell-01-1-1448x2048.jpg 1448w\" sizes=\"(max-width: 1754px) 100vw, 1754px\" \/><\/figure>\n\n\n\n<p><\/p>\n\n\n\n<p><strong>Del 10 al 19 de abril en las distintas parroquias y ermitas del municipio.<\/strong><\/p>\n\n\n\n<p>El pr\u00f3ximo 10 de abril en Villa Gadea dar\u00e1 inicio la Ruta de les Ermites 2025 con un concierto de \u201cEnsemble de Trompetes de la SFA y el Conservatorio de Altea. As\u00ed lo ha informado la edil de Cultura, Pepa Victoria P\u00e9rez, quien ha desvelado el programa de actos de esta consolidada y exitosa iniciativa musical que tiene lugar durante la Semana Santa alteana.<\/p>\n\n\n\n<p>\u201cLos conciertos de la Ruta de les Ermites tienen lugar cada a\u00f1o desde el s\u00e1bado anterior a la Semana Santa hasta el siguiente fin de semana, realiz\u00e1ndose un concierto por d\u00eda en un enclava distinto del municipio\u201d; ha recordado la responsable municipal de Cultura, quien ha agradecido a Juan Tom\u00e1s Lavi\u00f3s la direcci\u00f3n y coordinaci\u00f3n de La Ruta de les Ermites.<\/p>\n\n\n\n<p>Como ha apuntado Pepa V. P\u00e9rez \u201cesta actividad atrae a una gran cantidad de p\u00fablico, amante de la buena m\u00fasica. Y es un atractivo cultural para los alteanos y visitantes que en estas fechas festivas nos acompa\u00f1an\u201d.<\/p>\n\n\n\n<p>Para Altea las ermitas representan un patrimonio de incalculable valor, envueltas que tradiciones que se han ido conservando en el tiempo y han llegado hasta nuestros d\u00edas. Historia que, desde el a\u00f1o 2008, se a\u00f1ade al programa con una breve explicaci\u00f3n sobre cada ermita, realizada por el Historiador Joan V. Mart\u00edn. Desde la refundaci\u00f3n de la Villa de Altea en 1617, la poblaci\u00f3n tambi\u00e9n fue colonizando todos los rincones del t\u00e9rmino, creando con el tiempo n\u00facleos de casas rodeados de huertas y bancales denominados popularmente partidas. Estos enclaves habitados fueron transformando el paisaje y con el esfuerzo de los vecinos nacieron caminos, acequias, eras,\u2026 y c\u00f3mo no, las ermitas.<\/p>\n\n\n\n<p>La edil de Cultura ha invitado un a\u00f1o m\u00e1s a alteanas, alteanos y visitantes a disfrutar de los conciertos de la Ruta de les Ermites y los parajes que las rodean.<\/p>\n\n\n\n<p><strong>Programa de conciertos<\/strong><\/p>\n\n\n\n<p><strong>Jueves 10 de abril, <\/strong>19:00h, \u201cTrompeta Espa\u00f1ola\u201d en la Capilla de Villa Gadea<\/p>\n\n\n\n<p>Ensamble de Trompetas de la Societat Filarm\u00f2nica Alteanense y Conservatorio Profesional de M\u00fasica de Altea.<\/p>\n\n\n\n<p><strong>Viernes 11 de abril,<\/strong> 18:30h, \u201cQuartet de Saxos\u201d en Parroquia de Santa Anna en Altea la Vella. Quarteto de saxofones de la Sociedat Recreativa Musical de Altea la Vella.<\/p>\n\n\n\n<p><strong>S\u00e1bado 12 de abril,<\/strong> 12:00h, \u201cEduard Gisbert &amp; Euterpe Quartet\u201d en Ermita de Santa B\u00e1rbara. Eduard Gisbert, bombardino; Maria Borea y Pau Lorente, violines; Imma Esteve, viola y Pau Belloch, violonchelo.<\/p>\n\n\n\n<p><strong>Domingo 13 de abril,<\/strong> 18:30h \u201cGloria -A. Vivaldi\u201d en la Iglesia Parroquial Virgen del Consuelo. Orquesta, coro, flautas y voces solistas dirigidos por Jaume F. Ripoll Martins.<\/p>\n\n\n\n<p><strong>Lunes 14 de abril,<\/strong> 19:00h, \u201cVeus oblidades\u201d en la Ermita de Sant Isidre. Anna Ripoll Clotet, violonchelo y Maria Eugenia Palomares, piano.<\/p>\n\n\n\n<p><strong>Martes 15 de abril,<\/strong> a las 19:00h, \u201cTrio Sorolla: del Lied a l\u2019\u00d2pera\u201d en Convent de l\u2019Olla. Lorena Valero, mezzosoprano; Pedro Vicente, clarinete y Carlos Apell\u00e1niz, piano.<\/p>\n\n\n\n<p><strong>Mi\u00e9rcoles 16 de abril,<\/strong> 19:00h, \u201cMusicaltea-Sax\u201d en Ermita de Sant Roc. Laia Garrigues, Jana Ferr\u00e1ndez, Juan I Almagro y Francisco Sanchis, saxos y Pilar Descalzo, piano.<\/p>\n\n\n\n<p><strong>Jueves 17 de abril,<\/strong> 19:00h, \u201cCompartir el So\u201d en la Ermita de Sant Antoni. Duo de Pablo Solbes Teuler, Tromb\u00f3n e Ivan Frau Rubio, piano.<\/p>\n\n\n\n<p><strong>Viernes 18 de abril,<\/strong> 12:00h, \u201cSymphony \u2013 Concerto de S. Prokofiev\u201d en Ermita de Sant Tom\u00e0s. Violonchelo, Maria Igual Devesa y Piano, Adolfo Garc\u00eda.<\/p>\n\n\n\n<p><strong>S\u00e1bado 19 de abril,<\/strong> 12:00h \u201cLa Remembran\u00e7a\u201d en la Ermita de Sant Llu\u00eds. Olatz Ruiz, viol\u00edn; Lesster Mej\u00edas, viola; Voro Bol\u00e1n, violoncelo y Paco Varoch, flauta\/flaut\u00edn.<\/p>\n\n\n\n<p>| ALTEADIGITAL.ES<\/p>\n","protected":false},"excerpt":{"rendered":"<p>Del 10 al 19 de abril en las distintas parroquias y ermitas del municipio. El pr\u00f3ximo 10 de abril [&hellip;]<\/p>\n","protected":false},"author":1,"featured_media":35603,"comment_status":"open","ping_status":"open","sticky":false,"template":"","format":"standard","meta":{"_expiration-date-status":"","_expiration-date":0,"_expiration-date-type":"","_expiration-date-categories":[],"_expiration-date-options":[],"footnotes":""},"yoast_head":"<!-- This site is optimized with the Yoast SEO plugin v22.8 - https:\/\/yoast.com\/wordpress\/plugins\/seo\/ -->\n<title>La Ruta de les Ermites 2025 da protagonismo a los m\u00fasicos alteanos - Altea Cultural<\/title>\n<meta name=\"robots\" content=\"index, follow, max-snippet:-1, max-image-preview:large, max-video-preview:-1\" \/>\n<link rel=\"canonical\" href=\"https:\/\/www.alteacultural.com\/es\/2025\/04\/08\/la-ruta-de-les-ermites-2025-dona-protagonisme-als-musics-alteans\/\" \/>\n<meta property=\"og:locale\" content=\"es_ES\" \/>\n<meta property=\"og:type\" content=\"article\" \/>\n<meta property=\"og:title\" content=\"La Ruta de les Ermites 2025 da protagonismo a los m\u00fasicos alteanos - Altea Cultural\" \/>\n<meta property=\"og:description\" content=\"Del 10 al 19 de abril en las distintas parroquias y ermitas del municipio. El pr\u00f3ximo 10 de abril [&hellip;]\" \/>\n<meta property=\"og:url\" content=\"https:\/\/www.alteacultural.com\/es\/2025\/04\/08\/la-ruta-de-les-ermites-2025-dona-protagonisme-als-musics-alteans\/\" \/>\n<meta property=\"og:site_name\" content=\"Altea Cultural\" \/>\n<meta property=\"article:published_time\" content=\"2025-04-08T06:26:17+00:00\" \/>\n<meta property=\"article:modified_time\" content=\"2025-04-13T06:20:03+00:00\" \/>\n<meta property=\"og:image\" content=\"https:\/\/www.alteacultural.com\/wp-content\/uploads\/2025\/04\/RutaDeLesErmites_Altea2025-1.jpg\" \/>\n\t<meta property=\"og:image:width\" content=\"1749\" \/>\n\t<meta property=\"og:image:height\" content=\"661\" \/>\n\t<meta property=\"og:image:type\" content=\"image\/jpeg\" \/>\n<meta name=\"author\" content=\"sfaltea.com-admin\" \/>\n<meta name=\"twitter:card\" content=\"summary_large_image\" \/>\n<meta name=\"twitter:label1\" content=\"Escrito por\" \/>\n\t<meta name=\"twitter:data1\" content=\"sfaltea.com-admin\" \/>\n\t<meta name=\"twitter:label2\" content=\"Tiempo de lectura\" \/>\n\t<meta name=\"twitter:data2\" content=\"4 minutos\" \/>\n<script type=\"application\/ld+json\" class=\"yoast-schema-graph\">{\"@context\":\"https:\/\/schema.org\",\"@graph\":[{\"@type\":\"WebPage\",\"@id\":\"https:\/\/www.alteacultural.com\/es\/2025\/04\/08\/la-ruta-de-les-ermites-2025-dona-protagonisme-als-musics-alteans\/\",\"url\":\"https:\/\/www.alteacultural.com\/es\/2025\/04\/08\/la-ruta-de-les-ermites-2025-dona-protagonisme-als-musics-alteans\/\",\"name\":\"La Ruta de les Ermites 2025 da protagonismo a los m\u00fasicos alteanos - Altea Cultural\",\"isPartOf\":{\"@id\":\"https:\/\/www.alteacultural.com\/es\/#website\"},\"primaryImageOfPage\":{\"@id\":\"https:\/\/www.alteacultural.com\/es\/2025\/04\/08\/la-ruta-de-les-ermites-2025-dona-protagonisme-als-musics-alteans\/#primaryimage\"},\"image\":{\"@id\":\"https:\/\/www.alteacultural.com\/es\/2025\/04\/08\/la-ruta-de-les-ermites-2025-dona-protagonisme-als-musics-alteans\/#primaryimage\"},\"thumbnailUrl\":\"https:\/\/www.alteacultural.com\/wp-content\/uploads\/2025\/04\/RutaDeLesErmites_Altea2025-1.jpg\",\"datePublished\":\"2025-04-08T06:26:17+00:00\",\"dateModified\":\"2025-04-13T06:20:03+00:00\",\"author\":{\"@id\":\"https:\/\/www.alteacultural.com\/es\/#\/schema\/person\/c4e137537f1af546d214a315255e5172\"},\"breadcrumb\":{\"@id\":\"https:\/\/www.alteacultural.com\/es\/2025\/04\/08\/la-ruta-de-les-ermites-2025-dona-protagonisme-als-musics-alteans\/#breadcrumb\"},\"inLanguage\":\"es\",\"potentialAction\":[{\"@type\":\"ReadAction\",\"target\":[\"https:\/\/www.alteacultural.com\/es\/2025\/04\/08\/la-ruta-de-les-ermites-2025-dona-protagonisme-als-musics-alteans\/\"]}]},{\"@type\":\"ImageObject\",\"inLanguage\":\"es\",\"@id\":\"https:\/\/www.alteacultural.com\/es\/2025\/04\/08\/la-ruta-de-les-ermites-2025-dona-protagonisme-als-musics-alteans\/#primaryimage\",\"url\":\"https:\/\/www.alteacultural.com\/wp-content\/uploads\/2025\/04\/RutaDeLesErmites_Altea2025-1.jpg\",\"contentUrl\":\"https:\/\/www.alteacultural.com\/wp-content\/uploads\/2025\/04\/RutaDeLesErmites_Altea2025-1.jpg\",\"width\":1749,\"height\":661},{\"@type\":\"BreadcrumbList\",\"@id\":\"https:\/\/www.alteacultural.com\/es\/2025\/04\/08\/la-ruta-de-les-ermites-2025-dona-protagonisme-als-musics-alteans\/#breadcrumb\",\"itemListElement\":[{\"@type\":\"ListItem\",\"position\":1,\"name\":\"Inici\",\"item\":\"https:\/\/www.alteacultural.com\/es\/\"},{\"@type\":\"ListItem\",\"position\":2,\"name\":\"La Ruta de les Ermites 2025 da protagonismo a los m\u00fasicos alteanos\"}]},{\"@type\":\"WebSite\",\"@id\":\"https:\/\/www.alteacultural.com\/es\/#website\",\"url\":\"https:\/\/www.alteacultural.com\/es\/\",\"name\":\"Altea Cultural\",\"description\":\"Regidoria de Cultura de l&#039;Ajuntament d&#039;Altea\",\"potentialAction\":[{\"@type\":\"SearchAction\",\"target\":{\"@type\":\"EntryPoint\",\"urlTemplate\":\"https:\/\/www.alteacultural.com\/es\/?s={search_term_string}\"},\"query-input\":\"required name=search_term_string\"}],\"inLanguage\":\"es\"},{\"@type\":\"Person\",\"@id\":\"https:\/\/www.alteacultural.com\/es\/#\/schema\/person\/c4e137537f1af546d214a315255e5172\",\"name\":\"sfaltea.com-admin\",\"image\":{\"@type\":\"ImageObject\",\"inLanguage\":\"es\",\"@id\":\"https:\/\/www.alteacultural.com\/es\/#\/schema\/person\/image\/\",\"url\":\"https:\/\/secure.gravatar.com\/avatar\/f7473fa2fbd351270ccfd469de536202?s=96&d=mm&r=g\",\"contentUrl\":\"https:\/\/secure.gravatar.com\/avatar\/f7473fa2fbd351270ccfd469de536202?s=96&d=mm&r=g\",\"caption\":\"sfaltea.com-admin\"},\"url\":\"https:\/\/www.alteacultural.com\/es\/author\/sfaltea-com-admin\/\"}]}<\/script>\n<!-- \/ Yoast SEO plugin. -->","yoast_head_json":{"title":"La Ruta de les Ermites 2025 da protagonismo a los m\u00fasicos alteanos - Altea Cultural","robots":{"index":"index","follow":"follow","max-snippet":"max-snippet:-1","max-image-preview":"max-image-preview:large","max-video-preview":"max-video-preview:-1"},"canonical":"https:\/\/www.alteacultural.com\/es\/2025\/04\/08\/la-ruta-de-les-ermites-2025-dona-protagonisme-als-musics-alteans\/","og_locale":"es_ES","og_type":"article","og_title":"La Ruta de les Ermites 2025 da protagonismo a los m\u00fasicos alteanos - Altea Cultural","og_description":"Del 10 al 19 de abril en las distintas parroquias y ermitas del municipio. El pr\u00f3ximo 10 de abril [&hellip;]","og_url":"https:\/\/www.alteacultural.com\/es\/2025\/04\/08\/la-ruta-de-les-ermites-2025-dona-protagonisme-als-musics-alteans\/","og_site_name":"Altea Cultural","article_published_time":"2025-04-08T06:26:17+00:00","article_modified_time":"2025-04-13T06:20:03+00:00","og_image":[{"width":1749,"height":661,"url":"https:\/\/www.alteacultural.com\/wp-content\/uploads\/2025\/04\/RutaDeLesErmites_Altea2025-1.jpg","type":"image\/jpeg"}],"author":"sfaltea.com-admin","twitter_card":"summary_large_image","twitter_misc":{"Escrito por":"sfaltea.com-admin","Tiempo de lectura":"4 minutos"},"schema":{"@context":"https:\/\/schema.org","@graph":[{"@type":"WebPage","@id":"https:\/\/www.alteacultural.com\/es\/2025\/04\/08\/la-ruta-de-les-ermites-2025-dona-protagonisme-als-musics-alteans\/","url":"https:\/\/www.alteacultural.com\/es\/2025\/04\/08\/la-ruta-de-les-ermites-2025-dona-protagonisme-als-musics-alteans\/","name":"La Ruta de les Ermites 2025 da protagonismo a los m\u00fasicos alteanos - Altea Cultural","isPartOf":{"@id":"https:\/\/www.alteacultural.com\/es\/#website"},"primaryImageOfPage":{"@id":"https:\/\/www.alteacultural.com\/es\/2025\/04\/08\/la-ruta-de-les-ermites-2025-dona-protagonisme-als-musics-alteans\/#primaryimage"},"image":{"@id":"https:\/\/www.alteacultural.com\/es\/2025\/04\/08\/la-ruta-de-les-ermites-2025-dona-protagonisme-als-musics-alteans\/#primaryimage"},"thumbnailUrl":"https:\/\/www.alteacultural.com\/wp-content\/uploads\/2025\/04\/RutaDeLesErmites_Altea2025-1.jpg","datePublished":"2025-04-08T06:26:17+00:00","dateModified":"2025-04-13T06:20:03+00:00","author":{"@id":"https:\/\/www.alteacultural.com\/es\/#\/schema\/person\/c4e137537f1af546d214a315255e5172"},"breadcrumb":{"@id":"https:\/\/www.alteacultural.com\/es\/2025\/04\/08\/la-ruta-de-les-ermites-2025-dona-protagonisme-als-musics-alteans\/#breadcrumb"},"inLanguage":"es","potentialAction":[{"@type":"ReadAction","target":["https:\/\/www.alteacultural.com\/es\/2025\/04\/08\/la-ruta-de-les-ermites-2025-dona-protagonisme-als-musics-alteans\/"]}]},{"@type":"ImageObject","inLanguage":"es","@id":"https:\/\/www.alteacultural.com\/es\/2025\/04\/08\/la-ruta-de-les-ermites-2025-dona-protagonisme-als-musics-alteans\/#primaryimage","url":"https:\/\/www.alteacultural.com\/wp-content\/uploads\/2025\/04\/RutaDeLesErmites_Altea2025-1.jpg","contentUrl":"https:\/\/www.alteacultural.com\/wp-content\/uploads\/2025\/04\/RutaDeLesErmites_Altea2025-1.jpg","width":1749,"height":661},{"@type":"BreadcrumbList","@id":"https:\/\/www.alteacultural.com\/es\/2025\/04\/08\/la-ruta-de-les-ermites-2025-dona-protagonisme-als-musics-alteans\/#breadcrumb","itemListElement":[{"@type":"ListItem","position":1,"name":"Inici","item":"https:\/\/www.alteacultural.com\/es\/"},{"@type":"ListItem","position":2,"name":"La Ruta de les Ermites 2025 da protagonismo a los m\u00fasicos alteanos"}]},{"@type":"WebSite","@id":"https:\/\/www.alteacultural.com\/es\/#website","url":"https:\/\/www.alteacultural.com\/es\/","name":"Altea Cultural","description":"Regidoria de Cultura de l&#039;Ajuntament d&#039;Altea","potentialAction":[{"@type":"SearchAction","target":{"@type":"EntryPoint","urlTemplate":"https:\/\/www.alteacultural.com\/es\/?s={search_term_string}"},"query-input":"required name=search_term_string"}],"inLanguage":"es"},{"@type":"Person","@id":"https:\/\/www.alteacultural.com\/es\/#\/schema\/person\/c4e137537f1af546d214a315255e5172","name":"sfaltea.com-admin","image":{"@type":"ImageObject","inLanguage":"es","@id":"https:\/\/www.alteacultural.com\/es\/#\/schema\/person\/image\/","url":"https:\/\/secure.gravatar.com\/avatar\/f7473fa2fbd351270ccfd469de536202?s=96&d=mm&r=g","contentUrl":"https:\/\/secure.gravatar.com\/avatar\/f7473fa2fbd351270ccfd469de536202?s=96&d=mm&r=g","caption":"sfaltea.com-admin"},"url":"https:\/\/www.alteacultural.com\/es\/author\/sfaltea-com-admin\/"}]}},"_links":{"self":[{"href":"https:\/\/www.alteacultural.com\/es\/wp-json\/wp\/v2\/posts\/35605"}],"collection":[{"href":"https:\/\/www.alteacultural.com\/es\/wp-json\/wp\/v2\/posts"}],"about":[{"href":"https:\/\/www.alteacultural.com\/es\/wp-json\/wp\/v2\/types\/post"}],"author":[{"embeddable":true,"href":"https:\/\/www.alteacultural.com\/es\/wp-json\/wp\/v2\/users\/1"}],"replies":[{"embeddable":true,"href":"https:\/\/www.alteacultural.com\/es\/wp-json\/wp\/v2\/comments?post=35605"}],"version-history":[{"count":1,"href":"https:\/\/www.alteacultural.com\/es\/wp-json\/wp\/v2\/posts\/35605\/revisions"}],"predecessor-version":[{"id":35607,"href":"https:\/\/www.alteacultural.com\/es\/wp-json\/wp\/v2\/posts\/35605\/revisions\/35607"}],"wp:featuredmedia":[{"embeddable":true,"href":"https:\/\/www.alteacultural.com\/es\/wp-json\/wp\/v2\/media\/35603"}],"wp:attachment":[{"href":"https:\/\/www.alteacultural.com\/es\/wp-json\/wp\/v2\/media?parent=35605"}],"curies":[{"name":"wp","href":"https:\/\/api.w.org\/{rel}","templated":true}]}}