{"id":35613,"date":"2025-04-08T08:35:32","date_gmt":"2025-04-08T06:35:32","guid":{"rendered":"https:\/\/www.alteacultural.com\/2025\/04\/08\/els-premis-altea-2025-ja-tenen-finalistes\/"},"modified":"2025-04-13T08:32:37","modified_gmt":"2025-04-13T06:32:37","slug":"els-premis-altea-2025-ja-tenen-finalistes","status":"publish","type":"post","link":"https:\/\/www.alteacultural.com\/es\/2025\/04\/08\/els-premis-altea-2025-ja-tenen-finalistes\/","title":{"rendered":"Los \u201cPremis Altea\u201d 2025 ya tienen finalistas"},"content":{"rendered":"\n<figure class=\"wp-block-image size-full\"><img fetchpriority=\"high\" decoding=\"async\" width=\"850\" height=\"654\" src=\"https:\/\/www.alteacultural.com\/wp-content\/uploads\/2025\/04\/Premis-Altea.jpg\" alt=\"\" class=\"wp-image-35610\" srcset=\"https:\/\/www.alteacultural.com\/wp-content\/uploads\/2025\/04\/Premis-Altea.jpg 850w, https:\/\/www.alteacultural.com\/wp-content\/uploads\/2025\/04\/Premis-Altea-768x591.jpg 768w\" sizes=\"(max-width: 850px) 100vw, 850px\" \/><\/figure>\n\n\n\n<p><\/p>\n\n\n\n<p><strong>Participaci\u00f3n de r\u00e9cord con 128 originales.<\/strong><\/p>\n\n\n\n<p>Los diferentes jurados de las tres modalidades objeto de concurso en los \u201cIX Premis Altea de Literatura i Investigaci\u00f3\u201d han tenido la oportunidad de estudiar, analizar y valorar un total de 128 originales participantes en la edici\u00f3n de este a\u00f1o; una de las de mayor concurrencia, con 9 obras presentadas al \u201cPremi d\u2019Assaig i Investigaci\u00f3 Francesc Mart\u00ednez i Mart\u00ednez\u201d; 34, al \u201cPremi Altea de Literatura Infantil i Juvenil\u201d; y 85 al \u201cPremi Carmelina S\u00e1nchez-Cutillas de Novel\u00b7la i Prosa Creativa\u201d. Con estas cifras de participaci\u00f3n, el \u201cPremi Carmelina S\u00e1nchez-Cutillas\u201d se consolida como el premio de novela que actualmente dispone de una mayor concurrencia en el circuito editorial valenciano.<\/p>\n\n\n\n<p><strong>Obras finalistas<\/strong><\/p>\n\n\n\n<p>La resoluci\u00f3n de los premios tendr\u00e1 lugar en la tradicional cena de gala en el Espai Mirador del Palau Altea Centre d\u2019Arts, este pr\u00f3ximo s\u00e1bado 12 de abril, a partir de las 20:00 h. Por eso, los diferentes jurados han comunicado ya a la organizaci\u00f3n la selecci\u00f3n de las obras que se han situado como finalistas en esta novena edici\u00f3n de los \u201cPremis Altea de Literatura i Investigaci\u00f3\u201d.<\/p>\n\n\n\n<p>En el caso del \u201cPremi Francesc Mart\u00ednez i Mart\u00ednez d\u2019Assaig i Investigaci\u00f3\u201d, dotado con 3.000 \u20ac, Joaqu\u00edn Juan Penalva, director de Publicaciones e Investigaci\u00f3n en el Instituto Alicantino de Cultura Juan Gil-Albert, Joan Llu\u00eds Monjo i Mascar\u00f3, ganador de la anterior edici\u00f3n y Maria Josep Mar\u00edn Jord\u00e0, Acad\u00e8mia Valenciana de la Llengua, han seleccionado como obras finalistas un ensayo sobre la recepci\u00f3n y la interpretaci\u00f3n de la obra y de la figura de Ausi\u00e0s March en la cultura catalana y valenciana del siglo XIX; un ejercicio de comparatismo entre las geograf\u00edas literarias de Jes\u00fas Moncada y Bernardo Atxaga y un estudio sobre el trabajo lexicogr\u00e1fico de Antoni M. Alcover en la comarca de la Marina Baixa y la contribuci\u00f3n de Francesc Mart\u00ednez.<\/p>\n\n\n\n<p>El Jurado del \u201cPremi Altea de Literatura Infantil i Juvenil\u201d, con 4.000 \u20ac de dotaci\u00f3n y patrocinado por la Direcci\u00f3n General de Cultura de la Generalitat Valenciana, est\u00e1 integrado en esta novena edici\u00f3n por Irene Mira Navarro, Universidad de Alicante, Josep Manuel Palomero Almela, Acad\u00e8mia Valenciana de la Llengua y Clara Ribatallada i Torell\u00f3, ganadora de la edici\u00f3n anterior. Ha seleccionado como obras finalistas una novela intensa sobre la familia, el amor y la capacidad de superaci\u00f3n; una novela creativa sobre una profesi\u00f3n sorprendente y una novela de aventuras sobre un hallazgo que nos transporta al pasado.<\/p>\n\n\n\n<p>Por su parte, el Jurado del \u201cPremi Carmelina S\u00e1nchez-Cutillas de Novel\u00b7la i Prosa Creativa\u201d, dotado con 5.000 \u20ac por la Fundaci\u00f3 Caixaltea, est\u00e1 integrado por \u00c0ngels Castell\u00f3 Mart\u00ednez, autora ganadora de la edici\u00f3n anterior, Antoni Maestre Brotons, Universidad de Alicante y Carme Manuel Cuenca, Acad\u00e8mia Valenciana de la Llengua. Deber\u00e1 elegir la obra ganadora entre una obra ensay\u00edstica escrita por una voz femenina que presenta una estructura sim\u00e9trica muy original, compuesta de meditaciones breves, de tem\u00e1tica variada y fragmentaria, que toma como leitmotiv los incendios; una novela ambientada en el siglo XVIII en las tierras del Ebro, donde se da a conocer la cotidianidad del peque\u00f1o pueblo al que llega la protagonista, quien narra con un estilo \u00edntimo su historia y en tercer lugar, el relato de una persona que se ve obligada a enfrentarse a un enemigo del pasado y que deber\u00e1 decidir entre el dilema de dejar atr\u00e1s el odio que le profesa u otorgarle el perd\u00f3n para reiniciar una vida libre de culpa.<\/p>\n\n\n\n<p><strong>Clara Castell\u00f3 y la Orquestra Blava<\/strong><\/p>\n\n\n\n<p>La gala de los \u201cIX Premis Altea de Literatura i Investigaci\u00f3\u201d ser\u00e1 conducida este a\u00f1o por la popular presentadora de \u201cLes not\u00edcies del mat\u00ed\u201d de la cadena televisiva auton\u00f3mica \u00c0 Punt, Clara Castell\u00f3. Donde no habr\u00e1 ninguna novedad, por supuesto, es en el grupo musical que amenizar\u00e1 el espect\u00e1culo. Como cada a\u00f1o, desde la primera edici\u00f3n de los \u201cPremis Altea\u201d, uno de los atractivos m\u00e1ximos de la cena de gala de los \u201cPremis\u201d ser\u00e1 la banda sonora del evento, interpretada en directo por los m\u00fasicos de la \u201cOrquestra Blava\u201d, una formaci\u00f3n a caballo entre las antiguas orquestas de jazz y las bigbands actuales, que bebe de una tradici\u00f3n musical aut\u00f3ctona que se origina en el repertorio de la m\u00edtica Orquesta Azul de Altea.<\/p>\n\n\n\n<p><strong>Ant\u00f2nia Consuelo Orozco, premio \u201cEstela d\u2019Honor\u201d<\/strong><\/p>\n\n\n\n<p>El \u00fanico de los premios que no ofrece ninguna posibilidad de sorpresa es el \u201cPremi Estela de Honor\u201d, en reconocimiento a la memoria de una personalidad relevante en el \u00e1mbito de la literatura, el arte o el conocimiento. En la edici\u00f3n de este a\u00f1o los \u201cPremis Altea\u201d homenajear\u00e1n, con la concesi\u00f3n de este premio, el trabajo docente y la memoria de Antonia Consuelo Orozco. Do\u00f1a Antonia, que es como cari\u00f1osamente era conocida en Altea. Fue una de las tres primeras mujeres en licenciarse en Ciencias, Secci\u00f3n Qu\u00edmicas, por la \u201cUniversitat de Val\u00e8ncia\u201d, en 1926. Durante muchos a\u00f1os ejerci\u00f3 como profesora de ciencias y directora del Colegio Libre Adoptado, CLA, de Altea y fue, tambi\u00e9n, la primera directora del Instituto de Bachillerato de Altea, cuando se cre\u00f3 en 1973.<\/p>\n\n\n\n<p><strong>Un regalo en forma de libro<\/strong><\/p>\n\n\n\n<p>Adem\u00e1s, en la gala de 2025 se dar\u00e1 a conocer la obra Llotges, porxos i riuraus. G\u00e8nesi i desenvolupament de les arquitectures porticades valencianes, de Miguel del Rey Aynat, reci\u00e9n publicado por el Instituto Alicantino de Cultura Juan Gil-Albert. De hecho, todas las personas asistentes a la gala ser\u00e1n obsequiadas con un ejemplar de este lujoso volumen, que fue merecedor en su d\u00eda del \u201cPremi d\u2019Assaig i Investigaci\u00f3 Francesc Mart\u00ednez i Mart\u00ednez\u201d de los \u201cPremis Altea\u201d.<\/p>\n\n\n\n<p><strong>Instituciones colaboradoras<\/strong><\/p>\n\n\n\n<p>Los \u201cPremis Altea de Literatura i Investigaci\u00f3\u201d, convocados por el Ayuntamiento de Altea, son posibles gracias a la colaboraci\u00f3n entre este Ayuntamiento y la Fundaci\u00f3 Caixaltea, entidad patrocinadora del \u201cPremi Carmelina\u201d, la Acad\u00e8mia Valenciana de la Llengua, Aila Edicions, el Instituto Alicantino de Cultura Juan Gil-Albert de la Diputaci\u00f3n de Alicante, la C\u00e0tedra Enric Valor de la Universitat d\u2019Alacant y la Conselleria d\u2019Educaci\u00f3, Cultura i Esport de la Generalitat Valenciana.<\/p>\n\n\n\n<p>| ALTEADIGITAL.ES<\/p>\n","protected":false},"excerpt":{"rendered":"<p>Participaci\u00f3n de r\u00e9cord con 128 originales. Los diferentes jurados de las tres modalidades objeto de concurso en los \u201cIX [&hellip;]<\/p>\n","protected":false},"author":1,"featured_media":34011,"comment_status":"open","ping_status":"open","sticky":false,"template":"","format":"standard","meta":{"_expiration-date-status":"","_expiration-date":0,"_expiration-date-type":"","_expiration-date-categories":[],"_expiration-date-options":[],"footnotes":""},"yoast_head":"<!-- This site is optimized with the Yoast SEO plugin v22.8 - https:\/\/yoast.com\/wordpress\/plugins\/seo\/ -->\n<title>Los \u201cPremis Altea\u201d 2025 ya tienen finalistas - Altea Cultural<\/title>\n<meta name=\"robots\" content=\"index, follow, max-snippet:-1, max-image-preview:large, max-video-preview:-1\" \/>\n<link rel=\"canonical\" href=\"https:\/\/www.alteacultural.com\/es\/2025\/04\/08\/els-premis-altea-2025-ja-tenen-finalistes\/\" \/>\n<meta property=\"og:locale\" content=\"es_ES\" \/>\n<meta property=\"og:type\" content=\"article\" \/>\n<meta property=\"og:title\" content=\"Los \u201cPremis Altea\u201d 2025 ya tienen finalistas - Altea Cultural\" \/>\n<meta property=\"og:description\" content=\"Participaci\u00f3n de r\u00e9cord con 128 originales. Los diferentes jurados de las tres modalidades objeto de concurso en los \u201cIX [&hellip;]\" \/>\n<meta property=\"og:url\" content=\"https:\/\/www.alteacultural.com\/es\/2025\/04\/08\/els-premis-altea-2025-ja-tenen-finalistes\/\" \/>\n<meta property=\"og:site_name\" content=\"Altea Cultural\" \/>\n<meta property=\"article:published_time\" content=\"2025-04-08T06:35:32+00:00\" \/>\n<meta property=\"article:modified_time\" content=\"2025-04-13T06:32:37+00:00\" \/>\n<meta property=\"og:image\" content=\"https:\/\/www.alteacultural.com\/wp-content\/uploads\/2024\/12\/Premis_Altea_Literatura_i_Investigacio_2025_banner.jpg\" \/>\n\t<meta property=\"og:image:width\" content=\"1022\" \/>\n\t<meta property=\"og:image:height\" content=\"300\" \/>\n\t<meta property=\"og:image:type\" content=\"image\/jpeg\" \/>\n<meta name=\"author\" content=\"sfaltea.com-admin\" \/>\n<meta name=\"twitter:card\" content=\"summary_large_image\" \/>\n<meta name=\"twitter:label1\" content=\"Escrito por\" \/>\n\t<meta name=\"twitter:data1\" content=\"sfaltea.com-admin\" \/>\n\t<meta name=\"twitter:label2\" content=\"Tiempo de lectura\" \/>\n\t<meta name=\"twitter:data2\" content=\"6 minutos\" \/>\n<script type=\"application\/ld+json\" class=\"yoast-schema-graph\">{\"@context\":\"https:\/\/schema.org\",\"@graph\":[{\"@type\":\"WebPage\",\"@id\":\"https:\/\/www.alteacultural.com\/es\/2025\/04\/08\/els-premis-altea-2025-ja-tenen-finalistes\/\",\"url\":\"https:\/\/www.alteacultural.com\/es\/2025\/04\/08\/els-premis-altea-2025-ja-tenen-finalistes\/\",\"name\":\"Los \u201cPremis Altea\u201d 2025 ya tienen finalistas - Altea Cultural\",\"isPartOf\":{\"@id\":\"https:\/\/www.alteacultural.com\/es\/#website\"},\"primaryImageOfPage\":{\"@id\":\"https:\/\/www.alteacultural.com\/es\/2025\/04\/08\/els-premis-altea-2025-ja-tenen-finalistes\/#primaryimage\"},\"image\":{\"@id\":\"https:\/\/www.alteacultural.com\/es\/2025\/04\/08\/els-premis-altea-2025-ja-tenen-finalistes\/#primaryimage\"},\"thumbnailUrl\":\"https:\/\/www.alteacultural.com\/wp-content\/uploads\/2024\/12\/Premis_Altea_Literatura_i_Investigacio_2025_banner.jpg\",\"datePublished\":\"2025-04-08T06:35:32+00:00\",\"dateModified\":\"2025-04-13T06:32:37+00:00\",\"author\":{\"@id\":\"https:\/\/www.alteacultural.com\/es\/#\/schema\/person\/c4e137537f1af546d214a315255e5172\"},\"breadcrumb\":{\"@id\":\"https:\/\/www.alteacultural.com\/es\/2025\/04\/08\/els-premis-altea-2025-ja-tenen-finalistes\/#breadcrumb\"},\"inLanguage\":\"es\",\"potentialAction\":[{\"@type\":\"ReadAction\",\"target\":[\"https:\/\/www.alteacultural.com\/es\/2025\/04\/08\/els-premis-altea-2025-ja-tenen-finalistes\/\"]}]},{\"@type\":\"ImageObject\",\"inLanguage\":\"es\",\"@id\":\"https:\/\/www.alteacultural.com\/es\/2025\/04\/08\/els-premis-altea-2025-ja-tenen-finalistes\/#primaryimage\",\"url\":\"https:\/\/www.alteacultural.com\/wp-content\/uploads\/2024\/12\/Premis_Altea_Literatura_i_Investigacio_2025_banner.jpg\",\"contentUrl\":\"https:\/\/www.alteacultural.com\/wp-content\/uploads\/2024\/12\/Premis_Altea_Literatura_i_Investigacio_2025_banner.jpg\",\"width\":1022,\"height\":300},{\"@type\":\"BreadcrumbList\",\"@id\":\"https:\/\/www.alteacultural.com\/es\/2025\/04\/08\/els-premis-altea-2025-ja-tenen-finalistes\/#breadcrumb\",\"itemListElement\":[{\"@type\":\"ListItem\",\"position\":1,\"name\":\"Inici\",\"item\":\"https:\/\/www.alteacultural.com\/es\/\"},{\"@type\":\"ListItem\",\"position\":2,\"name\":\"Los \u201cPremis Altea\u201d 2025 ya tienen finalistas\"}]},{\"@type\":\"WebSite\",\"@id\":\"https:\/\/www.alteacultural.com\/es\/#website\",\"url\":\"https:\/\/www.alteacultural.com\/es\/\",\"name\":\"Altea Cultural\",\"description\":\"Regidoria de Cultura de l&#039;Ajuntament d&#039;Altea\",\"potentialAction\":[{\"@type\":\"SearchAction\",\"target\":{\"@type\":\"EntryPoint\",\"urlTemplate\":\"https:\/\/www.alteacultural.com\/es\/?s={search_term_string}\"},\"query-input\":\"required name=search_term_string\"}],\"inLanguage\":\"es\"},{\"@type\":\"Person\",\"@id\":\"https:\/\/www.alteacultural.com\/es\/#\/schema\/person\/c4e137537f1af546d214a315255e5172\",\"name\":\"sfaltea.com-admin\",\"image\":{\"@type\":\"ImageObject\",\"inLanguage\":\"es\",\"@id\":\"https:\/\/www.alteacultural.com\/es\/#\/schema\/person\/image\/\",\"url\":\"https:\/\/secure.gravatar.com\/avatar\/f7473fa2fbd351270ccfd469de536202?s=96&d=mm&r=g\",\"contentUrl\":\"https:\/\/secure.gravatar.com\/avatar\/f7473fa2fbd351270ccfd469de536202?s=96&d=mm&r=g\",\"caption\":\"sfaltea.com-admin\"},\"url\":\"https:\/\/www.alteacultural.com\/es\/author\/sfaltea-com-admin\/\"}]}<\/script>\n<!-- \/ Yoast SEO plugin. -->","yoast_head_json":{"title":"Los \u201cPremis Altea\u201d 2025 ya tienen finalistas - Altea Cultural","robots":{"index":"index","follow":"follow","max-snippet":"max-snippet:-1","max-image-preview":"max-image-preview:large","max-video-preview":"max-video-preview:-1"},"canonical":"https:\/\/www.alteacultural.com\/es\/2025\/04\/08\/els-premis-altea-2025-ja-tenen-finalistes\/","og_locale":"es_ES","og_type":"article","og_title":"Los \u201cPremis Altea\u201d 2025 ya tienen finalistas - Altea Cultural","og_description":"Participaci\u00f3n de r\u00e9cord con 128 originales. Los diferentes jurados de las tres modalidades objeto de concurso en los \u201cIX [&hellip;]","og_url":"https:\/\/www.alteacultural.com\/es\/2025\/04\/08\/els-premis-altea-2025-ja-tenen-finalistes\/","og_site_name":"Altea Cultural","article_published_time":"2025-04-08T06:35:32+00:00","article_modified_time":"2025-04-13T06:32:37+00:00","og_image":[{"width":1022,"height":300,"url":"https:\/\/www.alteacultural.com\/wp-content\/uploads\/2024\/12\/Premis_Altea_Literatura_i_Investigacio_2025_banner.jpg","type":"image\/jpeg"}],"author":"sfaltea.com-admin","twitter_card":"summary_large_image","twitter_misc":{"Escrito por":"sfaltea.com-admin","Tiempo de lectura":"6 minutos"},"schema":{"@context":"https:\/\/schema.org","@graph":[{"@type":"WebPage","@id":"https:\/\/www.alteacultural.com\/es\/2025\/04\/08\/els-premis-altea-2025-ja-tenen-finalistes\/","url":"https:\/\/www.alteacultural.com\/es\/2025\/04\/08\/els-premis-altea-2025-ja-tenen-finalistes\/","name":"Los \u201cPremis Altea\u201d 2025 ya tienen finalistas - Altea Cultural","isPartOf":{"@id":"https:\/\/www.alteacultural.com\/es\/#website"},"primaryImageOfPage":{"@id":"https:\/\/www.alteacultural.com\/es\/2025\/04\/08\/els-premis-altea-2025-ja-tenen-finalistes\/#primaryimage"},"image":{"@id":"https:\/\/www.alteacultural.com\/es\/2025\/04\/08\/els-premis-altea-2025-ja-tenen-finalistes\/#primaryimage"},"thumbnailUrl":"https:\/\/www.alteacultural.com\/wp-content\/uploads\/2024\/12\/Premis_Altea_Literatura_i_Investigacio_2025_banner.jpg","datePublished":"2025-04-08T06:35:32+00:00","dateModified":"2025-04-13T06:32:37+00:00","author":{"@id":"https:\/\/www.alteacultural.com\/es\/#\/schema\/person\/c4e137537f1af546d214a315255e5172"},"breadcrumb":{"@id":"https:\/\/www.alteacultural.com\/es\/2025\/04\/08\/els-premis-altea-2025-ja-tenen-finalistes\/#breadcrumb"},"inLanguage":"es","potentialAction":[{"@type":"ReadAction","target":["https:\/\/www.alteacultural.com\/es\/2025\/04\/08\/els-premis-altea-2025-ja-tenen-finalistes\/"]}]},{"@type":"ImageObject","inLanguage":"es","@id":"https:\/\/www.alteacultural.com\/es\/2025\/04\/08\/els-premis-altea-2025-ja-tenen-finalistes\/#primaryimage","url":"https:\/\/www.alteacultural.com\/wp-content\/uploads\/2024\/12\/Premis_Altea_Literatura_i_Investigacio_2025_banner.jpg","contentUrl":"https:\/\/www.alteacultural.com\/wp-content\/uploads\/2024\/12\/Premis_Altea_Literatura_i_Investigacio_2025_banner.jpg","width":1022,"height":300},{"@type":"BreadcrumbList","@id":"https:\/\/www.alteacultural.com\/es\/2025\/04\/08\/els-premis-altea-2025-ja-tenen-finalistes\/#breadcrumb","itemListElement":[{"@type":"ListItem","position":1,"name":"Inici","item":"https:\/\/www.alteacultural.com\/es\/"},{"@type":"ListItem","position":2,"name":"Los \u201cPremis Altea\u201d 2025 ya tienen finalistas"}]},{"@type":"WebSite","@id":"https:\/\/www.alteacultural.com\/es\/#website","url":"https:\/\/www.alteacultural.com\/es\/","name":"Altea Cultural","description":"Regidoria de Cultura de l&#039;Ajuntament d&#039;Altea","potentialAction":[{"@type":"SearchAction","target":{"@type":"EntryPoint","urlTemplate":"https:\/\/www.alteacultural.com\/es\/?s={search_term_string}"},"query-input":"required name=search_term_string"}],"inLanguage":"es"},{"@type":"Person","@id":"https:\/\/www.alteacultural.com\/es\/#\/schema\/person\/c4e137537f1af546d214a315255e5172","name":"sfaltea.com-admin","image":{"@type":"ImageObject","inLanguage":"es","@id":"https:\/\/www.alteacultural.com\/es\/#\/schema\/person\/image\/","url":"https:\/\/secure.gravatar.com\/avatar\/f7473fa2fbd351270ccfd469de536202?s=96&d=mm&r=g","contentUrl":"https:\/\/secure.gravatar.com\/avatar\/f7473fa2fbd351270ccfd469de536202?s=96&d=mm&r=g","caption":"sfaltea.com-admin"},"url":"https:\/\/www.alteacultural.com\/es\/author\/sfaltea-com-admin\/"}]}},"_links":{"self":[{"href":"https:\/\/www.alteacultural.com\/es\/wp-json\/wp\/v2\/posts\/35613"}],"collection":[{"href":"https:\/\/www.alteacultural.com\/es\/wp-json\/wp\/v2\/posts"}],"about":[{"href":"https:\/\/www.alteacultural.com\/es\/wp-json\/wp\/v2\/types\/post"}],"author":[{"embeddable":true,"href":"https:\/\/www.alteacultural.com\/es\/wp-json\/wp\/v2\/users\/1"}],"replies":[{"embeddable":true,"href":"https:\/\/www.alteacultural.com\/es\/wp-json\/wp\/v2\/comments?post=35613"}],"version-history":[{"count":1,"href":"https:\/\/www.alteacultural.com\/es\/wp-json\/wp\/v2\/posts\/35613\/revisions"}],"predecessor-version":[{"id":35615,"href":"https:\/\/www.alteacultural.com\/es\/wp-json\/wp\/v2\/posts\/35613\/revisions\/35615"}],"wp:featuredmedia":[{"embeddable":true,"href":"https:\/\/www.alteacultural.com\/es\/wp-json\/wp\/v2\/media\/34011"}],"wp:attachment":[{"href":"https:\/\/www.alteacultural.com\/es\/wp-json\/wp\/v2\/media?parent=35613"}],"curies":[{"name":"wp","href":"https:\/\/api.w.org\/{rel}","templated":true}]}}