{"id":35662,"date":"2025-04-14T09:50:40","date_gmt":"2025-04-14T07:50:40","guid":{"rendered":"https:\/\/www.alteacultural.com\/2025\/04\/14\/altea-la-vella-tambe-tindra-escenes-congelades-al-seu-via-crucis\/"},"modified":"2025-04-18T09:47:34","modified_gmt":"2025-04-18T07:47:34","slug":"altea-la-vella-tambe-tindra-escenes-congelades-al-seu-via-crucis","status":"publish","type":"post","link":"https:\/\/www.alteacultural.com\/es\/2025\/04\/14\/altea-la-vella-tambe-tindra-escenes-congelades-al-seu-via-crucis\/","title":{"rendered":"Altea la Vella tambi\u00e9n tendr\u00e1 escenas congeladas en su V\u00eda Crucis"},"content":{"rendered":"\n<figure class=\"wp-block-image size-full\"><img fetchpriority=\"high\" decoding=\"async\" width=\"1028\" height=\"810\" src=\"https:\/\/www.alteacultural.com\/wp-content\/uploads\/2025\/04\/RP-Pla-i-Reves-Setmana-Santa-web.jpg\" alt=\"\" class=\"wp-image-35659\" srcset=\"https:\/\/www.alteacultural.com\/wp-content\/uploads\/2025\/04\/RP-Pla-i-Reves-Setmana-Santa-web.jpg 1028w, https:\/\/www.alteacultural.com\/wp-content\/uploads\/2025\/04\/RP-Pla-i-Reves-Setmana-Santa-web-768x605.jpg 768w\" sizes=\"(max-width: 1028px) 100vw, 1028px\" \/><\/figure>\n\n\n\n<p><\/p>\n\n\n\n<p><strong>Pla i Rev\u00e9s y Cultura presentan novedades en las representaciones de la Semana Santa alteana.<\/strong><\/p>\n\n\n\n<p>En la ma\u00f1ana de hoy, la edil de Cultura, Pepa V. P\u00e9rez y los integrantes de Pla i Rev\u00e9s, Sonia cabrera y Marian Mart\u00ednez, han dado a conocer las novedades que se dar\u00e1n en la Semana Santa alteana, en cuanto a la participaci\u00f3n del grupo de teatro local en el V\u00eda Crucis y la romer\u00eda del Domingo de Ramos.<\/p>\n\n\n\n<p>Como ha indicado la responsable municipal de Cultura, \u201cla principal novedad de este a\u00f1o es que el V\u00eda Crucis de Altea la Vella tambi\u00e9n contar\u00e1 con escenas congeladas de los momentos vividos por Jes\u00fas de Nazaret desde su prendimiento hasta su crucifixi\u00f3n\u201d.<\/p>\n\n\n\n<p>El V\u00eda Crucis de Altea la Vella se celebra el Viernes Santo a las 12:00h en el espacio denominado \u201cEl Calvari\u201d. Lugar en el que est\u00e1n ubicadas las 14 Estaciones de la Cruz y en el que por primera vez Pla i Rev\u00e9s escenificar\u00e1 5 im\u00e1genes de la Pasi\u00f3n.<\/p>\n\n\n\n<p>\u201cDurante la Semana Santa alteana Pla i Rev\u00e9s est\u00e1 presente de diferentes modos y queremos darles la visibilidad que se merecen ya que tienen una figura bastante importante\u201d, ha comentado la edil de Cultura.<\/p>\n\n\n\n<p>De nuevo Pla i Rev\u00e9s participar\u00e1 en la Romer\u00eda del Domingo de Ramos, que conmemora la entrada triunfal de Jes\u00fas en Jerusal\u00e9n. Romer\u00eda que sale de la Iglesia de San Francisco y llega hasta la Parroquia Virgen del Consuelo. \u201cEn esta romer\u00eda saldr\u00e1n miembros de Pla i Rev\u00e9s vestidos de ap\u00f3stoles y de pueblo de Jerusal\u00e9n para acompa\u00f1ar a los participantes en la romer\u00eda\u201d, ha se\u00f1alado Sonia Cabrera, quien ha recordado que \u201cse trata de retomar una participaci\u00f3n que a\u00f1os atr\u00e1s se ven\u00eda haciendo\u201d.<\/p>\n\n\n\n<p>El Jueves Santo a las 00:00h Pla i Rev\u00e9s participar\u00e1, un a\u00f1o m\u00e1s, en el V\u00eda Crucis de Altea. \u201cEste a\u00f1o incorporamos la m\u00fasica en directo al V\u00eda Crucis\u201d. Ha desvelado Cabrera, quien ha explicado que \u201cen los a\u00f1os en que se representaba La Pasi\u00f3n, Jaime F. Mart\u00edns -Jimy- compuso una m\u00fasica para la Pasi\u00f3n. Una m\u00fasica que este a\u00f1o se va a recordar durante la \u00faltima de las escenas del Calvario\u201d.<\/p>\n\n\n\n<p>Respecto a las escenas congeladas, se podr\u00e1n disfrutar durante todo el trayecto del Calvario, y seg\u00fan los detalles ofrecidos por Cabrera, \u201chay preparados 5 Jesus diferentes para que cada uno est\u00e9 en una de las escenas\u201d. \u201cEste a\u00f1o ser\u00e1 excepcional a nivel musical porque es muy emotivo que al final del V\u00eda Crucis se puedan escuchar nueve m\u00fasicos de cuerda en directo\u201d. Ha declarado Sonia Cabrera, quien desea que guste.<\/p>\n\n\n\n<p>Y del V\u00eda Crucis de Altea la Vella ha hablado su impulsor, Marian Mart\u00ednez, quien ha explicado que se pueden compaginar las dos representaciones del V\u00eda Crucis porque una es Jueves Santo por la noche y la otra Viernes Santo por la ma\u00f1ana.<\/p>\n\n\n\n<p>\u201cQueremos darle visibilidad al V\u00eda Crucis de Altea la Vella para animar a que participe m\u00e1s gente\u201d. \u201cCreo que esta es una manera de incentivar a la gente a que venga y participe y darle vida a un acto relevante de la Semana Santa religiosa\u201d. Ha comentado Mart\u00ednez, quien ha reconocido que no contar\u00e1 con la espectacularidad del V\u00eda Crucis de Altea porque este al celebrarse por la noche se juega con las luces y los fuegos artificiales, pero si contar\u00e1 con sus peculiaridades. \u201cSer\u00e1n 5 escenas y espero que tenga \u00e9xito\u201d. Ha concluido Marian Mart\u00ednez, pero no sin antes invitar a las personas que lo deseen a participar en la representaci\u00f3n.<\/p>\n\n\n\n<figure class=\"wp-block-image size-full\"><img decoding=\"async\" width=\"1754\" height=\"2480\" data-src=\"https:\/\/www.alteacultural.com\/wp-content\/uploads\/2025\/04\/SEMANA-SANTA-ALTEANA-FLYER_CAS_ret2-01.jpg\" alt=\"\" class=\"wp-image-35588 lazyload\" data-srcset=\"https:\/\/www.alteacultural.com\/wp-content\/uploads\/2025\/04\/SEMANA-SANTA-ALTEANA-FLYER_CAS_ret2-01.jpg 1754w, https:\/\/www.alteacultural.com\/wp-content\/uploads\/2025\/04\/SEMANA-SANTA-ALTEANA-FLYER_CAS_ret2-01-768x1086.jpg 768w, https:\/\/www.alteacultural.com\/wp-content\/uploads\/2025\/04\/SEMANA-SANTA-ALTEANA-FLYER_CAS_ret2-01-1086x1536.jpg 1086w, https:\/\/www.alteacultural.com\/wp-content\/uploads\/2025\/04\/SEMANA-SANTA-ALTEANA-FLYER_CAS_ret2-01-1448x2048.jpg 1448w\" data-sizes=\"(max-width: 1754px) 100vw, 1754px\" src=\"data:image\/gif;base64,R0lGODlhAQABAAAAACH5BAEKAAEALAAAAAABAAEAAAICTAEAOw==\" style=\"--smush-placeholder-width: 1754px; --smush-placeholder-aspect-ratio: 1754\/2480;\" \/><\/figure>\n\n\n\n<p>| ALTEADIGITAL.ES<\/p>\n","protected":false},"excerpt":{"rendered":"<p>Pla i Rev\u00e9s y Cultura presentan novedades en las representaciones de la Semana Santa alteana. En la ma\u00f1ana de [&hellip;]<\/p>\n","protected":false},"author":1,"featured_media":35590,"comment_status":"open","ping_status":"open","sticky":false,"template":"","format":"standard","meta":{"_expiration-date-status":"","_expiration-date":0,"_expiration-date-type":"","_expiration-date-categories":[],"_expiration-date-options":[],"footnotes":""},"yoast_head":"<!-- This site is optimized with the Yoast SEO plugin v22.8 - https:\/\/yoast.com\/wordpress\/plugins\/seo\/ -->\n<title>Altea la Vella tambi\u00e9n tendr\u00e1 escenas congeladas en su V\u00eda Crucis - Altea Cultural<\/title>\n<meta name=\"robots\" content=\"index, follow, max-snippet:-1, max-image-preview:large, max-video-preview:-1\" \/>\n<link rel=\"canonical\" href=\"https:\/\/www.alteacultural.com\/es\/2025\/04\/14\/altea-la-vella-tambe-tindra-escenes-congelades-al-seu-via-crucis\/\" \/>\n<meta property=\"og:locale\" content=\"es_ES\" \/>\n<meta property=\"og:type\" content=\"article\" \/>\n<meta property=\"og:title\" content=\"Altea la Vella tambi\u00e9n tendr\u00e1 escenas congeladas en su V\u00eda Crucis - Altea Cultural\" \/>\n<meta property=\"og:description\" content=\"Pla i Rev\u00e9s y Cultura presentan novedades en las representaciones de la Semana Santa alteana. En la ma\u00f1ana de [&hellip;]\" \/>\n<meta property=\"og:url\" content=\"https:\/\/www.alteacultural.com\/es\/2025\/04\/14\/altea-la-vella-tambe-tindra-escenes-congelades-al-seu-via-crucis\/\" \/>\n<meta property=\"og:site_name\" content=\"Altea Cultural\" \/>\n<meta property=\"article:published_time\" content=\"2025-04-14T07:50:40+00:00\" \/>\n<meta property=\"article:modified_time\" content=\"2025-04-18T07:47:34+00:00\" \/>\n<meta property=\"og:image\" content=\"https:\/\/www.alteacultural.com\/wp-content\/uploads\/2025\/04\/2025-04-17_Calvari_cas_banner.jpg\" \/>\n\t<meta property=\"og:image:width\" content=\"1746\" \/>\n\t<meta property=\"og:image:height\" content=\"469\" \/>\n\t<meta property=\"og:image:type\" content=\"image\/jpeg\" \/>\n<meta name=\"author\" content=\"sfaltea.com-admin\" \/>\n<meta name=\"twitter:card\" content=\"summary_large_image\" \/>\n<meta name=\"twitter:label1\" content=\"Escrito por\" \/>\n\t<meta name=\"twitter:data1\" content=\"sfaltea.com-admin\" \/>\n\t<meta name=\"twitter:label2\" content=\"Tiempo de lectura\" \/>\n\t<meta name=\"twitter:data2\" content=\"4 minutos\" \/>\n<script type=\"application\/ld+json\" class=\"yoast-schema-graph\">{\"@context\":\"https:\/\/schema.org\",\"@graph\":[{\"@type\":\"WebPage\",\"@id\":\"https:\/\/www.alteacultural.com\/es\/2025\/04\/14\/altea-la-vella-tambe-tindra-escenes-congelades-al-seu-via-crucis\/\",\"url\":\"https:\/\/www.alteacultural.com\/es\/2025\/04\/14\/altea-la-vella-tambe-tindra-escenes-congelades-al-seu-via-crucis\/\",\"name\":\"Altea la Vella tambi\u00e9n tendr\u00e1 escenas congeladas en su V\u00eda Crucis - Altea Cultural\",\"isPartOf\":{\"@id\":\"https:\/\/www.alteacultural.com\/es\/#website\"},\"primaryImageOfPage\":{\"@id\":\"https:\/\/www.alteacultural.com\/es\/2025\/04\/14\/altea-la-vella-tambe-tindra-escenes-congelades-al-seu-via-crucis\/#primaryimage\"},\"image\":{\"@id\":\"https:\/\/www.alteacultural.com\/es\/2025\/04\/14\/altea-la-vella-tambe-tindra-escenes-congelades-al-seu-via-crucis\/#primaryimage\"},\"thumbnailUrl\":\"https:\/\/www.alteacultural.com\/wp-content\/uploads\/2025\/04\/2025-04-17_Calvari_cas_banner.jpg\",\"datePublished\":\"2025-04-14T07:50:40+00:00\",\"dateModified\":\"2025-04-18T07:47:34+00:00\",\"author\":{\"@id\":\"https:\/\/www.alteacultural.com\/es\/#\/schema\/person\/c4e137537f1af546d214a315255e5172\"},\"breadcrumb\":{\"@id\":\"https:\/\/www.alteacultural.com\/es\/2025\/04\/14\/altea-la-vella-tambe-tindra-escenes-congelades-al-seu-via-crucis\/#breadcrumb\"},\"inLanguage\":\"es\",\"potentialAction\":[{\"@type\":\"ReadAction\",\"target\":[\"https:\/\/www.alteacultural.com\/es\/2025\/04\/14\/altea-la-vella-tambe-tindra-escenes-congelades-al-seu-via-crucis\/\"]}]},{\"@type\":\"ImageObject\",\"inLanguage\":\"es\",\"@id\":\"https:\/\/www.alteacultural.com\/es\/2025\/04\/14\/altea-la-vella-tambe-tindra-escenes-congelades-al-seu-via-crucis\/#primaryimage\",\"url\":\"https:\/\/www.alteacultural.com\/wp-content\/uploads\/2025\/04\/2025-04-17_Calvari_cas_banner.jpg\",\"contentUrl\":\"https:\/\/www.alteacultural.com\/wp-content\/uploads\/2025\/04\/2025-04-17_Calvari_cas_banner.jpg\",\"width\":1746,\"height\":469},{\"@type\":\"BreadcrumbList\",\"@id\":\"https:\/\/www.alteacultural.com\/es\/2025\/04\/14\/altea-la-vella-tambe-tindra-escenes-congelades-al-seu-via-crucis\/#breadcrumb\",\"itemListElement\":[{\"@type\":\"ListItem\",\"position\":1,\"name\":\"Inici\",\"item\":\"https:\/\/www.alteacultural.com\/es\/\"},{\"@type\":\"ListItem\",\"position\":2,\"name\":\"Altea la Vella tambi\u00e9n tendr\u00e1 escenas congeladas en su V\u00eda Crucis\"}]},{\"@type\":\"WebSite\",\"@id\":\"https:\/\/www.alteacultural.com\/es\/#website\",\"url\":\"https:\/\/www.alteacultural.com\/es\/\",\"name\":\"Altea Cultural\",\"description\":\"Regidoria de Cultura de l&#039;Ajuntament d&#039;Altea\",\"potentialAction\":[{\"@type\":\"SearchAction\",\"target\":{\"@type\":\"EntryPoint\",\"urlTemplate\":\"https:\/\/www.alteacultural.com\/es\/?s={search_term_string}\"},\"query-input\":\"required name=search_term_string\"}],\"inLanguage\":\"es\"},{\"@type\":\"Person\",\"@id\":\"https:\/\/www.alteacultural.com\/es\/#\/schema\/person\/c4e137537f1af546d214a315255e5172\",\"name\":\"sfaltea.com-admin\",\"image\":{\"@type\":\"ImageObject\",\"inLanguage\":\"es\",\"@id\":\"https:\/\/www.alteacultural.com\/es\/#\/schema\/person\/image\/\",\"url\":\"https:\/\/secure.gravatar.com\/avatar\/f7473fa2fbd351270ccfd469de536202?s=96&d=mm&r=g\",\"contentUrl\":\"https:\/\/secure.gravatar.com\/avatar\/f7473fa2fbd351270ccfd469de536202?s=96&d=mm&r=g\",\"caption\":\"sfaltea.com-admin\"},\"url\":\"https:\/\/www.alteacultural.com\/es\/author\/sfaltea-com-admin\/\"}]}<\/script>\n<!-- \/ Yoast SEO plugin. -->","yoast_head_json":{"title":"Altea la Vella tambi\u00e9n tendr\u00e1 escenas congeladas en su V\u00eda Crucis - Altea Cultural","robots":{"index":"index","follow":"follow","max-snippet":"max-snippet:-1","max-image-preview":"max-image-preview:large","max-video-preview":"max-video-preview:-1"},"canonical":"https:\/\/www.alteacultural.com\/es\/2025\/04\/14\/altea-la-vella-tambe-tindra-escenes-congelades-al-seu-via-crucis\/","og_locale":"es_ES","og_type":"article","og_title":"Altea la Vella tambi\u00e9n tendr\u00e1 escenas congeladas en su V\u00eda Crucis - Altea Cultural","og_description":"Pla i Rev\u00e9s y Cultura presentan novedades en las representaciones de la Semana Santa alteana. En la ma\u00f1ana de [&hellip;]","og_url":"https:\/\/www.alteacultural.com\/es\/2025\/04\/14\/altea-la-vella-tambe-tindra-escenes-congelades-al-seu-via-crucis\/","og_site_name":"Altea Cultural","article_published_time":"2025-04-14T07:50:40+00:00","article_modified_time":"2025-04-18T07:47:34+00:00","og_image":[{"width":1746,"height":469,"url":"https:\/\/www.alteacultural.com\/wp-content\/uploads\/2025\/04\/2025-04-17_Calvari_cas_banner.jpg","type":"image\/jpeg"}],"author":"sfaltea.com-admin","twitter_card":"summary_large_image","twitter_misc":{"Escrito por":"sfaltea.com-admin","Tiempo de lectura":"4 minutos"},"schema":{"@context":"https:\/\/schema.org","@graph":[{"@type":"WebPage","@id":"https:\/\/www.alteacultural.com\/es\/2025\/04\/14\/altea-la-vella-tambe-tindra-escenes-congelades-al-seu-via-crucis\/","url":"https:\/\/www.alteacultural.com\/es\/2025\/04\/14\/altea-la-vella-tambe-tindra-escenes-congelades-al-seu-via-crucis\/","name":"Altea la Vella tambi\u00e9n tendr\u00e1 escenas congeladas en su V\u00eda Crucis - Altea Cultural","isPartOf":{"@id":"https:\/\/www.alteacultural.com\/es\/#website"},"primaryImageOfPage":{"@id":"https:\/\/www.alteacultural.com\/es\/2025\/04\/14\/altea-la-vella-tambe-tindra-escenes-congelades-al-seu-via-crucis\/#primaryimage"},"image":{"@id":"https:\/\/www.alteacultural.com\/es\/2025\/04\/14\/altea-la-vella-tambe-tindra-escenes-congelades-al-seu-via-crucis\/#primaryimage"},"thumbnailUrl":"https:\/\/www.alteacultural.com\/wp-content\/uploads\/2025\/04\/2025-04-17_Calvari_cas_banner.jpg","datePublished":"2025-04-14T07:50:40+00:00","dateModified":"2025-04-18T07:47:34+00:00","author":{"@id":"https:\/\/www.alteacultural.com\/es\/#\/schema\/person\/c4e137537f1af546d214a315255e5172"},"breadcrumb":{"@id":"https:\/\/www.alteacultural.com\/es\/2025\/04\/14\/altea-la-vella-tambe-tindra-escenes-congelades-al-seu-via-crucis\/#breadcrumb"},"inLanguage":"es","potentialAction":[{"@type":"ReadAction","target":["https:\/\/www.alteacultural.com\/es\/2025\/04\/14\/altea-la-vella-tambe-tindra-escenes-congelades-al-seu-via-crucis\/"]}]},{"@type":"ImageObject","inLanguage":"es","@id":"https:\/\/www.alteacultural.com\/es\/2025\/04\/14\/altea-la-vella-tambe-tindra-escenes-congelades-al-seu-via-crucis\/#primaryimage","url":"https:\/\/www.alteacultural.com\/wp-content\/uploads\/2025\/04\/2025-04-17_Calvari_cas_banner.jpg","contentUrl":"https:\/\/www.alteacultural.com\/wp-content\/uploads\/2025\/04\/2025-04-17_Calvari_cas_banner.jpg","width":1746,"height":469},{"@type":"BreadcrumbList","@id":"https:\/\/www.alteacultural.com\/es\/2025\/04\/14\/altea-la-vella-tambe-tindra-escenes-congelades-al-seu-via-crucis\/#breadcrumb","itemListElement":[{"@type":"ListItem","position":1,"name":"Inici","item":"https:\/\/www.alteacultural.com\/es\/"},{"@type":"ListItem","position":2,"name":"Altea la Vella tambi\u00e9n tendr\u00e1 escenas congeladas en su V\u00eda Crucis"}]},{"@type":"WebSite","@id":"https:\/\/www.alteacultural.com\/es\/#website","url":"https:\/\/www.alteacultural.com\/es\/","name":"Altea Cultural","description":"Regidoria de Cultura de l&#039;Ajuntament d&#039;Altea","potentialAction":[{"@type":"SearchAction","target":{"@type":"EntryPoint","urlTemplate":"https:\/\/www.alteacultural.com\/es\/?s={search_term_string}"},"query-input":"required name=search_term_string"}],"inLanguage":"es"},{"@type":"Person","@id":"https:\/\/www.alteacultural.com\/es\/#\/schema\/person\/c4e137537f1af546d214a315255e5172","name":"sfaltea.com-admin","image":{"@type":"ImageObject","inLanguage":"es","@id":"https:\/\/www.alteacultural.com\/es\/#\/schema\/person\/image\/","url":"https:\/\/secure.gravatar.com\/avatar\/f7473fa2fbd351270ccfd469de536202?s=96&d=mm&r=g","contentUrl":"https:\/\/secure.gravatar.com\/avatar\/f7473fa2fbd351270ccfd469de536202?s=96&d=mm&r=g","caption":"sfaltea.com-admin"},"url":"https:\/\/www.alteacultural.com\/es\/author\/sfaltea-com-admin\/"}]}},"_links":{"self":[{"href":"https:\/\/www.alteacultural.com\/es\/wp-json\/wp\/v2\/posts\/35662"}],"collection":[{"href":"https:\/\/www.alteacultural.com\/es\/wp-json\/wp\/v2\/posts"}],"about":[{"href":"https:\/\/www.alteacultural.com\/es\/wp-json\/wp\/v2\/types\/post"}],"author":[{"embeddable":true,"href":"https:\/\/www.alteacultural.com\/es\/wp-json\/wp\/v2\/users\/1"}],"replies":[{"embeddable":true,"href":"https:\/\/www.alteacultural.com\/es\/wp-json\/wp\/v2\/comments?post=35662"}],"version-history":[{"count":1,"href":"https:\/\/www.alteacultural.com\/es\/wp-json\/wp\/v2\/posts\/35662\/revisions"}],"predecessor-version":[{"id":35664,"href":"https:\/\/www.alteacultural.com\/es\/wp-json\/wp\/v2\/posts\/35662\/revisions\/35664"}],"wp:featuredmedia":[{"embeddable":true,"href":"https:\/\/www.alteacultural.com\/es\/wp-json\/wp\/v2\/media\/35590"}],"wp:attachment":[{"href":"https:\/\/www.alteacultural.com\/es\/wp-json\/wp\/v2\/media?parent=35662"}],"curies":[{"name":"wp","href":"https:\/\/api.w.org\/{rel}","templated":true}]}}