{"id":35716,"date":"2025-04-16T10:31:41","date_gmt":"2025-04-16T08:31:41","guid":{"rendered":"https:\/\/www.alteacultural.com\/2025\/04\/16\/marc-pallares-nina-busquet-i-miriam-ruiz-guanyadors-de-premis-altea-2025\/"},"modified":"2025-04-21T10:20:01","modified_gmt":"2025-04-21T08:20:01","slug":"marc-pallares-nina-busquet-i-miriam-ruiz-guanyadors-de-premis-altea-2025","status":"publish","type":"post","link":"https:\/\/www.alteacultural.com\/es\/2025\/04\/16\/marc-pallares-nina-busquet-i-miriam-ruiz-guanyadors-de-premis-altea-2025\/","title":{"rendered":"Marc Pallar\u00e8s, Nina Busquet y M\u00edriam Ruiz ganadores de Premis Altea 2025"},"content":{"rendered":"\n<figure class=\"wp-block-image size-full\"><img fetchpriority=\"high\" decoding=\"async\" width=\"1028\" height=\"797\" src=\"https:\/\/www.alteacultural.com\/wp-content\/uploads\/2025\/04\/grup-web.jpg\" alt=\"\" class=\"wp-image-35699\" srcset=\"https:\/\/www.alteacultural.com\/wp-content\/uploads\/2025\/04\/grup-web.jpg 1028w, https:\/\/www.alteacultural.com\/wp-content\/uploads\/2025\/04\/grup-web-768x595.jpg 768w\" sizes=\"(max-width: 1028px) 100vw, 1028px\" \/><\/figure>\n\n\n\n<p><\/p>\n\n\n\n<p><strong>\u201cTotes les llums del temps\u201d, \u201cLa cuinera de noticies\u201d y \u201cF\u00e8nix dels antics, pare dels moderns: Ausi\u00e0s March a la cultura catalana i valenciana del segle XIX\u201d son las obras vencedoras de la presente edici\u00f3n de Premis Altea.<\/strong><\/p>\n\n\n\n<p>Los \u201cPremis Altea 2025\u201d ya tienen ganadores y se daban a conocer el pasado s\u00e1bado en la gala que ten\u00eda lugar, como es costumbre, la v\u00edspera del Domingo de Ramos en Palau Altea. En el mismo acto era homenajeada con el \u201cPremi Estela d\u2019Honor\u201d la profesora Antonia Consuelo Orozco. Tras una ardua tarea del jurado que compone cada edici\u00f3n de \u201cPremis Altea\u201d, uno por categor\u00eda, y con 128 originales presentados, los ganadores de este a\u00f1o han resultado ser: Marc Pallar\u00e9s Piquer con \u201cTotes les llums del temps\u201d con el \u201cPremi Carmelina S\u00e1nchez Cutillas de Novel.la i Prosa Creativa\u201d; Nina Busquet i Figueras con \u201cLa cuinera de noticies\u201d con el \u201cPremi Altea de Literatura Infantil i Juvenil\u201d y M\u00edriam Ruiz Ruano con el \u201cPremi d\u2019Assaig i Investigaci\u00f3 Francesc Mart\u00ednez i Mart\u00ednez con la obra \u201cF\u00e8nix dels antics, pare dels moderns: Ausi\u00e0s March a la cultura catalana i valenciana del segle XIX\u201d.<\/p>\n\n\n\n<figure class=\"wp-block-image size-full\"><img decoding=\"async\" width=\"1028\" height=\"660\" data-src=\"https:\/\/www.alteacultural.com\/wp-content\/uploads\/2025\/04\/Premiats-web.jpg\" alt=\"\" class=\"wp-image-35703 lazyload\" data-srcset=\"https:\/\/www.alteacultural.com\/wp-content\/uploads\/2025\/04\/Premiats-web.jpg 1028w, https:\/\/www.alteacultural.com\/wp-content\/uploads\/2025\/04\/Premiats-web-768x493.jpg 768w\" data-sizes=\"(max-width: 1028px) 100vw, 1028px\" src=\"data:image\/gif;base64,R0lGODlhAQABAAAAACH5BAEKAAEALAAAAAABAAEAAAICTAEAOw==\" style=\"--smush-placeholder-width: 1028px; --smush-placeholder-aspect-ratio: 1028\/660;\" \/><\/figure>\n\n\n\n<p><\/p>\n\n\n\n<p>Al inicio de la Gala, conducida por la popular periodista valenciana Clara Castell\u00f3 y tras la intervenci\u00f3n de Joan Borja, director de la C\u00e0tedra Enric Valor de la UA e impulsor de Premis Altea, era entregado el \u201cPremi Estela d\u2019Honor\u201d, a t\u00edtulo p\u00f3stumo, a la familia de Antonia Consuelo Orozco. Un trofeo que recog\u00eda su hijo Vicente Rico, que en su nombre y el sus hermanos, manifest\u00f3 sentirse agradecido y emocionado por el reconocimiento a su madre. \u201cEstamos seguros que nuestra madre estar\u00eda muy orgullosa de este reconocimiento que su Altea le hace\u201d. Apuntaba Rico, quien calificaba a su madres como \u201cuna madre excepcional y maravillosa que nos inculc\u00f3 desde muy peque\u00f1os sus valores como el respeto hacia los dem\u00e1s y tambi\u00e9n nos transmiti\u00f3 el esfuerzo por los estudios\u201d.<\/p>\n\n\n\n<p>El Premio Estela de Honor est\u00e1 concebido para reconocer y poner en valor la trayectoria de personalidades alteanas que, ya desaparecidas, han destacado y sobresalido en el \u00e1mbito de la literatura, el arte, la creatividad o la investigaci\u00f3n.<\/p>\n\n\n\n<p>La se\u00f1ora Antonia Consuelo Orozco, Do\u00f1a Antonia (nacida en Altea el 25 de agosto de 1908 y fallecida el 4 de abril de 1981), fue una mujer admirablemente avanzada a su tiempo: una verdadera pionera del conocimiento cient\u00edfico en un contexto en el que la formaci\u00f3n, la docencia y la investigaci\u00f3n universitarias eran un espacio generalmente reservado para los hombres. Al fin y al cabo, ella fue una de las tres primeras mujeres que pudo licenciarse en Ciencias (\u00abSecci\u00f3n Qu\u00edmicas\u00bb) por la Universitat de Val\u00e8ncia, en 1926. Y durante mucho tiempo, adem\u00e1s de ejercer como profesora de matem\u00e1ticas, dirigi\u00f3 con diligencia el Colegio Libre Adoptado (CLA) de Altea (entre 1964 y 1973), donde propici\u00f3 que toda una generaci\u00f3n de alteanas y alteanos adquiriese la formaci\u00f3n necesaria para afrontar con \u00e9xito la transici\u00f3n desde una sociedad preindustrial hasta la actual sociedad del conocimiento. Precisamente en calidad de directora del CLA, en 1973, cuando se inaugur\u00f3 el Instituto de Bachillerato de Altea \u2014el actual IES Bellaguarda\u2014, la se\u00f1ora Antonia Consuelo Orozco fue su primera directora.<\/p>\n\n\n\n<p>Era la edil de Cultura, Pepa Victoria P\u00e9rez la que hac\u00eda entrega del Premi Estela d\u2019Honor a Vicente Rico, pero no sin antes agradecer las colaboraciones institucionales con las que cuenta \u201cPremis Altea de Literatura i Investigaci\u00f3\u201d; al jurado por el arduo trabajo que han de realizar leyendo cada uno de los originales presentado y que este a\u00f1o han sido 128\u201d; a los presentes por su participaci\u00f3n y a Joan Borja por ser el impulsor y coordinador de \u201cPremis Altea\u201d, que cada a\u00f1o convierten a Altea, en v\u00edsperas del Domingo de Ramos, en la capital de las letras valencianas por unas horas.<\/p>\n\n\n\n<figure class=\"wp-block-image size-full\"><img decoding=\"async\" width=\"1028\" height=\"786\" data-src=\"https:\/\/www.alteacultural.com\/wp-content\/uploads\/2025\/04\/entrega-Estela-dhonor-web.jpg\" alt=\"\" class=\"wp-image-35701 lazyload\" data-srcset=\"https:\/\/www.alteacultural.com\/wp-content\/uploads\/2025\/04\/entrega-Estela-dhonor-web.jpg 1028w, https:\/\/www.alteacultural.com\/wp-content\/uploads\/2025\/04\/entrega-Estela-dhonor-web-768x587.jpg 768w\" data-sizes=\"(max-width: 1028px) 100vw, 1028px\" src=\"data:image\/gif;base64,R0lGODlhAQABAAAAACH5BAEKAAEALAAAAAABAAEAAAICTAEAOw==\" style=\"--smush-placeholder-width: 1028px; --smush-placeholder-aspect-ratio: 1028\/786;\" \/><\/figure>\n\n\n\n<p><\/p>\n\n\n\n<p>Realizado el homenaje a D\u00aa Antonia, como as\u00ed era conocida en Altea, continuaba la velada, amenizada por \u201cLa Orquestra Blava\u201d. Finalizada la cena, daba inicio la entrega de premios, comenzando por el \u201cPremi d\u2019Assaig i Investigaci\u00f3 Francesc Mart\u00ednez i Mart\u00ednez\u201d, patrocinado por el Instituto Alicantino de la Cultura Juan Gil-Albert, que en esta ocasi\u00f3n ha reca\u00eddo en M\u00edriam Ruiz Ruano, con su ensayo \u201cF\u00e8nix dels antics, pare dels moderns: Ausi\u00e0s March en la cultura catalana i valenciana del segle XIX\u201d. Era el la directora cultural del Gil-Albert, Cristina Mart\u00ednez \u00c1lvarez, la encargada de entregar el Trofeo Penell de Seraf\u00edn Cort\u00e9s.<\/p>\n\n\n\n<p>\u201cGanar el Premi d\u2019Assaig i Investigaci\u00f3 Francesc Mart\u00ednez i Mart\u00ednez es un impulso para mi investigaci\u00f3n acad\u00e9mica, centrada en el poeta valenciano m\u00e1s universal que tenemos: Ausi\u00e0s March. Uno de los aspectos que m\u00e1s valoro de haber sido premiada en el certamen de Altea es el hecho de tener no s\u00f3lo reconocimiento fuera de Catalu\u00f1a, sino tambi\u00e9n el de un jurado que representa la cultura valenciana. Teniendo en cuenta que se trata de un estudio sobre Ausi\u00e0s March, esto me parec\u00eda fundamental. Un cl\u00e1sico, como Ausi\u00e0s March, nos lee a nosotros, porque la forma en la que lo dotamos de sentido y lo explicamos delata nuestros valores y prejuicios como lectores individuales y tambi\u00e9n como comunidad. Desde esta perspectiva, el ensayo pretende explicar c\u00f3mo los sistemas literarios y culturales de Catalu\u00f1a y de Valencia han convertido a uno de sus autores en un cl\u00e1sico a lo largo del siglo XIX, es decir, a las puertas de la modernidad. \u00c9ste es un per\u00edodo crucial para el desarrollo pol\u00edtico y cultural de los territorios del dominio ling\u00fc\u00edstico catal\u00e1n, y cabe decir que Ausi\u00e0s March juega en el mismo un papel m\u00e1s que destacado. Lo que he querido explicar en las p\u00e1ginas de esta obra son precisamente los distintos procesos, estrategias y motivos que han utilizado nuestros intelectuales (cr\u00edticos, editores y poetas) para recuperar la figura y obra de March y convertirlo en un s\u00edmbolo identitario. En este sentido, el objetivo del ensayo no ha sido sino responder a la pregunta: \u00ab\u00bfC\u00f3mo nos hemos definido como sociedad?\u00bb declaraba Miriam Ruiz.<\/p>\n\n\n\n<figure class=\"wp-block-image size-full\"><img decoding=\"async\" width=\"1028\" height=\"756\" data-src=\"https:\/\/www.alteacultural.com\/wp-content\/uploads\/2025\/04\/Entrega-Premi-Assaig-web.jpg\" alt=\"\" class=\"wp-image-35705 lazyload\" data-srcset=\"https:\/\/www.alteacultural.com\/wp-content\/uploads\/2025\/04\/Entrega-Premi-Assaig-web.jpg 1028w, https:\/\/www.alteacultural.com\/wp-content\/uploads\/2025\/04\/Entrega-Premi-Assaig-web-768x565.jpg 768w\" data-sizes=\"(max-width: 1028px) 100vw, 1028px\" src=\"data:image\/gif;base64,R0lGODlhAQABAAAAACH5BAEKAAEALAAAAAABAAEAAAICTAEAOw==\" style=\"--smush-placeholder-width: 1028px; --smush-placeholder-aspect-ratio: 1028\/756;\" \/><\/figure>\n\n\n\n<p><\/p>\n\n\n\n<p>\u201cEl Premi Altea de Literatura Infantil i Juvenil\u201d representado por el Trofeu Aila, i patrocinado por la Generalitat Valenciana, era entregado por Miquel Nadal, director general de Cultura de la Generalitat a la autora de la obra ganadora \u201cLa cuinera de not\u00edcies\u201d, Nina Busquets i Figueras.<\/p>\n\n\n\n<p>Durante la recogida del premio, Nina, adem\u00e1s de hacer un recorrido por su primera novela, declaraba: \u201cnuestra lengua se encuentra en una situaci\u00f3n cr\u00edtica, por eso, premios como el de Altea son tan importantes, porque la cultura y el entretenimiento siempre son una buena herramienta para acercarla al p\u00fablico; para demostrarle que es un medio para divertirse, para imaginar, para sentir, para aprender. En definitiva, que la nuestra es una lengua viva. Con esto quiero decir que para m\u00ed no tiene sentido escribir en una lengua diferente que la que me sirve para amar o para so\u00f1ar. Y es que La cuinera de not\u00edcies va de eso: de cumplir tus sue\u00f1os\u201d.<\/p>\n\n\n\n<figure class=\"wp-block-image size-full is-resized\"><img decoding=\"async\" width=\"1028\" height=\"827\" data-src=\"https:\/\/www.alteacultural.com\/wp-content\/uploads\/2025\/04\/Entrega-Premi-juvenil-web.jpg\" alt=\"\" class=\"wp-image-35707 lazyload\" style=\"--smush-placeholder-width: 1028px; --smush-placeholder-aspect-ratio: 1028\/827;width:840px;height:auto\" data-srcset=\"https:\/\/www.alteacultural.com\/wp-content\/uploads\/2025\/04\/Entrega-Premi-juvenil-web.jpg 1028w, https:\/\/www.alteacultural.com\/wp-content\/uploads\/2025\/04\/Entrega-Premi-juvenil-web-768x618.jpg 768w\" data-sizes=\"(max-width: 1028px) 100vw, 1028px\" src=\"data:image\/gif;base64,R0lGODlhAQABAAAAACH5BAEKAAEALAAAAAABAAEAAAICTAEAOw==\" \/><\/figure>\n\n\n\n<p><\/p>\n\n\n\n<p>Y llegaba el momento \u00e1lgido de la noche desvelando el \u201cPremi Carmelina S\u00e1nchez-Cutillas de Novel.la i Prosa Creativa\u201d; un premio patrocinado por la Fundaci\u00f3n Caixaltea que entregaba su presidente, Ignacio Ortiz Azc\u00e1rate y que como ganador recog\u00eda Marc Pallar\u00e8s Piquer por su obra, \u201cTotes les llums del temps\u201d.<\/p>\n\n\n\n<p>Marc, en el transcurso de su intervenci\u00f3n, comentaba, \u201ccon las anteriores novelas gan\u00e9 el premio del Gobierno de Andorra y el premio \u00abCiutat de Palma\u00bb. Despu\u00e9s de m\u00e1s de diez a\u00f1os de silencio, es una alegr\u00eda, con la tercera, ganar uno en casa, y m\u00e1s a\u00fan el Carmelina S\u00e1nchez-Cutillas de Altea, que, con tan pocos a\u00f1os, ya se ha convertido en uno de los premios m\u00e1s prestigiosos\u201d.<\/p>\n\n\n\n<p>\u201cPremios como los de Altea son muy importantes para el \u00e1mbito cultural, puesto que hacen posible poner al alcance de la ciudadan\u00eda obras literarias escritas en valenciano\u201d; a\u00f1ad\u00eda Pallar\u00e8s, quien dec\u00eda de su novela que \u201ccombina un par de tem\u00e1ticas: la primera, c\u00f3mo asumir tanto un fracaso del presente, la separaci\u00f3n sentimental, como unos hechos traum\u00e1ticos del pasado, marcados por un sentimiento de animadversi\u00f3n; la segunda es el valor de la amistad, la novela nos hace reflexionar sobre c\u00f3mo lo creamos y sobre c\u00f3mo evoluciona a lo largo de nuestra vida\u201d.<\/p>\n\n\n\n<p>\u201cSeguramente, solo hay una manera de enga\u00f1ar al tiempo, y es poni\u00e9ndole tanta vida como podamos. Y esto es lo que tendr\u00e1 que aprender el protagonista de la novela. Por eso la novela se titula Totes les llums del temps (\u201cTodas las luces del tiempo\u201d. Nunca he sabido responder a la pregunta de por qu\u00e9 escribo, pero dir\u00eda que si escribo entiendo mejor la vida. Y, aparte de eso, creo que si con lo que escribimos conseguimos que alguien sea infiel al m\u00f3vil durante algunas horas, ya nos podemos dar por satisfechos.\u201d Acababa indicando Marc Pallar\u00e8s.<\/p>\n\n\n\n<figure class=\"wp-block-image size-full\"><img decoding=\"async\" width=\"1028\" height=\"833\" data-src=\"https:\/\/www.alteacultural.com\/wp-content\/uploads\/2025\/04\/Entrega-Premi-Carmelina-web.jpg\" alt=\"\" class=\"wp-image-35709 lazyload\" data-srcset=\"https:\/\/www.alteacultural.com\/wp-content\/uploads\/2025\/04\/Entrega-Premi-Carmelina-web.jpg 1028w, https:\/\/www.alteacultural.com\/wp-content\/uploads\/2025\/04\/Entrega-Premi-Carmelina-web-768x622.jpg 768w\" data-sizes=\"(max-width: 1028px) 100vw, 1028px\" src=\"data:image\/gif;base64,R0lGODlhAQABAAAAACH5BAEKAAEALAAAAAABAAEAAAICTAEAOw==\" style=\"--smush-placeholder-width: 1028px; --smush-placeholder-aspect-ratio: 1028\/833;\" \/><\/figure>\n\n\n\n<p><\/p>\n\n\n\n<p>Entregados los \u201cPremis Altea 2025\u201d cerraba el acto la intervenci\u00f3n del Alcalde, Diego Zaragoz\u00ed, quien reiteraba los agradecimientos a las colaboraciones con las que cuenta el premio, pero sobre todo daba las gracias a los presentes por su, en muchos casos, reiterada presencia en la gala.<\/p>\n\n\n\n<p>El primer edil alteano hablaba tambi\u00e9n de la figura de D\u00aa Antoni Consuelo y el dif\u00edcil camino que hubo de recorrer para llegar donde lleg\u00f3 y en tiempos en los que las mujeres no contaban con los derechos actuales.<\/p>\n\n\n\n<p>Diego Zaragoz\u00ed apuntaba que hasta el momento, las nueve ediciones de Premis Altea han reunido un total de 931 obras presentadas y destacaba el gran trabajo del Jurado que cada a\u00f1o ha de leer todas y cada una de las propuestas a concurso.<\/p>\n\n\n\n<figure class=\"wp-block-image size-full\"><img decoding=\"async\" width=\"1028\" height=\"771\" data-src=\"https:\/\/www.alteacultural.com\/wp-content\/uploads\/2025\/04\/intervencio-alcalde-web.jpg\" alt=\"\" class=\"wp-image-35711 lazyload\" data-srcset=\"https:\/\/www.alteacultural.com\/wp-content\/uploads\/2025\/04\/intervencio-alcalde-web.jpg 1028w, https:\/\/www.alteacultural.com\/wp-content\/uploads\/2025\/04\/intervencio-alcalde-web-768x576.jpg 768w\" data-sizes=\"(max-width: 1028px) 100vw, 1028px\" src=\"data:image\/gif;base64,R0lGODlhAQABAAAAACH5BAEKAAEALAAAAAABAAEAAAICTAEAOw==\" style=\"--smush-placeholder-width: 1028px; --smush-placeholder-aspect-ratio: 1028\/771;\" \/><\/figure>\n\n\n\n<p><\/p>\n\n\n\n<p>Para concluir, el Alcalde daba la enhorabuena al ganador y las dos ganadoras de Premis Altea y tambi\u00e9n a la familia de la homenajeada; al tiempo que animaba a la participaci\u00f3n en la 10\u00aa edici\u00f3n de Premis Altea 2026.<\/p>\n\n\n\n<p><strong>Gala, entidades y representantes institucionales<\/strong><\/p>\n\n\n\n<p>Conducida por la popular presentadora de la cadena televisiva auton\u00f3mica \u00c0 Punt Clara Castell\u00f3, la gala de entrega de los Premios Altea ha sido amenizada un a\u00f1o m\u00e1s por la m\u00fasica en vivo de la Orquestra Blava. Un total de 220 personas han tenido la oportunidad de seguir presencialmente la cena literaria de la entrega de los \u00abPremis Altea\u00bb, en la que no ha faltado, como es tradicional, el cl\u00e1sico aperitivo de \u00abpa i melva\u00bb en tributo a la memoria de Carmelina S\u00e1nchez-Cutillas.<\/p>\n\n\n\n<p>Los \u00abPremis Altea de Literatura iInvestigaci\u00f3\u00bb, convocados por el Ayuntamiento de Altea, son posibles gracias a las sinergias entre este Ayuntamiento y la Fundaci\u00f3 Caixaltea (entidad patrocinadora del \u00abPremi Carmelina\u00bb), la Acad\u00e8mia Valenciana de la Llengua, AilaEdicions, el Instituto Alicantino de Cultura Juan Gil-Albert de la Diputaci\u00f3n de Alicante, la C\u00e0tedra Enric Valor de la Universidad de Alicante i la Direcci\u00f3 General Cultura de la Generalitat Valenciana (que desde la edici\u00f3n de este a\u00f1o patrocina el \u00abPremi Altea de Literatura Infantil i Juvenil\u00bb).<\/p>\n\n\n\n<p>En la gala de entrega de los \u00abPremis Altea 2025\u00bb han participado, entre otras autoridades y representantes institucionales, el alcalde de Altea, Diego Zaragoz\u00ed; la concejala de Cultura del Ayuntamiento de Altea, Pepa Vict\u00f2ria P\u00e9rez; la acad\u00e9mica M. \u00c0ngels Franc\u00e9s, en representaci\u00f3n de la Acad\u00e8mia Valenciana de la Llengua; el director de Publicaciones e Investigaci\u00f3n del Instituto Alicantino de Cultura Juan Gil-Albert de la Diputaci\u00f3n de Alicante, Joaqu\u00edn Juan Penalva; la directora cultural del referido Instituto, Cristina Mart\u00ednez; el presidente de la Fundaci\u00f3n Caixaltea, Ignacio Ortiz; el director general de Cultura de la Generalidad Valenciana, Miquel Nadal; y el director de la C\u00e1tedra Enric Valor de la Universidad de Alicante y director literario de Aila Edicions, Joan Borja. Adem\u00e1s, estuvieron tambi\u00e9n presentes en la gala la presidenta del Colegio Oficial de Bibliotecarios y Documentalistas de la Comunidad Valenciana, Teresa Gomis Baixauli; la profesora Reme Gadea, en representaci\u00f3n de la Federaci\u00f3 Escola Valenciana; el decano de la Facultad de Bellas Artes de Altea, Daniel Tejero; la vicerrectora de Cultura, Igualdad y Diversidad de la Universidad Miguel Hern\u00e1ndez, Susi Amor\u00f3s; y Vicente Rico, hijo de Do\u00f1a Antonia Consuelo Orozco, acompa\u00f1ado por su familia.<\/p>\n\n\n\n<figure class=\"wp-block-image size-full\"><img decoding=\"async\" width=\"1028\" height=\"771\" data-src=\"https:\/\/www.alteacultural.com\/wp-content\/uploads\/2025\/04\/gala-web.jpg\" alt=\"\" class=\"wp-image-35713 lazyload\" data-srcset=\"https:\/\/www.alteacultural.com\/wp-content\/uploads\/2025\/04\/gala-web.jpg 1028w, https:\/\/www.alteacultural.com\/wp-content\/uploads\/2025\/04\/gala-web-768x576.jpg 768w\" data-sizes=\"(max-width: 1028px) 100vw, 1028px\" src=\"data:image\/gif;base64,R0lGODlhAQABAAAAACH5BAEKAAEALAAAAAABAAEAAAICTAEAOw==\" style=\"--smush-placeholder-width: 1028px; --smush-placeholder-aspect-ratio: 1028\/771;\" \/><\/figure>\n\n\n\n<p>| ALTEADIGITAL.ES<\/p>\n","protected":false},"excerpt":{"rendered":"<p>\u201cTotes les llums del temps\u201d, \u201cLa cuinera de noticies\u201d y \u201cF\u00e8nix dels antics, pare dels moderns: Ausi\u00e0s March a [&hellip;]<\/p>\n","protected":false},"author":1,"featured_media":35700,"comment_status":"open","ping_status":"open","sticky":false,"template":"","format":"standard","meta":{"_expiration-date-status":"","_expiration-date":0,"_expiration-date-type":"","_expiration-date-categories":[],"_expiration-date-options":[],"footnotes":""},"yoast_head":"<!-- This site is optimized with the Yoast SEO plugin v22.8 - https:\/\/yoast.com\/wordpress\/plugins\/seo\/ -->\n<title>Marc Pallar\u00e8s, Nina Busquet y M\u00edriam Ruiz ganadores de Premis Altea 2025 - Altea Cultural<\/title>\n<meta name=\"robots\" content=\"index, follow, max-snippet:-1, max-image-preview:large, max-video-preview:-1\" \/>\n<link rel=\"canonical\" href=\"https:\/\/www.alteacultural.com\/es\/2025\/04\/16\/marc-pallares-nina-busquet-i-miriam-ruiz-guanyadors-de-premis-altea-2025\/\" \/>\n<meta property=\"og:locale\" content=\"es_ES\" \/>\n<meta property=\"og:type\" content=\"article\" \/>\n<meta property=\"og:title\" content=\"Marc Pallar\u00e8s, Nina Busquet y M\u00edriam Ruiz ganadores de Premis Altea 2025 - Altea Cultural\" \/>\n<meta property=\"og:description\" content=\"\u201cTotes les llums del temps\u201d, \u201cLa cuinera de noticies\u201d y \u201cF\u00e8nix dels antics, pare dels moderns: Ausi\u00e0s March a [&hellip;]\" \/>\n<meta property=\"og:url\" content=\"https:\/\/www.alteacultural.com\/es\/2025\/04\/16\/marc-pallares-nina-busquet-i-miriam-ruiz-guanyadors-de-premis-altea-2025\/\" \/>\n<meta property=\"og:site_name\" content=\"Altea Cultural\" \/>\n<meta property=\"article:published_time\" content=\"2025-04-16T08:31:41+00:00\" \/>\n<meta property=\"article:modified_time\" content=\"2025-04-21T08:20:01+00:00\" \/>\n<meta property=\"og:image\" content=\"https:\/\/www.alteacultural.com\/wp-content\/uploads\/2025\/04\/grup-web.jpg\" \/>\n\t<meta property=\"og:image:width\" content=\"1028\" \/>\n\t<meta property=\"og:image:height\" content=\"797\" \/>\n\t<meta property=\"og:image:type\" content=\"image\/jpeg\" \/>\n<meta name=\"author\" content=\"sfaltea.com-admin\" \/>\n<meta name=\"twitter:card\" content=\"summary_large_image\" \/>\n<meta name=\"twitter:label1\" content=\"Escrito por\" \/>\n\t<meta name=\"twitter:data1\" content=\"sfaltea.com-admin\" \/>\n\t<meta name=\"twitter:label2\" content=\"Tiempo de lectura\" \/>\n\t<meta name=\"twitter:data2\" content=\"13 minutos\" \/>\n<script type=\"application\/ld+json\" class=\"yoast-schema-graph\">{\"@context\":\"https:\/\/schema.org\",\"@graph\":[{\"@type\":\"WebPage\",\"@id\":\"https:\/\/www.alteacultural.com\/es\/2025\/04\/16\/marc-pallares-nina-busquet-i-miriam-ruiz-guanyadors-de-premis-altea-2025\/\",\"url\":\"https:\/\/www.alteacultural.com\/es\/2025\/04\/16\/marc-pallares-nina-busquet-i-miriam-ruiz-guanyadors-de-premis-altea-2025\/\",\"name\":\"Marc Pallar\u00e8s, Nina Busquet y M\u00edriam Ruiz ganadores de Premis Altea 2025 - Altea Cultural\",\"isPartOf\":{\"@id\":\"https:\/\/www.alteacultural.com\/es\/#website\"},\"primaryImageOfPage\":{\"@id\":\"https:\/\/www.alteacultural.com\/es\/2025\/04\/16\/marc-pallares-nina-busquet-i-miriam-ruiz-guanyadors-de-premis-altea-2025\/#primaryimage\"},\"image\":{\"@id\":\"https:\/\/www.alteacultural.com\/es\/2025\/04\/16\/marc-pallares-nina-busquet-i-miriam-ruiz-guanyadors-de-premis-altea-2025\/#primaryimage\"},\"thumbnailUrl\":\"https:\/\/www.alteacultural.com\/wp-content\/uploads\/2025\/04\/grup-web.jpg\",\"datePublished\":\"2025-04-16T08:31:41+00:00\",\"dateModified\":\"2025-04-21T08:20:01+00:00\",\"author\":{\"@id\":\"https:\/\/www.alteacultural.com\/es\/#\/schema\/person\/c4e137537f1af546d214a315255e5172\"},\"breadcrumb\":{\"@id\":\"https:\/\/www.alteacultural.com\/es\/2025\/04\/16\/marc-pallares-nina-busquet-i-miriam-ruiz-guanyadors-de-premis-altea-2025\/#breadcrumb\"},\"inLanguage\":\"es\",\"potentialAction\":[{\"@type\":\"ReadAction\",\"target\":[\"https:\/\/www.alteacultural.com\/es\/2025\/04\/16\/marc-pallares-nina-busquet-i-miriam-ruiz-guanyadors-de-premis-altea-2025\/\"]}]},{\"@type\":\"ImageObject\",\"inLanguage\":\"es\",\"@id\":\"https:\/\/www.alteacultural.com\/es\/2025\/04\/16\/marc-pallares-nina-busquet-i-miriam-ruiz-guanyadors-de-premis-altea-2025\/#primaryimage\",\"url\":\"https:\/\/www.alteacultural.com\/wp-content\/uploads\/2025\/04\/grup-web.jpg\",\"contentUrl\":\"https:\/\/www.alteacultural.com\/wp-content\/uploads\/2025\/04\/grup-web.jpg\",\"width\":1028,\"height\":797},{\"@type\":\"BreadcrumbList\",\"@id\":\"https:\/\/www.alteacultural.com\/es\/2025\/04\/16\/marc-pallares-nina-busquet-i-miriam-ruiz-guanyadors-de-premis-altea-2025\/#breadcrumb\",\"itemListElement\":[{\"@type\":\"ListItem\",\"position\":1,\"name\":\"Inici\",\"item\":\"https:\/\/www.alteacultural.com\/es\/\"},{\"@type\":\"ListItem\",\"position\":2,\"name\":\"Marc Pallar\u00e8s, Nina Busquet y M\u00edriam Ruiz ganadores de Premis Altea 2025\"}]},{\"@type\":\"WebSite\",\"@id\":\"https:\/\/www.alteacultural.com\/es\/#website\",\"url\":\"https:\/\/www.alteacultural.com\/es\/\",\"name\":\"Altea Cultural\",\"description\":\"Regidoria de Cultura de l&#039;Ajuntament d&#039;Altea\",\"potentialAction\":[{\"@type\":\"SearchAction\",\"target\":{\"@type\":\"EntryPoint\",\"urlTemplate\":\"https:\/\/www.alteacultural.com\/es\/?s={search_term_string}\"},\"query-input\":\"required name=search_term_string\"}],\"inLanguage\":\"es\"},{\"@type\":\"Person\",\"@id\":\"https:\/\/www.alteacultural.com\/es\/#\/schema\/person\/c4e137537f1af546d214a315255e5172\",\"name\":\"sfaltea.com-admin\",\"image\":{\"@type\":\"ImageObject\",\"inLanguage\":\"es\",\"@id\":\"https:\/\/www.alteacultural.com\/es\/#\/schema\/person\/image\/\",\"url\":\"https:\/\/secure.gravatar.com\/avatar\/f7473fa2fbd351270ccfd469de536202?s=96&d=mm&r=g\",\"contentUrl\":\"https:\/\/secure.gravatar.com\/avatar\/f7473fa2fbd351270ccfd469de536202?s=96&d=mm&r=g\",\"caption\":\"sfaltea.com-admin\"},\"url\":\"https:\/\/www.alteacultural.com\/es\/author\/sfaltea-com-admin\/\"}]}<\/script>\n<!-- \/ Yoast SEO plugin. -->","yoast_head_json":{"title":"Marc Pallar\u00e8s, Nina Busquet y M\u00edriam Ruiz ganadores de Premis Altea 2025 - Altea Cultural","robots":{"index":"index","follow":"follow","max-snippet":"max-snippet:-1","max-image-preview":"max-image-preview:large","max-video-preview":"max-video-preview:-1"},"canonical":"https:\/\/www.alteacultural.com\/es\/2025\/04\/16\/marc-pallares-nina-busquet-i-miriam-ruiz-guanyadors-de-premis-altea-2025\/","og_locale":"es_ES","og_type":"article","og_title":"Marc Pallar\u00e8s, Nina Busquet y M\u00edriam Ruiz ganadores de Premis Altea 2025 - Altea Cultural","og_description":"\u201cTotes les llums del temps\u201d, \u201cLa cuinera de noticies\u201d y \u201cF\u00e8nix dels antics, pare dels moderns: Ausi\u00e0s March a [&hellip;]","og_url":"https:\/\/www.alteacultural.com\/es\/2025\/04\/16\/marc-pallares-nina-busquet-i-miriam-ruiz-guanyadors-de-premis-altea-2025\/","og_site_name":"Altea Cultural","article_published_time":"2025-04-16T08:31:41+00:00","article_modified_time":"2025-04-21T08:20:01+00:00","og_image":[{"width":1028,"height":797,"url":"https:\/\/www.alteacultural.com\/wp-content\/uploads\/2025\/04\/grup-web.jpg","type":"image\/jpeg"}],"author":"sfaltea.com-admin","twitter_card":"summary_large_image","twitter_misc":{"Escrito por":"sfaltea.com-admin","Tiempo de lectura":"13 minutos"},"schema":{"@context":"https:\/\/schema.org","@graph":[{"@type":"WebPage","@id":"https:\/\/www.alteacultural.com\/es\/2025\/04\/16\/marc-pallares-nina-busquet-i-miriam-ruiz-guanyadors-de-premis-altea-2025\/","url":"https:\/\/www.alteacultural.com\/es\/2025\/04\/16\/marc-pallares-nina-busquet-i-miriam-ruiz-guanyadors-de-premis-altea-2025\/","name":"Marc Pallar\u00e8s, Nina Busquet y M\u00edriam Ruiz ganadores de Premis Altea 2025 - Altea Cultural","isPartOf":{"@id":"https:\/\/www.alteacultural.com\/es\/#website"},"primaryImageOfPage":{"@id":"https:\/\/www.alteacultural.com\/es\/2025\/04\/16\/marc-pallares-nina-busquet-i-miriam-ruiz-guanyadors-de-premis-altea-2025\/#primaryimage"},"image":{"@id":"https:\/\/www.alteacultural.com\/es\/2025\/04\/16\/marc-pallares-nina-busquet-i-miriam-ruiz-guanyadors-de-premis-altea-2025\/#primaryimage"},"thumbnailUrl":"https:\/\/www.alteacultural.com\/wp-content\/uploads\/2025\/04\/grup-web.jpg","datePublished":"2025-04-16T08:31:41+00:00","dateModified":"2025-04-21T08:20:01+00:00","author":{"@id":"https:\/\/www.alteacultural.com\/es\/#\/schema\/person\/c4e137537f1af546d214a315255e5172"},"breadcrumb":{"@id":"https:\/\/www.alteacultural.com\/es\/2025\/04\/16\/marc-pallares-nina-busquet-i-miriam-ruiz-guanyadors-de-premis-altea-2025\/#breadcrumb"},"inLanguage":"es","potentialAction":[{"@type":"ReadAction","target":["https:\/\/www.alteacultural.com\/es\/2025\/04\/16\/marc-pallares-nina-busquet-i-miriam-ruiz-guanyadors-de-premis-altea-2025\/"]}]},{"@type":"ImageObject","inLanguage":"es","@id":"https:\/\/www.alteacultural.com\/es\/2025\/04\/16\/marc-pallares-nina-busquet-i-miriam-ruiz-guanyadors-de-premis-altea-2025\/#primaryimage","url":"https:\/\/www.alteacultural.com\/wp-content\/uploads\/2025\/04\/grup-web.jpg","contentUrl":"https:\/\/www.alteacultural.com\/wp-content\/uploads\/2025\/04\/grup-web.jpg","width":1028,"height":797},{"@type":"BreadcrumbList","@id":"https:\/\/www.alteacultural.com\/es\/2025\/04\/16\/marc-pallares-nina-busquet-i-miriam-ruiz-guanyadors-de-premis-altea-2025\/#breadcrumb","itemListElement":[{"@type":"ListItem","position":1,"name":"Inici","item":"https:\/\/www.alteacultural.com\/es\/"},{"@type":"ListItem","position":2,"name":"Marc Pallar\u00e8s, Nina Busquet y M\u00edriam Ruiz ganadores de Premis Altea 2025"}]},{"@type":"WebSite","@id":"https:\/\/www.alteacultural.com\/es\/#website","url":"https:\/\/www.alteacultural.com\/es\/","name":"Altea Cultural","description":"Regidoria de Cultura de l&#039;Ajuntament d&#039;Altea","potentialAction":[{"@type":"SearchAction","target":{"@type":"EntryPoint","urlTemplate":"https:\/\/www.alteacultural.com\/es\/?s={search_term_string}"},"query-input":"required name=search_term_string"}],"inLanguage":"es"},{"@type":"Person","@id":"https:\/\/www.alteacultural.com\/es\/#\/schema\/person\/c4e137537f1af546d214a315255e5172","name":"sfaltea.com-admin","image":{"@type":"ImageObject","inLanguage":"es","@id":"https:\/\/www.alteacultural.com\/es\/#\/schema\/person\/image\/","url":"https:\/\/secure.gravatar.com\/avatar\/f7473fa2fbd351270ccfd469de536202?s=96&d=mm&r=g","contentUrl":"https:\/\/secure.gravatar.com\/avatar\/f7473fa2fbd351270ccfd469de536202?s=96&d=mm&r=g","caption":"sfaltea.com-admin"},"url":"https:\/\/www.alteacultural.com\/es\/author\/sfaltea-com-admin\/"}]}},"_links":{"self":[{"href":"https:\/\/www.alteacultural.com\/es\/wp-json\/wp\/v2\/posts\/35716"}],"collection":[{"href":"https:\/\/www.alteacultural.com\/es\/wp-json\/wp\/v2\/posts"}],"about":[{"href":"https:\/\/www.alteacultural.com\/es\/wp-json\/wp\/v2\/types\/post"}],"author":[{"embeddable":true,"href":"https:\/\/www.alteacultural.com\/es\/wp-json\/wp\/v2\/users\/1"}],"replies":[{"embeddable":true,"href":"https:\/\/www.alteacultural.com\/es\/wp-json\/wp\/v2\/comments?post=35716"}],"version-history":[{"count":1,"href":"https:\/\/www.alteacultural.com\/es\/wp-json\/wp\/v2\/posts\/35716\/revisions"}],"predecessor-version":[{"id":35718,"href":"https:\/\/www.alteacultural.com\/es\/wp-json\/wp\/v2\/posts\/35716\/revisions\/35718"}],"wp:featuredmedia":[{"embeddable":true,"href":"https:\/\/www.alteacultural.com\/es\/wp-json\/wp\/v2\/media\/35700"}],"wp:attachment":[{"href":"https:\/\/www.alteacultural.com\/es\/wp-json\/wp\/v2\/media?parent=35716"}],"curies":[{"name":"wp","href":"https:\/\/api.w.org\/{rel}","templated":true}]}}