{"id":35725,"date":"2025-04-16T10:45:30","date_gmt":"2025-04-16T08:45:30","guid":{"rendered":"https:\/\/www.alteacultural.com\/2025\/04\/16\/la-22-edicio-dencontes-tindra-lloc-del-19-al-25-de-maig\/"},"modified":"2025-04-21T10:40:01","modified_gmt":"2025-04-21T08:40:01","slug":"la-22-edicio-dencontes-tindra-lloc-del-19-al-25-de-maig","status":"publish","type":"post","link":"https:\/\/www.alteacultural.com\/es\/2025\/04\/16\/la-22-edicio-dencontes-tindra-lloc-del-19-al-25-de-maig\/","title":{"rendered":"La 22 edici\u00f3n de \u201cEncontes\u201d tendr\u00e1 lugar del 19 al 25 de mayo"},"content":{"rendered":"\n<figure class=\"wp-block-image size-full\"><img fetchpriority=\"high\" decoding=\"async\" width=\"1028\" height=\"905\" src=\"https:\/\/www.alteacultural.com\/wp-content\/uploads\/2025\/04\/Pepa-i-Blai-Encontes-web.jpg\" alt=\"\" class=\"wp-image-35720\" srcset=\"https:\/\/www.alteacultural.com\/wp-content\/uploads\/2025\/04\/Pepa-i-Blai-Encontes-web.jpg 1028w, https:\/\/www.alteacultural.com\/wp-content\/uploads\/2025\/04\/Pepa-i-Blai-Encontes-web-768x676.jpg 768w\" sizes=\"(max-width: 1028px) 100vw, 1028px\" \/><\/figure>\n\n\n\n<p><\/p>\n\n\n\n<p><strong>Cultura y Aktes Teatre presentan los detalles del Festival de Narraci\u00f3n Oral de Altea.<\/strong><\/p>\n\n\n\n<p>En la ma\u00f1ana de hoy, la responsable municipal de Cultura, Pepa Victoria P\u00e9rez y el coordinador de la iniciativa y responsable de Aktes Teatre, Blai Senabre, han dado a conocer los d\u00edas en que tendr\u00e1 lugar la 22 edici\u00f3n del Festival de Narraci\u00f3n Oral de Altea, Encontes y los pormenores de su programaci\u00f3n, que como es habitual va dirigida al conjunto de la poblaci\u00f3n.<\/p>\n\n\n\n<p>\u201cUn a\u00f1o m\u00e1s presentamos \u201cEncontes\u201d y en esta ocasi\u00f3n es ya la 22 edici\u00f3n y como siempre lo celebraremos en el mes de mayo\u201d; ha comentado la edil de Cultura, quien ha desvelado que tendr\u00e1 lugar del 19 al 25 de mayo y habr\u00e1 actividades para todos los p\u00fablicos. Participan 8 narradores y este a\u00f1o el cartel ha sido dise\u00f1ado por la ilustradora alteana Teresa Such; a quien Pepa V. P\u00e9rez ha agradecido su trabajo y su participaci\u00f3n en \u201cEncontes\u201d.<\/p>\n\n\n\n<p>En cuanto a la programaci\u00f3n del festival, su impulsor y coordinador Blai Senabre ha detallado que \u201cse mantiene la estructura de las \u00faltimas ediciones, de comenzar con los colegios que se desplazan hasta la Pla\u00e7a del Mestre la M\u00fasica, en el caso de los centros de Altea; a la Plaza de la Iglesia de Santa Anna, para el disfrute del alumnado del CP Altea la Vella y a Villa Gadea para que los alumnos del CP L\u2019Olla tambi\u00e9n pueden participar\u201d. \u201cEl resto de d\u00edas se hacen sesiones para p\u00fablico familiar, p\u00fablico para adultos, vamos a la residencia de mayores tambi\u00e9n y mantenemos la sesi\u00f3n para adultos del s\u00e1bado por la noche en \u201cEl Poador\u201d que se ha hecho tambi\u00e9n popular en Encontes y acabamos el domingo con el Marat\u00f3n de Cuentos en el que la gente de Altea se anima a contar un cuento y un espect\u00e1culo de clausura\u201d. Ha a\u00f1adido Senabre.<\/p>\n\n\n\n<p>Como novedad, este a\u00f1o el jueves 22 a partir de las 21h haremos un experimento en el que mezclaremos el Rap con historias, al que hemos llamado \u201cInfusi\u00f3n de Rap\u201d. \u201cEsperamos que guste y capte al p\u00fablico joven seguidor de esta tendencia para que entre el mundo de las historias\u201d; ha expresado Blai Senabre.<\/p>\n\n\n\n<p>\u201cSe repite la fiesta de \u2018Pijamas y mu\u00f1ecos\u2019; se mantiene el mercado de intercambio de libros, que acompa\u00f1ado de una donaci\u00f3n solidaria de un kilo de comida no perecedera, colabora con ONGs, como C\u00e1ritas y se mantiene la visita a Les Boqueres que es muy entra\u00f1able y sirve a los usuarios para ejercitar la memoria porque a veces se arrancan a contar alguna hitoria\u201d. Ha concretado Senabre.<\/p>\n\n\n\n<p>Tanto la edil de Cultura como el coordinador de la iniciativa, han invitado a la poblaci\u00f3n de Altea y de la Comarca a disfrutar de una nueva edici\u00f3n de Encontes.<\/p>\n\n\n\n<figure class=\"wp-block-image size-full is-resized\"><img decoding=\"async\" width=\"800\" height=\"1131\" data-src=\"https:\/\/www.alteacultural.com\/wp-content\/uploads\/2025\/04\/cartell-Encontes-web.jpg\" alt=\"\" class=\"wp-image-35722 lazyload\" style=\"--smush-placeholder-width: 800px; --smush-placeholder-aspect-ratio: 800\/1131;width:840px;height:auto\" data-srcset=\"https:\/\/www.alteacultural.com\/wp-content\/uploads\/2025\/04\/cartell-Encontes-web.jpg 800w, https:\/\/www.alteacultural.com\/wp-content\/uploads\/2025\/04\/cartell-Encontes-web-768x1086.jpg 768w\" data-sizes=\"(max-width: 800px) 100vw, 800px\" src=\"data:image\/gif;base64,R0lGODlhAQABAAAAACH5BAEKAAEALAAAAAABAAEAAAICTAEAOw==\" \/><\/figure>\n\n\n\n<p><\/p>\n\n\n\n<p><strong>Programaci\u00f3n<\/strong><\/p>\n\n\n\n<p>17\u00ba Mercado de Intercambio de Libros de Cuentos. \u00abCuentos que alimentan\u00bb.<\/p>\n\n\n\n<p>Intercambio de libros de cuentos por alimentos. Lleva un kg de alimentos que no sean<\/p>\n\n\n\n<p>frescos ni refrigerados y ll\u00e9vate un libro. Casa de Cultura. Todos los d\u00edas en horario habitual.<\/p>\n\n\n\n<p><strong>Lunes 19 de mayo<\/strong><\/p>\n\n\n\n<p>9:30 h. \u00abCuentos que encantan\u00bb. Alumnos Colegio Les Rotes.<\/p>\n\n\n\n<p>11:00 h. \u00abCuentos que encantan\u00bb. Alumnos Colegio El Blanquinal.<\/p>\n\n\n\n<p>12:30 h. \u00abCuentos que encantan\u00bb. Colegio Garganes.<\/p>\n\n\n\n<p>Cuentacuentos a cargo de Anna Ballester.<\/p>\n\n\n\n<p>Narraci\u00f3n en valenciano.<\/p>\n\n\n\n<p>Plaza Mestre la M\u00fasica.<\/p>\n\n\n\n<p>Con la colaboraci\u00f3n de Fundaci\u00f3 Bromera para el Foment de la Lectura.<\/p>\n\n\n\n<p><strong>Martes 20 de mayo<\/strong><\/p>\n\n\n\n<p>9:30 h. \u00abCuentos junto al mar\u00bb. Alumnos Colegio Altea la Vella.<\/p>\n\n\n\n<p>Plaza de la iglesia de Altea la Vella<\/p>\n\n\n\n<p>12:00 h. \u00abCuentos junto al mar\u00bb. Alumnos Colegio la Olla.<\/p>\n\n\n\n<p>Villa Gadea.<\/p>\n\n\n\n<p>Cuentacuentos a cargo de Jordi Ra\u00fcl Verd\u00fa.<\/p>\n\n\n\n<p>Narraci\u00f3n en valenciano.<\/p>\n\n\n\n<p>Noche. II Fiesta Pijama de mu\u00f1ecos y peluches en las bibliotecas de Altea y Altea la Vella. Durante todo el d\u00eda puede llevar su mu\u00f1eco o peluche preferido a la biblioteca para que se quede a pasar la noche. Les hemos preparado una fiesta pijama muy divertida y al d\u00eda siguiente lo podr\u00e1 recoger y llevarse en pr\u00e9stamo el libro que habr\u00e1n elegido para usted.<\/p>\n\n\n\n<p><strong>Mi\u00e9rcoles 21 de mayo<\/strong><\/p>\n\n\n\n<p>18:00 h. \u00abEl cuento del lobo y los patos\u00bb. Ximo, uno de los patos m\u00e1s intr\u00e9pidos de la manada se entera de que un lobo enorme y peligroso camina por el bosque con una pluma de pato en boca\u2026 \u00bfQu\u00e9 pasar\u00e1 cuando estos dos personajes se conozcan?<\/p>\n\n\n\n<p>A cargo de Debatabat. Para p\u00fablico familiar. Narraci\u00f3n en valenciano.<\/p>\n\n\n\n<p>Plaza del Agua<\/p>\n\n\n\n<p>21:00 h. Realidad distra\u00edda. A veces, la realidad se toma un descanso, se distrae mirando las nubes, se tropieza con sus propios cordones o simplemente decide hacer una peque\u00f1a siesta\u2026 Y es en ese preciso instante cuando los cuentos encuentran su oportunidad. Al largo de la sesi\u00f3n, descubriremos junto a Borr\u00f3n y cuento nuevo que a veces lo raro puede ser m\u00e1s l\u00f3gico de lo que parece, que un error puede quitarnos a una historia mejor y que, cuando la realidad se distrae, la imaginaci\u00f3n toma el mando.<\/p>\n\n\n\n<p>A cargo de Borr\u00f3n y cuento nuevo (Nieves y Dani)<\/p>\n\n\n\n<p>Para p\u00fablico joven y adultos. Narraci\u00f3n en espa\u00f1ol.<\/p>\n\n\n\n<p>Plaza del Agua.<\/p>\n\n\n\n<p><strong>Jueves 22 de mayo<\/strong><\/p>\n\n\n\n<p>18:00 h. Abeceando. Nos hemos propuesto ir a la base de las historias y abecear juntos en una sesi\u00f3n dominada por el abecedario. \u00bfQu\u00e9 es abecear? Expresi\u00f3n usada por Borr\u00f3n y cuento nuevo para sumergirse en el abecedario. Juego en grupo con las letras, tanto en su forma como en su contenido. Cuentos que no empiezan por la A ni terminan por la Z. \u00bfAbeceamos? Abeceemos. A cargo de Borr\u00f3n y cuento nuevo (Nieves y Dani)<\/p>\n\n\n\n<p>Para p\u00fablico familiar. Narraci\u00f3n en castellano<\/p>\n\n\n\n<p>Plaza del Agua.<\/p>\n\n\n\n<p>21:00 h. \u00abValor de rape\u00bb. Infusi\u00f3n de Rap a ritmo de Cuentos.<\/p>\n\n\n\n<p>A cargo de Centvi dom y Blai Senabre<\/p>\n\n\n\n<p>Para p\u00fablico joven y adultos. Canciones y narraci\u00f3n en valenciano.<\/p>\n\n\n\n<p>Plaza del Agua.<\/p>\n\n\n\n<p><strong>Viernes 23 de mayo<\/strong><\/p>\n\n\n\n<p>11 h. \u00abCuentos para la gente mayor\u00bb. Narraci\u00f3n de cuentos a cargo de las narradoras y<\/p>\n\n\n\n<p>narradores participantes en Encontes.<\/p>\n\n\n\n<p>Narraciones en valenciano y castellano<\/p>\n\n\n\n<p>Residencia Les Boqueres.<\/p>\n\n\n\n<p>18:00 h. \u00abLa calabaza viajera y otros cuentos de Asia\u00bb.<\/p>\n\n\n\n<p>Un viaje de ida y vuelta por diferentes paisajes asi\u00e1ticos a trav\u00e9s de los cuentos. Sube al expreso de Kyoto a Bombay v\u00eda Samarcanda y disfruta de historias, gestos y sonidos que han venido de muy lejos para compartir este momento con nosotros.<\/p>\n\n\n\n<p>A cargo de Susana Tornero<\/p>\n\n\n\n<p>Para p\u00fablico familiar. Narraci\u00f3n en valenciano.<\/p>\n\n\n\n<p>Plaza del Agua.<\/p>\n\n\n\n<p>21:00 h. \u00abLa abominable dama y otras historias de mujeres\u00bb<\/p>\n\n\n\n<p>El rey Arturo y sus caballeros, Ginebra y sus doncellas. Y una dama abominable que aparece cuando est\u00e1 en juego el futuro del reino. \u00c9stas y otras antiguas historias de mujeres, de palabra, de viva voz, para ti que escuchas, pora llevarte al tiempo de eso que era y no era.<\/p>\n\n\n\n<p>A cargo de Caterina Valriu<\/p>\n\n\n\n<p>Para p\u00fablico joven y adultos. Narraci\u00f3n en el habla de las Islas Baleares<\/p>\n\n\n\n<p>Plaza del Agua.<\/p>\n\n\n\n<p><strong>S\u00e1bado 24 de mayo<\/strong><\/p>\n\n\n\n<p>12 h. \u00abVermut de cuentos\u00bb. Narraci\u00f3n de cuentos a la hora del vermut a cargo de las<\/p>\n\n\n\n<p>narradoras y narradores participantes en Encontes.<\/p>\n\n\n\n<p>Para todos los p\u00fablicos.<\/p>\n\n\n\n<p>Narraciones en valenciano y castellano.<\/p>\n\n\n\n<p>Resto. Ca Pere, costera Pont de Montcau, 15.<\/p>\n\n\n\n<p>18:00 h. \u00abLos cuernos de Cucarell y otros cuentos de demonios\u00bb.<\/p>\n\n\n\n<p>Los dragones sacan fuego por la boca, las brujas vuelan con una escoba, los demonios tienen cuernos\u2026 \u00bfAh s\u00ed? \u00bfSiempre? Y qu\u00e9 ocurre si no tienen. Y qu\u00e9 ocurre cuando se cansan de vivir en el infierno, entre fuego y humo\u2026 Y qu\u00e9 pasa cuando se \u00bfquieren repartir la cosecha con un campesino espabilado?<\/p>\n\n\n\n<p>A cargo de Caterina Valriu<\/p>\n\n\n\n<p>Para p\u00fablico familiar. Narraci\u00f3n en el habla de las Islas Baleares.<\/p>\n\n\n\n<p>Plaza del Agua.<\/p>\n\n\n\n<p>21 h. \u00abLa noche de las patas de ara\u00f1a\u00bb<\/p>\n\n\n\n<p>La narradora busca la explicaci\u00f3n al enigma de la l\u00e1mpara encantada de Palau-Saverdera a trav\u00e9s de cuentos que nos hablan de los misterios que se esconden en la oscuridad de la noche. Una serie de seres m\u00e1gicos de diferentes tradiciones orales: brujas y hadas, duendes y cad\u00e1veres animados\u2026 se dan cita en la sierra de Verdera gracias a los versos de Carles Fages que nos introducen en cada historia.<\/p>\n\n\n\n<p>A cargo de Susana Tornero<\/p>\n\n\n\n<p>Para p\u00fablico joven y adultos. Narraci\u00f3n en valenciano<\/p>\n\n\n\n<p>Poador del Pontet, Partida Basseta, 2<\/p>\n\n\n\n<p><strong>Domingo 25 de mayo<\/strong><\/p>\n\n\n\n<p>12 h. \u00abVermut de contes\u00bb. Narraci\u00f3n de cuentos a la hora del vermut.<\/p>\n\n\n\n<p>narradoras y narradores participantes en Encontes.<\/p>\n\n\n\n<p>Para todos los p\u00fablicos. Narraciones en valenciano y castellano.<\/p>\n\n\n\n<p>Resto. Can Toni, calle Retor Llinares, 2. Altea la Vella.<\/p>\n\n\n\n<p>18h. \u00abHistorias de mi pueblo. Marat\u00f3n de cuentos\u00bb. Narraci\u00f3n de cuentos a cargo de<\/p>\n\n\n\n<p>gente de Altea. Para p\u00fablico familiar. Narraciones en valenciano y castellano.<\/p>\n\n\n\n<p>Plaza del Agua<\/p>\n\n\n\n<p>19 h. Clausura. \u00abTejiendo puentes\u00bb Tejer, coser, bordar, punto de cruz\u2026 Palabras que estiran el hilo de la memoria de nuestros abuelos y abuelas. A ritmo de costura, queremos hilar recuerdos, bordar palabras y poner un punto de cruz entre los mayores y los ni\u00f1os y ni\u00f1as. Este espect\u00e1culo es un homenaje a nuestros mayores.<\/p>\n\n\n\n<p>A cargo de Xelo Ribes \u2013 Cuentos de Ca la Bassa.<\/p>\n\n\n\n<p>Para p\u00fablico familiar. Narraci\u00f3n en valenciano.<\/p>\n\n\n\n<p>Plaza del Agua.<\/p>\n\n\n\n<p><strong>NARRADORES y NARRADORAS PARTICIPANTES<\/strong><\/p>\n\n\n\n<p>\u2013 Anna Ballester. (Comunidad Valenciana)<\/p>\n\n\n\n<p>\u2013 Borr\u00f3n y cuento nuevo (Nieves P\u00e9rez y Dani Borr\u00f3n). (Madrid)<\/p>\n\n\n\n<p>\u2013 Catalina Valriu. (Islas Baleares)<\/p>\n\n\n\n<p>\u2013 Centvi dom. (Comunidad valenciana)<\/p>\n\n\n\n<p>\u2013 Debatabat (Comunidad Valenciana)<\/p>\n\n\n\n<p>\u2013 Jordi Ra\u00fcl Verd\u00fa. (Comunidad Valenciana)<\/p>\n\n\n\n<p>. Susana Tornero. (Catalu\u00f1a)<\/p>\n\n\n\n<p>\u2013 Xelo Ribes \u2013 Cuentos de Ca la Bassa. (Comunidad valenciana)<\/p>\n\n\n\n<p>Entrada libre y gratuita. M\u00e1s informaci\u00f3n en www.alteacultural.com\/encontes y www.encontes.es<\/p>\n\n\n\n<p>| ALTEADIGITAL.ES<\/p>\n","protected":false},"excerpt":{"rendered":"<p>Cultura y Aktes Teatre presentan los detalles del Festival de Narraci\u00f3n Oral de Altea. En la ma\u00f1ana de hoy, [&hellip;]<\/p>\n","protected":false},"author":1,"featured_media":35721,"comment_status":"open","ping_status":"open","sticky":false,"template":"","format":"standard","meta":{"_expiration-date-status":"","_expiration-date":0,"_expiration-date-type":"","_expiration-date-categories":[],"_expiration-date-options":[],"footnotes":""},"yoast_head":"<!-- This site is optimized with the Yoast SEO plugin v22.8 - https:\/\/yoast.com\/wordpress\/plugins\/seo\/ -->\n<title>La 22 edici\u00f3n de \u201cEncontes\u201d tendr\u00e1 lugar del 19 al 25 de mayo - Altea Cultural<\/title>\n<meta name=\"robots\" content=\"index, follow, max-snippet:-1, max-image-preview:large, max-video-preview:-1\" \/>\n<link rel=\"canonical\" href=\"https:\/\/www.alteacultural.com\/es\/2025\/04\/16\/la-22-edicio-dencontes-tindra-lloc-del-19-al-25-de-maig\/\" \/>\n<meta property=\"og:locale\" content=\"es_ES\" \/>\n<meta property=\"og:type\" content=\"article\" \/>\n<meta property=\"og:title\" content=\"La 22 edici\u00f3n de \u201cEncontes\u201d tendr\u00e1 lugar del 19 al 25 de mayo - Altea Cultural\" \/>\n<meta property=\"og:description\" content=\"Cultura y Aktes Teatre presentan los detalles del Festival de Narraci\u00f3n Oral de Altea. En la ma\u00f1ana de hoy, [&hellip;]\" \/>\n<meta property=\"og:url\" content=\"https:\/\/www.alteacultural.com\/es\/2025\/04\/16\/la-22-edicio-dencontes-tindra-lloc-del-19-al-25-de-maig\/\" \/>\n<meta property=\"og:site_name\" content=\"Altea Cultural\" \/>\n<meta property=\"article:published_time\" content=\"2025-04-16T08:45:30+00:00\" \/>\n<meta property=\"article:modified_time\" content=\"2025-04-21T08:40:01+00:00\" \/>\n<meta property=\"og:image\" content=\"https:\/\/www.alteacultural.com\/wp-content\/uploads\/2025\/04\/Pepa-i-Blai-Encontes-web.jpg\" \/>\n\t<meta property=\"og:image:width\" content=\"1028\" \/>\n\t<meta property=\"og:image:height\" content=\"905\" \/>\n\t<meta property=\"og:image:type\" content=\"image\/jpeg\" \/>\n<meta name=\"author\" content=\"sfaltea.com-admin\" \/>\n<meta name=\"twitter:card\" content=\"summary_large_image\" \/>\n<meta name=\"twitter:label1\" content=\"Escrito por\" \/>\n\t<meta name=\"twitter:data1\" content=\"sfaltea.com-admin\" \/>\n\t<meta name=\"twitter:label2\" content=\"Tiempo de lectura\" \/>\n\t<meta name=\"twitter:data2\" content=\"10 minutos\" \/>\n<script type=\"application\/ld+json\" class=\"yoast-schema-graph\">{\"@context\":\"https:\/\/schema.org\",\"@graph\":[{\"@type\":\"WebPage\",\"@id\":\"https:\/\/www.alteacultural.com\/es\/2025\/04\/16\/la-22-edicio-dencontes-tindra-lloc-del-19-al-25-de-maig\/\",\"url\":\"https:\/\/www.alteacultural.com\/es\/2025\/04\/16\/la-22-edicio-dencontes-tindra-lloc-del-19-al-25-de-maig\/\",\"name\":\"La 22 edici\u00f3n de \u201cEncontes\u201d tendr\u00e1 lugar del 19 al 25 de mayo - Altea Cultural\",\"isPartOf\":{\"@id\":\"https:\/\/www.alteacultural.com\/es\/#website\"},\"primaryImageOfPage\":{\"@id\":\"https:\/\/www.alteacultural.com\/es\/2025\/04\/16\/la-22-edicio-dencontes-tindra-lloc-del-19-al-25-de-maig\/#primaryimage\"},\"image\":{\"@id\":\"https:\/\/www.alteacultural.com\/es\/2025\/04\/16\/la-22-edicio-dencontes-tindra-lloc-del-19-al-25-de-maig\/#primaryimage\"},\"thumbnailUrl\":\"https:\/\/www.alteacultural.com\/wp-content\/uploads\/2025\/04\/Pepa-i-Blai-Encontes-web.jpg\",\"datePublished\":\"2025-04-16T08:45:30+00:00\",\"dateModified\":\"2025-04-21T08:40:01+00:00\",\"author\":{\"@id\":\"https:\/\/www.alteacultural.com\/es\/#\/schema\/person\/c4e137537f1af546d214a315255e5172\"},\"breadcrumb\":{\"@id\":\"https:\/\/www.alteacultural.com\/es\/2025\/04\/16\/la-22-edicio-dencontes-tindra-lloc-del-19-al-25-de-maig\/#breadcrumb\"},\"inLanguage\":\"es\",\"potentialAction\":[{\"@type\":\"ReadAction\",\"target\":[\"https:\/\/www.alteacultural.com\/es\/2025\/04\/16\/la-22-edicio-dencontes-tindra-lloc-del-19-al-25-de-maig\/\"]}]},{\"@type\":\"ImageObject\",\"inLanguage\":\"es\",\"@id\":\"https:\/\/www.alteacultural.com\/es\/2025\/04\/16\/la-22-edicio-dencontes-tindra-lloc-del-19-al-25-de-maig\/#primaryimage\",\"url\":\"https:\/\/www.alteacultural.com\/wp-content\/uploads\/2025\/04\/Pepa-i-Blai-Encontes-web.jpg\",\"contentUrl\":\"https:\/\/www.alteacultural.com\/wp-content\/uploads\/2025\/04\/Pepa-i-Blai-Encontes-web.jpg\",\"width\":1028,\"height\":905},{\"@type\":\"BreadcrumbList\",\"@id\":\"https:\/\/www.alteacultural.com\/es\/2025\/04\/16\/la-22-edicio-dencontes-tindra-lloc-del-19-al-25-de-maig\/#breadcrumb\",\"itemListElement\":[{\"@type\":\"ListItem\",\"position\":1,\"name\":\"Inici\",\"item\":\"https:\/\/www.alteacultural.com\/es\/\"},{\"@type\":\"ListItem\",\"position\":2,\"name\":\"La 22 edici\u00f3n de \u201cEncontes\u201d tendr\u00e1 lugar del 19 al 25 de mayo\"}]},{\"@type\":\"WebSite\",\"@id\":\"https:\/\/www.alteacultural.com\/es\/#website\",\"url\":\"https:\/\/www.alteacultural.com\/es\/\",\"name\":\"Altea Cultural\",\"description\":\"Regidoria de Cultura de l&#039;Ajuntament d&#039;Altea\",\"potentialAction\":[{\"@type\":\"SearchAction\",\"target\":{\"@type\":\"EntryPoint\",\"urlTemplate\":\"https:\/\/www.alteacultural.com\/es\/?s={search_term_string}\"},\"query-input\":\"required name=search_term_string\"}],\"inLanguage\":\"es\"},{\"@type\":\"Person\",\"@id\":\"https:\/\/www.alteacultural.com\/es\/#\/schema\/person\/c4e137537f1af546d214a315255e5172\",\"name\":\"sfaltea.com-admin\",\"image\":{\"@type\":\"ImageObject\",\"inLanguage\":\"es\",\"@id\":\"https:\/\/www.alteacultural.com\/es\/#\/schema\/person\/image\/\",\"url\":\"https:\/\/secure.gravatar.com\/avatar\/f7473fa2fbd351270ccfd469de536202?s=96&d=mm&r=g\",\"contentUrl\":\"https:\/\/secure.gravatar.com\/avatar\/f7473fa2fbd351270ccfd469de536202?s=96&d=mm&r=g\",\"caption\":\"sfaltea.com-admin\"},\"url\":\"https:\/\/www.alteacultural.com\/es\/author\/sfaltea-com-admin\/\"}]}<\/script>\n<!-- \/ Yoast SEO plugin. -->","yoast_head_json":{"title":"La 22 edici\u00f3n de \u201cEncontes\u201d tendr\u00e1 lugar del 19 al 25 de mayo - Altea Cultural","robots":{"index":"index","follow":"follow","max-snippet":"max-snippet:-1","max-image-preview":"max-image-preview:large","max-video-preview":"max-video-preview:-1"},"canonical":"https:\/\/www.alteacultural.com\/es\/2025\/04\/16\/la-22-edicio-dencontes-tindra-lloc-del-19-al-25-de-maig\/","og_locale":"es_ES","og_type":"article","og_title":"La 22 edici\u00f3n de \u201cEncontes\u201d tendr\u00e1 lugar del 19 al 25 de mayo - Altea Cultural","og_description":"Cultura y Aktes Teatre presentan los detalles del Festival de Narraci\u00f3n Oral de Altea. En la ma\u00f1ana de hoy, [&hellip;]","og_url":"https:\/\/www.alteacultural.com\/es\/2025\/04\/16\/la-22-edicio-dencontes-tindra-lloc-del-19-al-25-de-maig\/","og_site_name":"Altea Cultural","article_published_time":"2025-04-16T08:45:30+00:00","article_modified_time":"2025-04-21T08:40:01+00:00","og_image":[{"width":1028,"height":905,"url":"https:\/\/www.alteacultural.com\/wp-content\/uploads\/2025\/04\/Pepa-i-Blai-Encontes-web.jpg","type":"image\/jpeg"}],"author":"sfaltea.com-admin","twitter_card":"summary_large_image","twitter_misc":{"Escrito por":"sfaltea.com-admin","Tiempo de lectura":"10 minutos"},"schema":{"@context":"https:\/\/schema.org","@graph":[{"@type":"WebPage","@id":"https:\/\/www.alteacultural.com\/es\/2025\/04\/16\/la-22-edicio-dencontes-tindra-lloc-del-19-al-25-de-maig\/","url":"https:\/\/www.alteacultural.com\/es\/2025\/04\/16\/la-22-edicio-dencontes-tindra-lloc-del-19-al-25-de-maig\/","name":"La 22 edici\u00f3n de \u201cEncontes\u201d tendr\u00e1 lugar del 19 al 25 de mayo - Altea Cultural","isPartOf":{"@id":"https:\/\/www.alteacultural.com\/es\/#website"},"primaryImageOfPage":{"@id":"https:\/\/www.alteacultural.com\/es\/2025\/04\/16\/la-22-edicio-dencontes-tindra-lloc-del-19-al-25-de-maig\/#primaryimage"},"image":{"@id":"https:\/\/www.alteacultural.com\/es\/2025\/04\/16\/la-22-edicio-dencontes-tindra-lloc-del-19-al-25-de-maig\/#primaryimage"},"thumbnailUrl":"https:\/\/www.alteacultural.com\/wp-content\/uploads\/2025\/04\/Pepa-i-Blai-Encontes-web.jpg","datePublished":"2025-04-16T08:45:30+00:00","dateModified":"2025-04-21T08:40:01+00:00","author":{"@id":"https:\/\/www.alteacultural.com\/es\/#\/schema\/person\/c4e137537f1af546d214a315255e5172"},"breadcrumb":{"@id":"https:\/\/www.alteacultural.com\/es\/2025\/04\/16\/la-22-edicio-dencontes-tindra-lloc-del-19-al-25-de-maig\/#breadcrumb"},"inLanguage":"es","potentialAction":[{"@type":"ReadAction","target":["https:\/\/www.alteacultural.com\/es\/2025\/04\/16\/la-22-edicio-dencontes-tindra-lloc-del-19-al-25-de-maig\/"]}]},{"@type":"ImageObject","inLanguage":"es","@id":"https:\/\/www.alteacultural.com\/es\/2025\/04\/16\/la-22-edicio-dencontes-tindra-lloc-del-19-al-25-de-maig\/#primaryimage","url":"https:\/\/www.alteacultural.com\/wp-content\/uploads\/2025\/04\/Pepa-i-Blai-Encontes-web.jpg","contentUrl":"https:\/\/www.alteacultural.com\/wp-content\/uploads\/2025\/04\/Pepa-i-Blai-Encontes-web.jpg","width":1028,"height":905},{"@type":"BreadcrumbList","@id":"https:\/\/www.alteacultural.com\/es\/2025\/04\/16\/la-22-edicio-dencontes-tindra-lloc-del-19-al-25-de-maig\/#breadcrumb","itemListElement":[{"@type":"ListItem","position":1,"name":"Inici","item":"https:\/\/www.alteacultural.com\/es\/"},{"@type":"ListItem","position":2,"name":"La 22 edici\u00f3n de \u201cEncontes\u201d tendr\u00e1 lugar del 19 al 25 de mayo"}]},{"@type":"WebSite","@id":"https:\/\/www.alteacultural.com\/es\/#website","url":"https:\/\/www.alteacultural.com\/es\/","name":"Altea Cultural","description":"Regidoria de Cultura de l&#039;Ajuntament d&#039;Altea","potentialAction":[{"@type":"SearchAction","target":{"@type":"EntryPoint","urlTemplate":"https:\/\/www.alteacultural.com\/es\/?s={search_term_string}"},"query-input":"required name=search_term_string"}],"inLanguage":"es"},{"@type":"Person","@id":"https:\/\/www.alteacultural.com\/es\/#\/schema\/person\/c4e137537f1af546d214a315255e5172","name":"sfaltea.com-admin","image":{"@type":"ImageObject","inLanguage":"es","@id":"https:\/\/www.alteacultural.com\/es\/#\/schema\/person\/image\/","url":"https:\/\/secure.gravatar.com\/avatar\/f7473fa2fbd351270ccfd469de536202?s=96&d=mm&r=g","contentUrl":"https:\/\/secure.gravatar.com\/avatar\/f7473fa2fbd351270ccfd469de536202?s=96&d=mm&r=g","caption":"sfaltea.com-admin"},"url":"https:\/\/www.alteacultural.com\/es\/author\/sfaltea-com-admin\/"}]}},"_links":{"self":[{"href":"https:\/\/www.alteacultural.com\/es\/wp-json\/wp\/v2\/posts\/35725"}],"collection":[{"href":"https:\/\/www.alteacultural.com\/es\/wp-json\/wp\/v2\/posts"}],"about":[{"href":"https:\/\/www.alteacultural.com\/es\/wp-json\/wp\/v2\/types\/post"}],"author":[{"embeddable":true,"href":"https:\/\/www.alteacultural.com\/es\/wp-json\/wp\/v2\/users\/1"}],"replies":[{"embeddable":true,"href":"https:\/\/www.alteacultural.com\/es\/wp-json\/wp\/v2\/comments?post=35725"}],"version-history":[{"count":1,"href":"https:\/\/www.alteacultural.com\/es\/wp-json\/wp\/v2\/posts\/35725\/revisions"}],"predecessor-version":[{"id":35727,"href":"https:\/\/www.alteacultural.com\/es\/wp-json\/wp\/v2\/posts\/35725\/revisions\/35727"}],"wp:featuredmedia":[{"embeddable":true,"href":"https:\/\/www.alteacultural.com\/es\/wp-json\/wp\/v2\/media\/35721"}],"wp:attachment":[{"href":"https:\/\/www.alteacultural.com\/es\/wp-json\/wp\/v2\/media?parent=35725"}],"curies":[{"name":"wp","href":"https:\/\/api.w.org\/{rel}","templated":true}]}}