{"id":36005,"date":"2025-05-06T12:20:52","date_gmt":"2025-05-06T10:20:52","guid":{"rendered":"https:\/\/www.alteacultural.com\/2025\/05\/06\/la-tourist-info-renova-la-seua-illuminacio-amb-lampares-artesanals-de-lucia-lorente\/"},"modified":"2025-05-06T12:23:09","modified_gmt":"2025-05-06T10:23:09","slug":"la-tourist-info-renova-la-seua-illuminacio-amb-lampares-artesanals-de-lucia-lorente","status":"publish","type":"post","link":"https:\/\/www.alteacultural.com\/es\/2025\/05\/06\/la-tourist-info-renova-la-seua-illuminacio-amb-lampares-artesanals-de-lucia-lorente\/","title":{"rendered":"La Tourist Info renueva su iluminaci\u00f3n con l\u00e1mparas artesanales de Luc\u00eda Lorente"},"content":{"rendered":"\n<figure class=\"wp-block-image size-full\"><img fetchpriority=\"high\" decoding=\"async\" width=\"1028\" height=\"836\" src=\"https:\/\/www.alteacultural.com\/wp-content\/uploads\/2025\/05\/lamparas-artesanales-en-Tourist-Info-web.jpg\" alt=\"\" class=\"wp-image-36002\" srcset=\"https:\/\/www.alteacultural.com\/wp-content\/uploads\/2025\/05\/lamparas-artesanales-en-Tourist-Info-web.jpg 1028w, https:\/\/www.alteacultural.com\/wp-content\/uploads\/2025\/05\/lamparas-artesanales-en-Tourist-Info-web-768x625.jpg 768w\" sizes=\"(max-width: 1028px) 100vw, 1028px\" \/><\/figure>\n\n\n\n<p>La Oficina de Turismo de Altea ha renovado recientemente su iluminaci\u00f3n interior con la instalaci\u00f3n de unas originales l\u00e1mparas artesanales, dise\u00f1adas y elaboradas por una artesana local que participa activamente en la Mostra d\u2019Artesania, uno de los eventos culturales m\u00e1s representativos del municipio.<\/p>\n\n\n\n<p>Estas nuevas l\u00e1mparas, que ya lucen sobre el mostrador de atenci\u00f3n al visitante, destacan por su dise\u00f1o mediterr\u00e1neo y materiales naturales como el esparto, con multitud de usos y gran tradici\u00f3n en la zona, y papel de seda ecol\u00f3gico, ambos materiales respetuosos con el medio ambiente y decorado con motivos en azul.<\/p>\n\n\n\n<p>M\u00e1s all\u00e1 de su funcionalidad, aportan calidez, identidad y un toque art\u00edstico al espacio, reforzando as\u00ed la apuesta de Altea por integrar el talento local en los espacios p\u00fablicos.<\/p>\n\n\n\n<p>La concejala de Turismo, Xelo Gonz\u00e1lez, ha se\u00f1alado que \u201ccon esta peque\u00f1a gran acci\u00f3n seguimos reforzando la imagen de Altea como un destino que valora su cultura y su artesan\u00eda. Es importante dar visibilidad al trabajo de nuestras artesanas y hacer que, tanto vecinos, como visitantes, lo disfruten tambi\u00e9n dentro de nuestras instalaciones.\u201d<\/p>\n\n\n\n<p>Por su parte, la concejala de Cultura, Pepa Victoria P\u00e9rez, ha destacado que \u201cla artesan\u00eda forma parte del alma de Altea. Promover su presencia en espacios institucionales no solo apoya a nuestros creadores, sino que tambi\u00e9n transmite a quienes nos visitan la sensibilidad art\u00edstica y el arraigo cultural que definen a nuestro pueblo.\u201d<\/p>\n\n\n\n<p>La artesana responsable de la creaci\u00f3n, Lucia Lorente (@luzia.lamps), habitual de la Mostra d\u2019Artesania, se ha mostrado muy agradecida por la oportunidad de colaborar con el Ayuntamiento y de ver su obra integrada en un lugar tan significativo para la promoci\u00f3n tur\u00edstica de Altea.<\/p>\n\n\n\n<p>La incorporaci\u00f3n de estas l\u00e1mparas no s\u00f3lo mejora la est\u00e9tica de la oficina, sino que tambi\u00e9n representa un paso m\u00e1s en la consolidaci\u00f3n de Altea como un destino comprometido con el arte local, la sostenibilidad y la autenticidad.<\/p>\n\n\n\n<p>| ALTEADIGITAL.ES<\/p>\n","protected":false},"excerpt":{"rendered":"<p>La Oficina de Turismo de Altea ha renovado recientemente su iluminaci\u00f3n interior con la instalaci\u00f3n de unas originales l\u00e1mparas [&hellip;]<\/p>\n","protected":false},"author":1,"featured_media":36003,"comment_status":"open","ping_status":"open","sticky":false,"template":"","format":"standard","meta":{"_expiration-date-status":"","_expiration-date":0,"_expiration-date-type":"","_expiration-date-categories":[],"_expiration-date-options":[],"footnotes":""},"yoast_head":"<!-- This site is optimized with the Yoast SEO plugin v22.8 - https:\/\/yoast.com\/wordpress\/plugins\/seo\/ -->\n<title>La Tourist Info renueva su iluminaci\u00f3n con l\u00e1mparas artesanales de Luc\u00eda Lorente - Altea Cultural<\/title>\n<meta name=\"robots\" content=\"index, follow, max-snippet:-1, max-image-preview:large, max-video-preview:-1\" \/>\n<link rel=\"canonical\" href=\"https:\/\/www.alteacultural.com\/es\/2025\/05\/06\/la-tourist-info-renova-la-seua-illuminacio-amb-lampares-artesanals-de-lucia-lorente\/\" \/>\n<meta property=\"og:locale\" content=\"es_ES\" \/>\n<meta property=\"og:type\" content=\"article\" \/>\n<meta property=\"og:title\" content=\"La Tourist Info renueva su iluminaci\u00f3n con l\u00e1mparas artesanales de Luc\u00eda Lorente - Altea Cultural\" \/>\n<meta property=\"og:description\" content=\"La Oficina de Turismo de Altea ha renovado recientemente su iluminaci\u00f3n interior con la instalaci\u00f3n de unas originales l\u00e1mparas [&hellip;]\" \/>\n<meta property=\"og:url\" content=\"https:\/\/www.alteacultural.com\/es\/2025\/05\/06\/la-tourist-info-renova-la-seua-illuminacio-amb-lampares-artesanals-de-lucia-lorente\/\" \/>\n<meta property=\"og:site_name\" content=\"Altea Cultural\" \/>\n<meta property=\"article:published_time\" content=\"2025-05-06T10:20:52+00:00\" \/>\n<meta property=\"article:modified_time\" content=\"2025-05-06T10:23:09+00:00\" \/>\n<meta property=\"og:image\" content=\"https:\/\/www.alteacultural.com\/wp-content\/uploads\/2025\/05\/lamparas-artesanales-en-Tourist-Info-web.jpg\" \/>\n\t<meta property=\"og:image:width\" content=\"1028\" \/>\n\t<meta property=\"og:image:height\" content=\"836\" \/>\n\t<meta property=\"og:image:type\" content=\"image\/jpeg\" \/>\n<meta name=\"author\" content=\"sfaltea.com-admin\" \/>\n<meta name=\"twitter:card\" content=\"summary_large_image\" \/>\n<meta name=\"twitter:label1\" content=\"Escrito por\" \/>\n\t<meta name=\"twitter:data1\" content=\"sfaltea.com-admin\" \/>\n\t<meta name=\"twitter:label2\" content=\"Tiempo de lectura\" \/>\n\t<meta name=\"twitter:data2\" content=\"3 minutos\" \/>\n<script type=\"application\/ld+json\" class=\"yoast-schema-graph\">{\"@context\":\"https:\/\/schema.org\",\"@graph\":[{\"@type\":\"WebPage\",\"@id\":\"https:\/\/www.alteacultural.com\/es\/2025\/05\/06\/la-tourist-info-renova-la-seua-illuminacio-amb-lampares-artesanals-de-lucia-lorente\/\",\"url\":\"https:\/\/www.alteacultural.com\/es\/2025\/05\/06\/la-tourist-info-renova-la-seua-illuminacio-amb-lampares-artesanals-de-lucia-lorente\/\",\"name\":\"La Tourist Info renueva su iluminaci\u00f3n con l\u00e1mparas artesanales de Luc\u00eda Lorente - Altea Cultural\",\"isPartOf\":{\"@id\":\"https:\/\/www.alteacultural.com\/es\/#website\"},\"primaryImageOfPage\":{\"@id\":\"https:\/\/www.alteacultural.com\/es\/2025\/05\/06\/la-tourist-info-renova-la-seua-illuminacio-amb-lampares-artesanals-de-lucia-lorente\/#primaryimage\"},\"image\":{\"@id\":\"https:\/\/www.alteacultural.com\/es\/2025\/05\/06\/la-tourist-info-renova-la-seua-illuminacio-amb-lampares-artesanals-de-lucia-lorente\/#primaryimage\"},\"thumbnailUrl\":\"https:\/\/www.alteacultural.com\/wp-content\/uploads\/2025\/05\/lamparas-artesanales-en-Tourist-Info-web.jpg\",\"datePublished\":\"2025-05-06T10:20:52+00:00\",\"dateModified\":\"2025-05-06T10:23:09+00:00\",\"author\":{\"@id\":\"https:\/\/www.alteacultural.com\/es\/#\/schema\/person\/c4e137537f1af546d214a315255e5172\"},\"breadcrumb\":{\"@id\":\"https:\/\/www.alteacultural.com\/es\/2025\/05\/06\/la-tourist-info-renova-la-seua-illuminacio-amb-lampares-artesanals-de-lucia-lorente\/#breadcrumb\"},\"inLanguage\":\"es\",\"potentialAction\":[{\"@type\":\"ReadAction\",\"target\":[\"https:\/\/www.alteacultural.com\/es\/2025\/05\/06\/la-tourist-info-renova-la-seua-illuminacio-amb-lampares-artesanals-de-lucia-lorente\/\"]}]},{\"@type\":\"ImageObject\",\"inLanguage\":\"es\",\"@id\":\"https:\/\/www.alteacultural.com\/es\/2025\/05\/06\/la-tourist-info-renova-la-seua-illuminacio-amb-lampares-artesanals-de-lucia-lorente\/#primaryimage\",\"url\":\"https:\/\/www.alteacultural.com\/wp-content\/uploads\/2025\/05\/lamparas-artesanales-en-Tourist-Info-web.jpg\",\"contentUrl\":\"https:\/\/www.alteacultural.com\/wp-content\/uploads\/2025\/05\/lamparas-artesanales-en-Tourist-Info-web.jpg\",\"width\":1028,\"height\":836},{\"@type\":\"BreadcrumbList\",\"@id\":\"https:\/\/www.alteacultural.com\/es\/2025\/05\/06\/la-tourist-info-renova-la-seua-illuminacio-amb-lampares-artesanals-de-lucia-lorente\/#breadcrumb\",\"itemListElement\":[{\"@type\":\"ListItem\",\"position\":1,\"name\":\"Inici\",\"item\":\"https:\/\/www.alteacultural.com\/es\/\"},{\"@type\":\"ListItem\",\"position\":2,\"name\":\"La Tourist Info renueva su iluminaci\u00f3n con l\u00e1mparas artesanales de Luc\u00eda Lorente\"}]},{\"@type\":\"WebSite\",\"@id\":\"https:\/\/www.alteacultural.com\/es\/#website\",\"url\":\"https:\/\/www.alteacultural.com\/es\/\",\"name\":\"Altea Cultural\",\"description\":\"Regidoria de Cultura de l&#039;Ajuntament d&#039;Altea\",\"potentialAction\":[{\"@type\":\"SearchAction\",\"target\":{\"@type\":\"EntryPoint\",\"urlTemplate\":\"https:\/\/www.alteacultural.com\/es\/?s={search_term_string}\"},\"query-input\":\"required name=search_term_string\"}],\"inLanguage\":\"es\"},{\"@type\":\"Person\",\"@id\":\"https:\/\/www.alteacultural.com\/es\/#\/schema\/person\/c4e137537f1af546d214a315255e5172\",\"name\":\"sfaltea.com-admin\",\"image\":{\"@type\":\"ImageObject\",\"inLanguage\":\"es\",\"@id\":\"https:\/\/www.alteacultural.com\/es\/#\/schema\/person\/image\/\",\"url\":\"https:\/\/secure.gravatar.com\/avatar\/f7473fa2fbd351270ccfd469de536202?s=96&d=mm&r=g\",\"contentUrl\":\"https:\/\/secure.gravatar.com\/avatar\/f7473fa2fbd351270ccfd469de536202?s=96&d=mm&r=g\",\"caption\":\"sfaltea.com-admin\"},\"url\":\"https:\/\/www.alteacultural.com\/es\/author\/sfaltea-com-admin\/\"}]}<\/script>\n<!-- \/ Yoast SEO plugin. -->","yoast_head_json":{"title":"La Tourist Info renueva su iluminaci\u00f3n con l\u00e1mparas artesanales de Luc\u00eda Lorente - Altea Cultural","robots":{"index":"index","follow":"follow","max-snippet":"max-snippet:-1","max-image-preview":"max-image-preview:large","max-video-preview":"max-video-preview:-1"},"canonical":"https:\/\/www.alteacultural.com\/es\/2025\/05\/06\/la-tourist-info-renova-la-seua-illuminacio-amb-lampares-artesanals-de-lucia-lorente\/","og_locale":"es_ES","og_type":"article","og_title":"La Tourist Info renueva su iluminaci\u00f3n con l\u00e1mparas artesanales de Luc\u00eda Lorente - Altea Cultural","og_description":"La Oficina de Turismo de Altea ha renovado recientemente su iluminaci\u00f3n interior con la instalaci\u00f3n de unas originales l\u00e1mparas [&hellip;]","og_url":"https:\/\/www.alteacultural.com\/es\/2025\/05\/06\/la-tourist-info-renova-la-seua-illuminacio-amb-lampares-artesanals-de-lucia-lorente\/","og_site_name":"Altea Cultural","article_published_time":"2025-05-06T10:20:52+00:00","article_modified_time":"2025-05-06T10:23:09+00:00","og_image":[{"width":1028,"height":836,"url":"https:\/\/www.alteacultural.com\/wp-content\/uploads\/2025\/05\/lamparas-artesanales-en-Tourist-Info-web.jpg","type":"image\/jpeg"}],"author":"sfaltea.com-admin","twitter_card":"summary_large_image","twitter_misc":{"Escrito por":"sfaltea.com-admin","Tiempo de lectura":"3 minutos"},"schema":{"@context":"https:\/\/schema.org","@graph":[{"@type":"WebPage","@id":"https:\/\/www.alteacultural.com\/es\/2025\/05\/06\/la-tourist-info-renova-la-seua-illuminacio-amb-lampares-artesanals-de-lucia-lorente\/","url":"https:\/\/www.alteacultural.com\/es\/2025\/05\/06\/la-tourist-info-renova-la-seua-illuminacio-amb-lampares-artesanals-de-lucia-lorente\/","name":"La Tourist Info renueva su iluminaci\u00f3n con l\u00e1mparas artesanales de Luc\u00eda Lorente - Altea Cultural","isPartOf":{"@id":"https:\/\/www.alteacultural.com\/es\/#website"},"primaryImageOfPage":{"@id":"https:\/\/www.alteacultural.com\/es\/2025\/05\/06\/la-tourist-info-renova-la-seua-illuminacio-amb-lampares-artesanals-de-lucia-lorente\/#primaryimage"},"image":{"@id":"https:\/\/www.alteacultural.com\/es\/2025\/05\/06\/la-tourist-info-renova-la-seua-illuminacio-amb-lampares-artesanals-de-lucia-lorente\/#primaryimage"},"thumbnailUrl":"https:\/\/www.alteacultural.com\/wp-content\/uploads\/2025\/05\/lamparas-artesanales-en-Tourist-Info-web.jpg","datePublished":"2025-05-06T10:20:52+00:00","dateModified":"2025-05-06T10:23:09+00:00","author":{"@id":"https:\/\/www.alteacultural.com\/es\/#\/schema\/person\/c4e137537f1af546d214a315255e5172"},"breadcrumb":{"@id":"https:\/\/www.alteacultural.com\/es\/2025\/05\/06\/la-tourist-info-renova-la-seua-illuminacio-amb-lampares-artesanals-de-lucia-lorente\/#breadcrumb"},"inLanguage":"es","potentialAction":[{"@type":"ReadAction","target":["https:\/\/www.alteacultural.com\/es\/2025\/05\/06\/la-tourist-info-renova-la-seua-illuminacio-amb-lampares-artesanals-de-lucia-lorente\/"]}]},{"@type":"ImageObject","inLanguage":"es","@id":"https:\/\/www.alteacultural.com\/es\/2025\/05\/06\/la-tourist-info-renova-la-seua-illuminacio-amb-lampares-artesanals-de-lucia-lorente\/#primaryimage","url":"https:\/\/www.alteacultural.com\/wp-content\/uploads\/2025\/05\/lamparas-artesanales-en-Tourist-Info-web.jpg","contentUrl":"https:\/\/www.alteacultural.com\/wp-content\/uploads\/2025\/05\/lamparas-artesanales-en-Tourist-Info-web.jpg","width":1028,"height":836},{"@type":"BreadcrumbList","@id":"https:\/\/www.alteacultural.com\/es\/2025\/05\/06\/la-tourist-info-renova-la-seua-illuminacio-amb-lampares-artesanals-de-lucia-lorente\/#breadcrumb","itemListElement":[{"@type":"ListItem","position":1,"name":"Inici","item":"https:\/\/www.alteacultural.com\/es\/"},{"@type":"ListItem","position":2,"name":"La Tourist Info renueva su iluminaci\u00f3n con l\u00e1mparas artesanales de Luc\u00eda Lorente"}]},{"@type":"WebSite","@id":"https:\/\/www.alteacultural.com\/es\/#website","url":"https:\/\/www.alteacultural.com\/es\/","name":"Altea Cultural","description":"Regidoria de Cultura de l&#039;Ajuntament d&#039;Altea","potentialAction":[{"@type":"SearchAction","target":{"@type":"EntryPoint","urlTemplate":"https:\/\/www.alteacultural.com\/es\/?s={search_term_string}"},"query-input":"required name=search_term_string"}],"inLanguage":"es"},{"@type":"Person","@id":"https:\/\/www.alteacultural.com\/es\/#\/schema\/person\/c4e137537f1af546d214a315255e5172","name":"sfaltea.com-admin","image":{"@type":"ImageObject","inLanguage":"es","@id":"https:\/\/www.alteacultural.com\/es\/#\/schema\/person\/image\/","url":"https:\/\/secure.gravatar.com\/avatar\/f7473fa2fbd351270ccfd469de536202?s=96&d=mm&r=g","contentUrl":"https:\/\/secure.gravatar.com\/avatar\/f7473fa2fbd351270ccfd469de536202?s=96&d=mm&r=g","caption":"sfaltea.com-admin"},"url":"https:\/\/www.alteacultural.com\/es\/author\/sfaltea-com-admin\/"}]}},"_links":{"self":[{"href":"https:\/\/www.alteacultural.com\/es\/wp-json\/wp\/v2\/posts\/36005"}],"collection":[{"href":"https:\/\/www.alteacultural.com\/es\/wp-json\/wp\/v2\/posts"}],"about":[{"href":"https:\/\/www.alteacultural.com\/es\/wp-json\/wp\/v2\/types\/post"}],"author":[{"embeddable":true,"href":"https:\/\/www.alteacultural.com\/es\/wp-json\/wp\/v2\/users\/1"}],"replies":[{"embeddable":true,"href":"https:\/\/www.alteacultural.com\/es\/wp-json\/wp\/v2\/comments?post=36005"}],"version-history":[{"count":1,"href":"https:\/\/www.alteacultural.com\/es\/wp-json\/wp\/v2\/posts\/36005\/revisions"}],"predecessor-version":[{"id":36007,"href":"https:\/\/www.alteacultural.com\/es\/wp-json\/wp\/v2\/posts\/36005\/revisions\/36007"}],"wp:featuredmedia":[{"embeddable":true,"href":"https:\/\/www.alteacultural.com\/es\/wp-json\/wp\/v2\/media\/36003"}],"wp:attachment":[{"href":"https:\/\/www.alteacultural.com\/es\/wp-json\/wp\/v2\/media?parent=36005"}],"curies":[{"name":"wp","href":"https:\/\/api.w.org\/{rel}","templated":true}]}}