{"id":36022,"date":"2025-05-06T12:36:50","date_gmt":"2025-05-06T10:36:50","guid":{"rendered":"https:\/\/www.alteacultural.com\/2025\/05\/06\/cultura-anuncia-la-vuitena-edicio-del-ral-li-fotografic-vila-daltea\/"},"modified":"2025-05-06T12:52:59","modified_gmt":"2025-05-06T10:52:59","slug":"cultura-anuncia-la-vuitena-edicio-del-ral-li-fotografic-vila-daltea","status":"publish","type":"post","link":"https:\/\/www.alteacultural.com\/es\/2025\/05\/06\/cultura-anuncia-la-vuitena-edicio-del-ral-li-fotografic-vila-daltea\/","title":{"rendered":"Cultura anuncia la octava edici\u00f3n del \u201cRal.li Fotogr\u00e0fic Vila d\u2019Altea\u201d"},"content":{"rendered":"\n<figure class=\"wp-block-image size-full\"><img fetchpriority=\"high\" decoding=\"async\" width=\"1028\" height=\"752\" src=\"https:\/\/www.alteacultural.com\/wp-content\/uploads\/2025\/05\/Rp-Ral.li-fotografic-web.jpg\" alt=\"\" class=\"wp-image-36017\" srcset=\"https:\/\/www.alteacultural.com\/wp-content\/uploads\/2025\/05\/Rp-Ral.li-fotografic-web.jpg 1028w, https:\/\/www.alteacultural.com\/wp-content\/uploads\/2025\/05\/Rp-Ral.li-fotografic-web-768x562.jpg 768w\" sizes=\"(max-width: 1028px) 100vw, 1028px\" \/><\/figure>\n\n\n\n<p><strong>Habr\u00e0 un objetivo voluntario con motivo de la celebraci\u00f3n del 50 aniversario del Hotel Cap Negret.<\/strong><\/p>\n\n\n\n<p>La edil de Cultura, Pepa Victoria P\u00e9rez y el impulsor y coordinador de la iniciativa, Vicent Llorens \u201cEl Xic\u00f3n\u201d, han dado a conocer los pormenores de la octava edici\u00f3n del \u201cRal.li Fotogr\u00e0fic Vila d\u2019Altea\u201d, que se celebrar\u00e1 como es costumbre en el mes de mayo, concretamente los d\u00edas 16, 17 y 18. Un concurso de fotograf\u00eda destinado tanto a profesionales como aficionados que en esta ocasi\u00f3n repartir\u00e1 1.100\u20ac en premios m\u00e1s un premio extraordinario de un fin de semana a gastos pagados en el Hotel Cap Negret de Altea.<\/p>\n\n\n\n<p>La inscripciones ya se pueden llevar a cabo en <a href=\"http:\/\/www.alteacultural.com\">www.alteacultural.com<\/a><\/p>\n\n\n\n<p>P\u00e9rez ha agradecido la dedicaci\u00f3n de Vicent Llorens y ha animado a los amantes de la fotograf\u00eda a participar. Habitualmente son entre 50 y 60 los participantes.<\/p>\n\n\n\n<figure class=\"wp-block-image size-full\"><img decoding=\"async\" width=\"1754\" height=\"2480\" data-src=\"https:\/\/www.alteacultural.com\/wp-content\/uploads\/2025\/04\/RalliFotograficAltea25_Cartell-01.jpg\" alt=\"\" class=\"wp-image-35764 lazyload\" data-srcset=\"https:\/\/www.alteacultural.com\/wp-content\/uploads\/2025\/04\/RalliFotograficAltea25_Cartell-01.jpg 1754w, https:\/\/www.alteacultural.com\/wp-content\/uploads\/2025\/04\/RalliFotograficAltea25_Cartell-01-768x1086.jpg 768w, https:\/\/www.alteacultural.com\/wp-content\/uploads\/2025\/04\/RalliFotograficAltea25_Cartell-01-1086x1536.jpg 1086w, https:\/\/www.alteacultural.com\/wp-content\/uploads\/2025\/04\/RalliFotograficAltea25_Cartell-01-1448x2048.jpg 1448w\" data-sizes=\"(max-width: 1754px) 100vw, 1754px\" src=\"data:image\/gif;base64,R0lGODlhAQABAAAAACH5BAEKAAEALAAAAAABAAEAAAICTAEAOw==\" style=\"--smush-placeholder-width: 1754px; --smush-placeholder-aspect-ratio: 1754\/2480;\" \/><\/figure>\n\n\n\n<p>Por su parte, Vicent Llorens ha resaltado la buena salud de la iniciativa que cada a\u00f1o cuenta con m\u00e1s participantes. \u201cLa gente que participa siempre repite lo mismo, y es que vienen muy contentos a Altea y que Altea siempre tiene buena predisposici\u00f3n para la fotograf\u00eda, como la luz. Ha expresado Llorens.<\/p>\n\n\n\n<p>Este a\u00f1o la programaci\u00f3n ser\u00e1 igual, es decir se tendr\u00e1n que hacer 6 fotos y la tem\u00e1tica se dar\u00e1 el viernes 16, los fot\u00f3grafos tendr\u00e1n de plazo hasta el s\u00e1bado a las 13:00h para entregar las tarjetas con las 6 fotos y el jurado procede a su valoraci\u00f3n. Por la tarde ya se tienen los resultados y el domingo hacemos la entrega de premios.<\/p>\n\n\n\n<p>En cuanto a novedades, Llorens ha explicado que \u201cya que el hotel Cap Negret cumple 50 a\u00f1os habr\u00e1 un objetivo extraordinario y voluntario en referencia este. Se tendr\u00e1 que hacer una foto exterior de la arquitectura del hotel\u201d.<\/p>\n\n\n\n<p>Este objetivo no ser\u00e1 obligado, el fot\u00f3grafo que no quiera hacerlo no lo har\u00e1, pero tiene un premio suculento que es un fin de semana en el hotel y es algo atractivo.<\/p>\n\n\n\n<p>Este a\u00f1o el domingo se llevar\u00e1 a cabo la entrega de premios y tambi\u00e9n del premio especial del hotel Cap Negret por cumplir 50 a\u00f1os. Ha concluido Vicent Llorens Llorca \u201cEl Xic\u00f3n\u201d, un amante de la fotograf\u00eda y de los viajes.<\/p>\n\n\n\n<p>Este XIII \u201cRal.li Fotogr\u00e0fic Vila d\u2019Altea\u201d se ha presentado en la sala de exposiciones de la Casa de Cultura, que, precisamente esta semana, ha inaugurado la exposici\u00f3n \u201cNamast\u00e9\u201d de Vicent Llorens, en la que retrata la sociedad India. Esta mirada profunda a la India estar\u00e1 presente en la casa de Cultura hasta el 18 de mayo, con lo que los participantes en el \u201cRal.li Fotogr\u00e0fic\u201d podr\u00e1n disfrutar tambi\u00e9n de la misma.<\/p>\n\n\n\n<figure class=\"wp-block-image size-full\"><img decoding=\"async\" width=\"1028\" height=\"771\" data-src=\"https:\/\/www.alteacultural.com\/wp-content\/uploads\/2025\/05\/expo-Vicent-Llorens-web.jpg\" alt=\"\" class=\"wp-image-36019 lazyload\" data-srcset=\"https:\/\/www.alteacultural.com\/wp-content\/uploads\/2025\/05\/expo-Vicent-Llorens-web.jpg 1028w, https:\/\/www.alteacultural.com\/wp-content\/uploads\/2025\/05\/expo-Vicent-Llorens-web-768x576.jpg 768w\" data-sizes=\"(max-width: 1028px) 100vw, 1028px\" src=\"data:image\/gif;base64,R0lGODlhAQABAAAAACH5BAEKAAEALAAAAAABAAEAAAICTAEAOw==\" style=\"--smush-placeholder-width: 1028px; --smush-placeholder-aspect-ratio: 1028\/771;\" \/><\/figure>\n\n\n\n<p>| ALTEADIGITAL.ES<\/p>\n","protected":false},"excerpt":{"rendered":"<p>Habr\u00e0 un objetivo voluntario con motivo de la celebraci\u00f3n del 50 aniversario del Hotel Cap Negret. La edil de [&hellip;]<\/p>\n","protected":false},"author":1,"featured_media":35789,"comment_status":"open","ping_status":"open","sticky":false,"template":"","format":"standard","meta":{"_expiration-date-status":"","_expiration-date":0,"_expiration-date-type":"","_expiration-date-categories":[],"_expiration-date-options":[],"footnotes":""},"yoast_head":"<!-- This site is optimized with the Yoast SEO plugin v22.8 - https:\/\/yoast.com\/wordpress\/plugins\/seo\/ -->\n<title>Cultura anuncia la octava edici\u00f3n del \u201cRal.li Fotogr\u00e0fic Vila d\u2019Altea\u201d - Altea Cultural<\/title>\n<meta name=\"robots\" content=\"index, follow, max-snippet:-1, max-image-preview:large, max-video-preview:-1\" \/>\n<link rel=\"canonical\" href=\"https:\/\/www.alteacultural.com\/es\/2025\/05\/06\/cultura-anuncia-la-vuitena-edicio-del-ral-li-fotografic-vila-daltea\/\" \/>\n<meta property=\"og:locale\" content=\"es_ES\" \/>\n<meta property=\"og:type\" content=\"article\" \/>\n<meta property=\"og:title\" content=\"Cultura anuncia la octava edici\u00f3n del \u201cRal.li Fotogr\u00e0fic Vila d\u2019Altea\u201d - Altea Cultural\" \/>\n<meta property=\"og:description\" content=\"Habr\u00e0 un objetivo voluntario con motivo de la celebraci\u00f3n del 50 aniversario del Hotel Cap Negret. La edil de [&hellip;]\" \/>\n<meta property=\"og:url\" content=\"https:\/\/www.alteacultural.com\/es\/2025\/05\/06\/cultura-anuncia-la-vuitena-edicio-del-ral-li-fotografic-vila-daltea\/\" \/>\n<meta property=\"og:site_name\" content=\"Altea Cultural\" \/>\n<meta property=\"article:published_time\" content=\"2025-05-06T10:36:50+00:00\" \/>\n<meta property=\"article:modified_time\" content=\"2025-05-06T10:52:59+00:00\" \/>\n<meta property=\"og:image\" content=\"https:\/\/www.alteacultural.com\/wp-content\/uploads\/2025\/04\/RalliFotograficAltea25_Cabecera-01_med-scaled.jpg\" \/>\n\t<meta property=\"og:image:width\" content=\"2560\" \/>\n\t<meta property=\"og:image:height\" content=\"948\" \/>\n\t<meta property=\"og:image:type\" content=\"image\/jpeg\" \/>\n<meta name=\"author\" content=\"sfaltea.com-admin\" \/>\n<meta name=\"twitter:card\" content=\"summary_large_image\" \/>\n<meta name=\"twitter:label1\" content=\"Escrito por\" \/>\n\t<meta name=\"twitter:data1\" content=\"sfaltea.com-admin\" \/>\n\t<meta name=\"twitter:label2\" content=\"Tiempo de lectura\" \/>\n\t<meta name=\"twitter:data2\" content=\"4 minutos\" \/>\n<script type=\"application\/ld+json\" class=\"yoast-schema-graph\">{\"@context\":\"https:\/\/schema.org\",\"@graph\":[{\"@type\":\"WebPage\",\"@id\":\"https:\/\/www.alteacultural.com\/es\/2025\/05\/06\/cultura-anuncia-la-vuitena-edicio-del-ral-li-fotografic-vila-daltea\/\",\"url\":\"https:\/\/www.alteacultural.com\/es\/2025\/05\/06\/cultura-anuncia-la-vuitena-edicio-del-ral-li-fotografic-vila-daltea\/\",\"name\":\"Cultura anuncia la octava edici\u00f3n del \u201cRal.li Fotogr\u00e0fic Vila d\u2019Altea\u201d - Altea Cultural\",\"isPartOf\":{\"@id\":\"https:\/\/www.alteacultural.com\/es\/#website\"},\"primaryImageOfPage\":{\"@id\":\"https:\/\/www.alteacultural.com\/es\/2025\/05\/06\/cultura-anuncia-la-vuitena-edicio-del-ral-li-fotografic-vila-daltea\/#primaryimage\"},\"image\":{\"@id\":\"https:\/\/www.alteacultural.com\/es\/2025\/05\/06\/cultura-anuncia-la-vuitena-edicio-del-ral-li-fotografic-vila-daltea\/#primaryimage\"},\"thumbnailUrl\":\"https:\/\/www.alteacultural.com\/wp-content\/uploads\/2025\/04\/RalliFotograficAltea25_Cabecera-01_med-scaled.jpg\",\"datePublished\":\"2025-05-06T10:36:50+00:00\",\"dateModified\":\"2025-05-06T10:52:59+00:00\",\"author\":{\"@id\":\"https:\/\/www.alteacultural.com\/es\/#\/schema\/person\/c4e137537f1af546d214a315255e5172\"},\"breadcrumb\":{\"@id\":\"https:\/\/www.alteacultural.com\/es\/2025\/05\/06\/cultura-anuncia-la-vuitena-edicio-del-ral-li-fotografic-vila-daltea\/#breadcrumb\"},\"inLanguage\":\"es\",\"potentialAction\":[{\"@type\":\"ReadAction\",\"target\":[\"https:\/\/www.alteacultural.com\/es\/2025\/05\/06\/cultura-anuncia-la-vuitena-edicio-del-ral-li-fotografic-vila-daltea\/\"]}]},{\"@type\":\"ImageObject\",\"inLanguage\":\"es\",\"@id\":\"https:\/\/www.alteacultural.com\/es\/2025\/05\/06\/cultura-anuncia-la-vuitena-edicio-del-ral-li-fotografic-vila-daltea\/#primaryimage\",\"url\":\"https:\/\/www.alteacultural.com\/wp-content\/uploads\/2025\/04\/RalliFotograficAltea25_Cabecera-01_med-scaled.jpg\",\"contentUrl\":\"https:\/\/www.alteacultural.com\/wp-content\/uploads\/2025\/04\/RalliFotograficAltea25_Cabecera-01_med-scaled.jpg\",\"width\":2560,\"height\":948},{\"@type\":\"BreadcrumbList\",\"@id\":\"https:\/\/www.alteacultural.com\/es\/2025\/05\/06\/cultura-anuncia-la-vuitena-edicio-del-ral-li-fotografic-vila-daltea\/#breadcrumb\",\"itemListElement\":[{\"@type\":\"ListItem\",\"position\":1,\"name\":\"Inici\",\"item\":\"https:\/\/www.alteacultural.com\/es\/\"},{\"@type\":\"ListItem\",\"position\":2,\"name\":\"Cultura anuncia la octava edici\u00f3n del \u201cRal.li Fotogr\u00e0fic Vila d\u2019Altea\u201d\"}]},{\"@type\":\"WebSite\",\"@id\":\"https:\/\/www.alteacultural.com\/es\/#website\",\"url\":\"https:\/\/www.alteacultural.com\/es\/\",\"name\":\"Altea Cultural\",\"description\":\"Regidoria de Cultura de l&#039;Ajuntament d&#039;Altea\",\"potentialAction\":[{\"@type\":\"SearchAction\",\"target\":{\"@type\":\"EntryPoint\",\"urlTemplate\":\"https:\/\/www.alteacultural.com\/es\/?s={search_term_string}\"},\"query-input\":\"required name=search_term_string\"}],\"inLanguage\":\"es\"},{\"@type\":\"Person\",\"@id\":\"https:\/\/www.alteacultural.com\/es\/#\/schema\/person\/c4e137537f1af546d214a315255e5172\",\"name\":\"sfaltea.com-admin\",\"image\":{\"@type\":\"ImageObject\",\"inLanguage\":\"es\",\"@id\":\"https:\/\/www.alteacultural.com\/es\/#\/schema\/person\/image\/\",\"url\":\"https:\/\/secure.gravatar.com\/avatar\/f7473fa2fbd351270ccfd469de536202?s=96&d=mm&r=g\",\"contentUrl\":\"https:\/\/secure.gravatar.com\/avatar\/f7473fa2fbd351270ccfd469de536202?s=96&d=mm&r=g\",\"caption\":\"sfaltea.com-admin\"},\"url\":\"https:\/\/www.alteacultural.com\/es\/author\/sfaltea-com-admin\/\"}]}<\/script>\n<!-- \/ Yoast SEO plugin. -->","yoast_head_json":{"title":"Cultura anuncia la octava edici\u00f3n del \u201cRal.li Fotogr\u00e0fic Vila d\u2019Altea\u201d - Altea Cultural","robots":{"index":"index","follow":"follow","max-snippet":"max-snippet:-1","max-image-preview":"max-image-preview:large","max-video-preview":"max-video-preview:-1"},"canonical":"https:\/\/www.alteacultural.com\/es\/2025\/05\/06\/cultura-anuncia-la-vuitena-edicio-del-ral-li-fotografic-vila-daltea\/","og_locale":"es_ES","og_type":"article","og_title":"Cultura anuncia la octava edici\u00f3n del \u201cRal.li Fotogr\u00e0fic Vila d\u2019Altea\u201d - Altea Cultural","og_description":"Habr\u00e0 un objetivo voluntario con motivo de la celebraci\u00f3n del 50 aniversario del Hotel Cap Negret. La edil de [&hellip;]","og_url":"https:\/\/www.alteacultural.com\/es\/2025\/05\/06\/cultura-anuncia-la-vuitena-edicio-del-ral-li-fotografic-vila-daltea\/","og_site_name":"Altea Cultural","article_published_time":"2025-05-06T10:36:50+00:00","article_modified_time":"2025-05-06T10:52:59+00:00","og_image":[{"width":2560,"height":948,"url":"https:\/\/www.alteacultural.com\/wp-content\/uploads\/2025\/04\/RalliFotograficAltea25_Cabecera-01_med-scaled.jpg","type":"image\/jpeg"}],"author":"sfaltea.com-admin","twitter_card":"summary_large_image","twitter_misc":{"Escrito por":"sfaltea.com-admin","Tiempo de lectura":"4 minutos"},"schema":{"@context":"https:\/\/schema.org","@graph":[{"@type":"WebPage","@id":"https:\/\/www.alteacultural.com\/es\/2025\/05\/06\/cultura-anuncia-la-vuitena-edicio-del-ral-li-fotografic-vila-daltea\/","url":"https:\/\/www.alteacultural.com\/es\/2025\/05\/06\/cultura-anuncia-la-vuitena-edicio-del-ral-li-fotografic-vila-daltea\/","name":"Cultura anuncia la octava edici\u00f3n del \u201cRal.li Fotogr\u00e0fic Vila d\u2019Altea\u201d - Altea Cultural","isPartOf":{"@id":"https:\/\/www.alteacultural.com\/es\/#website"},"primaryImageOfPage":{"@id":"https:\/\/www.alteacultural.com\/es\/2025\/05\/06\/cultura-anuncia-la-vuitena-edicio-del-ral-li-fotografic-vila-daltea\/#primaryimage"},"image":{"@id":"https:\/\/www.alteacultural.com\/es\/2025\/05\/06\/cultura-anuncia-la-vuitena-edicio-del-ral-li-fotografic-vila-daltea\/#primaryimage"},"thumbnailUrl":"https:\/\/www.alteacultural.com\/wp-content\/uploads\/2025\/04\/RalliFotograficAltea25_Cabecera-01_med-scaled.jpg","datePublished":"2025-05-06T10:36:50+00:00","dateModified":"2025-05-06T10:52:59+00:00","author":{"@id":"https:\/\/www.alteacultural.com\/es\/#\/schema\/person\/c4e137537f1af546d214a315255e5172"},"breadcrumb":{"@id":"https:\/\/www.alteacultural.com\/es\/2025\/05\/06\/cultura-anuncia-la-vuitena-edicio-del-ral-li-fotografic-vila-daltea\/#breadcrumb"},"inLanguage":"es","potentialAction":[{"@type":"ReadAction","target":["https:\/\/www.alteacultural.com\/es\/2025\/05\/06\/cultura-anuncia-la-vuitena-edicio-del-ral-li-fotografic-vila-daltea\/"]}]},{"@type":"ImageObject","inLanguage":"es","@id":"https:\/\/www.alteacultural.com\/es\/2025\/05\/06\/cultura-anuncia-la-vuitena-edicio-del-ral-li-fotografic-vila-daltea\/#primaryimage","url":"https:\/\/www.alteacultural.com\/wp-content\/uploads\/2025\/04\/RalliFotograficAltea25_Cabecera-01_med-scaled.jpg","contentUrl":"https:\/\/www.alteacultural.com\/wp-content\/uploads\/2025\/04\/RalliFotograficAltea25_Cabecera-01_med-scaled.jpg","width":2560,"height":948},{"@type":"BreadcrumbList","@id":"https:\/\/www.alteacultural.com\/es\/2025\/05\/06\/cultura-anuncia-la-vuitena-edicio-del-ral-li-fotografic-vila-daltea\/#breadcrumb","itemListElement":[{"@type":"ListItem","position":1,"name":"Inici","item":"https:\/\/www.alteacultural.com\/es\/"},{"@type":"ListItem","position":2,"name":"Cultura anuncia la octava edici\u00f3n del \u201cRal.li Fotogr\u00e0fic Vila d\u2019Altea\u201d"}]},{"@type":"WebSite","@id":"https:\/\/www.alteacultural.com\/es\/#website","url":"https:\/\/www.alteacultural.com\/es\/","name":"Altea Cultural","description":"Regidoria de Cultura de l&#039;Ajuntament d&#039;Altea","potentialAction":[{"@type":"SearchAction","target":{"@type":"EntryPoint","urlTemplate":"https:\/\/www.alteacultural.com\/es\/?s={search_term_string}"},"query-input":"required name=search_term_string"}],"inLanguage":"es"},{"@type":"Person","@id":"https:\/\/www.alteacultural.com\/es\/#\/schema\/person\/c4e137537f1af546d214a315255e5172","name":"sfaltea.com-admin","image":{"@type":"ImageObject","inLanguage":"es","@id":"https:\/\/www.alteacultural.com\/es\/#\/schema\/person\/image\/","url":"https:\/\/secure.gravatar.com\/avatar\/f7473fa2fbd351270ccfd469de536202?s=96&d=mm&r=g","contentUrl":"https:\/\/secure.gravatar.com\/avatar\/f7473fa2fbd351270ccfd469de536202?s=96&d=mm&r=g","caption":"sfaltea.com-admin"},"url":"https:\/\/www.alteacultural.com\/es\/author\/sfaltea-com-admin\/"}]}},"_links":{"self":[{"href":"https:\/\/www.alteacultural.com\/es\/wp-json\/wp\/v2\/posts\/36022"}],"collection":[{"href":"https:\/\/www.alteacultural.com\/es\/wp-json\/wp\/v2\/posts"}],"about":[{"href":"https:\/\/www.alteacultural.com\/es\/wp-json\/wp\/v2\/types\/post"}],"author":[{"embeddable":true,"href":"https:\/\/www.alteacultural.com\/es\/wp-json\/wp\/v2\/users\/1"}],"replies":[{"embeddable":true,"href":"https:\/\/www.alteacultural.com\/es\/wp-json\/wp\/v2\/comments?post=36022"}],"version-history":[{"count":1,"href":"https:\/\/www.alteacultural.com\/es\/wp-json\/wp\/v2\/posts\/36022\/revisions"}],"predecessor-version":[{"id":36024,"href":"https:\/\/www.alteacultural.com\/es\/wp-json\/wp\/v2\/posts\/36022\/revisions\/36024"}],"wp:featuredmedia":[{"embeddable":true,"href":"https:\/\/www.alteacultural.com\/es\/wp-json\/wp\/v2\/media\/35789"}],"wp:attachment":[{"href":"https:\/\/www.alteacultural.com\/es\/wp-json\/wp\/v2\/media?parent=36022"}],"curies":[{"name":"wp","href":"https:\/\/api.w.org\/{rel}","templated":true}]}}