{"id":36049,"date":"2025-05-13T09:31:31","date_gmt":"2025-05-13T07:31:31","guid":{"rendered":"https:\/\/www.alteacultural.com\/2025\/05\/13\/altea-celebra-el-festivalet-amb-musica-activitats-infantils-i-food-trucks\/"},"modified":"2025-05-13T09:33:37","modified_gmt":"2025-05-13T07:33:37","slug":"altea-celebra-el-festivalet-amb-musica-activitats-infantils-i-food-trucks","status":"publish","type":"post","link":"https:\/\/www.alteacultural.com\/es\/2025\/05\/13\/altea-celebra-el-festivalet-amb-musica-activitats-infantils-i-food-trucks\/","title":{"rendered":"Altea celebra el \u201cFestivalet\u201d con m\u00fasica, actividades infantiles y food trucks"},"content":{"rendered":"\n<figure class=\"wp-block-image size-full\"><img fetchpriority=\"high\" decoding=\"async\" width=\"1810\" height=\"2560\" src=\"https:\/\/www.alteacultural.com\/wp-content\/uploads\/2025\/05\/FestivaletAltea2025_Cartell-01-scaled.jpg\" alt=\"\" class=\"wp-image-35873\" srcset=\"https:\/\/www.alteacultural.com\/wp-content\/uploads\/2025\/05\/FestivaletAltea2025_Cartell-01-scaled.jpg 1810w, https:\/\/www.alteacultural.com\/wp-content\/uploads\/2025\/05\/FestivaletAltea2025_Cartell-01-768x1086.jpg 768w, https:\/\/www.alteacultural.com\/wp-content\/uploads\/2025\/05\/FestivaletAltea2025_Cartell-01-1086x1536.jpg 1086w, https:\/\/www.alteacultural.com\/wp-content\/uploads\/2025\/05\/FestivaletAltea2025_Cartell-01-1448x2048.jpg 1448w\" sizes=\"(max-width: 1810px) 100vw, 1810px\" \/><\/figure>\n\n\n\n<p><strong>S\u00e1bado 10 de mayo en Villa Gadea.<\/strong><\/p>\n\n\n\n<p>Las concejal\u00edas de Educaci\u00f3n y Cultura del Ayuntamiento de Altea anuncian la celebraci\u00f3n del \u201cFestivalet Altea\u201d el pr\u00f3ximo 10 de mayo en la zona de Villa Gadea. Una jornada familiar pensada especialmente para los m\u00e1s peque\u00f1os, con m\u00fasica en directo, actividades infantiles y una variada oferta gastron\u00f3mica a trav\u00e9s de food trucks.<\/p>\n\n\n\n<p>El evento contar\u00e1 con las actuaciones de \u201cEl Ventall d\u2019Aitana\u201d a las 11:30h; \u201cDr. Sapo, a las 13:30h y \u201cRamonets\u201d a las 17.00 h. Tres propuestas musicales pensadas para divertir y entretener al p\u00fablico infantil y familiar.<\/p>\n\n\n\n<p>La organizaci\u00f3n de este festival se ha adjudicado recientemente NatoyDani S.L., en proceso de licitaci\u00f3n p\u00fablica, al que se han presentado cinco empresas. NatoyDani SL es una empresa con sede en San Juan de Alicante, que ser\u00e1 la encargada de dar vida a esta iniciativa cultural y educativa.<\/p>\n\n\n\n<p>El \u201cFestivalet Altea\u201d es una apuesta del Ayuntamiento por ofrecer alternativas de ocio de calidad para las familias del municipio y visitantes, fomentando la cultura desde la infancia y promoviendo espacios de convivencia y disfrute colectivo.<\/p>\n\n\n\n<p>Las entradas ya est\u00e1n disponibles en la web: <a href=\"http:\/\/www.alteacultural.com\/festivalet\">www.alteacultural.com\/festivalet<\/a> y el precio de las mismas es de 0\u20ac para los menores de 2 a\u00f1os; de 3 a 11 a\u00f1os el precio es de 3\u20ac si se adquieren on line y de 4 de forma presencial. Para las personas de 12 a\u00f1os hacia arriba, el precio es de 5\u20ac on line y 6 presencial.<\/p>\n\n\n\n<p>En palabras de la edil de Cultura, Pepa Victoria P\u00e9rez, \u00abel Festivalet es un plan perfecto para que toda la familia se lo pase bien junta, en un proyecto pensado para ni\u00f1os y ni\u00f1as. Es una propuesta educativa y entretenida que quiere dar importancia a cosas como el arte, el medio ambiente, entre otras. Y adem\u00e1s, es una manera genial de ense\u00f1ar a los m\u00e1s peque\u00f1os mientras se divierten, porque en definitiva de lo que se trata es de pasar un buen d\u00eda en familia\u00bb.<\/p>\n\n\n\n<p>Por su parte, la edil de Educaci\u00f3n, Xelo Gonz\u00e1lez, calificado la jornada de \u201cuna divertida jornada de rock con muchas actividades y zona de picnic para pasarlo bien en familia y con amigos\u201d.<\/p>\n\n\n\n<p>Xelo Gonz\u00e1lez anima a alteanos, alteanas y visitantes a disfrutar de esta completa jornada de rock y a adquirir sus entradas lo antes posible de forma online.<\/p>\n\n\n\n<p>| ALTEADIGITAL.ES<\/p>\n","protected":false},"excerpt":{"rendered":"<p>S\u00e1bado 10 de mayo en Villa Gadea. Las concejal\u00edas de Educaci\u00f3n y Cultura del Ayuntamiento de Altea anuncian la [&hellip;]<\/p>\n","protected":false},"author":1,"featured_media":35932,"comment_status":"open","ping_status":"open","sticky":false,"template":"","format":"standard","meta":{"_expiration-date-status":"","_expiration-date":0,"_expiration-date-type":"","_expiration-date-categories":[],"_expiration-date-options":[],"footnotes":""},"yoast_head":"<!-- This site is optimized with the Yoast SEO plugin v22.8 - https:\/\/yoast.com\/wordpress\/plugins\/seo\/ -->\n<title>Altea celebra el \u201cFestivalet\u201d con m\u00fasica, actividades infantiles y food trucks - Altea Cultural<\/title>\n<meta name=\"robots\" content=\"index, follow, max-snippet:-1, max-image-preview:large, max-video-preview:-1\" \/>\n<link rel=\"canonical\" href=\"https:\/\/www.alteacultural.com\/es\/2025\/05\/13\/altea-celebra-el-festivalet-amb-musica-activitats-infantils-i-food-trucks\/\" \/>\n<meta property=\"og:locale\" content=\"es_ES\" \/>\n<meta property=\"og:type\" content=\"article\" \/>\n<meta property=\"og:title\" content=\"Altea celebra el \u201cFestivalet\u201d con m\u00fasica, actividades infantiles y food trucks - Altea Cultural\" \/>\n<meta property=\"og:description\" content=\"S\u00e1bado 10 de mayo en Villa Gadea. Las concejal\u00edas de Educaci\u00f3n y Cultura del Ayuntamiento de Altea anuncian la [&hellip;]\" \/>\n<meta property=\"og:url\" content=\"https:\/\/www.alteacultural.com\/es\/2025\/05\/13\/altea-celebra-el-festivalet-amb-musica-activitats-infantils-i-food-trucks\/\" \/>\n<meta property=\"og:site_name\" content=\"Altea Cultural\" \/>\n<meta property=\"article:published_time\" content=\"2025-05-13T07:31:31+00:00\" \/>\n<meta property=\"article:modified_time\" content=\"2025-05-13T07:33:37+00:00\" \/>\n<meta property=\"og:image\" content=\"https:\/\/www.alteacultural.com\/wp-content\/uploads\/2025\/05\/FestivaletAltea2025_BannerLat-01-scaled.jpg\" \/>\n\t<meta property=\"og:image:width\" content=\"2560\" \/>\n\t<meta property=\"og:image:height\" content=\"1168\" \/>\n\t<meta property=\"og:image:type\" content=\"image\/jpeg\" \/>\n<meta name=\"author\" content=\"sfaltea.com-admin\" \/>\n<meta name=\"twitter:card\" content=\"summary_large_image\" \/>\n<meta name=\"twitter:label1\" content=\"Escrito por\" \/>\n\t<meta name=\"twitter:data1\" content=\"sfaltea.com-admin\" \/>\n\t<meta name=\"twitter:label2\" content=\"Tiempo de lectura\" \/>\n\t<meta name=\"twitter:data2\" content=\"3 minutos\" \/>\n<script type=\"application\/ld+json\" class=\"yoast-schema-graph\">{\"@context\":\"https:\/\/schema.org\",\"@graph\":[{\"@type\":\"WebPage\",\"@id\":\"https:\/\/www.alteacultural.com\/es\/2025\/05\/13\/altea-celebra-el-festivalet-amb-musica-activitats-infantils-i-food-trucks\/\",\"url\":\"https:\/\/www.alteacultural.com\/es\/2025\/05\/13\/altea-celebra-el-festivalet-amb-musica-activitats-infantils-i-food-trucks\/\",\"name\":\"Altea celebra el \u201cFestivalet\u201d con m\u00fasica, actividades infantiles y food trucks - Altea Cultural\",\"isPartOf\":{\"@id\":\"https:\/\/www.alteacultural.com\/es\/#website\"},\"primaryImageOfPage\":{\"@id\":\"https:\/\/www.alteacultural.com\/es\/2025\/05\/13\/altea-celebra-el-festivalet-amb-musica-activitats-infantils-i-food-trucks\/#primaryimage\"},\"image\":{\"@id\":\"https:\/\/www.alteacultural.com\/es\/2025\/05\/13\/altea-celebra-el-festivalet-amb-musica-activitats-infantils-i-food-trucks\/#primaryimage\"},\"thumbnailUrl\":\"https:\/\/www.alteacultural.com\/wp-content\/uploads\/2025\/05\/FestivaletAltea2025_BannerLat-01-scaled.jpg\",\"datePublished\":\"2025-05-13T07:31:31+00:00\",\"dateModified\":\"2025-05-13T07:33:37+00:00\",\"author\":{\"@id\":\"https:\/\/www.alteacultural.com\/es\/#\/schema\/person\/c4e137537f1af546d214a315255e5172\"},\"breadcrumb\":{\"@id\":\"https:\/\/www.alteacultural.com\/es\/2025\/05\/13\/altea-celebra-el-festivalet-amb-musica-activitats-infantils-i-food-trucks\/#breadcrumb\"},\"inLanguage\":\"es\",\"potentialAction\":[{\"@type\":\"ReadAction\",\"target\":[\"https:\/\/www.alteacultural.com\/es\/2025\/05\/13\/altea-celebra-el-festivalet-amb-musica-activitats-infantils-i-food-trucks\/\"]}]},{\"@type\":\"ImageObject\",\"inLanguage\":\"es\",\"@id\":\"https:\/\/www.alteacultural.com\/es\/2025\/05\/13\/altea-celebra-el-festivalet-amb-musica-activitats-infantils-i-food-trucks\/#primaryimage\",\"url\":\"https:\/\/www.alteacultural.com\/wp-content\/uploads\/2025\/05\/FestivaletAltea2025_BannerLat-01-scaled.jpg\",\"contentUrl\":\"https:\/\/www.alteacultural.com\/wp-content\/uploads\/2025\/05\/FestivaletAltea2025_BannerLat-01-scaled.jpg\",\"width\":2560,\"height\":1168},{\"@type\":\"BreadcrumbList\",\"@id\":\"https:\/\/www.alteacultural.com\/es\/2025\/05\/13\/altea-celebra-el-festivalet-amb-musica-activitats-infantils-i-food-trucks\/#breadcrumb\",\"itemListElement\":[{\"@type\":\"ListItem\",\"position\":1,\"name\":\"Inici\",\"item\":\"https:\/\/www.alteacultural.com\/es\/\"},{\"@type\":\"ListItem\",\"position\":2,\"name\":\"Altea celebra el \u201cFestivalet\u201d con m\u00fasica, actividades infantiles y food trucks\"}]},{\"@type\":\"WebSite\",\"@id\":\"https:\/\/www.alteacultural.com\/es\/#website\",\"url\":\"https:\/\/www.alteacultural.com\/es\/\",\"name\":\"Altea Cultural\",\"description\":\"Regidoria de Cultura de l&#039;Ajuntament d&#039;Altea\",\"potentialAction\":[{\"@type\":\"SearchAction\",\"target\":{\"@type\":\"EntryPoint\",\"urlTemplate\":\"https:\/\/www.alteacultural.com\/es\/?s={search_term_string}\"},\"query-input\":\"required name=search_term_string\"}],\"inLanguage\":\"es\"},{\"@type\":\"Person\",\"@id\":\"https:\/\/www.alteacultural.com\/es\/#\/schema\/person\/c4e137537f1af546d214a315255e5172\",\"name\":\"sfaltea.com-admin\",\"image\":{\"@type\":\"ImageObject\",\"inLanguage\":\"es\",\"@id\":\"https:\/\/www.alteacultural.com\/es\/#\/schema\/person\/image\/\",\"url\":\"https:\/\/secure.gravatar.com\/avatar\/f7473fa2fbd351270ccfd469de536202?s=96&d=mm&r=g\",\"contentUrl\":\"https:\/\/secure.gravatar.com\/avatar\/f7473fa2fbd351270ccfd469de536202?s=96&d=mm&r=g\",\"caption\":\"sfaltea.com-admin\"},\"url\":\"https:\/\/www.alteacultural.com\/es\/author\/sfaltea-com-admin\/\"}]}<\/script>\n<!-- \/ Yoast SEO plugin. -->","yoast_head_json":{"title":"Altea celebra el \u201cFestivalet\u201d con m\u00fasica, actividades infantiles y food trucks - Altea Cultural","robots":{"index":"index","follow":"follow","max-snippet":"max-snippet:-1","max-image-preview":"max-image-preview:large","max-video-preview":"max-video-preview:-1"},"canonical":"https:\/\/www.alteacultural.com\/es\/2025\/05\/13\/altea-celebra-el-festivalet-amb-musica-activitats-infantils-i-food-trucks\/","og_locale":"es_ES","og_type":"article","og_title":"Altea celebra el \u201cFestivalet\u201d con m\u00fasica, actividades infantiles y food trucks - Altea Cultural","og_description":"S\u00e1bado 10 de mayo en Villa Gadea. Las concejal\u00edas de Educaci\u00f3n y Cultura del Ayuntamiento de Altea anuncian la [&hellip;]","og_url":"https:\/\/www.alteacultural.com\/es\/2025\/05\/13\/altea-celebra-el-festivalet-amb-musica-activitats-infantils-i-food-trucks\/","og_site_name":"Altea Cultural","article_published_time":"2025-05-13T07:31:31+00:00","article_modified_time":"2025-05-13T07:33:37+00:00","og_image":[{"width":2560,"height":1168,"url":"https:\/\/www.alteacultural.com\/wp-content\/uploads\/2025\/05\/FestivaletAltea2025_BannerLat-01-scaled.jpg","type":"image\/jpeg"}],"author":"sfaltea.com-admin","twitter_card":"summary_large_image","twitter_misc":{"Escrito por":"sfaltea.com-admin","Tiempo de lectura":"3 minutos"},"schema":{"@context":"https:\/\/schema.org","@graph":[{"@type":"WebPage","@id":"https:\/\/www.alteacultural.com\/es\/2025\/05\/13\/altea-celebra-el-festivalet-amb-musica-activitats-infantils-i-food-trucks\/","url":"https:\/\/www.alteacultural.com\/es\/2025\/05\/13\/altea-celebra-el-festivalet-amb-musica-activitats-infantils-i-food-trucks\/","name":"Altea celebra el \u201cFestivalet\u201d con m\u00fasica, actividades infantiles y food trucks - Altea Cultural","isPartOf":{"@id":"https:\/\/www.alteacultural.com\/es\/#website"},"primaryImageOfPage":{"@id":"https:\/\/www.alteacultural.com\/es\/2025\/05\/13\/altea-celebra-el-festivalet-amb-musica-activitats-infantils-i-food-trucks\/#primaryimage"},"image":{"@id":"https:\/\/www.alteacultural.com\/es\/2025\/05\/13\/altea-celebra-el-festivalet-amb-musica-activitats-infantils-i-food-trucks\/#primaryimage"},"thumbnailUrl":"https:\/\/www.alteacultural.com\/wp-content\/uploads\/2025\/05\/FestivaletAltea2025_BannerLat-01-scaled.jpg","datePublished":"2025-05-13T07:31:31+00:00","dateModified":"2025-05-13T07:33:37+00:00","author":{"@id":"https:\/\/www.alteacultural.com\/es\/#\/schema\/person\/c4e137537f1af546d214a315255e5172"},"breadcrumb":{"@id":"https:\/\/www.alteacultural.com\/es\/2025\/05\/13\/altea-celebra-el-festivalet-amb-musica-activitats-infantils-i-food-trucks\/#breadcrumb"},"inLanguage":"es","potentialAction":[{"@type":"ReadAction","target":["https:\/\/www.alteacultural.com\/es\/2025\/05\/13\/altea-celebra-el-festivalet-amb-musica-activitats-infantils-i-food-trucks\/"]}]},{"@type":"ImageObject","inLanguage":"es","@id":"https:\/\/www.alteacultural.com\/es\/2025\/05\/13\/altea-celebra-el-festivalet-amb-musica-activitats-infantils-i-food-trucks\/#primaryimage","url":"https:\/\/www.alteacultural.com\/wp-content\/uploads\/2025\/05\/FestivaletAltea2025_BannerLat-01-scaled.jpg","contentUrl":"https:\/\/www.alteacultural.com\/wp-content\/uploads\/2025\/05\/FestivaletAltea2025_BannerLat-01-scaled.jpg","width":2560,"height":1168},{"@type":"BreadcrumbList","@id":"https:\/\/www.alteacultural.com\/es\/2025\/05\/13\/altea-celebra-el-festivalet-amb-musica-activitats-infantils-i-food-trucks\/#breadcrumb","itemListElement":[{"@type":"ListItem","position":1,"name":"Inici","item":"https:\/\/www.alteacultural.com\/es\/"},{"@type":"ListItem","position":2,"name":"Altea celebra el \u201cFestivalet\u201d con m\u00fasica, actividades infantiles y food trucks"}]},{"@type":"WebSite","@id":"https:\/\/www.alteacultural.com\/es\/#website","url":"https:\/\/www.alteacultural.com\/es\/","name":"Altea Cultural","description":"Regidoria de Cultura de l&#039;Ajuntament d&#039;Altea","potentialAction":[{"@type":"SearchAction","target":{"@type":"EntryPoint","urlTemplate":"https:\/\/www.alteacultural.com\/es\/?s={search_term_string}"},"query-input":"required name=search_term_string"}],"inLanguage":"es"},{"@type":"Person","@id":"https:\/\/www.alteacultural.com\/es\/#\/schema\/person\/c4e137537f1af546d214a315255e5172","name":"sfaltea.com-admin","image":{"@type":"ImageObject","inLanguage":"es","@id":"https:\/\/www.alteacultural.com\/es\/#\/schema\/person\/image\/","url":"https:\/\/secure.gravatar.com\/avatar\/f7473fa2fbd351270ccfd469de536202?s=96&d=mm&r=g","contentUrl":"https:\/\/secure.gravatar.com\/avatar\/f7473fa2fbd351270ccfd469de536202?s=96&d=mm&r=g","caption":"sfaltea.com-admin"},"url":"https:\/\/www.alteacultural.com\/es\/author\/sfaltea-com-admin\/"}]}},"_links":{"self":[{"href":"https:\/\/www.alteacultural.com\/es\/wp-json\/wp\/v2\/posts\/36049"}],"collection":[{"href":"https:\/\/www.alteacultural.com\/es\/wp-json\/wp\/v2\/posts"}],"about":[{"href":"https:\/\/www.alteacultural.com\/es\/wp-json\/wp\/v2\/types\/post"}],"author":[{"embeddable":true,"href":"https:\/\/www.alteacultural.com\/es\/wp-json\/wp\/v2\/users\/1"}],"replies":[{"embeddable":true,"href":"https:\/\/www.alteacultural.com\/es\/wp-json\/wp\/v2\/comments?post=36049"}],"version-history":[{"count":1,"href":"https:\/\/www.alteacultural.com\/es\/wp-json\/wp\/v2\/posts\/36049\/revisions"}],"predecessor-version":[{"id":36051,"href":"https:\/\/www.alteacultural.com\/es\/wp-json\/wp\/v2\/posts\/36049\/revisions\/36051"}],"wp:featuredmedia":[{"embeddable":true,"href":"https:\/\/www.alteacultural.com\/es\/wp-json\/wp\/v2\/media\/35932"}],"wp:attachment":[{"href":"https:\/\/www.alteacultural.com\/es\/wp-json\/wp\/v2\/media?parent=36049"}],"curies":[{"name":"wp","href":"https:\/\/api.w.org\/{rel}","templated":true}]}}