{"id":36056,"date":"2025-05-13T09:39:51","date_gmt":"2025-05-13T07:39:51","guid":{"rendered":"https:\/\/www.alteacultural.com\/2025\/05\/13\/altea-present-a-lexposicio-el-quixot-de-schlotter-a-la-casa-museu-blasco-ibanez-de-valencia\/"},"modified":"2025-05-19T09:37:54","modified_gmt":"2025-05-19T07:37:54","slug":"altea-present-a-lexposicio-el-quixot-de-schlotter-a-la-casa-museu-blasco-ibanez-de-valencia","status":"publish","type":"post","link":"https:\/\/www.alteacultural.com\/es\/2025\/05\/13\/altea-present-a-lexposicio-el-quixot-de-schlotter-a-la-casa-museu-blasco-ibanez-de-valencia\/","title":{"rendered":"Altea presente en la exposici\u00f3n \u201cEl Quijote de Schlotter\u201d en la Casa Museo Blasco Ib\u00e1\u00f1ez de Valencia"},"content":{"rendered":"\n<figure class=\"wp-block-image size-full\"><img fetchpriority=\"high\" decoding=\"async\" width=\"1028\" height=\"677\" src=\"https:\/\/www.alteacultural.com\/wp-content\/uploads\/2025\/05\/visita-expo-Schlotter-en-Valencia-web.jpg\" alt=\"\" class=\"wp-image-36053\" srcset=\"https:\/\/www.alteacultural.com\/wp-content\/uploads\/2025\/05\/visita-expo-Schlotter-en-Valencia-web.jpg 1028w, https:\/\/www.alteacultural.com\/wp-content\/uploads\/2025\/05\/visita-expo-Schlotter-en-Valencia-web-768x506.jpg 768w\" sizes=\"(max-width: 1028px) 100vw, 1028px\" \/><\/figure>\n\n\n\n<p>La Casa Museo Blasco Ib\u00e1\u00f1ez, situada en la playa de la Malvarrosa de Val\u00e8ncia, acoge desde esta semana la exposici\u00f3n temporal \u201cEl Quijote de Schlotter\u201d; una selecci\u00f3n de grabados y aguafuertes del reconocido artista alem\u00e1n Eberhard Schlotter, vinculado a Altea. La muestra, que podr\u00e1 visitarse hasta el 12 de octubre, rinde homenaje al Quijote de Cervantes a trav\u00e9s de la mirada \u00fanica de este maestro del grabado.<\/p>\n\n\n\n<p>En la inauguraci\u00f3n, adem\u00e1s del concejal de Acci\u00f3n Cultural de Valencia, Jos\u00e9 Luis Moreno y del director del museo, Emilio Sales, estuvo presente la concejala de Cultura de Altea, Pepa P\u00e9rez, quien quiso acompa\u00f1ar a la familia Schlotter en este emotivo acto. Tambi\u00e9n asistieron varios amigos alteanos del artista, subrayando la estrecha relaci\u00f3n entre Schlotter y la localidad mediterr\u00e1nea que tanto inspir\u00f3 su obra.<\/p>\n\n\n\n<p>Sibylle Schlotter, hija del artista, agradeci\u00f3 al Ayuntamiento de Valencia y a la Concejal\u00eda de Acci\u00f3n Cultural su compromiso con la difusi\u00f3n del arte gr\u00e1fico y el legado de su padre, quien ilustr\u00f3 numerosas obras cl\u00e1sicas, pero cuya serie dedicada a Don Quijote \u2014realizada para la edici\u00f3n de 1979 enriquecida por Camilo Jos\u00e9 Cela\u2014 es quiz\u00e1 la m\u00e1s reconocida internacionalmente.<\/p>\n\n\n\n<p>La exposici\u00f3n puede visitarse de martes a s\u00e1bado, de 10:00 a 14:00 y de 15:00 a 19:00 horas; y domingos y festivos, de 10:00 a 14:00. La Casa Museo Blasco Ib\u00e1\u00f1ez invita al p\u00fablico a disfrutar de esta propuesta que une arte, literatura y memoria compartida entre Valencia y Altea.<\/p>\n\n\n\n<p>|ALTEADIGITAL.ES<\/p>\n","protected":false},"excerpt":{"rendered":"<p>La Casa Museo Blasco Ib\u00e1\u00f1ez, situada en la playa de la Malvarrosa de Val\u00e8ncia, acoge desde esta semana la [&hellip;]<\/p>\n","protected":false},"author":1,"featured_media":36054,"comment_status":"open","ping_status":"open","sticky":false,"template":"","format":"standard","meta":{"_expiration-date-status":"","_expiration-date":0,"_expiration-date-type":"","_expiration-date-categories":[],"_expiration-date-options":[],"footnotes":""},"yoast_head":"<!-- This site is optimized with the Yoast SEO plugin v22.8 - https:\/\/yoast.com\/wordpress\/plugins\/seo\/ -->\n<title>Altea presente en la exposici\u00f3n \u201cEl Quijote de Schlotter\u201d en la Casa Museo Blasco Ib\u00e1\u00f1ez de Valencia - Altea Cultural<\/title>\n<meta name=\"robots\" content=\"index, follow, max-snippet:-1, max-image-preview:large, max-video-preview:-1\" \/>\n<link rel=\"canonical\" href=\"https:\/\/www.alteacultural.com\/es\/2025\/05\/13\/altea-present-a-lexposicio-el-quixot-de-schlotter-a-la-casa-museu-blasco-ibanez-de-valencia\/\" \/>\n<meta property=\"og:locale\" content=\"es_ES\" \/>\n<meta property=\"og:type\" content=\"article\" \/>\n<meta property=\"og:title\" content=\"Altea presente en la exposici\u00f3n \u201cEl Quijote de Schlotter\u201d en la Casa Museo Blasco Ib\u00e1\u00f1ez de Valencia - Altea Cultural\" \/>\n<meta property=\"og:description\" content=\"La Casa Museo Blasco Ib\u00e1\u00f1ez, situada en la playa de la Malvarrosa de Val\u00e8ncia, acoge desde esta semana la [&hellip;]\" \/>\n<meta property=\"og:url\" content=\"https:\/\/www.alteacultural.com\/es\/2025\/05\/13\/altea-present-a-lexposicio-el-quixot-de-schlotter-a-la-casa-museu-blasco-ibanez-de-valencia\/\" \/>\n<meta property=\"og:site_name\" content=\"Altea Cultural\" \/>\n<meta property=\"article:published_time\" content=\"2025-05-13T07:39:51+00:00\" \/>\n<meta property=\"article:modified_time\" content=\"2025-05-19T07:37:54+00:00\" \/>\n<meta property=\"og:image\" content=\"https:\/\/www.alteacultural.com\/wp-content\/uploads\/2025\/05\/visita-expo-Schlotter-en-Valencia-web.jpg\" \/>\n\t<meta property=\"og:image:width\" content=\"1028\" \/>\n\t<meta property=\"og:image:height\" content=\"677\" \/>\n\t<meta property=\"og:image:type\" content=\"image\/jpeg\" \/>\n<meta name=\"author\" content=\"sfaltea.com-admin\" \/>\n<meta name=\"twitter:card\" content=\"summary_large_image\" \/>\n<meta name=\"twitter:label1\" content=\"Escrito por\" \/>\n\t<meta name=\"twitter:data1\" content=\"sfaltea.com-admin\" \/>\n\t<meta name=\"twitter:label2\" content=\"Tiempo de lectura\" \/>\n\t<meta name=\"twitter:data2\" content=\"2 minutos\" \/>\n<script type=\"application\/ld+json\" class=\"yoast-schema-graph\">{\"@context\":\"https:\/\/schema.org\",\"@graph\":[{\"@type\":\"WebPage\",\"@id\":\"https:\/\/www.alteacultural.com\/es\/2025\/05\/13\/altea-present-a-lexposicio-el-quixot-de-schlotter-a-la-casa-museu-blasco-ibanez-de-valencia\/\",\"url\":\"https:\/\/www.alteacultural.com\/es\/2025\/05\/13\/altea-present-a-lexposicio-el-quixot-de-schlotter-a-la-casa-museu-blasco-ibanez-de-valencia\/\",\"name\":\"Altea presente en la exposici\u00f3n \u201cEl Quijote de Schlotter\u201d en la Casa Museo Blasco Ib\u00e1\u00f1ez de Valencia - Altea Cultural\",\"isPartOf\":{\"@id\":\"https:\/\/www.alteacultural.com\/es\/#website\"},\"primaryImageOfPage\":{\"@id\":\"https:\/\/www.alteacultural.com\/es\/2025\/05\/13\/altea-present-a-lexposicio-el-quixot-de-schlotter-a-la-casa-museu-blasco-ibanez-de-valencia\/#primaryimage\"},\"image\":{\"@id\":\"https:\/\/www.alteacultural.com\/es\/2025\/05\/13\/altea-present-a-lexposicio-el-quixot-de-schlotter-a-la-casa-museu-blasco-ibanez-de-valencia\/#primaryimage\"},\"thumbnailUrl\":\"https:\/\/www.alteacultural.com\/wp-content\/uploads\/2025\/05\/visita-expo-Schlotter-en-Valencia-web.jpg\",\"datePublished\":\"2025-05-13T07:39:51+00:00\",\"dateModified\":\"2025-05-19T07:37:54+00:00\",\"author\":{\"@id\":\"https:\/\/www.alteacultural.com\/es\/#\/schema\/person\/c4e137537f1af546d214a315255e5172\"},\"breadcrumb\":{\"@id\":\"https:\/\/www.alteacultural.com\/es\/2025\/05\/13\/altea-present-a-lexposicio-el-quixot-de-schlotter-a-la-casa-museu-blasco-ibanez-de-valencia\/#breadcrumb\"},\"inLanguage\":\"es\",\"potentialAction\":[{\"@type\":\"ReadAction\",\"target\":[\"https:\/\/www.alteacultural.com\/es\/2025\/05\/13\/altea-present-a-lexposicio-el-quixot-de-schlotter-a-la-casa-museu-blasco-ibanez-de-valencia\/\"]}]},{\"@type\":\"ImageObject\",\"inLanguage\":\"es\",\"@id\":\"https:\/\/www.alteacultural.com\/es\/2025\/05\/13\/altea-present-a-lexposicio-el-quixot-de-schlotter-a-la-casa-museu-blasco-ibanez-de-valencia\/#primaryimage\",\"url\":\"https:\/\/www.alteacultural.com\/wp-content\/uploads\/2025\/05\/visita-expo-Schlotter-en-Valencia-web.jpg\",\"contentUrl\":\"https:\/\/www.alteacultural.com\/wp-content\/uploads\/2025\/05\/visita-expo-Schlotter-en-Valencia-web.jpg\",\"width\":1028,\"height\":677},{\"@type\":\"BreadcrumbList\",\"@id\":\"https:\/\/www.alteacultural.com\/es\/2025\/05\/13\/altea-present-a-lexposicio-el-quixot-de-schlotter-a-la-casa-museu-blasco-ibanez-de-valencia\/#breadcrumb\",\"itemListElement\":[{\"@type\":\"ListItem\",\"position\":1,\"name\":\"Inici\",\"item\":\"https:\/\/www.alteacultural.com\/es\/\"},{\"@type\":\"ListItem\",\"position\":2,\"name\":\"Altea presente en la exposici\u00f3n \u201cEl Quijote de Schlotter\u201d en la Casa Museo Blasco Ib\u00e1\u00f1ez de Valencia\"}]},{\"@type\":\"WebSite\",\"@id\":\"https:\/\/www.alteacultural.com\/es\/#website\",\"url\":\"https:\/\/www.alteacultural.com\/es\/\",\"name\":\"Altea Cultural\",\"description\":\"Regidoria de Cultura de l&#039;Ajuntament d&#039;Altea\",\"potentialAction\":[{\"@type\":\"SearchAction\",\"target\":{\"@type\":\"EntryPoint\",\"urlTemplate\":\"https:\/\/www.alteacultural.com\/es\/?s={search_term_string}\"},\"query-input\":\"required name=search_term_string\"}],\"inLanguage\":\"es\"},{\"@type\":\"Person\",\"@id\":\"https:\/\/www.alteacultural.com\/es\/#\/schema\/person\/c4e137537f1af546d214a315255e5172\",\"name\":\"sfaltea.com-admin\",\"image\":{\"@type\":\"ImageObject\",\"inLanguage\":\"es\",\"@id\":\"https:\/\/www.alteacultural.com\/es\/#\/schema\/person\/image\/\",\"url\":\"https:\/\/secure.gravatar.com\/avatar\/f7473fa2fbd351270ccfd469de536202?s=96&d=mm&r=g\",\"contentUrl\":\"https:\/\/secure.gravatar.com\/avatar\/f7473fa2fbd351270ccfd469de536202?s=96&d=mm&r=g\",\"caption\":\"sfaltea.com-admin\"},\"url\":\"https:\/\/www.alteacultural.com\/es\/author\/sfaltea-com-admin\/\"}]}<\/script>\n<!-- \/ Yoast SEO plugin. -->","yoast_head_json":{"title":"Altea presente en la exposici\u00f3n \u201cEl Quijote de Schlotter\u201d en la Casa Museo Blasco Ib\u00e1\u00f1ez de Valencia - Altea Cultural","robots":{"index":"index","follow":"follow","max-snippet":"max-snippet:-1","max-image-preview":"max-image-preview:large","max-video-preview":"max-video-preview:-1"},"canonical":"https:\/\/www.alteacultural.com\/es\/2025\/05\/13\/altea-present-a-lexposicio-el-quixot-de-schlotter-a-la-casa-museu-blasco-ibanez-de-valencia\/","og_locale":"es_ES","og_type":"article","og_title":"Altea presente en la exposici\u00f3n \u201cEl Quijote de Schlotter\u201d en la Casa Museo Blasco Ib\u00e1\u00f1ez de Valencia - Altea Cultural","og_description":"La Casa Museo Blasco Ib\u00e1\u00f1ez, situada en la playa de la Malvarrosa de Val\u00e8ncia, acoge desde esta semana la [&hellip;]","og_url":"https:\/\/www.alteacultural.com\/es\/2025\/05\/13\/altea-present-a-lexposicio-el-quixot-de-schlotter-a-la-casa-museu-blasco-ibanez-de-valencia\/","og_site_name":"Altea Cultural","article_published_time":"2025-05-13T07:39:51+00:00","article_modified_time":"2025-05-19T07:37:54+00:00","og_image":[{"width":1028,"height":677,"url":"https:\/\/www.alteacultural.com\/wp-content\/uploads\/2025\/05\/visita-expo-Schlotter-en-Valencia-web.jpg","type":"image\/jpeg"}],"author":"sfaltea.com-admin","twitter_card":"summary_large_image","twitter_misc":{"Escrito por":"sfaltea.com-admin","Tiempo de lectura":"2 minutos"},"schema":{"@context":"https:\/\/schema.org","@graph":[{"@type":"WebPage","@id":"https:\/\/www.alteacultural.com\/es\/2025\/05\/13\/altea-present-a-lexposicio-el-quixot-de-schlotter-a-la-casa-museu-blasco-ibanez-de-valencia\/","url":"https:\/\/www.alteacultural.com\/es\/2025\/05\/13\/altea-present-a-lexposicio-el-quixot-de-schlotter-a-la-casa-museu-blasco-ibanez-de-valencia\/","name":"Altea presente en la exposici\u00f3n \u201cEl Quijote de Schlotter\u201d en la Casa Museo Blasco Ib\u00e1\u00f1ez de Valencia - Altea Cultural","isPartOf":{"@id":"https:\/\/www.alteacultural.com\/es\/#website"},"primaryImageOfPage":{"@id":"https:\/\/www.alteacultural.com\/es\/2025\/05\/13\/altea-present-a-lexposicio-el-quixot-de-schlotter-a-la-casa-museu-blasco-ibanez-de-valencia\/#primaryimage"},"image":{"@id":"https:\/\/www.alteacultural.com\/es\/2025\/05\/13\/altea-present-a-lexposicio-el-quixot-de-schlotter-a-la-casa-museu-blasco-ibanez-de-valencia\/#primaryimage"},"thumbnailUrl":"https:\/\/www.alteacultural.com\/wp-content\/uploads\/2025\/05\/visita-expo-Schlotter-en-Valencia-web.jpg","datePublished":"2025-05-13T07:39:51+00:00","dateModified":"2025-05-19T07:37:54+00:00","author":{"@id":"https:\/\/www.alteacultural.com\/es\/#\/schema\/person\/c4e137537f1af546d214a315255e5172"},"breadcrumb":{"@id":"https:\/\/www.alteacultural.com\/es\/2025\/05\/13\/altea-present-a-lexposicio-el-quixot-de-schlotter-a-la-casa-museu-blasco-ibanez-de-valencia\/#breadcrumb"},"inLanguage":"es","potentialAction":[{"@type":"ReadAction","target":["https:\/\/www.alteacultural.com\/es\/2025\/05\/13\/altea-present-a-lexposicio-el-quixot-de-schlotter-a-la-casa-museu-blasco-ibanez-de-valencia\/"]}]},{"@type":"ImageObject","inLanguage":"es","@id":"https:\/\/www.alteacultural.com\/es\/2025\/05\/13\/altea-present-a-lexposicio-el-quixot-de-schlotter-a-la-casa-museu-blasco-ibanez-de-valencia\/#primaryimage","url":"https:\/\/www.alteacultural.com\/wp-content\/uploads\/2025\/05\/visita-expo-Schlotter-en-Valencia-web.jpg","contentUrl":"https:\/\/www.alteacultural.com\/wp-content\/uploads\/2025\/05\/visita-expo-Schlotter-en-Valencia-web.jpg","width":1028,"height":677},{"@type":"BreadcrumbList","@id":"https:\/\/www.alteacultural.com\/es\/2025\/05\/13\/altea-present-a-lexposicio-el-quixot-de-schlotter-a-la-casa-museu-blasco-ibanez-de-valencia\/#breadcrumb","itemListElement":[{"@type":"ListItem","position":1,"name":"Inici","item":"https:\/\/www.alteacultural.com\/es\/"},{"@type":"ListItem","position":2,"name":"Altea presente en la exposici\u00f3n \u201cEl Quijote de Schlotter\u201d en la Casa Museo Blasco Ib\u00e1\u00f1ez de Valencia"}]},{"@type":"WebSite","@id":"https:\/\/www.alteacultural.com\/es\/#website","url":"https:\/\/www.alteacultural.com\/es\/","name":"Altea Cultural","description":"Regidoria de Cultura de l&#039;Ajuntament d&#039;Altea","potentialAction":[{"@type":"SearchAction","target":{"@type":"EntryPoint","urlTemplate":"https:\/\/www.alteacultural.com\/es\/?s={search_term_string}"},"query-input":"required name=search_term_string"}],"inLanguage":"es"},{"@type":"Person","@id":"https:\/\/www.alteacultural.com\/es\/#\/schema\/person\/c4e137537f1af546d214a315255e5172","name":"sfaltea.com-admin","image":{"@type":"ImageObject","inLanguage":"es","@id":"https:\/\/www.alteacultural.com\/es\/#\/schema\/person\/image\/","url":"https:\/\/secure.gravatar.com\/avatar\/f7473fa2fbd351270ccfd469de536202?s=96&d=mm&r=g","contentUrl":"https:\/\/secure.gravatar.com\/avatar\/f7473fa2fbd351270ccfd469de536202?s=96&d=mm&r=g","caption":"sfaltea.com-admin"},"url":"https:\/\/www.alteacultural.com\/es\/author\/sfaltea-com-admin\/"}]}},"_links":{"self":[{"href":"https:\/\/www.alteacultural.com\/es\/wp-json\/wp\/v2\/posts\/36056"}],"collection":[{"href":"https:\/\/www.alteacultural.com\/es\/wp-json\/wp\/v2\/posts"}],"about":[{"href":"https:\/\/www.alteacultural.com\/es\/wp-json\/wp\/v2\/types\/post"}],"author":[{"embeddable":true,"href":"https:\/\/www.alteacultural.com\/es\/wp-json\/wp\/v2\/users\/1"}],"replies":[{"embeddable":true,"href":"https:\/\/www.alteacultural.com\/es\/wp-json\/wp\/v2\/comments?post=36056"}],"version-history":[{"count":1,"href":"https:\/\/www.alteacultural.com\/es\/wp-json\/wp\/v2\/posts\/36056\/revisions"}],"predecessor-version":[{"id":36058,"href":"https:\/\/www.alteacultural.com\/es\/wp-json\/wp\/v2\/posts\/36056\/revisions\/36058"}],"wp:featuredmedia":[{"embeddable":true,"href":"https:\/\/www.alteacultural.com\/es\/wp-json\/wp\/v2\/media\/36054"}],"wp:attachment":[{"href":"https:\/\/www.alteacultural.com\/es\/wp-json\/wp\/v2\/media?parent=36056"}],"curies":[{"name":"wp","href":"https:\/\/api.w.org\/{rel}","templated":true}]}}