{"id":36061,"date":"2025-05-13T09:45:22","date_gmt":"2025-05-13T07:45:22","guid":{"rendered":"https:\/\/www.alteacultural.com\/2025\/05\/13\/cultura-presenta-lexposicio-mirades-tracant-dialegs-sobre-els-dibuixos-de-schlotter\/"},"modified":"2025-05-15T09:43:31","modified_gmt":"2025-05-15T07:43:31","slug":"cultura-presenta-lexposicio-mirades-tracant-dialegs-sobre-els-dibuixos-de-schlotter","status":"publish","type":"post","link":"https:\/\/www.alteacultural.com\/es\/2025\/05\/13\/cultura-presenta-lexposicio-mirades-tracant-dialegs-sobre-els-dibuixos-de-schlotter\/","title":{"rendered":"Cultura presenta la exposici\u00f3n \u201cMiradas. Trazando di\u00e1logos sobre los dibujos de Schlotter\u201d"},"content":{"rendered":"\n<figure class=\"wp-block-image size-full\"><img fetchpriority=\"high\" decoding=\"async\" width=\"1810\" height=\"2560\" src=\"https:\/\/www.alteacultural.com\/wp-content\/uploads\/2025\/05\/2025-06-14-CARTEL-EXPO-MIRADAS-ALUMNOS-UMH-scaled.jpg\" alt=\"\" class=\"wp-image-36040\" srcset=\"https:\/\/www.alteacultural.com\/wp-content\/uploads\/2025\/05\/2025-06-14-CARTEL-EXPO-MIRADAS-ALUMNOS-UMH-scaled.jpg 1810w, https:\/\/www.alteacultural.com\/wp-content\/uploads\/2025\/05\/2025-06-14-CARTEL-EXPO-MIRADAS-ALUMNOS-UMH-768x1086.jpg 768w, https:\/\/www.alteacultural.com\/wp-content\/uploads\/2025\/05\/2025-06-14-CARTEL-EXPO-MIRADAS-ALUMNOS-UMH-1086x1536.jpg 1086w, https:\/\/www.alteacultural.com\/wp-content\/uploads\/2025\/05\/2025-06-14-CARTEL-EXPO-MIRADAS-ALUMNOS-UMH-1448x2048.jpg 1448w\" sizes=\"(max-width: 1810px) 100vw, 1810px\" \/><\/figure>\n\n\n\n<p><strong>Del 15 de mayo al 14 de juio en la Casa Toni Fuster \u2013 Fundaci\u00f3n Schlotter.<\/strong><\/p>\n\n\n\n<p>El pr\u00f3ximo jueves 15 de mayo, a las 19:00h en la Casa Toni Fuster \u2013 Fundaci\u00f3n Schlotter, tendr\u00e1 lugar la inauguraci\u00f3n de la exposici\u00f3n \u201cmiradas. Trazando di\u00e1logos sobre los dibujos de Schlotter\u201d, realizada por los estudiantes de Bellas Artes de la UMH; como as\u00ed lo anuncia la edil de Cultura, Pepa V. P\u00e9rez.<\/p>\n\n\n\n<p>La exposici\u00f3n est\u00e1 comisariada por Teresa Bonastre, profesora e investigadora del \u00c1rea de Dibujo de la Facultad de Bellas Artes. La entrada a la muestra es libre y gratuita y permanecer\u00e1 abierta hasta el 14 de junio.<\/p>\n\n\n\n<p>La exposici\u00f3n \u201cMiradas\u201d muestra una selecci\u00f3n de trabajos de las asignaturas de Dibujo B\u00e1sico y Fundamentos del Dibujo, de 1\u00ba del Grado en Bellas Artes de la UMH, donde el alumnado \u201ctraza di\u00e1logos\u201d sobre una serie de dibujos del artista Eberhard Schlotter realizados en Altea, que tambi\u00e9n son expuestos.<\/p>\n\n\n\n<p>Utilizando como referente diferentes entornos naturales, paisaj\u00edsticos y urbanos del t\u00e9rmino de Altea, el alumnado pone en pr\u00e1ctica conceptos inherentes al dibujo de paisaje urbano como encuadre, composici\u00f3n, puntos de vista, vac\u00edo, entre otros; as\u00ed como diversas t\u00e9cnicas gr\u00e1ficas que el artista supo plasmar perfectamente en su obra.<\/p>\n\n\n\n<p>A partir de la investigaci\u00f3n acad\u00e9mica y de la visita al taller de Schlotter, el estudiantado de Bellas Artes de la UMH sale a las calles a dibujar, buscando soluciones a sus planteamientos te\u00f3ricos y referenciales. Esta muestra pretende compartir sus conocimientos, experiencias y vivencias, actualizando la \u201cmirada\u201d del profesor Schlotter.<\/p>\n\n\n\n<p>La exposici\u00f3n se inaugurar\u00e1 el jueves, d\u00eda 15 de mayo, a las 19:00 h. en la Casa Toni Fuster \u2013 Fundaci\u00f3n Schlotter y como responsable municipal de Cultura, Pepa V. P\u00e9rez invita a la ciudadan\u00eda a asistir o a visitar la muestra durante su permanencia en la sala expositiva, de martes a s\u00e1bado de 10:30 a 13:30 y de 17 a 20:00h.<\/p>\n\n\n\n<p>| ALTEADIGITAL.ES<\/p>\n","protected":false},"excerpt":{"rendered":"<p>Del 15 de mayo al 14 de juio en la Casa Toni Fuster \u2013 Fundaci\u00f3n Schlotter. El pr\u00f3ximo jueves [&hellip;]<\/p>\n","protected":false},"author":1,"featured_media":36043,"comment_status":"open","ping_status":"open","sticky":false,"template":"","format":"standard","meta":{"_expiration-date-status":"","_expiration-date":0,"_expiration-date-type":"","_expiration-date-categories":[],"_expiration-date-options":[],"footnotes":""},"yoast_head":"<!-- This site is optimized with the Yoast SEO plugin v22.8 - https:\/\/yoast.com\/wordpress\/plugins\/seo\/ -->\n<title>Cultura presenta la exposici\u00f3n \u201cMiradas. Trazando di\u00e1logos sobre los dibujos de Schlotter\u201d - Altea Cultural<\/title>\n<meta name=\"robots\" content=\"index, follow, max-snippet:-1, max-image-preview:large, max-video-preview:-1\" \/>\n<link rel=\"canonical\" href=\"https:\/\/www.alteacultural.com\/es\/2025\/05\/13\/cultura-presenta-lexposicio-mirades-tracant-dialegs-sobre-els-dibuixos-de-schlotter\/\" \/>\n<meta property=\"og:locale\" content=\"es_ES\" \/>\n<meta property=\"og:type\" content=\"article\" \/>\n<meta property=\"og:title\" content=\"Cultura presenta la exposici\u00f3n \u201cMiradas. Trazando di\u00e1logos sobre los dibujos de Schlotter\u201d - Altea Cultural\" \/>\n<meta property=\"og:description\" content=\"Del 15 de mayo al 14 de juio en la Casa Toni Fuster \u2013 Fundaci\u00f3n Schlotter. El pr\u00f3ximo jueves [&hellip;]\" \/>\n<meta property=\"og:url\" content=\"https:\/\/www.alteacultural.com\/es\/2025\/05\/13\/cultura-presenta-lexposicio-mirades-tracant-dialegs-sobre-els-dibuixos-de-schlotter\/\" \/>\n<meta property=\"og:site_name\" content=\"Altea Cultural\" \/>\n<meta property=\"article:published_time\" content=\"2025-05-13T07:45:22+00:00\" \/>\n<meta property=\"article:modified_time\" content=\"2025-05-15T07:43:31+00:00\" \/>\n<meta property=\"og:image\" content=\"https:\/\/www.alteacultural.com\/wp-content\/uploads\/2025\/05\/2025-05-15_Miradas_banner.jpg\" \/>\n\t<meta property=\"og:image:width\" content=\"2000\" \/>\n\t<meta property=\"og:image:height\" content=\"708\" \/>\n\t<meta property=\"og:image:type\" content=\"image\/jpeg\" \/>\n<meta name=\"author\" content=\"sfaltea.com-admin\" \/>\n<meta name=\"twitter:card\" content=\"summary_large_image\" \/>\n<meta name=\"twitter:label1\" content=\"Escrito por\" \/>\n\t<meta name=\"twitter:data1\" content=\"sfaltea.com-admin\" \/>\n\t<meta name=\"twitter:label2\" content=\"Tiempo de lectura\" \/>\n\t<meta name=\"twitter:data2\" content=\"3 minutos\" \/>\n<script type=\"application\/ld+json\" class=\"yoast-schema-graph\">{\"@context\":\"https:\/\/schema.org\",\"@graph\":[{\"@type\":\"WebPage\",\"@id\":\"https:\/\/www.alteacultural.com\/es\/2025\/05\/13\/cultura-presenta-lexposicio-mirades-tracant-dialegs-sobre-els-dibuixos-de-schlotter\/\",\"url\":\"https:\/\/www.alteacultural.com\/es\/2025\/05\/13\/cultura-presenta-lexposicio-mirades-tracant-dialegs-sobre-els-dibuixos-de-schlotter\/\",\"name\":\"Cultura presenta la exposici\u00f3n \u201cMiradas. Trazando di\u00e1logos sobre los dibujos de Schlotter\u201d - Altea Cultural\",\"isPartOf\":{\"@id\":\"https:\/\/www.alteacultural.com\/es\/#website\"},\"primaryImageOfPage\":{\"@id\":\"https:\/\/www.alteacultural.com\/es\/2025\/05\/13\/cultura-presenta-lexposicio-mirades-tracant-dialegs-sobre-els-dibuixos-de-schlotter\/#primaryimage\"},\"image\":{\"@id\":\"https:\/\/www.alteacultural.com\/es\/2025\/05\/13\/cultura-presenta-lexposicio-mirades-tracant-dialegs-sobre-els-dibuixos-de-schlotter\/#primaryimage\"},\"thumbnailUrl\":\"https:\/\/www.alteacultural.com\/wp-content\/uploads\/2025\/05\/2025-05-15_Miradas_banner.jpg\",\"datePublished\":\"2025-05-13T07:45:22+00:00\",\"dateModified\":\"2025-05-15T07:43:31+00:00\",\"author\":{\"@id\":\"https:\/\/www.alteacultural.com\/es\/#\/schema\/person\/c4e137537f1af546d214a315255e5172\"},\"breadcrumb\":{\"@id\":\"https:\/\/www.alteacultural.com\/es\/2025\/05\/13\/cultura-presenta-lexposicio-mirades-tracant-dialegs-sobre-els-dibuixos-de-schlotter\/#breadcrumb\"},\"inLanguage\":\"es\",\"potentialAction\":[{\"@type\":\"ReadAction\",\"target\":[\"https:\/\/www.alteacultural.com\/es\/2025\/05\/13\/cultura-presenta-lexposicio-mirades-tracant-dialegs-sobre-els-dibuixos-de-schlotter\/\"]}]},{\"@type\":\"ImageObject\",\"inLanguage\":\"es\",\"@id\":\"https:\/\/www.alteacultural.com\/es\/2025\/05\/13\/cultura-presenta-lexposicio-mirades-tracant-dialegs-sobre-els-dibuixos-de-schlotter\/#primaryimage\",\"url\":\"https:\/\/www.alteacultural.com\/wp-content\/uploads\/2025\/05\/2025-05-15_Miradas_banner.jpg\",\"contentUrl\":\"https:\/\/www.alteacultural.com\/wp-content\/uploads\/2025\/05\/2025-05-15_Miradas_banner.jpg\",\"width\":2000,\"height\":708},{\"@type\":\"BreadcrumbList\",\"@id\":\"https:\/\/www.alteacultural.com\/es\/2025\/05\/13\/cultura-presenta-lexposicio-mirades-tracant-dialegs-sobre-els-dibuixos-de-schlotter\/#breadcrumb\",\"itemListElement\":[{\"@type\":\"ListItem\",\"position\":1,\"name\":\"Inici\",\"item\":\"https:\/\/www.alteacultural.com\/es\/\"},{\"@type\":\"ListItem\",\"position\":2,\"name\":\"Cultura presenta la exposici\u00f3n \u201cMiradas. Trazando di\u00e1logos sobre los dibujos de Schlotter\u201d\"}]},{\"@type\":\"WebSite\",\"@id\":\"https:\/\/www.alteacultural.com\/es\/#website\",\"url\":\"https:\/\/www.alteacultural.com\/es\/\",\"name\":\"Altea Cultural\",\"description\":\"Regidoria de Cultura de l&#039;Ajuntament d&#039;Altea\",\"potentialAction\":[{\"@type\":\"SearchAction\",\"target\":{\"@type\":\"EntryPoint\",\"urlTemplate\":\"https:\/\/www.alteacultural.com\/es\/?s={search_term_string}\"},\"query-input\":\"required name=search_term_string\"}],\"inLanguage\":\"es\"},{\"@type\":\"Person\",\"@id\":\"https:\/\/www.alteacultural.com\/es\/#\/schema\/person\/c4e137537f1af546d214a315255e5172\",\"name\":\"sfaltea.com-admin\",\"image\":{\"@type\":\"ImageObject\",\"inLanguage\":\"es\",\"@id\":\"https:\/\/www.alteacultural.com\/es\/#\/schema\/person\/image\/\",\"url\":\"https:\/\/secure.gravatar.com\/avatar\/f7473fa2fbd351270ccfd469de536202?s=96&d=mm&r=g\",\"contentUrl\":\"https:\/\/secure.gravatar.com\/avatar\/f7473fa2fbd351270ccfd469de536202?s=96&d=mm&r=g\",\"caption\":\"sfaltea.com-admin\"},\"url\":\"https:\/\/www.alteacultural.com\/es\/author\/sfaltea-com-admin\/\"}]}<\/script>\n<!-- \/ Yoast SEO plugin. -->","yoast_head_json":{"title":"Cultura presenta la exposici\u00f3n \u201cMiradas. Trazando di\u00e1logos sobre los dibujos de Schlotter\u201d - Altea Cultural","robots":{"index":"index","follow":"follow","max-snippet":"max-snippet:-1","max-image-preview":"max-image-preview:large","max-video-preview":"max-video-preview:-1"},"canonical":"https:\/\/www.alteacultural.com\/es\/2025\/05\/13\/cultura-presenta-lexposicio-mirades-tracant-dialegs-sobre-els-dibuixos-de-schlotter\/","og_locale":"es_ES","og_type":"article","og_title":"Cultura presenta la exposici\u00f3n \u201cMiradas. Trazando di\u00e1logos sobre los dibujos de Schlotter\u201d - Altea Cultural","og_description":"Del 15 de mayo al 14 de juio en la Casa Toni Fuster \u2013 Fundaci\u00f3n Schlotter. El pr\u00f3ximo jueves [&hellip;]","og_url":"https:\/\/www.alteacultural.com\/es\/2025\/05\/13\/cultura-presenta-lexposicio-mirades-tracant-dialegs-sobre-els-dibuixos-de-schlotter\/","og_site_name":"Altea Cultural","article_published_time":"2025-05-13T07:45:22+00:00","article_modified_time":"2025-05-15T07:43:31+00:00","og_image":[{"width":2000,"height":708,"url":"https:\/\/www.alteacultural.com\/wp-content\/uploads\/2025\/05\/2025-05-15_Miradas_banner.jpg","type":"image\/jpeg"}],"author":"sfaltea.com-admin","twitter_card":"summary_large_image","twitter_misc":{"Escrito por":"sfaltea.com-admin","Tiempo de lectura":"3 minutos"},"schema":{"@context":"https:\/\/schema.org","@graph":[{"@type":"WebPage","@id":"https:\/\/www.alteacultural.com\/es\/2025\/05\/13\/cultura-presenta-lexposicio-mirades-tracant-dialegs-sobre-els-dibuixos-de-schlotter\/","url":"https:\/\/www.alteacultural.com\/es\/2025\/05\/13\/cultura-presenta-lexposicio-mirades-tracant-dialegs-sobre-els-dibuixos-de-schlotter\/","name":"Cultura presenta la exposici\u00f3n \u201cMiradas. Trazando di\u00e1logos sobre los dibujos de Schlotter\u201d - Altea Cultural","isPartOf":{"@id":"https:\/\/www.alteacultural.com\/es\/#website"},"primaryImageOfPage":{"@id":"https:\/\/www.alteacultural.com\/es\/2025\/05\/13\/cultura-presenta-lexposicio-mirades-tracant-dialegs-sobre-els-dibuixos-de-schlotter\/#primaryimage"},"image":{"@id":"https:\/\/www.alteacultural.com\/es\/2025\/05\/13\/cultura-presenta-lexposicio-mirades-tracant-dialegs-sobre-els-dibuixos-de-schlotter\/#primaryimage"},"thumbnailUrl":"https:\/\/www.alteacultural.com\/wp-content\/uploads\/2025\/05\/2025-05-15_Miradas_banner.jpg","datePublished":"2025-05-13T07:45:22+00:00","dateModified":"2025-05-15T07:43:31+00:00","author":{"@id":"https:\/\/www.alteacultural.com\/es\/#\/schema\/person\/c4e137537f1af546d214a315255e5172"},"breadcrumb":{"@id":"https:\/\/www.alteacultural.com\/es\/2025\/05\/13\/cultura-presenta-lexposicio-mirades-tracant-dialegs-sobre-els-dibuixos-de-schlotter\/#breadcrumb"},"inLanguage":"es","potentialAction":[{"@type":"ReadAction","target":["https:\/\/www.alteacultural.com\/es\/2025\/05\/13\/cultura-presenta-lexposicio-mirades-tracant-dialegs-sobre-els-dibuixos-de-schlotter\/"]}]},{"@type":"ImageObject","inLanguage":"es","@id":"https:\/\/www.alteacultural.com\/es\/2025\/05\/13\/cultura-presenta-lexposicio-mirades-tracant-dialegs-sobre-els-dibuixos-de-schlotter\/#primaryimage","url":"https:\/\/www.alteacultural.com\/wp-content\/uploads\/2025\/05\/2025-05-15_Miradas_banner.jpg","contentUrl":"https:\/\/www.alteacultural.com\/wp-content\/uploads\/2025\/05\/2025-05-15_Miradas_banner.jpg","width":2000,"height":708},{"@type":"BreadcrumbList","@id":"https:\/\/www.alteacultural.com\/es\/2025\/05\/13\/cultura-presenta-lexposicio-mirades-tracant-dialegs-sobre-els-dibuixos-de-schlotter\/#breadcrumb","itemListElement":[{"@type":"ListItem","position":1,"name":"Inici","item":"https:\/\/www.alteacultural.com\/es\/"},{"@type":"ListItem","position":2,"name":"Cultura presenta la exposici\u00f3n \u201cMiradas. Trazando di\u00e1logos sobre los dibujos de Schlotter\u201d"}]},{"@type":"WebSite","@id":"https:\/\/www.alteacultural.com\/es\/#website","url":"https:\/\/www.alteacultural.com\/es\/","name":"Altea Cultural","description":"Regidoria de Cultura de l&#039;Ajuntament d&#039;Altea","potentialAction":[{"@type":"SearchAction","target":{"@type":"EntryPoint","urlTemplate":"https:\/\/www.alteacultural.com\/es\/?s={search_term_string}"},"query-input":"required name=search_term_string"}],"inLanguage":"es"},{"@type":"Person","@id":"https:\/\/www.alteacultural.com\/es\/#\/schema\/person\/c4e137537f1af546d214a315255e5172","name":"sfaltea.com-admin","image":{"@type":"ImageObject","inLanguage":"es","@id":"https:\/\/www.alteacultural.com\/es\/#\/schema\/person\/image\/","url":"https:\/\/secure.gravatar.com\/avatar\/f7473fa2fbd351270ccfd469de536202?s=96&d=mm&r=g","contentUrl":"https:\/\/secure.gravatar.com\/avatar\/f7473fa2fbd351270ccfd469de536202?s=96&d=mm&r=g","caption":"sfaltea.com-admin"},"url":"https:\/\/www.alteacultural.com\/es\/author\/sfaltea-com-admin\/"}]}},"_links":{"self":[{"href":"https:\/\/www.alteacultural.com\/es\/wp-json\/wp\/v2\/posts\/36061"}],"collection":[{"href":"https:\/\/www.alteacultural.com\/es\/wp-json\/wp\/v2\/posts"}],"about":[{"href":"https:\/\/www.alteacultural.com\/es\/wp-json\/wp\/v2\/types\/post"}],"author":[{"embeddable":true,"href":"https:\/\/www.alteacultural.com\/es\/wp-json\/wp\/v2\/users\/1"}],"replies":[{"embeddable":true,"href":"https:\/\/www.alteacultural.com\/es\/wp-json\/wp\/v2\/comments?post=36061"}],"version-history":[{"count":1,"href":"https:\/\/www.alteacultural.com\/es\/wp-json\/wp\/v2\/posts\/36061\/revisions"}],"predecessor-version":[{"id":36063,"href":"https:\/\/www.alteacultural.com\/es\/wp-json\/wp\/v2\/posts\/36061\/revisions\/36063"}],"wp:featuredmedia":[{"embeddable":true,"href":"https:\/\/www.alteacultural.com\/es\/wp-json\/wp\/v2\/media\/36043"}],"wp:attachment":[{"href":"https:\/\/www.alteacultural.com\/es\/wp-json\/wp\/v2\/media?parent=36061"}],"curies":[{"name":"wp","href":"https:\/\/api.w.org\/{rel}","templated":true}]}}