{"id":36072,"date":"2025-05-14T09:56:58","date_gmt":"2025-05-14T07:56:58","guid":{"rendered":"https:\/\/www.alteacultural.com\/2025\/05\/14\/el-festivalet-congrega-mig-miler-de-persones-per-gaudir-duna-jornada-dactivitats-en-familia\/"},"modified":"2025-05-18T09:54:11","modified_gmt":"2025-05-18T07:54:11","slug":"el-festivalet-congrega-mig-miler-de-persones-per-gaudir-duna-jornada-dactivitats-en-familia","status":"publish","type":"post","link":"https:\/\/www.alteacultural.com\/es\/2025\/05\/14\/el-festivalet-congrega-mig-miler-de-persones-per-gaudir-duna-jornada-dactivitats-en-familia\/","title":{"rendered":"El \u201cFestivalet\u201d congrega a medio millar de personas para disfrutar de una jornada de actividades en familia"},"content":{"rendered":"\n<figure class=\"wp-block-image size-full\"><img fetchpriority=\"high\" decoding=\"async\" width=\"980\" height=\"441\" src=\"https:\/\/www.alteacultural.com\/wp-content\/uploads\/2025\/05\/Festivalet-actuacio-musical-980x441-1.jpg\" alt=\"\" class=\"wp-image-36065\" srcset=\"https:\/\/www.alteacultural.com\/wp-content\/uploads\/2025\/05\/Festivalet-actuacio-musical-980x441-1.jpg 980w, https:\/\/www.alteacultural.com\/wp-content\/uploads\/2025\/05\/Festivalet-actuacio-musical-980x441-1-768x346.jpg 768w\" sizes=\"(max-width: 980px) 100vw, 980px\" \/><\/figure>\n\n\n\n<p><strong>La actividad, organizada por las concejal\u00edas de Cultura y Educaci\u00f3n, ten\u00eda lugar el pasado s\u00e1bado en Villa Gadea.<\/strong><\/p>\n\n\n\n<p>El s\u00e1bado pasado, 11 de mayo, se convert\u00eda en un d\u00eda de fiesta para las cientos de familias que decidieron pasar la jornada en las inmediaciones de Villa Gadea disfrutando del \u201cFestivalet\u201d. Una actividad organizada por las concejal\u00edas de Cultura y Educaci\u00f3n, que ofreci\u00f3 m\u00fasica en directo, actividades infantiles y una variada oferta gastron\u00f3mica a trav\u00e9s de food trucks.<\/p>\n\n\n\n<p>Las actuaciones corrieron a cargo de \u201cEl Ventall d\u2019Aitana\u201d, \u201cDr. Sapo\u201d y \u201cRamonets\u201d. Tres propuestas pensadas para divertir y entretener al p\u00fablico infantil y familiar.<\/p>\n\n\n\n<p>La organizaci\u00f3n del festival ha corrido a cargo de NatoyDani S.L y esta es una apuesta del Ayuntamiento por ofrecer alternativas de ocio de calidad para las familias del municipio y visitantes, fomentando la cultura desde la infancia y promoviendo espacios de convivencia y disfrute colectivo.<\/p>\n\n\n\n<p>Como responsable municipal de Cultura, Pepa V. P\u00e9rez, ha realizado una valoraci\u00f3n muy positiva del evento y ha desvelado que se vendieron un total de 472 entradas; al tiempo que ha recordado que los menores de dos a\u00f1os acced\u00edan al recinto de forma gratuita.<\/p>\n\n\n\n<figure class=\"wp-block-image size-full\"><img decoding=\"async\" width=\"1028\" height=\"771\" data-src=\"https:\/\/www.alteacultural.com\/wp-content\/uploads\/2025\/05\/Festivalet-ambient-web.jpg\" alt=\"\" class=\"wp-image-36067 lazyload\" data-srcset=\"https:\/\/www.alteacultural.com\/wp-content\/uploads\/2025\/05\/Festivalet-ambient-web.jpg 1028w, https:\/\/www.alteacultural.com\/wp-content\/uploads\/2025\/05\/Festivalet-ambient-web-768x576.jpg 768w\" data-sizes=\"(max-width: 1028px) 100vw, 1028px\" src=\"data:image\/gif;base64,R0lGODlhAQABAAAAACH5BAEKAAEALAAAAAABAAEAAAICTAEAOw==\" style=\"--smush-placeholder-width: 1028px; --smush-placeholder-aspect-ratio: 1028\/771;\" \/><\/figure>\n\n\n\n<p>\u201cContamos con la participaci\u00f3n de alrededor de las 500 personas y disfrutamos de una jornada familiar en la que los m\u00e1s peque\u00f1os disfrutaron de diferentes talleres y de la m\u00fasica, con el colof\u00f3n del conocido grupo de rock infantil Ramonets\u201d. Ha comentado Pepa V. P\u00e9rez, quien ha se\u00f1alado que tambi\u00e9n hubo diferentes puntos de venta de artesan\u00eda y de comida.<\/p>\n\n\n\n<p>\u201cTanto la edil de Educaci\u00f3n, Xelo Gonz\u00e1lez, como yo, estamos muy contentas de la participaci\u00f3n y ya estamos pensando en la edici\u00f3n del a\u00f1o que viene\u201d; ha concluido la edil de Cultura.<\/p>\n\n\n\n<figure class=\"wp-block-image size-full\"><img decoding=\"async\" width=\"800\" height=\"710\" data-src=\"https:\/\/www.alteacultural.com\/wp-content\/uploads\/2025\/05\/Festivalet-Xelo-i-Pepa-web.jpg\" alt=\"\" class=\"wp-image-36069 lazyload\" data-srcset=\"https:\/\/www.alteacultural.com\/wp-content\/uploads\/2025\/05\/Festivalet-Xelo-i-Pepa-web.jpg 800w, https:\/\/www.alteacultural.com\/wp-content\/uploads\/2025\/05\/Festivalet-Xelo-i-Pepa-web-768x682.jpg 768w\" data-sizes=\"(max-width: 800px) 100vw, 800px\" src=\"data:image\/gif;base64,R0lGODlhAQABAAAAACH5BAEKAAEALAAAAAABAAEAAAICTAEAOw==\" style=\"--smush-placeholder-width: 800px; --smush-placeholder-aspect-ratio: 800\/710;\" \/><\/figure>\n\n\n\n<p>| ALTEADIGITAL.ES<\/p>\n","protected":false},"excerpt":{"rendered":"<p>La actividad, organizada por las concejal\u00edas de Cultura y Educaci\u00f3n, ten\u00eda lugar el pasado s\u00e1bado en Villa Gadea. El [&hellip;]<\/p>\n","protected":false},"author":1,"featured_media":36066,"comment_status":"open","ping_status":"open","sticky":false,"template":"","format":"standard","meta":{"_expiration-date-status":"","_expiration-date":0,"_expiration-date-type":"","_expiration-date-categories":[],"_expiration-date-options":[],"footnotes":""},"yoast_head":"<!-- This site is optimized with the Yoast SEO plugin v22.8 - https:\/\/yoast.com\/wordpress\/plugins\/seo\/ -->\n<title>El \u201cFestivalet\u201d congrega a medio millar de personas para disfrutar de una jornada de actividades en familia - Altea Cultural<\/title>\n<meta name=\"robots\" content=\"index, follow, max-snippet:-1, max-image-preview:large, max-video-preview:-1\" \/>\n<link rel=\"canonical\" href=\"https:\/\/www.alteacultural.com\/es\/2025\/05\/14\/el-festivalet-congrega-mig-miler-de-persones-per-gaudir-duna-jornada-dactivitats-en-familia\/\" \/>\n<meta property=\"og:locale\" content=\"es_ES\" \/>\n<meta property=\"og:type\" content=\"article\" \/>\n<meta property=\"og:title\" content=\"El \u201cFestivalet\u201d congrega a medio millar de personas para disfrutar de una jornada de actividades en familia - Altea Cultural\" \/>\n<meta property=\"og:description\" content=\"La actividad, organizada por las concejal\u00edas de Cultura y Educaci\u00f3n, ten\u00eda lugar el pasado s\u00e1bado en Villa Gadea. El [&hellip;]\" \/>\n<meta property=\"og:url\" content=\"https:\/\/www.alteacultural.com\/es\/2025\/05\/14\/el-festivalet-congrega-mig-miler-de-persones-per-gaudir-duna-jornada-dactivitats-en-familia\/\" \/>\n<meta property=\"og:site_name\" content=\"Altea Cultural\" \/>\n<meta property=\"article:published_time\" content=\"2025-05-14T07:56:58+00:00\" \/>\n<meta property=\"article:modified_time\" content=\"2025-05-18T07:54:11+00:00\" \/>\n<meta property=\"og:image\" content=\"https:\/\/www.alteacultural.com\/wp-content\/uploads\/2025\/05\/Festivalet-actuacio-musical-980x441-1.jpg\" \/>\n\t<meta property=\"og:image:width\" content=\"980\" \/>\n\t<meta property=\"og:image:height\" content=\"441\" \/>\n\t<meta property=\"og:image:type\" content=\"image\/jpeg\" \/>\n<meta name=\"author\" content=\"sfaltea.com-admin\" \/>\n<meta name=\"twitter:card\" content=\"summary_large_image\" \/>\n<meta name=\"twitter:label1\" content=\"Escrito por\" \/>\n\t<meta name=\"twitter:data1\" content=\"sfaltea.com-admin\" \/>\n\t<meta name=\"twitter:label2\" content=\"Tiempo de lectura\" \/>\n\t<meta name=\"twitter:data2\" content=\"3 minutos\" \/>\n<script type=\"application\/ld+json\" class=\"yoast-schema-graph\">{\"@context\":\"https:\/\/schema.org\",\"@graph\":[{\"@type\":\"WebPage\",\"@id\":\"https:\/\/www.alteacultural.com\/es\/2025\/05\/14\/el-festivalet-congrega-mig-miler-de-persones-per-gaudir-duna-jornada-dactivitats-en-familia\/\",\"url\":\"https:\/\/www.alteacultural.com\/es\/2025\/05\/14\/el-festivalet-congrega-mig-miler-de-persones-per-gaudir-duna-jornada-dactivitats-en-familia\/\",\"name\":\"El \u201cFestivalet\u201d congrega a medio millar de personas para disfrutar de una jornada de actividades en familia - Altea Cultural\",\"isPartOf\":{\"@id\":\"https:\/\/www.alteacultural.com\/es\/#website\"},\"primaryImageOfPage\":{\"@id\":\"https:\/\/www.alteacultural.com\/es\/2025\/05\/14\/el-festivalet-congrega-mig-miler-de-persones-per-gaudir-duna-jornada-dactivitats-en-familia\/#primaryimage\"},\"image\":{\"@id\":\"https:\/\/www.alteacultural.com\/es\/2025\/05\/14\/el-festivalet-congrega-mig-miler-de-persones-per-gaudir-duna-jornada-dactivitats-en-familia\/#primaryimage\"},\"thumbnailUrl\":\"https:\/\/www.alteacultural.com\/wp-content\/uploads\/2025\/05\/Festivalet-actuacio-musical-980x441-1.jpg\",\"datePublished\":\"2025-05-14T07:56:58+00:00\",\"dateModified\":\"2025-05-18T07:54:11+00:00\",\"author\":{\"@id\":\"https:\/\/www.alteacultural.com\/es\/#\/schema\/person\/c4e137537f1af546d214a315255e5172\"},\"breadcrumb\":{\"@id\":\"https:\/\/www.alteacultural.com\/es\/2025\/05\/14\/el-festivalet-congrega-mig-miler-de-persones-per-gaudir-duna-jornada-dactivitats-en-familia\/#breadcrumb\"},\"inLanguage\":\"es\",\"potentialAction\":[{\"@type\":\"ReadAction\",\"target\":[\"https:\/\/www.alteacultural.com\/es\/2025\/05\/14\/el-festivalet-congrega-mig-miler-de-persones-per-gaudir-duna-jornada-dactivitats-en-familia\/\"]}]},{\"@type\":\"ImageObject\",\"inLanguage\":\"es\",\"@id\":\"https:\/\/www.alteacultural.com\/es\/2025\/05\/14\/el-festivalet-congrega-mig-miler-de-persones-per-gaudir-duna-jornada-dactivitats-en-familia\/#primaryimage\",\"url\":\"https:\/\/www.alteacultural.com\/wp-content\/uploads\/2025\/05\/Festivalet-actuacio-musical-980x441-1.jpg\",\"contentUrl\":\"https:\/\/www.alteacultural.com\/wp-content\/uploads\/2025\/05\/Festivalet-actuacio-musical-980x441-1.jpg\",\"width\":980,\"height\":441},{\"@type\":\"BreadcrumbList\",\"@id\":\"https:\/\/www.alteacultural.com\/es\/2025\/05\/14\/el-festivalet-congrega-mig-miler-de-persones-per-gaudir-duna-jornada-dactivitats-en-familia\/#breadcrumb\",\"itemListElement\":[{\"@type\":\"ListItem\",\"position\":1,\"name\":\"Inici\",\"item\":\"https:\/\/www.alteacultural.com\/es\/\"},{\"@type\":\"ListItem\",\"position\":2,\"name\":\"El \u201cFestivalet\u201d congrega a medio millar de personas para disfrutar de una jornada de actividades en familia\"}]},{\"@type\":\"WebSite\",\"@id\":\"https:\/\/www.alteacultural.com\/es\/#website\",\"url\":\"https:\/\/www.alteacultural.com\/es\/\",\"name\":\"Altea Cultural\",\"description\":\"Regidoria de Cultura de l&#039;Ajuntament d&#039;Altea\",\"potentialAction\":[{\"@type\":\"SearchAction\",\"target\":{\"@type\":\"EntryPoint\",\"urlTemplate\":\"https:\/\/www.alteacultural.com\/es\/?s={search_term_string}\"},\"query-input\":\"required name=search_term_string\"}],\"inLanguage\":\"es\"},{\"@type\":\"Person\",\"@id\":\"https:\/\/www.alteacultural.com\/es\/#\/schema\/person\/c4e137537f1af546d214a315255e5172\",\"name\":\"sfaltea.com-admin\",\"image\":{\"@type\":\"ImageObject\",\"inLanguage\":\"es\",\"@id\":\"https:\/\/www.alteacultural.com\/es\/#\/schema\/person\/image\/\",\"url\":\"https:\/\/secure.gravatar.com\/avatar\/f7473fa2fbd351270ccfd469de536202?s=96&d=mm&r=g\",\"contentUrl\":\"https:\/\/secure.gravatar.com\/avatar\/f7473fa2fbd351270ccfd469de536202?s=96&d=mm&r=g\",\"caption\":\"sfaltea.com-admin\"},\"url\":\"https:\/\/www.alteacultural.com\/es\/author\/sfaltea-com-admin\/\"}]}<\/script>\n<!-- \/ Yoast SEO plugin. -->","yoast_head_json":{"title":"El \u201cFestivalet\u201d congrega a medio millar de personas para disfrutar de una jornada de actividades en familia - Altea Cultural","robots":{"index":"index","follow":"follow","max-snippet":"max-snippet:-1","max-image-preview":"max-image-preview:large","max-video-preview":"max-video-preview:-1"},"canonical":"https:\/\/www.alteacultural.com\/es\/2025\/05\/14\/el-festivalet-congrega-mig-miler-de-persones-per-gaudir-duna-jornada-dactivitats-en-familia\/","og_locale":"es_ES","og_type":"article","og_title":"El \u201cFestivalet\u201d congrega a medio millar de personas para disfrutar de una jornada de actividades en familia - Altea Cultural","og_description":"La actividad, organizada por las concejal\u00edas de Cultura y Educaci\u00f3n, ten\u00eda lugar el pasado s\u00e1bado en Villa Gadea. El [&hellip;]","og_url":"https:\/\/www.alteacultural.com\/es\/2025\/05\/14\/el-festivalet-congrega-mig-miler-de-persones-per-gaudir-duna-jornada-dactivitats-en-familia\/","og_site_name":"Altea Cultural","article_published_time":"2025-05-14T07:56:58+00:00","article_modified_time":"2025-05-18T07:54:11+00:00","og_image":[{"width":980,"height":441,"url":"https:\/\/www.alteacultural.com\/wp-content\/uploads\/2025\/05\/Festivalet-actuacio-musical-980x441-1.jpg","type":"image\/jpeg"}],"author":"sfaltea.com-admin","twitter_card":"summary_large_image","twitter_misc":{"Escrito por":"sfaltea.com-admin","Tiempo de lectura":"3 minutos"},"schema":{"@context":"https:\/\/schema.org","@graph":[{"@type":"WebPage","@id":"https:\/\/www.alteacultural.com\/es\/2025\/05\/14\/el-festivalet-congrega-mig-miler-de-persones-per-gaudir-duna-jornada-dactivitats-en-familia\/","url":"https:\/\/www.alteacultural.com\/es\/2025\/05\/14\/el-festivalet-congrega-mig-miler-de-persones-per-gaudir-duna-jornada-dactivitats-en-familia\/","name":"El \u201cFestivalet\u201d congrega a medio millar de personas para disfrutar de una jornada de actividades en familia - Altea Cultural","isPartOf":{"@id":"https:\/\/www.alteacultural.com\/es\/#website"},"primaryImageOfPage":{"@id":"https:\/\/www.alteacultural.com\/es\/2025\/05\/14\/el-festivalet-congrega-mig-miler-de-persones-per-gaudir-duna-jornada-dactivitats-en-familia\/#primaryimage"},"image":{"@id":"https:\/\/www.alteacultural.com\/es\/2025\/05\/14\/el-festivalet-congrega-mig-miler-de-persones-per-gaudir-duna-jornada-dactivitats-en-familia\/#primaryimage"},"thumbnailUrl":"https:\/\/www.alteacultural.com\/wp-content\/uploads\/2025\/05\/Festivalet-actuacio-musical-980x441-1.jpg","datePublished":"2025-05-14T07:56:58+00:00","dateModified":"2025-05-18T07:54:11+00:00","author":{"@id":"https:\/\/www.alteacultural.com\/es\/#\/schema\/person\/c4e137537f1af546d214a315255e5172"},"breadcrumb":{"@id":"https:\/\/www.alteacultural.com\/es\/2025\/05\/14\/el-festivalet-congrega-mig-miler-de-persones-per-gaudir-duna-jornada-dactivitats-en-familia\/#breadcrumb"},"inLanguage":"es","potentialAction":[{"@type":"ReadAction","target":["https:\/\/www.alteacultural.com\/es\/2025\/05\/14\/el-festivalet-congrega-mig-miler-de-persones-per-gaudir-duna-jornada-dactivitats-en-familia\/"]}]},{"@type":"ImageObject","inLanguage":"es","@id":"https:\/\/www.alteacultural.com\/es\/2025\/05\/14\/el-festivalet-congrega-mig-miler-de-persones-per-gaudir-duna-jornada-dactivitats-en-familia\/#primaryimage","url":"https:\/\/www.alteacultural.com\/wp-content\/uploads\/2025\/05\/Festivalet-actuacio-musical-980x441-1.jpg","contentUrl":"https:\/\/www.alteacultural.com\/wp-content\/uploads\/2025\/05\/Festivalet-actuacio-musical-980x441-1.jpg","width":980,"height":441},{"@type":"BreadcrumbList","@id":"https:\/\/www.alteacultural.com\/es\/2025\/05\/14\/el-festivalet-congrega-mig-miler-de-persones-per-gaudir-duna-jornada-dactivitats-en-familia\/#breadcrumb","itemListElement":[{"@type":"ListItem","position":1,"name":"Inici","item":"https:\/\/www.alteacultural.com\/es\/"},{"@type":"ListItem","position":2,"name":"El \u201cFestivalet\u201d congrega a medio millar de personas para disfrutar de una jornada de actividades en familia"}]},{"@type":"WebSite","@id":"https:\/\/www.alteacultural.com\/es\/#website","url":"https:\/\/www.alteacultural.com\/es\/","name":"Altea Cultural","description":"Regidoria de Cultura de l&#039;Ajuntament d&#039;Altea","potentialAction":[{"@type":"SearchAction","target":{"@type":"EntryPoint","urlTemplate":"https:\/\/www.alteacultural.com\/es\/?s={search_term_string}"},"query-input":"required name=search_term_string"}],"inLanguage":"es"},{"@type":"Person","@id":"https:\/\/www.alteacultural.com\/es\/#\/schema\/person\/c4e137537f1af546d214a315255e5172","name":"sfaltea.com-admin","image":{"@type":"ImageObject","inLanguage":"es","@id":"https:\/\/www.alteacultural.com\/es\/#\/schema\/person\/image\/","url":"https:\/\/secure.gravatar.com\/avatar\/f7473fa2fbd351270ccfd469de536202?s=96&d=mm&r=g","contentUrl":"https:\/\/secure.gravatar.com\/avatar\/f7473fa2fbd351270ccfd469de536202?s=96&d=mm&r=g","caption":"sfaltea.com-admin"},"url":"https:\/\/www.alteacultural.com\/es\/author\/sfaltea-com-admin\/"}]}},"_links":{"self":[{"href":"https:\/\/www.alteacultural.com\/es\/wp-json\/wp\/v2\/posts\/36072"}],"collection":[{"href":"https:\/\/www.alteacultural.com\/es\/wp-json\/wp\/v2\/posts"}],"about":[{"href":"https:\/\/www.alteacultural.com\/es\/wp-json\/wp\/v2\/types\/post"}],"author":[{"embeddable":true,"href":"https:\/\/www.alteacultural.com\/es\/wp-json\/wp\/v2\/users\/1"}],"replies":[{"embeddable":true,"href":"https:\/\/www.alteacultural.com\/es\/wp-json\/wp\/v2\/comments?post=36072"}],"version-history":[{"count":1,"href":"https:\/\/www.alteacultural.com\/es\/wp-json\/wp\/v2\/posts\/36072\/revisions"}],"predecessor-version":[{"id":36074,"href":"https:\/\/www.alteacultural.com\/es\/wp-json\/wp\/v2\/posts\/36072\/revisions\/36074"}],"wp:featuredmedia":[{"embeddable":true,"href":"https:\/\/www.alteacultural.com\/es\/wp-json\/wp\/v2\/media\/36066"}],"wp:attachment":[{"href":"https:\/\/www.alteacultural.com\/es\/wp-json\/wp\/v2\/media?parent=36072"}],"curies":[{"name":"wp","href":"https:\/\/api.w.org\/{rel}","templated":true}]}}