{"id":36104,"date":"2025-05-15T08:59:55","date_gmt":"2025-05-15T06:59:55","guid":{"rendered":"https:\/\/www.alteacultural.com\/2025\/05\/15\/programa-28-05-2025\/"},"modified":"2025-05-26T08:32:56","modified_gmt":"2025-05-26T06:32:56","slug":"programa-28-05-2025","status":"publish","type":"post","link":"https:\/\/www.alteacultural.com\/es\/2025\/05\/15\/programa-28-05-2025\/","title":{"rendered":"Programa 28-05-2025"},"content":{"rendered":"\t\t<div data-elementor-type=\"wp-post\" data-elementor-id=\"36104\" class=\"elementor elementor-36104\">\n\t\t\t\t\t\t<section class=\"elementor-section elementor-top-section elementor-element elementor-element-1fcb64c elementor-section-boxed elementor-section-height-default elementor-section-height-default exad-glass-effect-no exad-sticky-section-no\" data-id=\"1fcb64c\" data-element_type=\"section\">\n\t\t\t\t\t\t<div class=\"elementor-container elementor-column-gap-default\">\n\t\t\t\t\t<div class=\"elementor-column elementor-col-50 elementor-top-column elementor-element elementor-element-928d7ea exad-glass-effect-no exad-sticky-section-no\" data-id=\"928d7ea\" data-element_type=\"column\">\n\t\t\t<div class=\"elementor-widget-wrap elementor-element-populated\">\n\t\t\t\t\t\t<div class=\"elementor-element elementor-element-d19d03c exad-sticky-section-no exad-glass-effect-no elementor-widget elementor-widget-text-editor\" data-id=\"d19d03c\" data-element_type=\"widget\" data-widget_type=\"text-editor.default\">\n\t\t\t\t<div class=\"elementor-widget-container\">\n\t\t\t\t\t\t\t<p style=\"text-align: center;\">Programa \u00b7 28\/05\/2025<\/p>\t\t\t\t\t\t<\/div>\n\t\t\t\t<\/div>\n\t\t\t\t\t<\/div>\n\t\t<\/div>\n\t\t\t\t<div class=\"elementor-column elementor-col-50 elementor-top-column elementor-element elementor-element-041b80c exad-glass-effect-no exad-sticky-section-no\" data-id=\"041b80c\" data-element_type=\"column\">\n\t\t\t<div class=\"elementor-widget-wrap elementor-element-populated\">\n\t\t\t\t\t\t<div class=\"elementor-element elementor-element-961ad1f exad-sticky-section-no exad-glass-effect-no elementor-widget elementor-widget-image\" data-id=\"961ad1f\" data-element_type=\"widget\" data-widget_type=\"image.default\">\n\t\t\t\t<div class=\"elementor-widget-container\">\n\t\t\t\t\t\t\t\t\t\t\t\t\t\t<a href=\"https:\/\/www.alteacultural.com\/2025\/05\/15\/programa-28-05-2025\/\">\n\t\t\t\t\t\t\t<img decoding=\"async\" data-src=\"https:\/\/www.alteacultural.com\/wp-content\/uploads\/elementor\/thumbs\/valencia-pt48thfiy0n8d036da41ndkk48zbusn7jwawsx7u0c.jpg\" title=\"valenci\u00e0\" alt=\"valenci\u00e0\" src=\"data:image\/gif;base64,R0lGODlhAQABAAAAACH5BAEKAAEALAAAAAABAAEAAAICTAEAOw==\" class=\"lazyload\" style=\"--smush-placeholder-width: 30px; --smush-placeholder-aspect-ratio: 30\/30;\" \/>\t\t\t\t\t\t\t\t<\/a>\n\t\t\t\t\t\t\t\t\t\t\t\t\t<\/div>\n\t\t\t\t<\/div>\n\t\t\t\t\t<\/div>\n\t\t<\/div>\n\t\t\t\t\t<\/div>\n\t\t<\/section>\n\t\t\t\t<section class=\"elementor-section elementor-top-section elementor-element elementor-element-73b943d elementor-section-boxed elementor-section-height-default elementor-section-height-default exad-glass-effect-no exad-sticky-section-no\" data-id=\"73b943d\" data-element_type=\"section\">\n\t\t\t\t\t\t<div class=\"elementor-container elementor-column-gap-default\">\n\t\t\t\t\t<div class=\"elementor-column elementor-col-100 elementor-top-column elementor-element elementor-element-73e008d exad-glass-effect-no exad-sticky-section-no\" data-id=\"73e008d\" data-element_type=\"column\">\n\t\t\t<div class=\"elementor-widget-wrap elementor-element-populated\">\n\t\t\t\t\t\t<div class=\"elementor-element elementor-element-47a15ef exad-sticky-section-no exad-glass-effect-no elementor-widget elementor-widget-text-editor\" data-id=\"47a15ef\" data-element_type=\"widget\" data-widget_type=\"text-editor.default\">\n\t\t\t\t<div class=\"elementor-widget-container\">\n\t\t\t\t\t\t\t<h2 style=\"text-align: center;\"><span style=\"color: #ffffff;\">\u00a1Un pacto, un viol\u00edn y el destino&#8230;!<\/span><\/h2>\t\t\t\t\t\t<\/div>\n\t\t\t\t<\/div>\n\t\t\t\t\t<\/div>\n\t\t<\/div>\n\t\t\t\t\t<\/div>\n\t\t<\/section>\n\t\t\t\t<section class=\"elementor-section elementor-top-section elementor-element elementor-element-f2845cd elementor-section-boxed elementor-section-height-default elementor-section-height-default exad-glass-effect-no exad-sticky-section-no\" data-id=\"f2845cd\" data-element_type=\"section\">\n\t\t\t\t\t\t<div class=\"elementor-container elementor-column-gap-default\">\n\t\t\t\t\t<div class=\"elementor-column elementor-col-100 elementor-top-column elementor-element elementor-element-99fde3d exad-glass-effect-no exad-sticky-section-no\" data-id=\"99fde3d\" data-element_type=\"column\">\n\t\t\t<div class=\"elementor-widget-wrap elementor-element-populated\">\n\t\t\t\t\t\t<div class=\"elementor-element elementor-element-353eb5a exad-sticky-section-no exad-glass-effect-no elementor-widget elementor-widget-text-editor\" data-id=\"353eb5a\" data-element_type=\"widget\" data-widget_type=\"text-editor.default\">\n\t\t\t\t<div class=\"elementor-widget-container\">\n\t\t\t\t\t\t\t<div class=\"traductor-textarea form-group\"><h3 class=\"textarea-desti col-xs-12 col-sm-6\" style=\"text-align: center;\"><span style=\"text-decoration: underline; color: #ff6600;\">PROGRAMA<\/span><\/h3><div>\u00a0<\/div><h3 style=\"text-align: center;\"><span style=\"color: #ff6600;\"><span style=\"color: #000000;\">Suite for violin, clarinet and piano &#8211; D.Milhaud<\/span><\/span><\/h3><div>\u00a0<\/div><\/div><p style=\"text-align: center;\">\u00a01.- Ouverture.<\/p><p style=\"text-align: center;\">2.- Divertissement.<\/p><p style=\"text-align: center;\">3.-Jeu.<\/p><p style=\"text-align: center;\">4.-Introduction et final.<\/p><div class=\"traductor-textarea form-group\">\u00a0<\/div><h4 style=\"text-align: center;\">\u00a0<\/h4><div class=\"traductor-textarea form-group\"><h3 style=\"text-align: center;\"><span style=\"color: #ff6600;\"><span style=\"color: #000000;\">Historia del soldado &#8211; I.Stravinsky<\/span><\/span><\/h3><div>\u00a0<\/div><\/div><p style=\"text-align: center;\">1.- Marcha del soldado.<\/p><p style=\"text-align: center;\">2.- El viol\u00edn del soldado.<\/p><p style=\"text-align: center;\">3.- Peque\u00f1o concierto.<\/p><p style=\"text-align: center;\">4.- Tango-Valse-Rag<\/p><p style=\"text-align: center;\">5.- La danza del diablo<\/p><h4 style=\"text-align: center;\">\u00a0<\/h4><div><div class=\"traductor-textarea form-group\"><h3 style=\"text-align: center;\"><span style=\"color: #ff6600;\"><span style=\"color: #000000;\">5 piezas &#8211; D.Shostakovich<br \/><\/span><\/span><\/h3><p>\u00a0<\/p><\/div><p style=\"text-align: center;\">1.- Prelude.<\/p><p style=\"text-align: center;\">2.-Gavotte.<\/p><p style=\"text-align: center;\">3.- Elegy.<\/p><p style=\"text-align: center;\">4.- Waltz.<\/p><p style=\"text-align: center;\">5.- Polka.<\/p><p>\u00a0<\/p><\/div><div class=\"traductor-textarea form-group\"><h3 style=\"text-align: center;\"><span style=\"color: #ff6600;\"><span style=\"color: #000000;\">Romanza &#8211; Joan Ivorra de Trazegnies<\/span><\/span><\/h3><p>\u00a0<\/p><h3 style=\"text-align: center;\"><span style=\"color: #ff6600;\"><span style=\"color: #000000;\">L&#8217;invitation au Chateau &#8211; F. Poulenc<br \/><\/span><\/span><\/h3><div>\u00a0<\/div><\/div><p style=\"text-align: center;\">1.-Tr\u00e8s anim\u00e9.<\/p><p style=\"text-align: center;\">2.- Mod\u00e8r\u00e9.<\/p><p style=\"text-align: center;\">3.- Lent.<\/p><p style=\"text-align: center;\">4.-Valse brillante.<\/p><p style=\"text-align: center;\">5.-Tr\u00e8s Calme.<\/p><p style=\"text-align: center;\">6.- Mouvement de vals h\u00e9sitation.<\/p><p style=\"text-align: center;\">7.-Valse des petites taupes.<\/p><p style=\"text-align: center;\">8.-Valse brillante.<\/p><p style=\"text-align: center;\">9.- Tempo di boston.<\/p><p style=\"text-align: center;\">10 y 11- Tango.<\/p><p style=\"text-align: center;\">12.- Mouvement de vals h\u00e9sitation.<\/p><p style=\"text-align: center;\">13 y 14.- Moderato.<\/p><p style=\"text-align: center;\">15.- Apassionato.<\/p><p style=\"text-align: center;\">16.- Tr\u00e8s vite et tr\u00e8s canaille.<\/p><p style=\"text-align: center;\">17.- Tempo di tarantella.<\/p><p style=\"text-align: center;\">18.- Polka finale.<\/p><p style=\"text-align: center;\">19.- Presto.<\/p><p style=\"text-align: center;\">20.- Follement vite et gai.<\/p><p>\u00a0<\/p><h4 style=\"text-align: center;\">Int\u00e9rpretes: Marcos Ivorra (clarinete) \u2022 Slava Slavova (viol\u00edn) \u2022 Mar\u00eda Slavova (piano)<\/h4><p>\u00a0<\/p><p>\u00a0<\/p>\t\t\t\t\t\t<\/div>\n\t\t\t\t<\/div>\n\t\t\t\t<div class=\"elementor-element elementor-element-de65ec8 exad-sticky-section-no exad-glass-effect-no elementor-widget elementor-widget-accordion\" data-id=\"de65ec8\" data-element_type=\"widget\" data-widget_type=\"accordion.default\">\n\t\t\t\t<div class=\"elementor-widget-container\">\n\t\t\t\t\t<div class=\"elementor-accordion\">\n\t\t\t\t\t\t\t<div class=\"elementor-accordion-item\">\n\t\t\t\t\t<div id=\"elementor-tab-title-2331\" class=\"elementor-tab-title\" data-tab=\"1\" role=\"button\" aria-controls=\"elementor-tab-content-2331\" aria-expanded=\"false\">\n\t\t\t\t\t\t\t\t\t\t\t\t\t<span class=\"elementor-accordion-icon elementor-accordion-icon-left\" aria-hidden=\"true\">\n\t\t\t\t\t\t\t\t\t\t\t\t\t\t\t<span class=\"elementor-accordion-icon-closed\"><i class=\"fas fa-plus\"><\/i><\/span>\n\t\t\t\t\t\t\t\t<span class=\"elementor-accordion-icon-opened\"><i class=\"fas fa-minus\"><\/i><\/span>\n\t\t\t\t\t\t\t\t\t\t\t\t\t\t<\/span>\n\t\t\t\t\t\t\t\t\t\t\t\t<a class=\"elementor-accordion-title\" tabindex=\"0\">SLAVA SLAVOVA (viol\u00edn)<\/a>\n\t\t\t\t\t<\/div>\n\t\t\t\t\t<div id=\"elementor-tab-content-2331\" class=\"elementor-tab-content elementor-clearfix\" data-tab=\"1\" role=\"region\" aria-labelledby=\"elementor-tab-title-2331\"><p>Slava Slavova comenz\u00f3 su formaci\u00f3n como violinista a la edad de 5 a\u00f1os con Ivan Stanev, concertino de la orquesta de c\u00e1mara de la ciudad de Dobrich. A la edad de 11 a\u00f1os se uni\u00f3 a la orquesta juvenil de cuerdas de la Escuela de M\u00fasica Infantil en el Centro Comunitario \u00abYordan Yovkov\u00bb, donde dio sus primeros pasos como solista y concertino. Estudi\u00f3 consecutivamente en la Escuela Secundaria de M\u00fasica \u00abDobri Hristov\u00bb, Varna, la Academia de Artes y Artes \u00abProf. Asen Diamandiev\u00bb, Plovdiv y Real Conservatorio Superior de M\u00fasica de Madrid, Espa\u00f1a. Ha hecho numerosos m\u00e1ster class con violinistas Joseph Radionov, Jos\u00e9 Luis Asensio, Ruggiero Ricci entre otros. Como solista ha actuado con las orquestas \u00abVarna Soloists\u00bb, Filarm\u00f3nica de Varna, Barvinsky camerata, Orquesta ciudad de Novelda, Orquesta sinf\u00f3nica de Albacete, Orquesta de C\u00e1mara Europea, Orquesta filarm\u00f3nica de Valencia y otras. Ha trabajado con los directores Vicente Sempere Gomis, Giuseppe Mancini, Georgi Chichinadze, Giuseppe Lenardini, Jos\u00e9 Miguel Rodia y otros. Durante muchos a\u00f1os ha sido concertino de las orquestas de la localidad de Sof\u00eda. Albacete y Elche, Espa\u00f1a. Actualmente toca en diversas formaciones de c\u00e1mara, entre ellas el Cuarteto Bel Arte como primer viol\u00edn y al mismo tiempo imparte clases en el Conservatori Professional d&#8217;Altea. Ha impartido cursos magistrales en repetidas ocasiones.<\/p><\/div>\n\t\t\t\t<\/div>\n\t\t\t\t\t\t\t<div class=\"elementor-accordion-item\">\n\t\t\t\t\t<div id=\"elementor-tab-title-2332\" class=\"elementor-tab-title\" data-tab=\"2\" role=\"button\" aria-controls=\"elementor-tab-content-2332\" aria-expanded=\"false\">\n\t\t\t\t\t\t\t\t\t\t\t\t\t<span class=\"elementor-accordion-icon elementor-accordion-icon-left\" aria-hidden=\"true\">\n\t\t\t\t\t\t\t\t\t\t\t\t\t\t\t<span class=\"elementor-accordion-icon-closed\"><i class=\"fas fa-plus\"><\/i><\/span>\n\t\t\t\t\t\t\t\t<span class=\"elementor-accordion-icon-opened\"><i class=\"fas fa-minus\"><\/i><\/span>\n\t\t\t\t\t\t\t\t\t\t\t\t\t\t<\/span>\n\t\t\t\t\t\t\t\t\t\t\t\t<a class=\"elementor-accordion-title\" tabindex=\"0\">MARIA SLAVOVA (Piano)<\/a>\n\t\t\t\t\t<\/div>\n\t\t\t\t\t<div id=\"elementor-tab-content-2332\" class=\"elementor-tab-content elementor-clearfix\" data-tab=\"2\" role=\"region\" aria-labelledby=\"elementor-tab-title-2332\"><p>Maria Slavova act\u00faa como pianista y como organista, nacida en la ciudad de Dobrich. Comenz\u00f3 sus primeras lecciones de piano en la infancia con Nadezhda Ankova. Se gradu\u00f3 en la Escuela Secundaria de M\u00fasica \u00abDobri Hristov\u00bb de Varna y la Academia de Bellas Artes \u00abProf. Asen Diamandiev\u00bb en la ciudad de Plovdiv ,obteniendo t\u00edtulo de profesora superior de piano. Estudi\u00f3 \u00f3rgano bajo la direcci\u00f3n del prof. Neva Krasteva. Paralelamente a su actividad docente, se desempe\u00f1a activamente como pianista y organista. Ha participado en numerosos conciertos como solista, int\u00e9rprete de c\u00e1mara y acompa\u00f1ante en Bulgaria y en el extranjero. Colabora con diversas formaciones corales e instrumentales. En todo el pa\u00eds da conciertos de \u00f3rgano solista, as\u00ed como en colaboraci\u00f3n con m\u00fasicos famosos.<\/p><p>Creadora y participante activa en las Jornadas de M\u00fasica de \u00d3rgano \u00abFiori Musicali \/ Flores Musicales\u00bb, Dobrich. Actualmente es pianista &#8211; organista en la Orquesta de C\u00e1mara \u00abDian\u00f3polis\u00bb, Yambol.<\/p><p>Ganadora del Premio Anual individual de Cultura del Ayuntamiento de Dobrich, 2024.<\/p><\/div>\n\t\t\t\t<\/div>\n\t\t\t\t\t\t\t<div class=\"elementor-accordion-item\">\n\t\t\t\t\t<div id=\"elementor-tab-title-2333\" class=\"elementor-tab-title\" data-tab=\"3\" role=\"button\" aria-controls=\"elementor-tab-content-2333\" aria-expanded=\"false\">\n\t\t\t\t\t\t\t\t\t\t\t\t\t<span class=\"elementor-accordion-icon elementor-accordion-icon-left\" aria-hidden=\"true\">\n\t\t\t\t\t\t\t\t\t\t\t\t\t\t\t<span class=\"elementor-accordion-icon-closed\"><i class=\"fas fa-plus\"><\/i><\/span>\n\t\t\t\t\t\t\t\t<span class=\"elementor-accordion-icon-opened\"><i class=\"fas fa-minus\"><\/i><\/span>\n\t\t\t\t\t\t\t\t\t\t\t\t\t\t<\/span>\n\t\t\t\t\t\t\t\t\t\t\t\t<a class=\"elementor-accordion-title\" tabindex=\"0\">MARCOS IVORRA (clarinete)<\/a>\n\t\t\t\t\t<\/div>\n\t\t\t\t\t<div id=\"elementor-tab-content-2333\" class=\"elementor-tab-content elementor-clearfix\" data-tab=\"3\" role=\"region\" aria-labelledby=\"elementor-tab-title-2333\"><p>Empez\u00f3 sus estudios musicales en la escuela de m\u00fasica de Altea a la edad de 6 a\u00f1os. Luego se traslad\u00f3 al Conservatorio de M\u00fasica \u00abOscar Espl\u00e0\u00bb de Alicante donde estudi\u00f3 Grado Medio y Superior, obteniendo Premio Extraordinario Fin de Carrera, donde posteriormente realiz\u00f3 el M\u00e1ster en Interpretaci\u00f3n e Investigaci\u00f3n Musical.<br \/>Despu\u00e9s prosigui\u00f3 sus estudios con Yehuda Gilad (Profesor en la Colburn School de Los Angeles, California) e Iv\u00e1n Mar\u00edn (Asistente Principal en la Orquesta Sinf\u00f3nica de Galicia). Fue miembro de la Joven Orquesta de la Comunidad Valenciana y Jeunesses Musicales World Orchestra. Ha colaborado como clarinete principal con diversas orquestas europeas. Entre ellas est\u00e1n la \u00abRoyal Symphony Orchestra\u00bb (Inglaterra), la \u00abCity of Birmingham Symphony Orchestra\u00bb (Inglaterra), la \u00abMalm\u00f6 Symphony Orchestra\u00bb (Suecia) y la \u00abOrquesta Sinf\u00f3nica de Galicia\u00bb; adem\u00e1s ha sido miembro titular de la Orquesta Sinf\u00f3nica de Elche (2010-2013). Ha tocado bajo la batuta de grandes directores de Lorin Maazel, Andris Nelsons, Krzysztof Urbanski y Andrew Litton.<\/p><p>Ha ganado numerosos premios: Primer Premio en \u00abInternal CIMUS2010 Clarinet Competition\u00bb (Portugal), Primer Premio en el \u00abX Concurso Internacional Villa de Benidorm\u00bb (2008), Tercer Premio en el \u00abConcorso Internazionale di Citta\u00e0 di Carlino\u00bb (Italia, 2007), Primer Premio en el \u00abVI Concurso Internacional Villa de Benidorm\u00bb (2004), Primer Premio en el \u00abVI Concurso Internacional de m\u00fasica de Cartagena\u00bb(2003), Premio Euterpe de la m\u00fasica (2002)&#8230;..<\/p><p>En el apartado de m\u00fasica de c\u00e1mara realiza conciertos a lo largo de todo el territorio, destacando la gira de conciertos de clarinete y piano organizada por Juventudes Musicales de Espa\u00f1a en el a\u00f1o 2006. <br \/>Adem\u00e1s, ha publicado el m\u00e9todo de clarinete, \u00abClarinete Elemental vol.1, vol.2 y vol.3\u00bb, \u00abClarinete Pre-elemental\u00bb y \u201c245 Algoritmos para clarinete\u201d publicados por la editorial Piles.<\/p><p>Desde el a\u00f1o 2020 es el director art\u00edstico del Beethoven Fest de Altea.<br \/>En 2024 y 2025 colabora como profesor de la secci\u00f3n de viento madera con la SMO (Sinfonisches Musikschulorchester Sachsen-Anhalt). En 2025 realiza por Bulgaria una gira de conciertos con un tr\u00edo de de viol\u00edn, clarinete y piano.<\/p><p>Desde el 2001 es profesor del Conservatorio Profesional de Altea y ESMUALTEA, durante el curso 2015-2016 fue profesor del Conservatorio Superior de M\u00fasica \u00abOscar Espl\u00e0\u00bb de Alicante. Actualmente combina su faceta interpretativa con su labor docente.<\/p><\/div>\n\t\t\t\t<\/div>\n\t\t\t\t\t\t\t<div class=\"elementor-accordion-item\">\n\t\t\t\t\t<div id=\"elementor-tab-title-2334\" class=\"elementor-tab-title\" data-tab=\"4\" role=\"button\" aria-controls=\"elementor-tab-content-2334\" aria-expanded=\"false\">\n\t\t\t\t\t\t\t\t\t\t\t\t\t<span class=\"elementor-accordion-icon elementor-accordion-icon-left\" aria-hidden=\"true\">\n\t\t\t\t\t\t\t\t\t\t\t\t\t\t\t<span class=\"elementor-accordion-icon-closed\"><i class=\"fas fa-plus\"><\/i><\/span>\n\t\t\t\t\t\t\t\t<span class=\"elementor-accordion-icon-opened\"><i class=\"fas fa-minus\"><\/i><\/span>\n\t\t\t\t\t\t\t\t\t\t\t\t\t\t<\/span>\n\t\t\t\t\t\t\t\t\t\t\t\t<a class=\"elementor-accordion-title\" tabindex=\"0\">JOAN IVORRA DE TRAZEGNIES (autor)<\/a>\n\t\t\t\t\t<\/div>\n\t\t\t\t\t<div id=\"elementor-tab-content-2334\" class=\"elementor-tab-content elementor-clearfix\" data-tab=\"4\" role=\"region\" aria-labelledby=\"elementor-tab-title-2334\"><div>Joan inicia sus estudios musicales de clarinete con su padre a la edad de 5 a\u00f1os en EsmuAltea. Posteriormente contin\u00faa con sus estudios en el Conservatorio Profesional de M\u00fasica de Altea, donde actualmente cursa estudios de clarinete y piano.<\/div><div>Ha realizado cursos de perfeccionamiento de clarinete con Yehuda Gilad, Antonio Saiote, Philippe Cuper, Juan Ferrer, Manuel G\u00f3mez, Jordi Pons, Daniel Bellov\u00ed, Iv\u00e1n Mar\u00edn, Jose Luis Estell\u00e9s, entre otros.\u00a0 Adem\u00e1s estudia composici\u00f3n con Jaime Fco. Ripoll Martins.\u00a0<\/div><div>Es miembro de la SMO (Sinfonisches Musikschulorchester Sachsen-Anhalt), ha colaborado tambi\u00e9n con la \u201cLeo Kestenberg Kammerorchester\u201d de Berl\u00edn, y ha obtenido diversos reconocimientos y premios en su faceta interpretativa:\u00a0<\/div><div>Finalista en el XVII Concurso de Interpretaci\u00f3n del Conservatorio de Altea (2023), Finalista en el XVIII Concurso de Interpretaci\u00f3n del Conservatorio de Altea (2024), Finalista en el VI Concurso Silverstein, obteniendo el reconocimiento de Shining Talent (con el clarinete bajo) (2024), Primer Premio y menci\u00f3n honor\u00edfica en el XIX Concurso de Interpretaci\u00f3n del Conservatorio de Altea (2025) y Primer Premio en el XIV Concurso Intercentros celebrado en Teulada (2025).<\/div><\/div>\n\t\t\t\t<\/div>\n\t\t\t\t\t\t\t\t<\/div>\n\t\t\t\t<\/div>\n\t\t\t\t<\/div>\n\t\t\t\t\t<\/div>\n\t\t<\/div>\n\t\t\t\t\t<\/div>\n\t\t<\/section>\n\t\t\t\t<section class=\"elementor-section elementor-top-section elementor-element elementor-element-7d46883 elementor-section-boxed elementor-section-height-default elementor-section-height-default exad-glass-effect-no exad-sticky-section-no\" data-id=\"7d46883\" data-element_type=\"section\">\n\t\t\t\t\t\t<div class=\"elementor-container elementor-column-gap-default\">\n\t\t\t\t\t<div class=\"elementor-column elementor-col-100 elementor-top-column elementor-element elementor-element-16ce4bc exad-glass-effect-no exad-sticky-section-no\" data-id=\"16ce4bc\" data-element_type=\"column\">\n\t\t\t<div class=\"elementor-widget-wrap elementor-element-populated\">\n\t\t\t\t\t\t<div class=\"elementor-element elementor-element-35b8ea1 elementor-arrows-position-inside elementor-pagination-position-outside exad-sticky-section-no exad-glass-effect-no elementor-widget elementor-widget-image-carousel\" data-id=\"35b8ea1\" data-element_type=\"widget\" data-settings=\"{&quot;navigation&quot;:&quot;both&quot;,&quot;autoplay&quot;:&quot;yes&quot;,&quot;pause_on_hover&quot;:&quot;yes&quot;,&quot;pause_on_interaction&quot;:&quot;yes&quot;,&quot;autoplay_speed&quot;:5000,&quot;infinite&quot;:&quot;yes&quot;,&quot;speed&quot;:500}\" data-widget_type=\"image-carousel.default\">\n\t\t\t\t<div class=\"elementor-widget-container\">\n\t\t\t\t\t<div class=\"elementor-image-carousel-wrapper swiper\" dir=\"ltr\">\n\t\t\t<div class=\"elementor-image-carousel swiper-wrapper\" aria-live=\"off\">\n\t\t\t\t\t\t\t\t<div class=\"swiper-slide\" role=\"group\" aria-roledescription=\"slide\" aria-label=\"1 de 4\"><figure class=\"swiper-slide-inner\"><img decoding=\"async\" class=\"swiper-slide-image lazyload\" data-src=\"https:\/\/www.alteacultural.com\/wp-content\/uploads\/2025\/05\/foto-1-300x300.jpg\" alt=\"foto 1\" src=\"data:image\/gif;base64,R0lGODlhAQABAAAAACH5BAEKAAEALAAAAAABAAEAAAICTAEAOw==\" style=\"--smush-placeholder-width: 300px; --smush-placeholder-aspect-ratio: 300\/300;\" \/><\/figure><\/div><div class=\"swiper-slide\" role=\"group\" aria-roledescription=\"slide\" aria-label=\"2 de 4\"><figure class=\"swiper-slide-inner\"><img decoding=\"async\" class=\"swiper-slide-image lazyload\" data-src=\"https:\/\/www.alteacultural.com\/wp-content\/uploads\/2025\/05\/foto-2-300x300.jpg\" alt=\"foto 2\" src=\"data:image\/gif;base64,R0lGODlhAQABAAAAACH5BAEKAAEALAAAAAABAAEAAAICTAEAOw==\" style=\"--smush-placeholder-width: 300px; --smush-placeholder-aspect-ratio: 300\/300;\" \/><\/figure><\/div><div class=\"swiper-slide\" role=\"group\" aria-roledescription=\"slide\" aria-label=\"3 de 4\"><figure class=\"swiper-slide-inner\"><img decoding=\"async\" class=\"swiper-slide-image lazyload\" data-src=\"https:\/\/www.alteacultural.com\/wp-content\/uploads\/2025\/05\/foto-3-300x300.jpg\" alt=\"foto 3\" src=\"data:image\/gif;base64,R0lGODlhAQABAAAAACH5BAEKAAEALAAAAAABAAEAAAICTAEAOw==\" style=\"--smush-placeholder-width: 300px; --smush-placeholder-aspect-ratio: 300\/300;\" \/><\/figure><\/div><div class=\"swiper-slide\" role=\"group\" aria-roledescription=\"slide\" aria-label=\"4 de 4\"><figure class=\"swiper-slide-inner\"><img decoding=\"async\" class=\"swiper-slide-image lazyload\" data-src=\"https:\/\/www.alteacultural.com\/wp-content\/uploads\/2025\/05\/unnamed-300x300.jpg\" alt=\"unnamed\" src=\"data:image\/gif;base64,R0lGODlhAQABAAAAACH5BAEKAAEALAAAAAABAAEAAAICTAEAOw==\" style=\"--smush-placeholder-width: 300px; --smush-placeholder-aspect-ratio: 300\/300;\" \/><\/figure><\/div>\t\t\t<\/div>\n\t\t\t\t\t\t\t\t\t\t\t\t<div class=\"elementor-swiper-button elementor-swiper-button-prev\" role=\"button\" tabindex=\"0\">\n\t\t\t\t\t\t<i aria-hidden=\"true\" class=\"eicon-chevron-left\"><\/i>\t\t\t\t\t<\/div>\n\t\t\t\t\t<div class=\"elementor-swiper-button elementor-swiper-button-next\" role=\"button\" tabindex=\"0\">\n\t\t\t\t\t\t<i aria-hidden=\"true\" class=\"eicon-chevron-right\"><\/i>\t\t\t\t\t<\/div>\n\t\t\t\t\n\t\t\t\t\t\t\t\t\t<div class=\"swiper-pagination\"><\/div>\n\t\t\t\t\t\t\t\t\t<\/div>\n\t\t\t\t<\/div>\n\t\t\t\t<\/div>\n\t\t\t\t\t<\/div>\n\t\t<\/div>\n\t\t\t\t\t<\/div>\n\t\t<\/section>\n\t\t\t\t<section class=\"elementor-section elementor-top-section elementor-element elementor-element-75129c9 elementor-section-boxed elementor-section-height-default elementor-section-height-default exad-glass-effect-no exad-sticky-section-no\" data-id=\"75129c9\" data-element_type=\"section\">\n\t\t\t\t\t\t<div class=\"elementor-container elementor-column-gap-default\">\n\t\t\t\t\t<div class=\"elementor-column elementor-col-100 elementor-top-column elementor-element elementor-element-fafffc0 exad-glass-effect-no exad-sticky-section-no\" data-id=\"fafffc0\" data-element_type=\"column\">\n\t\t\t<div class=\"elementor-widget-wrap elementor-element-populated\">\n\t\t\t\t\t\t\t<\/div>\n\t\t<\/div>\n\t\t\t\t\t<\/div>\n\t\t<\/section>\n\t\t\t\t<section class=\"elementor-section elementor-top-section elementor-element elementor-element-a5974ad elementor-section-boxed elementor-section-height-default elementor-section-height-default exad-glass-effect-no exad-sticky-section-no\" data-id=\"a5974ad\" data-element_type=\"section\">\n\t\t\t\t\t\t<div class=\"elementor-container elementor-column-gap-default\">\n\t\t\t\t\t<div class=\"elementor-column elementor-col-100 elementor-top-column elementor-element elementor-element-8d2ca0a exad-glass-effect-no exad-sticky-section-no\" data-id=\"8d2ca0a\" data-element_type=\"column\">\n\t\t\t<div class=\"elementor-widget-wrap elementor-element-populated\">\n\t\t\t\t\t\t<div class=\"elementor-element elementor-element-c0558ab exad-sticky-section-no exad-glass-effect-no elementor-widget elementor-widget-image\" data-id=\"c0558ab\" data-element_type=\"widget\" data-widget_type=\"image.default\">\n\t\t\t\t<div class=\"elementor-widget-container\">\n\t\t\t\t\t\t\t\t\t\t\t\t\t\t<a href=\"https:\/\/www.alteacultural.com\/alertes\">\n\t\t\t\t\t\t\t<img fetchpriority=\"high\" decoding=\"async\" width=\"2560\" height=\"1280\" src=\"https:\/\/www.alteacultural.com\/wp-content\/uploads\/2022\/04\/100x200-rollupbanner-medium_es2_AdpatParaRedesHoriz-01-scaled.jpg\" class=\"attachment-large size-large wp-image-18827\" alt=\"\" srcset=\"https:\/\/www.alteacultural.com\/wp-content\/uploads\/2022\/04\/100x200-rollupbanner-medium_es2_AdpatParaRedesHoriz-01-scaled.jpg 2560w, https:\/\/www.alteacultural.com\/wp-content\/uploads\/2022\/04\/100x200-rollupbanner-medium_es2_AdpatParaRedesHoriz-01-768x384.jpg 768w, https:\/\/www.alteacultural.com\/wp-content\/uploads\/2022\/04\/100x200-rollupbanner-medium_es2_AdpatParaRedesHoriz-01-1536x768.jpg 1536w, https:\/\/www.alteacultural.com\/wp-content\/uploads\/2022\/04\/100x200-rollupbanner-medium_es2_AdpatParaRedesHoriz-01-2048x1024.jpg 2048w\" sizes=\"(max-width: 2560px) 100vw, 2560px\" \/>\t\t\t\t\t\t\t\t<\/a>\n\t\t\t\t\t\t\t\t\t\t\t\t\t<\/div>\n\t\t\t\t<\/div>\n\t\t\t\t\t<\/div>\n\t\t<\/div>\n\t\t\t\t\t<\/div>\n\t\t<\/section>\n\t\t\t\t<section class=\"elementor-section elementor-top-section elementor-element elementor-element-2f3f51e elementor-section-boxed elementor-section-height-default elementor-section-height-default exad-glass-effect-no exad-sticky-section-no\" data-id=\"2f3f51e\" data-element_type=\"section\">\n\t\t\t\t\t\t<div class=\"elementor-container elementor-column-gap-default\">\n\t\t\t\t\t<div class=\"elementor-column elementor-col-100 elementor-top-column elementor-element elementor-element-e3d1e47 exad-glass-effect-no exad-sticky-section-no\" data-id=\"e3d1e47\" data-element_type=\"column\">\n\t\t\t<div class=\"elementor-widget-wrap elementor-element-populated\">\n\t\t\t\t\t\t\t<\/div>\n\t\t<\/div>\n\t\t\t\t\t<\/div>\n\t\t<\/section>\n\t\t\t\t<\/div>\n\t\t","protected":false},"excerpt":{"rendered":"<p>Programa \u00b7 28\/05\/2025 \u00a1Un pacto, un viol\u00edn y el destino&#8230;! PROGRAMA \u00a0 Suite for violin, clarinet and piano &#8211; [&hellip;]<\/p>\n","protected":false},"author":1,"featured_media":0,"comment_status":"closed","ping_status":"closed","sticky":false,"template":"elementor_canvas","format":"standard","meta":{"_expiration-date-status":"","_expiration-date":1748241171,"_expiration-date-type":"draft","_expiration-date-categories":[],"_expiration-date-options":[],"footnotes":""},"yoast_head":"<!-- This site is optimized with the Yoast SEO plugin v22.8 - https:\/\/yoast.com\/wordpress\/plugins\/seo\/ -->\n<title>Programa 28-05-2025 - Altea Cultural<\/title>\n<meta name=\"robots\" content=\"index, follow, max-snippet:-1, max-image-preview:large, max-video-preview:-1\" \/>\n<link rel=\"canonical\" href=\"https:\/\/www.alteacultural.com\/es\/2025\/05\/15\/programa-28-05-2025\/\" \/>\n<meta property=\"og:locale\" content=\"es_ES\" \/>\n<meta property=\"og:type\" content=\"article\" \/>\n<meta property=\"og:title\" content=\"Programa 28-05-2025 - Altea Cultural\" \/>\n<meta property=\"og:description\" content=\"Programa \u00b7 28\/05\/2025 \u00a1Un pacto, un viol\u00edn y el destino&#8230;! PROGRAMA \u00a0 Suite for violin, clarinet and piano &#8211; [&hellip;]\" \/>\n<meta property=\"og:url\" content=\"https:\/\/www.alteacultural.com\/es\/2025\/05\/15\/programa-28-05-2025\/\" \/>\n<meta property=\"og:site_name\" content=\"Altea Cultural\" \/>\n<meta property=\"article:published_time\" content=\"2025-05-15T06:59:55+00:00\" \/>\n<meta property=\"article:modified_time\" content=\"2025-05-26T06:32:56+00:00\" \/>\n<meta property=\"og:image\" content=\"https:\/\/www.alteacultural.com\/wp-content\/uploads\/elementor\/thumbs\/valencia-pt48thfiy0n8d036da41ndkk48zbusn7jwawsx7u0c.jpg\" \/>\n<meta name=\"author\" content=\"sfaltea.com-admin\" \/>\n<meta name=\"twitter:card\" content=\"summary_large_image\" \/>\n<meta name=\"twitter:label1\" content=\"Escrito por\" \/>\n\t<meta name=\"twitter:data1\" content=\"sfaltea.com-admin\" \/>\n\t<meta name=\"twitter:label2\" content=\"Tiempo de lectura\" \/>\n\t<meta name=\"twitter:data2\" content=\"8 minutos\" \/>\n<script type=\"application\/ld+json\" class=\"yoast-schema-graph\">{\"@context\":\"https:\/\/schema.org\",\"@graph\":[{\"@type\":\"WebPage\",\"@id\":\"https:\/\/www.alteacultural.com\/es\/2025\/05\/15\/programa-28-05-2025\/\",\"url\":\"https:\/\/www.alteacultural.com\/es\/2025\/05\/15\/programa-28-05-2025\/\",\"name\":\"Programa 28-05-2025 - Altea Cultural\",\"isPartOf\":{\"@id\":\"https:\/\/www.alteacultural.com\/es\/#website\"},\"primaryImageOfPage\":{\"@id\":\"https:\/\/www.alteacultural.com\/es\/2025\/05\/15\/programa-28-05-2025\/#primaryimage\"},\"image\":{\"@id\":\"https:\/\/www.alteacultural.com\/es\/2025\/05\/15\/programa-28-05-2025\/#primaryimage\"},\"thumbnailUrl\":\"https:\/\/www.alteacultural.com\/wp-content\/uploads\/elementor\/thumbs\/valencia-pt48thfiy0n8d036da41ndkk48zbusn7jwawsx7u0c.jpg\",\"datePublished\":\"2025-05-15T06:59:55+00:00\",\"dateModified\":\"2025-05-26T06:32:56+00:00\",\"author\":{\"@id\":\"https:\/\/www.alteacultural.com\/es\/#\/schema\/person\/c4e137537f1af546d214a315255e5172\"},\"breadcrumb\":{\"@id\":\"https:\/\/www.alteacultural.com\/es\/2025\/05\/15\/programa-28-05-2025\/#breadcrumb\"},\"inLanguage\":\"es\",\"potentialAction\":[{\"@type\":\"ReadAction\",\"target\":[\"https:\/\/www.alteacultural.com\/es\/2025\/05\/15\/programa-28-05-2025\/\"]}]},{\"@type\":\"ImageObject\",\"inLanguage\":\"es\",\"@id\":\"https:\/\/www.alteacultural.com\/es\/2025\/05\/15\/programa-28-05-2025\/#primaryimage\",\"url\":\"https:\/\/www.alteacultural.com\/wp-content\/uploads\/elementor\/thumbs\/valencia-pt48thfiy0n8d036da41ndkk48zbusn7jwawsx7u0c.jpg\",\"contentUrl\":\"https:\/\/www.alteacultural.com\/wp-content\/uploads\/elementor\/thumbs\/valencia-pt48thfiy0n8d036da41ndkk48zbusn7jwawsx7u0c.jpg\"},{\"@type\":\"BreadcrumbList\",\"@id\":\"https:\/\/www.alteacultural.com\/es\/2025\/05\/15\/programa-28-05-2025\/#breadcrumb\",\"itemListElement\":[{\"@type\":\"ListItem\",\"position\":1,\"name\":\"Inici\",\"item\":\"https:\/\/www.alteacultural.com\/es\/\"},{\"@type\":\"ListItem\",\"position\":2,\"name\":\"Programa 28-05-2025\"}]},{\"@type\":\"WebSite\",\"@id\":\"https:\/\/www.alteacultural.com\/es\/#website\",\"url\":\"https:\/\/www.alteacultural.com\/es\/\",\"name\":\"Altea Cultural\",\"description\":\"Regidoria de Cultura de l&#039;Ajuntament d&#039;Altea\",\"potentialAction\":[{\"@type\":\"SearchAction\",\"target\":{\"@type\":\"EntryPoint\",\"urlTemplate\":\"https:\/\/www.alteacultural.com\/es\/?s={search_term_string}\"},\"query-input\":\"required name=search_term_string\"}],\"inLanguage\":\"es\"},{\"@type\":\"Person\",\"@id\":\"https:\/\/www.alteacultural.com\/es\/#\/schema\/person\/c4e137537f1af546d214a315255e5172\",\"name\":\"sfaltea.com-admin\",\"image\":{\"@type\":\"ImageObject\",\"inLanguage\":\"es\",\"@id\":\"https:\/\/www.alteacultural.com\/es\/#\/schema\/person\/image\/\",\"url\":\"https:\/\/secure.gravatar.com\/avatar\/f7473fa2fbd351270ccfd469de536202?s=96&d=mm&r=g\",\"contentUrl\":\"https:\/\/secure.gravatar.com\/avatar\/f7473fa2fbd351270ccfd469de536202?s=96&d=mm&r=g\",\"caption\":\"sfaltea.com-admin\"},\"url\":\"https:\/\/www.alteacultural.com\/es\/author\/sfaltea-com-admin\/\"}]}<\/script>\n<!-- \/ Yoast SEO plugin. -->","yoast_head_json":{"title":"Programa 28-05-2025 - Altea Cultural","robots":{"index":"index","follow":"follow","max-snippet":"max-snippet:-1","max-image-preview":"max-image-preview:large","max-video-preview":"max-video-preview:-1"},"canonical":"https:\/\/www.alteacultural.com\/es\/2025\/05\/15\/programa-28-05-2025\/","og_locale":"es_ES","og_type":"article","og_title":"Programa 28-05-2025 - Altea Cultural","og_description":"Programa \u00b7 28\/05\/2025 \u00a1Un pacto, un viol\u00edn y el destino&#8230;! PROGRAMA \u00a0 Suite for violin, clarinet and piano &#8211; [&hellip;]","og_url":"https:\/\/www.alteacultural.com\/es\/2025\/05\/15\/programa-28-05-2025\/","og_site_name":"Altea Cultural","article_published_time":"2025-05-15T06:59:55+00:00","article_modified_time":"2025-05-26T06:32:56+00:00","og_image":[{"url":"https:\/\/www.alteacultural.com\/wp-content\/uploads\/elementor\/thumbs\/valencia-pt48thfiy0n8d036da41ndkk48zbusn7jwawsx7u0c.jpg"}],"author":"sfaltea.com-admin","twitter_card":"summary_large_image","twitter_misc":{"Escrito por":"sfaltea.com-admin","Tiempo de lectura":"8 minutos"},"schema":{"@context":"https:\/\/schema.org","@graph":[{"@type":"WebPage","@id":"https:\/\/www.alteacultural.com\/es\/2025\/05\/15\/programa-28-05-2025\/","url":"https:\/\/www.alteacultural.com\/es\/2025\/05\/15\/programa-28-05-2025\/","name":"Programa 28-05-2025 - Altea Cultural","isPartOf":{"@id":"https:\/\/www.alteacultural.com\/es\/#website"},"primaryImageOfPage":{"@id":"https:\/\/www.alteacultural.com\/es\/2025\/05\/15\/programa-28-05-2025\/#primaryimage"},"image":{"@id":"https:\/\/www.alteacultural.com\/es\/2025\/05\/15\/programa-28-05-2025\/#primaryimage"},"thumbnailUrl":"https:\/\/www.alteacultural.com\/wp-content\/uploads\/elementor\/thumbs\/valencia-pt48thfiy0n8d036da41ndkk48zbusn7jwawsx7u0c.jpg","datePublished":"2025-05-15T06:59:55+00:00","dateModified":"2025-05-26T06:32:56+00:00","author":{"@id":"https:\/\/www.alteacultural.com\/es\/#\/schema\/person\/c4e137537f1af546d214a315255e5172"},"breadcrumb":{"@id":"https:\/\/www.alteacultural.com\/es\/2025\/05\/15\/programa-28-05-2025\/#breadcrumb"},"inLanguage":"es","potentialAction":[{"@type":"ReadAction","target":["https:\/\/www.alteacultural.com\/es\/2025\/05\/15\/programa-28-05-2025\/"]}]},{"@type":"ImageObject","inLanguage":"es","@id":"https:\/\/www.alteacultural.com\/es\/2025\/05\/15\/programa-28-05-2025\/#primaryimage","url":"https:\/\/www.alteacultural.com\/wp-content\/uploads\/elementor\/thumbs\/valencia-pt48thfiy0n8d036da41ndkk48zbusn7jwawsx7u0c.jpg","contentUrl":"https:\/\/www.alteacultural.com\/wp-content\/uploads\/elementor\/thumbs\/valencia-pt48thfiy0n8d036da41ndkk48zbusn7jwawsx7u0c.jpg"},{"@type":"BreadcrumbList","@id":"https:\/\/www.alteacultural.com\/es\/2025\/05\/15\/programa-28-05-2025\/#breadcrumb","itemListElement":[{"@type":"ListItem","position":1,"name":"Inici","item":"https:\/\/www.alteacultural.com\/es\/"},{"@type":"ListItem","position":2,"name":"Programa 28-05-2025"}]},{"@type":"WebSite","@id":"https:\/\/www.alteacultural.com\/es\/#website","url":"https:\/\/www.alteacultural.com\/es\/","name":"Altea Cultural","description":"Regidoria de Cultura de l&#039;Ajuntament d&#039;Altea","potentialAction":[{"@type":"SearchAction","target":{"@type":"EntryPoint","urlTemplate":"https:\/\/www.alteacultural.com\/es\/?s={search_term_string}"},"query-input":"required name=search_term_string"}],"inLanguage":"es"},{"@type":"Person","@id":"https:\/\/www.alteacultural.com\/es\/#\/schema\/person\/c4e137537f1af546d214a315255e5172","name":"sfaltea.com-admin","image":{"@type":"ImageObject","inLanguage":"es","@id":"https:\/\/www.alteacultural.com\/es\/#\/schema\/person\/image\/","url":"https:\/\/secure.gravatar.com\/avatar\/f7473fa2fbd351270ccfd469de536202?s=96&d=mm&r=g","contentUrl":"https:\/\/secure.gravatar.com\/avatar\/f7473fa2fbd351270ccfd469de536202?s=96&d=mm&r=g","caption":"sfaltea.com-admin"},"url":"https:\/\/www.alteacultural.com\/es\/author\/sfaltea-com-admin\/"}]}},"_links":{"self":[{"href":"https:\/\/www.alteacultural.com\/es\/wp-json\/wp\/v2\/posts\/36104"}],"collection":[{"href":"https:\/\/www.alteacultural.com\/es\/wp-json\/wp\/v2\/posts"}],"about":[{"href":"https:\/\/www.alteacultural.com\/es\/wp-json\/wp\/v2\/types\/post"}],"author":[{"embeddable":true,"href":"https:\/\/www.alteacultural.com\/es\/wp-json\/wp\/v2\/users\/1"}],"replies":[{"embeddable":true,"href":"https:\/\/www.alteacultural.com\/es\/wp-json\/wp\/v2\/comments?post=36104"}],"version-history":[{"count":33,"href":"https:\/\/www.alteacultural.com\/es\/wp-json\/wp\/v2\/posts\/36104\/revisions"}],"predecessor-version":[{"id":36438,"href":"https:\/\/www.alteacultural.com\/es\/wp-json\/wp\/v2\/posts\/36104\/revisions\/36438"}],"wp:attachment":[{"href":"https:\/\/www.alteacultural.com\/es\/wp-json\/wp\/v2\/media?parent=36104"}],"curies":[{"name":"wp","href":"https:\/\/api.w.org\/{rel}","templated":true}]}}