{"id":36324,"date":"2025-05-21T10:48:23","date_gmt":"2025-05-21T08:48:23","guid":{"rendered":"https:\/\/www.alteacultural.com\/2025\/05\/21\/el-conservatori-daltea-converteix-lactuacio-de-final-de-curs-en-una-cita-solidaria-a-favor-de-creu-roja-altea\/"},"modified":"2025-05-24T10:44:58","modified_gmt":"2025-05-24T08:44:58","slug":"el-conservatori-daltea-converteix-lactuacio-de-final-de-curs-en-una-cita-solidaria-a-favor-de-creu-roja-altea","status":"publish","type":"post","link":"https:\/\/www.alteacultural.com\/es\/2025\/05\/21\/el-conservatori-daltea-converteix-lactuacio-de-final-de-curs-en-una-cita-solidaria-a-favor-de-creu-roja-altea\/","title":{"rendered":"El Conservatorio de Altea convierte la actuaci\u00f3n de final de curso en una cita solidaria a favor de Cruz Roja Altea"},"content":{"rendered":"\n<figure class=\"wp-block-image size-full is-resized\"><img fetchpriority=\"high\" decoding=\"async\" width=\"800\" height=\"782\" src=\"https:\/\/www.alteacultural.com\/wp-content\/uploads\/2025\/05\/Rp-concert-solidari-conservatori-web.jpg\" alt=\"\" class=\"wp-image-36319\" style=\"width:840px;height:auto\" srcset=\"https:\/\/www.alteacultural.com\/wp-content\/uploads\/2025\/05\/Rp-concert-solidari-conservatori-web.jpg 800w, https:\/\/www.alteacultural.com\/wp-content\/uploads\/2025\/05\/Rp-concert-solidari-conservatori-web-768x751.jpg 768w\" sizes=\"(max-width: 800px) 100vw, 800px\" \/><\/figure>\n\n\n\n<p><strong>El concierto tendr\u00e1 lugar el viernes 23 de mayo a las 19:30h en Palau Altea<\/strong><\/p>\n\n\n\n<p>El Conservatorio Profesional de M\u00fasica de Altea ha decidido colaborar con Cruz Roja Altea convirtiendo su concierto final de curso en una cita solidaria a beneficio de la mencionada ONG. As\u00ed lo han dado a conocer la edil de Educaci\u00f3n, Xelo Gonz\u00e1lez; el subdirector del Conservatorio, Juan Tom\u00e1s Lavi\u00f3s y la coordinadora de Cruz Roja Altea, Inmaculada Mart\u00ednez.<\/p>\n\n\n\n<p>La cita es el pr\u00f3ximo viernes 23 de mayo en Palau Altea a partir de las 19:30h, aunque las puertas del auditorio se abrir\u00e1n sobre las 19:00h para que los cientos de asistentes puedan acomodarse y materializar la colaboraci\u00f3n con Cruz Roja.<\/p>\n\n\n\n<figure class=\"wp-block-image size-full\"><img decoding=\"async\" width=\"1131\" height=\"1600\" data-src=\"https:\/\/www.alteacultural.com\/wp-content\/uploads\/2025\/05\/2025-04-23-Concert-Cloenda-2024-25.jpeg\" alt=\"\" class=\"wp-image-36140 lazyload\" data-srcset=\"https:\/\/www.alteacultural.com\/wp-content\/uploads\/2025\/05\/2025-04-23-Concert-Cloenda-2024-25.jpeg 1131w, https:\/\/www.alteacultural.com\/wp-content\/uploads\/2025\/05\/2025-04-23-Concert-Cloenda-2024-25-768x1086.jpeg 768w, https:\/\/www.alteacultural.com\/wp-content\/uploads\/2025\/05\/2025-04-23-Concert-Cloenda-2024-25-1086x1536.jpeg 1086w\" data-sizes=\"(max-width: 1131px) 100vw, 1131px\" src=\"data:image\/gif;base64,R0lGODlhAQABAAAAACH5BAEKAAEALAAAAAABAAEAAAICTAEAOw==\" style=\"--smush-placeholder-width: 1131px; --smush-placeholder-aspect-ratio: 1131\/1600;\" \/><\/figure>\n\n\n\n<p>En palabras de la edil de Educaci\u00f3n, \u201cse trata de un concierto que siempre es especial porque hay alumnos y alumnas que terminan su formaci\u00f3n en este ciclo reglado de m\u00fasica profesional y se grad\u00faan en un acto simb\u00f3lico, pero tambi\u00e9n en esta ocasi\u00f3n hemos querido dar un paso adelante y convertir el concierto en una cita solidaria a beneficio de Cruz Roja, en el que no se pagar\u00e1 entrada pero si voluntariamente se podr\u00e1 hacer un donativo\u201d.<\/p>\n\n\n\n<p>Ha sido el subdirector del Conservatorio de Altea, Juan Tom\u00e1s Lavi\u00f3s quien, en nombre del centro, ha comentado que \u201cpara nosotros es un placer hacer este concierto de clausura y dedicarlo a la solidaridad, tan necesaria en estos d\u00edas que corren\u201d. \u201cEs un concierto tambi\u00e9n especial para el Conservatorio dado que algunas personas finalizan su etapa de estudios que ha durado 10 a\u00f1os\u201d, ha a\u00f1adido Lavi\u00f3s. El subdirector del Centro ha desvelado que son 14 adolescentes los que acaban sus estudios a quienes ha dado la enhorabuena.<\/p>\n\n\n\n<p>Casi ser\u00e1 la totalidad del alumnado la que participar\u00e1 en el concierto a trav\u00e9s de las diferentes agrupaciones como la orquesta de cuerda, las dos bandas y el coro de Elemental. En total, cerca de 250 ni\u00f1os y ni\u00f1as encima del escenario de Palau Altea.<\/p>\n\n\n\n<p>Juan Tom\u00e1s Lavi\u00f3s ha acabado su intervenci\u00f3n invitando a la ciudadan\u00eda a disfrutar de la m\u00fasica de este concierto con componentes solidarios.<\/p>\n\n\n\n<p>Y finalmente, la coordinadora de Cruz Roja Altea, Inmaculada Mart\u00ednez, ha agradecido al Conservatorio y a las concejal\u00edas de Educaci\u00f3n y Cultura la iniciativa de ofrecer el concierto a beneficio de Cruz Roja Altea.<\/p>\n\n\n\n<p>Mart\u00ednez ha explicado que \u201clos fondos que se obtengan ir\u00e1n destinados a los proyectos de Infancia, para sufragar los gastos de las clases de repaso escolar; para la compra de material escolar; meriendas saludables y tambi\u00e9n a los proyectos de soledad no deseada de las personas mayores\u201d.<\/p>\n\n\n\n<p>\u201cLa manera de colaborar con Cruz Roja ser\u00e1, b\u00e1sicamente, a trav\u00e9s de la compra de los boletos del Sorteo del Oro, del 23 de julio. A la entrada y la salida nuestros voluntarios estar\u00e1n ofreciendo boletos, es algo voluntario y el beneficio ir\u00e1n a los proyectos comentados y quien no quiera comprar boletos, tambi\u00e9n estaremos con huchas por si quieren hacer cualquier otro tipo de donativo\u201d; ha pormenorizado Inmaculada Mart\u00ednez, representante de Cruz Roja Altea, quien a acabado su intervenci\u00f3n anunciando que durante ese misma jornada se podr\u00e1 disfrutar de una exposici\u00f3n de sensibilizaci\u00f3n sobre el cambio clim\u00e1tico. \u201cEs una exposici\u00f3n de 21 fotograf\u00edas que estar\u00e1n en Palau ese d\u00eda y que creemos que es una buena ocasi\u00f3n para mostrarla\u201d.<\/p>\n\n\n\n<figure class=\"wp-block-image size-full\"><img decoding=\"async\" width=\"800\" height=\"1132\" data-src=\"https:\/\/www.alteacultural.com\/wp-content\/uploads\/2025\/05\/cartell-sorteig-dOr-Creu-Roja.jpg\" alt=\"\" class=\"wp-image-36321 lazyload\" data-srcset=\"https:\/\/www.alteacultural.com\/wp-content\/uploads\/2025\/05\/cartell-sorteig-dOr-Creu-Roja.jpg 800w, https:\/\/www.alteacultural.com\/wp-content\/uploads\/2025\/05\/cartell-sorteig-dOr-Creu-Roja-768x1087.jpg 768w\" data-sizes=\"(max-width: 800px) 100vw, 800px\" src=\"data:image\/gif;base64,R0lGODlhAQABAAAAACH5BAEKAAEALAAAAAABAAEAAAICTAEAOw==\" style=\"--smush-placeholder-width: 800px; --smush-placeholder-aspect-ratio: 800\/1132;\" \/><\/figure>\n\n\n\n<p>| ALTEADIGITAL.ES<\/p>\n","protected":false},"excerpt":{"rendered":"<p>El concierto tendr\u00e1 lugar el viernes 23 de mayo a las 19:30h en Palau Altea El Conservatorio Profesional de [&hellip;]<\/p>\n","protected":false},"author":1,"featured_media":36143,"comment_status":"open","ping_status":"open","sticky":false,"template":"","format":"standard","meta":{"_expiration-date-status":"","_expiration-date":0,"_expiration-date-type":"","_expiration-date-categories":[],"_expiration-date-options":[],"footnotes":""},"yoast_head":"<!-- This site is optimized with the Yoast SEO plugin v22.8 - https:\/\/yoast.com\/wordpress\/plugins\/seo\/ -->\n<title>El Conservatorio de Altea convierte la actuaci\u00f3n de final de curso en una cita solidaria a favor de Cruz Roja Altea - Altea Cultural<\/title>\n<meta name=\"robots\" content=\"index, follow, max-snippet:-1, max-image-preview:large, max-video-preview:-1\" \/>\n<link rel=\"canonical\" href=\"https:\/\/www.alteacultural.com\/es\/2025\/05\/21\/el-conservatori-daltea-converteix-lactuacio-de-final-de-curs-en-una-cita-solidaria-a-favor-de-creu-roja-altea\/\" \/>\n<meta property=\"og:locale\" content=\"es_ES\" \/>\n<meta property=\"og:type\" content=\"article\" \/>\n<meta property=\"og:title\" content=\"El Conservatorio de Altea convierte la actuaci\u00f3n de final de curso en una cita solidaria a favor de Cruz Roja Altea - Altea Cultural\" \/>\n<meta property=\"og:description\" content=\"El concierto tendr\u00e1 lugar el viernes 23 de mayo a las 19:30h en Palau Altea El Conservatorio Profesional de [&hellip;]\" \/>\n<meta property=\"og:url\" content=\"https:\/\/www.alteacultural.com\/es\/2025\/05\/21\/el-conservatori-daltea-converteix-lactuacio-de-final-de-curs-en-una-cita-solidaria-a-favor-de-creu-roja-altea\/\" \/>\n<meta property=\"og:site_name\" content=\"Altea Cultural\" \/>\n<meta property=\"article:published_time\" content=\"2025-05-21T08:48:23+00:00\" \/>\n<meta property=\"article:modified_time\" content=\"2025-05-24T08:44:58+00:00\" \/>\n<meta property=\"og:image\" content=\"https:\/\/www.alteacultural.com\/wp-content\/uploads\/2025\/05\/2025-05-23_ConcertCloenda.jpg\" \/>\n\t<meta property=\"og:image:width\" content=\"1128\" \/>\n\t<meta property=\"og:image:height\" content=\"470\" \/>\n\t<meta property=\"og:image:type\" content=\"image\/jpeg\" \/>\n<meta name=\"author\" content=\"sfaltea.com-admin\" \/>\n<meta name=\"twitter:card\" content=\"summary_large_image\" \/>\n<meta name=\"twitter:label1\" content=\"Escrito por\" \/>\n\t<meta name=\"twitter:data1\" content=\"sfaltea.com-admin\" \/>\n\t<meta name=\"twitter:label2\" content=\"Tiempo de lectura\" \/>\n\t<meta name=\"twitter:data2\" content=\"4 minutos\" \/>\n<script type=\"application\/ld+json\" class=\"yoast-schema-graph\">{\"@context\":\"https:\/\/schema.org\",\"@graph\":[{\"@type\":\"WebPage\",\"@id\":\"https:\/\/www.alteacultural.com\/es\/2025\/05\/21\/el-conservatori-daltea-converteix-lactuacio-de-final-de-curs-en-una-cita-solidaria-a-favor-de-creu-roja-altea\/\",\"url\":\"https:\/\/www.alteacultural.com\/es\/2025\/05\/21\/el-conservatori-daltea-converteix-lactuacio-de-final-de-curs-en-una-cita-solidaria-a-favor-de-creu-roja-altea\/\",\"name\":\"El Conservatorio de Altea convierte la actuaci\u00f3n de final de curso en una cita solidaria a favor de Cruz Roja Altea - Altea Cultural\",\"isPartOf\":{\"@id\":\"https:\/\/www.alteacultural.com\/es\/#website\"},\"primaryImageOfPage\":{\"@id\":\"https:\/\/www.alteacultural.com\/es\/2025\/05\/21\/el-conservatori-daltea-converteix-lactuacio-de-final-de-curs-en-una-cita-solidaria-a-favor-de-creu-roja-altea\/#primaryimage\"},\"image\":{\"@id\":\"https:\/\/www.alteacultural.com\/es\/2025\/05\/21\/el-conservatori-daltea-converteix-lactuacio-de-final-de-curs-en-una-cita-solidaria-a-favor-de-creu-roja-altea\/#primaryimage\"},\"thumbnailUrl\":\"https:\/\/www.alteacultural.com\/wp-content\/uploads\/2025\/05\/2025-05-23_ConcertCloenda.jpg\",\"datePublished\":\"2025-05-21T08:48:23+00:00\",\"dateModified\":\"2025-05-24T08:44:58+00:00\",\"author\":{\"@id\":\"https:\/\/www.alteacultural.com\/es\/#\/schema\/person\/c4e137537f1af546d214a315255e5172\"},\"breadcrumb\":{\"@id\":\"https:\/\/www.alteacultural.com\/es\/2025\/05\/21\/el-conservatori-daltea-converteix-lactuacio-de-final-de-curs-en-una-cita-solidaria-a-favor-de-creu-roja-altea\/#breadcrumb\"},\"inLanguage\":\"es\",\"potentialAction\":[{\"@type\":\"ReadAction\",\"target\":[\"https:\/\/www.alteacultural.com\/es\/2025\/05\/21\/el-conservatori-daltea-converteix-lactuacio-de-final-de-curs-en-una-cita-solidaria-a-favor-de-creu-roja-altea\/\"]}]},{\"@type\":\"ImageObject\",\"inLanguage\":\"es\",\"@id\":\"https:\/\/www.alteacultural.com\/es\/2025\/05\/21\/el-conservatori-daltea-converteix-lactuacio-de-final-de-curs-en-una-cita-solidaria-a-favor-de-creu-roja-altea\/#primaryimage\",\"url\":\"https:\/\/www.alteacultural.com\/wp-content\/uploads\/2025\/05\/2025-05-23_ConcertCloenda.jpg\",\"contentUrl\":\"https:\/\/www.alteacultural.com\/wp-content\/uploads\/2025\/05\/2025-05-23_ConcertCloenda.jpg\",\"width\":1128,\"height\":470},{\"@type\":\"BreadcrumbList\",\"@id\":\"https:\/\/www.alteacultural.com\/es\/2025\/05\/21\/el-conservatori-daltea-converteix-lactuacio-de-final-de-curs-en-una-cita-solidaria-a-favor-de-creu-roja-altea\/#breadcrumb\",\"itemListElement\":[{\"@type\":\"ListItem\",\"position\":1,\"name\":\"Inici\",\"item\":\"https:\/\/www.alteacultural.com\/es\/\"},{\"@type\":\"ListItem\",\"position\":2,\"name\":\"El Conservatorio de Altea convierte la actuaci\u00f3n de final de curso en una cita solidaria a favor de Cruz Roja Altea\"}]},{\"@type\":\"WebSite\",\"@id\":\"https:\/\/www.alteacultural.com\/es\/#website\",\"url\":\"https:\/\/www.alteacultural.com\/es\/\",\"name\":\"Altea Cultural\",\"description\":\"Regidoria de Cultura de l&#039;Ajuntament d&#039;Altea\",\"potentialAction\":[{\"@type\":\"SearchAction\",\"target\":{\"@type\":\"EntryPoint\",\"urlTemplate\":\"https:\/\/www.alteacultural.com\/es\/?s={search_term_string}\"},\"query-input\":\"required name=search_term_string\"}],\"inLanguage\":\"es\"},{\"@type\":\"Person\",\"@id\":\"https:\/\/www.alteacultural.com\/es\/#\/schema\/person\/c4e137537f1af546d214a315255e5172\",\"name\":\"sfaltea.com-admin\",\"image\":{\"@type\":\"ImageObject\",\"inLanguage\":\"es\",\"@id\":\"https:\/\/www.alteacultural.com\/es\/#\/schema\/person\/image\/\",\"url\":\"https:\/\/secure.gravatar.com\/avatar\/f7473fa2fbd351270ccfd469de536202?s=96&d=mm&r=g\",\"contentUrl\":\"https:\/\/secure.gravatar.com\/avatar\/f7473fa2fbd351270ccfd469de536202?s=96&d=mm&r=g\",\"caption\":\"sfaltea.com-admin\"},\"url\":\"https:\/\/www.alteacultural.com\/es\/author\/sfaltea-com-admin\/\"}]}<\/script>\n<!-- \/ Yoast SEO plugin. -->","yoast_head_json":{"title":"El Conservatorio de Altea convierte la actuaci\u00f3n de final de curso en una cita solidaria a favor de Cruz Roja Altea - Altea Cultural","robots":{"index":"index","follow":"follow","max-snippet":"max-snippet:-1","max-image-preview":"max-image-preview:large","max-video-preview":"max-video-preview:-1"},"canonical":"https:\/\/www.alteacultural.com\/es\/2025\/05\/21\/el-conservatori-daltea-converteix-lactuacio-de-final-de-curs-en-una-cita-solidaria-a-favor-de-creu-roja-altea\/","og_locale":"es_ES","og_type":"article","og_title":"El Conservatorio de Altea convierte la actuaci\u00f3n de final de curso en una cita solidaria a favor de Cruz Roja Altea - Altea Cultural","og_description":"El concierto tendr\u00e1 lugar el viernes 23 de mayo a las 19:30h en Palau Altea El Conservatorio Profesional de [&hellip;]","og_url":"https:\/\/www.alteacultural.com\/es\/2025\/05\/21\/el-conservatori-daltea-converteix-lactuacio-de-final-de-curs-en-una-cita-solidaria-a-favor-de-creu-roja-altea\/","og_site_name":"Altea Cultural","article_published_time":"2025-05-21T08:48:23+00:00","article_modified_time":"2025-05-24T08:44:58+00:00","og_image":[{"width":1128,"height":470,"url":"https:\/\/www.alteacultural.com\/wp-content\/uploads\/2025\/05\/2025-05-23_ConcertCloenda.jpg","type":"image\/jpeg"}],"author":"sfaltea.com-admin","twitter_card":"summary_large_image","twitter_misc":{"Escrito por":"sfaltea.com-admin","Tiempo de lectura":"4 minutos"},"schema":{"@context":"https:\/\/schema.org","@graph":[{"@type":"WebPage","@id":"https:\/\/www.alteacultural.com\/es\/2025\/05\/21\/el-conservatori-daltea-converteix-lactuacio-de-final-de-curs-en-una-cita-solidaria-a-favor-de-creu-roja-altea\/","url":"https:\/\/www.alteacultural.com\/es\/2025\/05\/21\/el-conservatori-daltea-converteix-lactuacio-de-final-de-curs-en-una-cita-solidaria-a-favor-de-creu-roja-altea\/","name":"El Conservatorio de Altea convierte la actuaci\u00f3n de final de curso en una cita solidaria a favor de Cruz Roja Altea - Altea Cultural","isPartOf":{"@id":"https:\/\/www.alteacultural.com\/es\/#website"},"primaryImageOfPage":{"@id":"https:\/\/www.alteacultural.com\/es\/2025\/05\/21\/el-conservatori-daltea-converteix-lactuacio-de-final-de-curs-en-una-cita-solidaria-a-favor-de-creu-roja-altea\/#primaryimage"},"image":{"@id":"https:\/\/www.alteacultural.com\/es\/2025\/05\/21\/el-conservatori-daltea-converteix-lactuacio-de-final-de-curs-en-una-cita-solidaria-a-favor-de-creu-roja-altea\/#primaryimage"},"thumbnailUrl":"https:\/\/www.alteacultural.com\/wp-content\/uploads\/2025\/05\/2025-05-23_ConcertCloenda.jpg","datePublished":"2025-05-21T08:48:23+00:00","dateModified":"2025-05-24T08:44:58+00:00","author":{"@id":"https:\/\/www.alteacultural.com\/es\/#\/schema\/person\/c4e137537f1af546d214a315255e5172"},"breadcrumb":{"@id":"https:\/\/www.alteacultural.com\/es\/2025\/05\/21\/el-conservatori-daltea-converteix-lactuacio-de-final-de-curs-en-una-cita-solidaria-a-favor-de-creu-roja-altea\/#breadcrumb"},"inLanguage":"es","potentialAction":[{"@type":"ReadAction","target":["https:\/\/www.alteacultural.com\/es\/2025\/05\/21\/el-conservatori-daltea-converteix-lactuacio-de-final-de-curs-en-una-cita-solidaria-a-favor-de-creu-roja-altea\/"]}]},{"@type":"ImageObject","inLanguage":"es","@id":"https:\/\/www.alteacultural.com\/es\/2025\/05\/21\/el-conservatori-daltea-converteix-lactuacio-de-final-de-curs-en-una-cita-solidaria-a-favor-de-creu-roja-altea\/#primaryimage","url":"https:\/\/www.alteacultural.com\/wp-content\/uploads\/2025\/05\/2025-05-23_ConcertCloenda.jpg","contentUrl":"https:\/\/www.alteacultural.com\/wp-content\/uploads\/2025\/05\/2025-05-23_ConcertCloenda.jpg","width":1128,"height":470},{"@type":"BreadcrumbList","@id":"https:\/\/www.alteacultural.com\/es\/2025\/05\/21\/el-conservatori-daltea-converteix-lactuacio-de-final-de-curs-en-una-cita-solidaria-a-favor-de-creu-roja-altea\/#breadcrumb","itemListElement":[{"@type":"ListItem","position":1,"name":"Inici","item":"https:\/\/www.alteacultural.com\/es\/"},{"@type":"ListItem","position":2,"name":"El Conservatorio de Altea convierte la actuaci\u00f3n de final de curso en una cita solidaria a favor de Cruz Roja Altea"}]},{"@type":"WebSite","@id":"https:\/\/www.alteacultural.com\/es\/#website","url":"https:\/\/www.alteacultural.com\/es\/","name":"Altea Cultural","description":"Regidoria de Cultura de l&#039;Ajuntament d&#039;Altea","potentialAction":[{"@type":"SearchAction","target":{"@type":"EntryPoint","urlTemplate":"https:\/\/www.alteacultural.com\/es\/?s={search_term_string}"},"query-input":"required name=search_term_string"}],"inLanguage":"es"},{"@type":"Person","@id":"https:\/\/www.alteacultural.com\/es\/#\/schema\/person\/c4e137537f1af546d214a315255e5172","name":"sfaltea.com-admin","image":{"@type":"ImageObject","inLanguage":"es","@id":"https:\/\/www.alteacultural.com\/es\/#\/schema\/person\/image\/","url":"https:\/\/secure.gravatar.com\/avatar\/f7473fa2fbd351270ccfd469de536202?s=96&d=mm&r=g","contentUrl":"https:\/\/secure.gravatar.com\/avatar\/f7473fa2fbd351270ccfd469de536202?s=96&d=mm&r=g","caption":"sfaltea.com-admin"},"url":"https:\/\/www.alteacultural.com\/es\/author\/sfaltea-com-admin\/"}]}},"_links":{"self":[{"href":"https:\/\/www.alteacultural.com\/es\/wp-json\/wp\/v2\/posts\/36324"}],"collection":[{"href":"https:\/\/www.alteacultural.com\/es\/wp-json\/wp\/v2\/posts"}],"about":[{"href":"https:\/\/www.alteacultural.com\/es\/wp-json\/wp\/v2\/types\/post"}],"author":[{"embeddable":true,"href":"https:\/\/www.alteacultural.com\/es\/wp-json\/wp\/v2\/users\/1"}],"replies":[{"embeddable":true,"href":"https:\/\/www.alteacultural.com\/es\/wp-json\/wp\/v2\/comments?post=36324"}],"version-history":[{"count":1,"href":"https:\/\/www.alteacultural.com\/es\/wp-json\/wp\/v2\/posts\/36324\/revisions"}],"predecessor-version":[{"id":36326,"href":"https:\/\/www.alteacultural.com\/es\/wp-json\/wp\/v2\/posts\/36324\/revisions\/36326"}],"wp:featuredmedia":[{"embeddable":true,"href":"https:\/\/www.alteacultural.com\/es\/wp-json\/wp\/v2\/media\/36143"}],"wp:attachment":[{"href":"https:\/\/www.alteacultural.com\/es\/wp-json\/wp\/v2\/media?parent=36324"}],"curies":[{"name":"wp","href":"https:\/\/api.w.org\/{rel}","templated":true}]}}