{"id":36700,"date":"2025-06-17T08:11:07","date_gmt":"2025-06-17T06:11:07","guid":{"rendered":"https:\/\/www.alteacultural.com\/2025\/06\/17\/cultura-presenta-el-nou-cicle-de-musica-arrels-daltea\/"},"modified":"2025-07-29T20:49:21","modified_gmt":"2025-07-29T18:49:21","slug":"cultura-presenta-el-nou-cicle-de-musica-arrels-daltea","status":"publish","type":"post","link":"https:\/\/www.alteacultural.com\/es\/2025\/06\/17\/cultura-presenta-el-nou-cicle-de-musica-arrels-daltea\/","title":{"rendered":"Cultura presenta el nuevo ciclo de m\u00fasica \u201cArrels d\u2019Altea\u201d"},"content":{"rendered":"\n<figure class=\"wp-block-image size-full\"><img fetchpriority=\"high\" decoding=\"async\" width=\"1028\" height=\"815\" src=\"https:\/\/www.alteacultural.com\/wp-content\/uploads\/2025\/06\/RP-Arrels-web.jpg\" alt=\"\" class=\"wp-image-36647\" srcset=\"https:\/\/www.alteacultural.com\/wp-content\/uploads\/2025\/06\/RP-Arrels-web.jpg 1028w, https:\/\/www.alteacultural.com\/wp-content\/uploads\/2025\/06\/RP-Arrels-web-768x609.jpg 768w\" sizes=\"(max-width: 1028px) 100vw, 1028px\" \/><\/figure>\n\n\n\n<p>Los dos conciertos previstos, para el 14 y 21 de junio, correr\u00e1n a cargo de las agrupaciones locales \u201cToix\u201d y \u201cXocolater\u201d.<\/p>\n\n\n\n<p>La concejala de Cultura, Pepa V. P\u00e9rez, acompa\u00f1ada por Batiste \u201cEl Xocolater\u201d y Rifi Llorca, integrantes de las agrupaciones musicales que van a participar en la 1\u00aa edici\u00f3n de \u201cArrels d\u2019Altea\u201d, ha presentado el nuevo proyectos que tendr\u00e1 lugar en la Pla\u00e7a de l\u2019Aigua los s\u00e1bados 14 y 21 del presente mes de junio a las 20:00 horas.<\/p>\n\n\n\n<p>Como ha explicado la responsable municipal de Cultura \u201cvamos a presentar un nuevo ciclo de m\u00fasica llamado Arrels d\u2019Altea, que tendr\u00e1 lugar las dos pr\u00f3ximas semanas. Es una propuesta en la que llevamos pensando desde hace bastante tiempo y que fuera una propuesta musical, pero que no s\u00f3lo consistiera en traer la m\u00fasica de la gente de nuestro municipio, sino que tambi\u00e9n diese a conocer la m\u00fasica de nuestros or\u00edgenes, la m\u00fasica en nuestra lengua, de nuestra gente y que mejor que empezar este ciclo con los conciertos del grupo \u201cToix\u201d y del \u201cXocolater\u201d y su agrupaci\u00f3n\u201d.<\/p>\n\n\n\n<p>Seg\u00fan los detalles ofrecidos por la concejala, la entrada tiene un precio de 5\u20ac y se podr\u00e1 adquirir en <a href=\"https:\/\/www.alteacultural.com\/es\/events\/toix-arrels-daltea\/\">https:\/\/www.alteacultural.com\/es\/events\/toix-arrels-daltea\/<\/a> y en la taquilla antes de cada uno de los conciertos.<\/p>\n\n\n\n<p>Como representante de la agrupaci\u00f3n \u201cToix\u201d, creadora y compositora de sus propias canciones, Rifi Llorca ha desvelado que ya disponen de m\u00e1s de 30 canciones. \u201cTocaremos un disco recientemente editado, m\u00e1s algunas canciones m\u00e1s. Nuestro Estilo es Country y Pop-Rock y estamos influenciados por la m\u00fasica de Pere La Guarda, Remigi Palmero y Julio Bustamante. Creo que somos los \u00fanicos que versionamos a Pere la Guarda y tenemos canciones in\u00e9ditas de \u00e9l\u201d.<\/p>\n\n\n\n<p>\u201cToix\u201d est\u00e1 formado por Juli\u00e1n Rivero al bajo; Rifi Llorca, bater\u00eda; Jos\u00e9 Lavi\u00f3s, guitarra solista; Jes\u00fas Palomino, guitarra r\u00edtmica y Ram\u00f3n Rubio, cantante.<\/p>\n\n\n\n<p>En nombre suyo y como representante de su grupo de m\u00fasicos y acompa\u00f1antes, Batiste \u201cEl Xocolater\u201d ha suscrito las palabras de la edil en cuanto al nacimiento de la propuesta y ha se\u00f1alado que \u201cquer\u00edamos hacer algo por nuestra lengua y nuestros or\u00edgenes, que en estos momentos no est\u00e1n muy apoyados y esto nos ha abocado a hacer un concierto con m\u00fasica de autores y de gente de nuestro pueblo, ya que en pr\u00e1cticamente todas las casas hay un m\u00fasico y gente con muchas iniciativas\u201d.<\/p>\n\n\n\n<p>De la m\u00fasica en general, \u201cEl Xocolater\u201d ha querido resaltar \u201cel buen ambiente que genera la m\u00fasica de paz, de tranquilidad, de alegr\u00eda y es buena para el cuerpo y para la mente\u201d.<\/p>\n\n\n\n<p>\u201cCon estas premisas nos pusimos en marcha y Rifi y yo, que compartimos dos m\u00fasicos, y somos como una cooperativa que componemos nuestras letras y m\u00fasica de diferentes estilos, hacemos m\u00fasica para escuchar y que luego la gente decida donde ubicarla\u201d. Ha declarado Batiste \u201cEl Xocolater\u201d, quien ha invitado a la participaci\u00f3n de la gente.<\/p>\n\n\n\n<p>Los m\u00fasicos que acompa\u00f1an al \u201cXocolater\u201d son Maricruz S\u00e1nchez, flauta; Jose Miguel Lavi\u00f3s, guitarra; Juan Aguilera, percusi\u00f3n, Juli\u00e1n Rivero, bajo y el propio \u201cXocolater\u201d a la voz.<\/p>\n\n\n\n<figure class=\"wp-block-image size-full\"><img decoding=\"async\" width=\"1754\" height=\"2480\" data-src=\"https:\/\/www.alteacultural.com\/wp-content\/uploads\/2025\/06\/2025-06-21-Festival_Arrels_Toix_Xoco_cartel-01.jpg\" alt=\"\" class=\"wp-image-36529 lazyload\" data-srcset=\"https:\/\/www.alteacultural.com\/wp-content\/uploads\/2025\/06\/2025-06-21-Festival_Arrels_Toix_Xoco_cartel-01.jpg 1754w, https:\/\/www.alteacultural.com\/wp-content\/uploads\/2025\/06\/2025-06-21-Festival_Arrels_Toix_Xoco_cartel-01-768x1086.jpg 768w, https:\/\/www.alteacultural.com\/wp-content\/uploads\/2025\/06\/2025-06-21-Festival_Arrels_Toix_Xoco_cartel-01-1086x1536.jpg 1086w, https:\/\/www.alteacultural.com\/wp-content\/uploads\/2025\/06\/2025-06-21-Festival_Arrels_Toix_Xoco_cartel-01-1448x2048.jpg 1448w\" data-sizes=\"(max-width: 1754px) 100vw, 1754px\" src=\"data:image\/gif;base64,R0lGODlhAQABAAAAACH5BAEKAAEALAAAAAABAAEAAAICTAEAOw==\" style=\"--smush-placeholder-width: 1754px; --smush-placeholder-aspect-ratio: 1754\/2480;\" \/><\/figure>\n\n\n\n<p>| ALTEADIGITAL.ES<\/p>\n","protected":false},"excerpt":{"rendered":"<p>Los dos conciertos previstos, para el 14 y 21 de junio, correr\u00e1n a cargo de las agrupaciones locales \u201cToix\u201d [&hellip;]<\/p>\n","protected":false},"author":1,"featured_media":36648,"comment_status":"open","ping_status":"open","sticky":false,"template":"","format":"standard","meta":{"_expiration-date-status":"","_expiration-date":0,"_expiration-date-type":"","_expiration-date-categories":[],"_expiration-date-options":[],"footnotes":""},"yoast_head":"<!-- This site is optimized with the Yoast SEO plugin v22.8 - https:\/\/yoast.com\/wordpress\/plugins\/seo\/ -->\n<title>Cultura presenta el nuevo ciclo de m\u00fasica \u201cArrels d\u2019Altea\u201d - Altea Cultural<\/title>\n<meta name=\"robots\" content=\"index, follow, max-snippet:-1, max-image-preview:large, max-video-preview:-1\" \/>\n<link rel=\"canonical\" href=\"https:\/\/www.alteacultural.com\/es\/2025\/06\/17\/cultura-presenta-el-nou-cicle-de-musica-arrels-daltea\/\" \/>\n<meta property=\"og:locale\" content=\"es_ES\" \/>\n<meta property=\"og:type\" content=\"article\" \/>\n<meta property=\"og:title\" content=\"Cultura presenta el nuevo ciclo de m\u00fasica \u201cArrels d\u2019Altea\u201d - Altea Cultural\" \/>\n<meta property=\"og:description\" content=\"Los dos conciertos previstos, para el 14 y 21 de junio, correr\u00e1n a cargo de las agrupaciones locales \u201cToix\u201d [&hellip;]\" \/>\n<meta property=\"og:url\" content=\"https:\/\/www.alteacultural.com\/es\/2025\/06\/17\/cultura-presenta-el-nou-cicle-de-musica-arrels-daltea\/\" \/>\n<meta property=\"og:site_name\" content=\"Altea Cultural\" \/>\n<meta property=\"article:published_time\" content=\"2025-06-17T06:11:07+00:00\" \/>\n<meta property=\"article:modified_time\" content=\"2025-07-29T18:49:21+00:00\" \/>\n<meta property=\"og:image\" content=\"https:\/\/www.alteacultural.com\/wp-content\/uploads\/2025\/06\/RP-Arrels-web.jpg\" \/>\n\t<meta property=\"og:image:width\" content=\"1028\" \/>\n\t<meta property=\"og:image:height\" content=\"815\" \/>\n\t<meta property=\"og:image:type\" content=\"image\/jpeg\" \/>\n<meta name=\"author\" content=\"sfaltea.com-admin\" \/>\n<meta name=\"twitter:card\" content=\"summary_large_image\" \/>\n<meta name=\"twitter:label1\" content=\"Escrito por\" \/>\n\t<meta name=\"twitter:data1\" content=\"sfaltea.com-admin\" \/>\n\t<meta name=\"twitter:label2\" content=\"Tiempo de lectura\" \/>\n\t<meta name=\"twitter:data2\" content=\"4 minutos\" \/>\n<script type=\"application\/ld+json\" class=\"yoast-schema-graph\">{\"@context\":\"https:\/\/schema.org\",\"@graph\":[{\"@type\":\"WebPage\",\"@id\":\"https:\/\/www.alteacultural.com\/es\/2025\/06\/17\/cultura-presenta-el-nou-cicle-de-musica-arrels-daltea\/\",\"url\":\"https:\/\/www.alteacultural.com\/es\/2025\/06\/17\/cultura-presenta-el-nou-cicle-de-musica-arrels-daltea\/\",\"name\":\"Cultura presenta el nuevo ciclo de m\u00fasica \u201cArrels d\u2019Altea\u201d - Altea Cultural\",\"isPartOf\":{\"@id\":\"https:\/\/www.alteacultural.com\/es\/#website\"},\"primaryImageOfPage\":{\"@id\":\"https:\/\/www.alteacultural.com\/es\/2025\/06\/17\/cultura-presenta-el-nou-cicle-de-musica-arrels-daltea\/#primaryimage\"},\"image\":{\"@id\":\"https:\/\/www.alteacultural.com\/es\/2025\/06\/17\/cultura-presenta-el-nou-cicle-de-musica-arrels-daltea\/#primaryimage\"},\"thumbnailUrl\":\"https:\/\/www.alteacultural.com\/wp-content\/uploads\/2025\/06\/RP-Arrels-web.jpg\",\"datePublished\":\"2025-06-17T06:11:07+00:00\",\"dateModified\":\"2025-07-29T18:49:21+00:00\",\"author\":{\"@id\":\"https:\/\/www.alteacultural.com\/es\/#\/schema\/person\/c4e137537f1af546d214a315255e5172\"},\"breadcrumb\":{\"@id\":\"https:\/\/www.alteacultural.com\/es\/2025\/06\/17\/cultura-presenta-el-nou-cicle-de-musica-arrels-daltea\/#breadcrumb\"},\"inLanguage\":\"es\",\"potentialAction\":[{\"@type\":\"ReadAction\",\"target\":[\"https:\/\/www.alteacultural.com\/es\/2025\/06\/17\/cultura-presenta-el-nou-cicle-de-musica-arrels-daltea\/\"]}]},{\"@type\":\"ImageObject\",\"inLanguage\":\"es\",\"@id\":\"https:\/\/www.alteacultural.com\/es\/2025\/06\/17\/cultura-presenta-el-nou-cicle-de-musica-arrels-daltea\/#primaryimage\",\"url\":\"https:\/\/www.alteacultural.com\/wp-content\/uploads\/2025\/06\/RP-Arrels-web.jpg\",\"contentUrl\":\"https:\/\/www.alteacultural.com\/wp-content\/uploads\/2025\/06\/RP-Arrels-web.jpg\",\"width\":1028,\"height\":815},{\"@type\":\"BreadcrumbList\",\"@id\":\"https:\/\/www.alteacultural.com\/es\/2025\/06\/17\/cultura-presenta-el-nou-cicle-de-musica-arrels-daltea\/#breadcrumb\",\"itemListElement\":[{\"@type\":\"ListItem\",\"position\":1,\"name\":\"Inici\",\"item\":\"https:\/\/www.alteacultural.com\/es\/\"},{\"@type\":\"ListItem\",\"position\":2,\"name\":\"Cultura presenta el nuevo ciclo de m\u00fasica \u201cArrels d\u2019Altea\u201d\"}]},{\"@type\":\"WebSite\",\"@id\":\"https:\/\/www.alteacultural.com\/es\/#website\",\"url\":\"https:\/\/www.alteacultural.com\/es\/\",\"name\":\"Altea Cultural\",\"description\":\"Regidoria de Cultura de l&#039;Ajuntament d&#039;Altea\",\"potentialAction\":[{\"@type\":\"SearchAction\",\"target\":{\"@type\":\"EntryPoint\",\"urlTemplate\":\"https:\/\/www.alteacultural.com\/es\/?s={search_term_string}\"},\"query-input\":\"required name=search_term_string\"}],\"inLanguage\":\"es\"},{\"@type\":\"Person\",\"@id\":\"https:\/\/www.alteacultural.com\/es\/#\/schema\/person\/c4e137537f1af546d214a315255e5172\",\"name\":\"sfaltea.com-admin\",\"image\":{\"@type\":\"ImageObject\",\"inLanguage\":\"es\",\"@id\":\"https:\/\/www.alteacultural.com\/es\/#\/schema\/person\/image\/\",\"url\":\"https:\/\/secure.gravatar.com\/avatar\/f7473fa2fbd351270ccfd469de536202?s=96&d=mm&r=g\",\"contentUrl\":\"https:\/\/secure.gravatar.com\/avatar\/f7473fa2fbd351270ccfd469de536202?s=96&d=mm&r=g\",\"caption\":\"sfaltea.com-admin\"},\"url\":\"https:\/\/www.alteacultural.com\/es\/author\/sfaltea-com-admin\/\"}]}<\/script>\n<!-- \/ Yoast SEO plugin. -->","yoast_head_json":{"title":"Cultura presenta el nuevo ciclo de m\u00fasica \u201cArrels d\u2019Altea\u201d - Altea Cultural","robots":{"index":"index","follow":"follow","max-snippet":"max-snippet:-1","max-image-preview":"max-image-preview:large","max-video-preview":"max-video-preview:-1"},"canonical":"https:\/\/www.alteacultural.com\/es\/2025\/06\/17\/cultura-presenta-el-nou-cicle-de-musica-arrels-daltea\/","og_locale":"es_ES","og_type":"article","og_title":"Cultura presenta el nuevo ciclo de m\u00fasica \u201cArrels d\u2019Altea\u201d - Altea Cultural","og_description":"Los dos conciertos previstos, para el 14 y 21 de junio, correr\u00e1n a cargo de las agrupaciones locales \u201cToix\u201d [&hellip;]","og_url":"https:\/\/www.alteacultural.com\/es\/2025\/06\/17\/cultura-presenta-el-nou-cicle-de-musica-arrels-daltea\/","og_site_name":"Altea Cultural","article_published_time":"2025-06-17T06:11:07+00:00","article_modified_time":"2025-07-29T18:49:21+00:00","og_image":[{"width":1028,"height":815,"url":"https:\/\/www.alteacultural.com\/wp-content\/uploads\/2025\/06\/RP-Arrels-web.jpg","type":"image\/jpeg"}],"author":"sfaltea.com-admin","twitter_card":"summary_large_image","twitter_misc":{"Escrito por":"sfaltea.com-admin","Tiempo de lectura":"4 minutos"},"schema":{"@context":"https:\/\/schema.org","@graph":[{"@type":"WebPage","@id":"https:\/\/www.alteacultural.com\/es\/2025\/06\/17\/cultura-presenta-el-nou-cicle-de-musica-arrels-daltea\/","url":"https:\/\/www.alteacultural.com\/es\/2025\/06\/17\/cultura-presenta-el-nou-cicle-de-musica-arrels-daltea\/","name":"Cultura presenta el nuevo ciclo de m\u00fasica \u201cArrels d\u2019Altea\u201d - Altea Cultural","isPartOf":{"@id":"https:\/\/www.alteacultural.com\/es\/#website"},"primaryImageOfPage":{"@id":"https:\/\/www.alteacultural.com\/es\/2025\/06\/17\/cultura-presenta-el-nou-cicle-de-musica-arrels-daltea\/#primaryimage"},"image":{"@id":"https:\/\/www.alteacultural.com\/es\/2025\/06\/17\/cultura-presenta-el-nou-cicle-de-musica-arrels-daltea\/#primaryimage"},"thumbnailUrl":"https:\/\/www.alteacultural.com\/wp-content\/uploads\/2025\/06\/RP-Arrels-web.jpg","datePublished":"2025-06-17T06:11:07+00:00","dateModified":"2025-07-29T18:49:21+00:00","author":{"@id":"https:\/\/www.alteacultural.com\/es\/#\/schema\/person\/c4e137537f1af546d214a315255e5172"},"breadcrumb":{"@id":"https:\/\/www.alteacultural.com\/es\/2025\/06\/17\/cultura-presenta-el-nou-cicle-de-musica-arrels-daltea\/#breadcrumb"},"inLanguage":"es","potentialAction":[{"@type":"ReadAction","target":["https:\/\/www.alteacultural.com\/es\/2025\/06\/17\/cultura-presenta-el-nou-cicle-de-musica-arrels-daltea\/"]}]},{"@type":"ImageObject","inLanguage":"es","@id":"https:\/\/www.alteacultural.com\/es\/2025\/06\/17\/cultura-presenta-el-nou-cicle-de-musica-arrels-daltea\/#primaryimage","url":"https:\/\/www.alteacultural.com\/wp-content\/uploads\/2025\/06\/RP-Arrels-web.jpg","contentUrl":"https:\/\/www.alteacultural.com\/wp-content\/uploads\/2025\/06\/RP-Arrels-web.jpg","width":1028,"height":815},{"@type":"BreadcrumbList","@id":"https:\/\/www.alteacultural.com\/es\/2025\/06\/17\/cultura-presenta-el-nou-cicle-de-musica-arrels-daltea\/#breadcrumb","itemListElement":[{"@type":"ListItem","position":1,"name":"Inici","item":"https:\/\/www.alteacultural.com\/es\/"},{"@type":"ListItem","position":2,"name":"Cultura presenta el nuevo ciclo de m\u00fasica \u201cArrels d\u2019Altea\u201d"}]},{"@type":"WebSite","@id":"https:\/\/www.alteacultural.com\/es\/#website","url":"https:\/\/www.alteacultural.com\/es\/","name":"Altea Cultural","description":"Regidoria de Cultura de l&#039;Ajuntament d&#039;Altea","potentialAction":[{"@type":"SearchAction","target":{"@type":"EntryPoint","urlTemplate":"https:\/\/www.alteacultural.com\/es\/?s={search_term_string}"},"query-input":"required name=search_term_string"}],"inLanguage":"es"},{"@type":"Person","@id":"https:\/\/www.alteacultural.com\/es\/#\/schema\/person\/c4e137537f1af546d214a315255e5172","name":"sfaltea.com-admin","image":{"@type":"ImageObject","inLanguage":"es","@id":"https:\/\/www.alteacultural.com\/es\/#\/schema\/person\/image\/","url":"https:\/\/secure.gravatar.com\/avatar\/f7473fa2fbd351270ccfd469de536202?s=96&d=mm&r=g","contentUrl":"https:\/\/secure.gravatar.com\/avatar\/f7473fa2fbd351270ccfd469de536202?s=96&d=mm&r=g","caption":"sfaltea.com-admin"},"url":"https:\/\/www.alteacultural.com\/es\/author\/sfaltea-com-admin\/"}]}},"_links":{"self":[{"href":"https:\/\/www.alteacultural.com\/es\/wp-json\/wp\/v2\/posts\/36700"}],"collection":[{"href":"https:\/\/www.alteacultural.com\/es\/wp-json\/wp\/v2\/posts"}],"about":[{"href":"https:\/\/www.alteacultural.com\/es\/wp-json\/wp\/v2\/types\/post"}],"author":[{"embeddable":true,"href":"https:\/\/www.alteacultural.com\/es\/wp-json\/wp\/v2\/users\/1"}],"replies":[{"embeddable":true,"href":"https:\/\/www.alteacultural.com\/es\/wp-json\/wp\/v2\/comments?post=36700"}],"version-history":[{"count":1,"href":"https:\/\/www.alteacultural.com\/es\/wp-json\/wp\/v2\/posts\/36700\/revisions"}],"predecessor-version":[{"id":36702,"href":"https:\/\/www.alteacultural.com\/es\/wp-json\/wp\/v2\/posts\/36700\/revisions\/36702"}],"wp:featuredmedia":[{"embeddable":true,"href":"https:\/\/www.alteacultural.com\/es\/wp-json\/wp\/v2\/media\/36648"}],"wp:attachment":[{"href":"https:\/\/www.alteacultural.com\/es\/wp-json\/wp\/v2\/media?parent=36700"}],"curies":[{"name":"wp","href":"https:\/\/api.w.org\/{rel}","templated":true}]}}