{"id":36893,"date":"2025-06-23T09:45:22","date_gmt":"2025-06-23T07:45:22","guid":{"rendered":"https:\/\/www.alteacultural.com\/2025\/06\/23\/es-posen-a-la-venda-les-entrades-de-la-vint-i-tresena-edicio-de-alteatre\/"},"modified":"2025-06-23T09:48:05","modified_gmt":"2025-06-23T07:48:05","slug":"es-posen-a-la-venda-les-entrades-de-la-vint-i-tresena-edicio-de-alteatre","status":"publish","type":"post","link":"https:\/\/www.alteacultural.com\/es\/2025\/06\/23\/es-posen-a-la-venda-les-entrades-de-la-vint-i-tresena-edicio-de-alteatre\/","title":{"rendered":"Se ponen a la venta las entradas de la vigesimotercera edici\u00f3n de Alteatre"},"content":{"rendered":"\n<figure class=\"wp-block-image size-full\"><img fetchpriority=\"high\" decoding=\"async\" width=\"1028\" height=\"812\" src=\"https:\/\/www.alteacultural.com\/wp-content\/uploads\/2025\/06\/RP-Alteatre.jpg\" alt=\"\" class=\"wp-image-36890\" srcset=\"https:\/\/www.alteacultural.com\/wp-content\/uploads\/2025\/06\/RP-Alteatre.jpg 1028w, https:\/\/www.alteacultural.com\/wp-content\/uploads\/2025\/06\/RP-Alteatre-768x607.jpg 768w\" sizes=\"(max-width: 1028px) 100vw, 1028px\" \/><\/figure>\n\n\n\n<p><strong>Las representaciones tendr\u00e1n lugar cada s\u00e1bado de agosto en la Pla\u00e7a de l\u2019Aigua a las 21:00h.<\/strong><\/p>\n\n\n\n<p>Las entradas para asistir a la 23 edici\u00f3n de Alteatre ya se encuentran a la venta; as\u00ed lo han informado la edil de Cultura, Pepa V. P\u00e9rez y el presidente de Pla i Rev\u00e9s, Joan Carratal\u00e0. Una Muestra Nacional de Teatro Amateur que este a\u00f1o ha seleccionado, de entre las m\u00e1s de 100 obras presentadas, dos comedias en valenciano y dos en castellano. Adem\u00e1s, el grupo local Pla i Rev\u00e9s, coordinador del evento, cerrar\u00e1 esta muestra 2025 con la reci\u00e9n estrenada obra \u201cTanqueu a l\u2019eixir\u201d.<\/p>\n\n\n\n<p>Como ha recordado la edil, \u201cAlteatre es una iniciativa que organizan conjuntamente la concejal\u00eda de Cultura y el grupo de teatro Pla i Rev\u00e9s y ha llegado el momento de presentar la cinco obras que se representar\u00e1n; 4 de ellas seleccionadas y una quinta a cargo del grupo anfitri\u00f3n\u201d.<\/p>\n\n\n\n<p>Pepa V. P\u00e9rez ha informado que ya se encuentran las entradas a la venta en <a href=\"http:\/\/www.alteacultural.com\/alteatre\">www.alteacultural.com\/alteatre<\/a> y tambi\u00e9n se podr\u00e1n adquirir en la taquilla desde una hora antes de cada una de las representaciones. El precio de las entradas es de 8\u20ac por cada una de las actuaciones, 6\u20ac si se adquieren online y tambi\u00e9n hay disponibles bonos para la totalidad de las actuaciones, cuyo precio es de 25\u20ac en taquilla y 20\u20ac en la compra online.<\/p>\n\n\n\n<p>La responsable municipal de Cultura ha tenido palabras de agradecimiento hacia el grupo local de teatro, Pla i Rev\u00e9s, \u201cpor el complicado trabajo de selecci\u00f3n de las obras participantes ya que cada a\u00f1o son m\u00e1s las que se presentan para participar y es una tarea dif\u00edcil\u201d.<\/p>\n\n\n\n<p>Por su parte, Joan Carratal\u00e0 ha dado las gracias al Ayuntamiento por el soporte que da a la iniciativa. \u201cEstos \u00faltimos a\u00f1os estamos sobrepasando el centenar de obras que se presentan y ciertamente es un trabajo arduo por el tiempo que nos ocupa\u201d. \u201cLamentablemente s\u00f3lo podemos seleccionar 4 \u00f3 5 dependiendo del n\u00famero de s\u00e1bados que tenga el mes de julio y al ser un certamen nacional se presentan grupos de todo el territorio\u201d. Ha a\u00f1adido el presidente de Pla i Rev\u00e9s.<\/p>\n\n\n\n<p>En cuanto a las obras que se van a representar en esta 23 edici\u00f3n de Alteatre, Carratal\u00e0 ha pormenorizado el contenido del programa.<\/p>\n\n\n\n<p>Sabado 5 de julio la compa\u00f1\u00eda Garum Teatre pondr\u00e1 en escena la obra \u201cL\u2019\u00faltima de Tx\u00e9khov\u201d. Obra en Valenciano.<\/p>\n\n\n\n<p>S\u00e1bado 12 de julio, La Tarumba pondr\u00e1 en escena \u201cTotus Plantus\u201d. Obra en valenciano.<\/p>\n\n\n\n<p>S\u00e1bado 19 de julio, G\u00e9nesis Teatre pondr\u00e1 en escena \u201cUn malentendido\u201d. Obra en castellano.<\/p>\n\n\n\n<p>S\u00e1bado 26 de julio, Cin\u00e9tica Asociaci\u00f3n representar\u00e1 \u201cCapullo quiero un hijo tuyo\u201d. Obra en castellano.<\/p>\n\n\n\n<p>Y cerrar\u00e1 la muestra la representaci\u00f3n \u201cTanqueu a l\u2019eixir\u201d a cago de Pla i Rev\u00e9s el s\u00e1bado 2 de agosto.<\/p>\n\n\n\n<p>Todas las representaciones ser\u00e1n en el auditorio de la Pla\u00e7a de l\u2019Aigua a las 21:00h y otra de las notas comunes entre ellas es que se trata de obras divertidas que llevan a la reflexi\u00f3n por el contenido social de los temas elegidos.<\/p>\n\n\n\n<p>Como responsables de la organizaci\u00f3n de Alteatre, tanto la concejal\u00eda de Cultura como el grupo de teatro Pla i Rev\u00e9s, invitan a la asistencia.<\/p>\n\n\n\n<figure class=\"wp-block-image size-full\"><img decoding=\"async\" width=\"1754\" height=\"2480\" data-src=\"https:\/\/www.alteacultural.com\/wp-content\/uploads\/2025\/06\/Alteatre2025_Cartell.jpg\" alt=\"\" class=\"wp-image-36690 lazyload\" data-srcset=\"https:\/\/www.alteacultural.com\/wp-content\/uploads\/2025\/06\/Alteatre2025_Cartell.jpg 1754w, https:\/\/www.alteacultural.com\/wp-content\/uploads\/2025\/06\/Alteatre2025_Cartell-768x1086.jpg 768w, https:\/\/www.alteacultural.com\/wp-content\/uploads\/2025\/06\/Alteatre2025_Cartell-1086x1536.jpg 1086w, https:\/\/www.alteacultural.com\/wp-content\/uploads\/2025\/06\/Alteatre2025_Cartell-1448x2048.jpg 1448w\" data-sizes=\"(max-width: 1754px) 100vw, 1754px\" src=\"data:image\/gif;base64,R0lGODlhAQABAAAAACH5BAEKAAEALAAAAAABAAEAAAICTAEAOw==\" style=\"--smush-placeholder-width: 1754px; --smush-placeholder-aspect-ratio: 1754\/2480;\" \/><\/figure>\n\n\n\n<p>| ALTEADIGITAL.ES<\/p>\n","protected":false},"excerpt":{"rendered":"<p>Las representaciones tendr\u00e1n lugar cada s\u00e1bado de agosto en la Pla\u00e7a de l\u2019Aigua a las 21:00h. Las entradas para [&hellip;]<\/p>\n","protected":false},"author":1,"featured_media":36891,"comment_status":"open","ping_status":"open","sticky":false,"template":"","format":"standard","meta":{"_expiration-date-status":"","_expiration-date":0,"_expiration-date-type":"","_expiration-date-categories":[],"_expiration-date-options":[],"footnotes":""},"yoast_head":"<!-- This site is optimized with the Yoast SEO plugin v22.8 - https:\/\/yoast.com\/wordpress\/plugins\/seo\/ -->\n<title>Se ponen a la venta las entradas de la vigesimotercera edici\u00f3n de Alteatre - Altea Cultural<\/title>\n<meta name=\"robots\" content=\"index, follow, max-snippet:-1, max-image-preview:large, max-video-preview:-1\" \/>\n<link rel=\"canonical\" href=\"https:\/\/www.alteacultural.com\/es\/2025\/06\/23\/es-posen-a-la-venda-les-entrades-de-la-vint-i-tresena-edicio-de-alteatre\/\" \/>\n<meta property=\"og:locale\" content=\"es_ES\" \/>\n<meta property=\"og:type\" content=\"article\" \/>\n<meta property=\"og:title\" content=\"Se ponen a la venta las entradas de la vigesimotercera edici\u00f3n de Alteatre - Altea Cultural\" \/>\n<meta property=\"og:description\" content=\"Las representaciones tendr\u00e1n lugar cada s\u00e1bado de agosto en la Pla\u00e7a de l\u2019Aigua a las 21:00h. Las entradas para [&hellip;]\" \/>\n<meta property=\"og:url\" content=\"https:\/\/www.alteacultural.com\/es\/2025\/06\/23\/es-posen-a-la-venda-les-entrades-de-la-vint-i-tresena-edicio-de-alteatre\/\" \/>\n<meta property=\"og:site_name\" content=\"Altea Cultural\" \/>\n<meta property=\"article:published_time\" content=\"2025-06-23T07:45:22+00:00\" \/>\n<meta property=\"article:modified_time\" content=\"2025-06-23T07:48:05+00:00\" \/>\n<meta property=\"og:image\" content=\"https:\/\/www.alteacultural.com\/wp-content\/uploads\/2025\/06\/RP-Alteatre.jpg\" \/>\n\t<meta property=\"og:image:width\" content=\"1028\" \/>\n\t<meta property=\"og:image:height\" content=\"812\" \/>\n\t<meta property=\"og:image:type\" content=\"image\/jpeg\" \/>\n<meta name=\"author\" content=\"sfaltea.com-admin\" \/>\n<meta name=\"twitter:card\" content=\"summary_large_image\" \/>\n<meta name=\"twitter:label1\" content=\"Escrito por\" \/>\n\t<meta name=\"twitter:data1\" content=\"sfaltea.com-admin\" \/>\n\t<meta name=\"twitter:label2\" content=\"Tiempo de lectura\" \/>\n\t<meta name=\"twitter:data2\" content=\"4 minutos\" \/>\n<script type=\"application\/ld+json\" class=\"yoast-schema-graph\">{\"@context\":\"https:\/\/schema.org\",\"@graph\":[{\"@type\":\"WebPage\",\"@id\":\"https:\/\/www.alteacultural.com\/es\/2025\/06\/23\/es-posen-a-la-venda-les-entrades-de-la-vint-i-tresena-edicio-de-alteatre\/\",\"url\":\"https:\/\/www.alteacultural.com\/es\/2025\/06\/23\/es-posen-a-la-venda-les-entrades-de-la-vint-i-tresena-edicio-de-alteatre\/\",\"name\":\"Se ponen a la venta las entradas de la vigesimotercera edici\u00f3n de Alteatre - Altea Cultural\",\"isPartOf\":{\"@id\":\"https:\/\/www.alteacultural.com\/es\/#website\"},\"primaryImageOfPage\":{\"@id\":\"https:\/\/www.alteacultural.com\/es\/2025\/06\/23\/es-posen-a-la-venda-les-entrades-de-la-vint-i-tresena-edicio-de-alteatre\/#primaryimage\"},\"image\":{\"@id\":\"https:\/\/www.alteacultural.com\/es\/2025\/06\/23\/es-posen-a-la-venda-les-entrades-de-la-vint-i-tresena-edicio-de-alteatre\/#primaryimage\"},\"thumbnailUrl\":\"https:\/\/www.alteacultural.com\/wp-content\/uploads\/2025\/06\/RP-Alteatre.jpg\",\"datePublished\":\"2025-06-23T07:45:22+00:00\",\"dateModified\":\"2025-06-23T07:48:05+00:00\",\"author\":{\"@id\":\"https:\/\/www.alteacultural.com\/es\/#\/schema\/person\/c4e137537f1af546d214a315255e5172\"},\"breadcrumb\":{\"@id\":\"https:\/\/www.alteacultural.com\/es\/2025\/06\/23\/es-posen-a-la-venda-les-entrades-de-la-vint-i-tresena-edicio-de-alteatre\/#breadcrumb\"},\"inLanguage\":\"es\",\"potentialAction\":[{\"@type\":\"ReadAction\",\"target\":[\"https:\/\/www.alteacultural.com\/es\/2025\/06\/23\/es-posen-a-la-venda-les-entrades-de-la-vint-i-tresena-edicio-de-alteatre\/\"]}]},{\"@type\":\"ImageObject\",\"inLanguage\":\"es\",\"@id\":\"https:\/\/www.alteacultural.com\/es\/2025\/06\/23\/es-posen-a-la-venda-les-entrades-de-la-vint-i-tresena-edicio-de-alteatre\/#primaryimage\",\"url\":\"https:\/\/www.alteacultural.com\/wp-content\/uploads\/2025\/06\/RP-Alteatre.jpg\",\"contentUrl\":\"https:\/\/www.alteacultural.com\/wp-content\/uploads\/2025\/06\/RP-Alteatre.jpg\",\"width\":1028,\"height\":812},{\"@type\":\"BreadcrumbList\",\"@id\":\"https:\/\/www.alteacultural.com\/es\/2025\/06\/23\/es-posen-a-la-venda-les-entrades-de-la-vint-i-tresena-edicio-de-alteatre\/#breadcrumb\",\"itemListElement\":[{\"@type\":\"ListItem\",\"position\":1,\"name\":\"Inici\",\"item\":\"https:\/\/www.alteacultural.com\/es\/\"},{\"@type\":\"ListItem\",\"position\":2,\"name\":\"Se ponen a la venta las entradas de la vigesimotercera edici\u00f3n de Alteatre\"}]},{\"@type\":\"WebSite\",\"@id\":\"https:\/\/www.alteacultural.com\/es\/#website\",\"url\":\"https:\/\/www.alteacultural.com\/es\/\",\"name\":\"Altea Cultural\",\"description\":\"Regidoria de Cultura de l&#039;Ajuntament d&#039;Altea\",\"potentialAction\":[{\"@type\":\"SearchAction\",\"target\":{\"@type\":\"EntryPoint\",\"urlTemplate\":\"https:\/\/www.alteacultural.com\/es\/?s={search_term_string}\"},\"query-input\":\"required name=search_term_string\"}],\"inLanguage\":\"es\"},{\"@type\":\"Person\",\"@id\":\"https:\/\/www.alteacultural.com\/es\/#\/schema\/person\/c4e137537f1af546d214a315255e5172\",\"name\":\"sfaltea.com-admin\",\"image\":{\"@type\":\"ImageObject\",\"inLanguage\":\"es\",\"@id\":\"https:\/\/www.alteacultural.com\/es\/#\/schema\/person\/image\/\",\"url\":\"https:\/\/secure.gravatar.com\/avatar\/f7473fa2fbd351270ccfd469de536202?s=96&d=mm&r=g\",\"contentUrl\":\"https:\/\/secure.gravatar.com\/avatar\/f7473fa2fbd351270ccfd469de536202?s=96&d=mm&r=g\",\"caption\":\"sfaltea.com-admin\"},\"url\":\"https:\/\/www.alteacultural.com\/es\/author\/sfaltea-com-admin\/\"}]}<\/script>\n<!-- \/ Yoast SEO plugin. -->","yoast_head_json":{"title":"Se ponen a la venta las entradas de la vigesimotercera edici\u00f3n de Alteatre - Altea Cultural","robots":{"index":"index","follow":"follow","max-snippet":"max-snippet:-1","max-image-preview":"max-image-preview:large","max-video-preview":"max-video-preview:-1"},"canonical":"https:\/\/www.alteacultural.com\/es\/2025\/06\/23\/es-posen-a-la-venda-les-entrades-de-la-vint-i-tresena-edicio-de-alteatre\/","og_locale":"es_ES","og_type":"article","og_title":"Se ponen a la venta las entradas de la vigesimotercera edici\u00f3n de Alteatre - Altea Cultural","og_description":"Las representaciones tendr\u00e1n lugar cada s\u00e1bado de agosto en la Pla\u00e7a de l\u2019Aigua a las 21:00h. Las entradas para [&hellip;]","og_url":"https:\/\/www.alteacultural.com\/es\/2025\/06\/23\/es-posen-a-la-venda-les-entrades-de-la-vint-i-tresena-edicio-de-alteatre\/","og_site_name":"Altea Cultural","article_published_time":"2025-06-23T07:45:22+00:00","article_modified_time":"2025-06-23T07:48:05+00:00","og_image":[{"width":1028,"height":812,"url":"https:\/\/www.alteacultural.com\/wp-content\/uploads\/2025\/06\/RP-Alteatre.jpg","type":"image\/jpeg"}],"author":"sfaltea.com-admin","twitter_card":"summary_large_image","twitter_misc":{"Escrito por":"sfaltea.com-admin","Tiempo de lectura":"4 minutos"},"schema":{"@context":"https:\/\/schema.org","@graph":[{"@type":"WebPage","@id":"https:\/\/www.alteacultural.com\/es\/2025\/06\/23\/es-posen-a-la-venda-les-entrades-de-la-vint-i-tresena-edicio-de-alteatre\/","url":"https:\/\/www.alteacultural.com\/es\/2025\/06\/23\/es-posen-a-la-venda-les-entrades-de-la-vint-i-tresena-edicio-de-alteatre\/","name":"Se ponen a la venta las entradas de la vigesimotercera edici\u00f3n de Alteatre - Altea Cultural","isPartOf":{"@id":"https:\/\/www.alteacultural.com\/es\/#website"},"primaryImageOfPage":{"@id":"https:\/\/www.alteacultural.com\/es\/2025\/06\/23\/es-posen-a-la-venda-les-entrades-de-la-vint-i-tresena-edicio-de-alteatre\/#primaryimage"},"image":{"@id":"https:\/\/www.alteacultural.com\/es\/2025\/06\/23\/es-posen-a-la-venda-les-entrades-de-la-vint-i-tresena-edicio-de-alteatre\/#primaryimage"},"thumbnailUrl":"https:\/\/www.alteacultural.com\/wp-content\/uploads\/2025\/06\/RP-Alteatre.jpg","datePublished":"2025-06-23T07:45:22+00:00","dateModified":"2025-06-23T07:48:05+00:00","author":{"@id":"https:\/\/www.alteacultural.com\/es\/#\/schema\/person\/c4e137537f1af546d214a315255e5172"},"breadcrumb":{"@id":"https:\/\/www.alteacultural.com\/es\/2025\/06\/23\/es-posen-a-la-venda-les-entrades-de-la-vint-i-tresena-edicio-de-alteatre\/#breadcrumb"},"inLanguage":"es","potentialAction":[{"@type":"ReadAction","target":["https:\/\/www.alteacultural.com\/es\/2025\/06\/23\/es-posen-a-la-venda-les-entrades-de-la-vint-i-tresena-edicio-de-alteatre\/"]}]},{"@type":"ImageObject","inLanguage":"es","@id":"https:\/\/www.alteacultural.com\/es\/2025\/06\/23\/es-posen-a-la-venda-les-entrades-de-la-vint-i-tresena-edicio-de-alteatre\/#primaryimage","url":"https:\/\/www.alteacultural.com\/wp-content\/uploads\/2025\/06\/RP-Alteatre.jpg","contentUrl":"https:\/\/www.alteacultural.com\/wp-content\/uploads\/2025\/06\/RP-Alteatre.jpg","width":1028,"height":812},{"@type":"BreadcrumbList","@id":"https:\/\/www.alteacultural.com\/es\/2025\/06\/23\/es-posen-a-la-venda-les-entrades-de-la-vint-i-tresena-edicio-de-alteatre\/#breadcrumb","itemListElement":[{"@type":"ListItem","position":1,"name":"Inici","item":"https:\/\/www.alteacultural.com\/es\/"},{"@type":"ListItem","position":2,"name":"Se ponen a la venta las entradas de la vigesimotercera edici\u00f3n de Alteatre"}]},{"@type":"WebSite","@id":"https:\/\/www.alteacultural.com\/es\/#website","url":"https:\/\/www.alteacultural.com\/es\/","name":"Altea Cultural","description":"Regidoria de Cultura de l&#039;Ajuntament d&#039;Altea","potentialAction":[{"@type":"SearchAction","target":{"@type":"EntryPoint","urlTemplate":"https:\/\/www.alteacultural.com\/es\/?s={search_term_string}"},"query-input":"required name=search_term_string"}],"inLanguage":"es"},{"@type":"Person","@id":"https:\/\/www.alteacultural.com\/es\/#\/schema\/person\/c4e137537f1af546d214a315255e5172","name":"sfaltea.com-admin","image":{"@type":"ImageObject","inLanguage":"es","@id":"https:\/\/www.alteacultural.com\/es\/#\/schema\/person\/image\/","url":"https:\/\/secure.gravatar.com\/avatar\/f7473fa2fbd351270ccfd469de536202?s=96&d=mm&r=g","contentUrl":"https:\/\/secure.gravatar.com\/avatar\/f7473fa2fbd351270ccfd469de536202?s=96&d=mm&r=g","caption":"sfaltea.com-admin"},"url":"https:\/\/www.alteacultural.com\/es\/author\/sfaltea-com-admin\/"}]}},"_links":{"self":[{"href":"https:\/\/www.alteacultural.com\/es\/wp-json\/wp\/v2\/posts\/36893"}],"collection":[{"href":"https:\/\/www.alteacultural.com\/es\/wp-json\/wp\/v2\/posts"}],"about":[{"href":"https:\/\/www.alteacultural.com\/es\/wp-json\/wp\/v2\/types\/post"}],"author":[{"embeddable":true,"href":"https:\/\/www.alteacultural.com\/es\/wp-json\/wp\/v2\/users\/1"}],"replies":[{"embeddable":true,"href":"https:\/\/www.alteacultural.com\/es\/wp-json\/wp\/v2\/comments?post=36893"}],"version-history":[{"count":1,"href":"https:\/\/www.alteacultural.com\/es\/wp-json\/wp\/v2\/posts\/36893\/revisions"}],"predecessor-version":[{"id":36895,"href":"https:\/\/www.alteacultural.com\/es\/wp-json\/wp\/v2\/posts\/36893\/revisions\/36895"}],"wp:featuredmedia":[{"embeddable":true,"href":"https:\/\/www.alteacultural.com\/es\/wp-json\/wp\/v2\/media\/36891"}],"wp:attachment":[{"href":"https:\/\/www.alteacultural.com\/es\/wp-json\/wp\/v2\/media?parent=36893"}],"curies":[{"name":"wp","href":"https:\/\/api.w.org\/{rel}","templated":true}]}}