{"id":36955,"date":"2025-06-26T12:48:13","date_gmt":"2025-06-26T10:48:13","guid":{"rendered":"https:\/\/www.alteacultural.com\/2025\/06\/26\/groove-dealers-trajectoria\/"},"modified":"2025-06-26T13:23:43","modified_gmt":"2025-06-26T11:23:43","slug":"groove-dealers-trajectoria","status":"publish","type":"post","link":"https:\/\/www.alteacultural.com\/es\/2025\/06\/26\/groove-dealers-trajectoria\/","title":{"rendered":"GROOVE DEALERS &#8211; Trayectoria"},"content":{"rendered":"\t\t<div data-elementor-type=\"wp-post\" data-elementor-id=\"36955\" class=\"elementor elementor-36955\">\n\t\t\t\t\t\t<section class=\"elementor-section elementor-top-section elementor-element elementor-element-1fcb64c elementor-section-boxed elementor-section-height-default elementor-section-height-default exad-glass-effect-no exad-sticky-section-no\" data-id=\"1fcb64c\" data-element_type=\"section\">\n\t\t\t\t\t\t<div class=\"elementor-container elementor-column-gap-default\">\n\t\t\t\t\t<div class=\"elementor-column elementor-col-33 elementor-top-column elementor-element elementor-element-928d7ea exad-glass-effect-no exad-sticky-section-no\" data-id=\"928d7ea\" data-element_type=\"column\">\n\t\t\t<div class=\"elementor-widget-wrap elementor-element-populated\">\n\t\t\t\t\t\t<div class=\"elementor-element elementor-element-d19d03c exad-sticky-section-no exad-glass-effect-no elementor-widget elementor-widget-text-editor\" data-id=\"d19d03c\" data-element_type=\"widget\" data-widget_type=\"text-editor.default\">\n\t\t\t\t<div class=\"elementor-widget-container\">\n\t\t\t\t\t\t\t<p style=\"text-align: center;\"><span style=\"color: #000000;\"><strong>\u00a0 \u00a0 \u00a0 \u00a0 \u00a0 \u00a0 \u00a0 \u00a0 \u00a0 \u00a0 \u00a0 \u00a0 \u00a0 \u00a0 \u00a0Trayectoria<\/strong><\/span><\/p>\t\t\t\t\t\t<\/div>\n\t\t\t\t<\/div>\n\t\t\t\t\t<\/div>\n\t\t<\/div>\n\t\t\t\t<div class=\"elementor-column elementor-col-33 elementor-top-column elementor-element elementor-element-041b80c exad-glass-effect-no exad-sticky-section-no\" data-id=\"041b80c\" data-element_type=\"column\">\n\t\t\t<div class=\"elementor-widget-wrap\">\n\t\t\t\t\t\t\t<\/div>\n\t\t<\/div>\n\t\t\t\t<div class=\"elementor-column elementor-col-33 elementor-top-column elementor-element elementor-element-75c705c exad-glass-effect-no exad-sticky-section-no\" data-id=\"75c705c\" data-element_type=\"column\">\n\t\t\t<div class=\"elementor-widget-wrap elementor-element-populated\">\n\t\t\t\t\t\t<div class=\"elementor-element elementor-element-961ad1f exad-sticky-section-no exad-glass-effect-no elementor-widget elementor-widget-image\" data-id=\"961ad1f\" data-element_type=\"widget\" data-widget_type=\"image.default\">\n\t\t\t\t<div class=\"elementor-widget-container\">\n\t\t\t\t\t\t\t\t\t\t\t\t\t\t<a href=\"https:\/\/www.alteacultural.com\/2025\/06\/26\/groove-dealers-trajectoria\/\">\n\t\t\t\t\t\t\t<img decoding=\"async\" data-src=\"https:\/\/www.alteacultural.com\/wp-content\/uploads\/elementor\/thumbs\/valencia-pt48thfiy0n8d036da41ndkk48zbusn7jwawsx7u0c.jpg\" title=\"valenci\u00e0\" alt=\"valenci\u00e0\" src=\"data:image\/gif;base64,R0lGODlhAQABAAAAACH5BAEKAAEALAAAAAABAAEAAAICTAEAOw==\" class=\"lazyload\" style=\"--smush-placeholder-width: 30px; --smush-placeholder-aspect-ratio: 30\/30;\" \/>\t\t\t\t\t\t\t\t<\/a>\n\t\t\t\t\t\t\t\t\t\t\t\t\t<\/div>\n\t\t\t\t<\/div>\n\t\t\t\t\t<\/div>\n\t\t<\/div>\n\t\t\t\t\t<\/div>\n\t\t<\/section>\n\t\t\t\t<section class=\"elementor-section elementor-top-section elementor-element elementor-element-73b943d elementor-section-boxed elementor-section-height-default elementor-section-height-default exad-glass-effect-no exad-sticky-section-no\" data-id=\"73b943d\" data-element_type=\"section\">\n\t\t\t\t\t\t<div class=\"elementor-container elementor-column-gap-default\">\n\t\t\t\t\t<div class=\"elementor-column elementor-col-100 elementor-top-column elementor-element elementor-element-73e008d exad-glass-effect-no exad-sticky-section-no\" data-id=\"73e008d\" data-element_type=\"column\">\n\t\t\t<div class=\"elementor-widget-wrap elementor-element-populated\">\n\t\t\t\t\t\t<div class=\"elementor-element elementor-element-47a15ef exad-sticky-section-no exad-glass-effect-no elementor-widget elementor-widget-text-editor\" data-id=\"47a15ef\" data-element_type=\"widget\" data-widget_type=\"text-editor.default\">\n\t\t\t\t<div class=\"elementor-widget-container\">\n\t\t\t\t\t\t\t<h3 style=\"text-align: center;\"><span style=\"color: #ffffff;\">GROOVE DEALERS<\/span><\/h3>\t\t\t\t\t\t<\/div>\n\t\t\t\t<\/div>\n\t\t\t\t\t<\/div>\n\t\t<\/div>\n\t\t\t\t\t<\/div>\n\t\t<\/section>\n\t\t\t\t<section class=\"elementor-section elementor-top-section elementor-element elementor-element-f2845cd elementor-section-boxed elementor-section-height-default elementor-section-height-default exad-glass-effect-no exad-sticky-section-no\" data-id=\"f2845cd\" data-element_type=\"section\">\n\t\t\t\t\t\t<div class=\"elementor-container elementor-column-gap-default\">\n\t\t\t\t\t<div class=\"elementor-column elementor-col-100 elementor-top-column elementor-element elementor-element-99fde3d exad-glass-effect-no exad-sticky-section-no\" data-id=\"99fde3d\" data-element_type=\"column\">\n\t\t\t<div class=\"elementor-widget-wrap elementor-element-populated\">\n\t\t\t\t\t\t<div class=\"elementor-element elementor-element-353eb5a exad-sticky-section-no exad-glass-effect-no elementor-widget elementor-widget-text-editor\" data-id=\"353eb5a\" data-element_type=\"widget\" data-widget_type=\"text-editor.default\">\n\t\t\t\t<div class=\"elementor-widget-container\">\n\t\t\t\t\t\t\t<h3>\u00a0<\/h3><h3 style=\"text-align: center;\"><span style=\"color: #ff6600;\">Componentes:\u00a0<\/span><\/h3><h3 style=\"text-align: left;\"><strong>\u00a0 \u00a0 \u00a0 \u00a0 \u00a0 \u00a0 \u00a0 \u00a0 \u00a0 \u00a0 \u00a0 \u00a0 \u00a0 \u00a0 \u00a0 \u00a0 \u00a0 \u00a0 \u00a0 \u00a0 \u00a0\u00a0<\/strong><\/h3><h3>\u00a0<\/h3><h3 style=\"text-align: center;\">Jana Ferr\u00e1ndez D\u00edaz: Saxo soprano y alto<\/h3><h3>\u00a0<\/h3><h3 style=\"text-align: center;\">Pedro Benlloch Dom\u00ednguez: Saxo bar\u00edtono<\/h3><h3>\u00a0<\/h3><h3 style=\"text-align: center;\">Juan Espinosa Nieuwenhuis: Trompeta<\/h3><h3>\u00a0<\/h3><h3 style=\"text-align: center;\">Pere Mart\u00ednez Mart\u00ednez: Tuba<\/h3><h3>\u00a0<\/h3><h3 style=\"text-align: center;\">Miguel Torres S\u00e1nchez: bater\u00eda y percusi\u00f3n<\/h3><h3>\u00a0<\/h3><h3 style=\"text-align: center;\"><span style=\"color: #ff6600;\">Trayectoria:\u00a0<\/span><\/h3><p>\u00a0<\/p><p>\u00a0<\/p>\t\t\t\t\t\t<\/div>\n\t\t\t\t<\/div>\n\t\t\t\t<div class=\"elementor-element elementor-element-16f8b56 exad-sticky-section-no exad-glass-effect-no elementor-widget elementor-widget-accordion\" data-id=\"16f8b56\" data-element_type=\"widget\" data-widget_type=\"accordion.default\">\n\t\t\t\t<div class=\"elementor-widget-container\">\n\t\t\t\t\t<div class=\"elementor-accordion\">\n\t\t\t\t\t\t\t<div class=\"elementor-accordion-item\">\n\t\t\t\t\t<div id=\"elementor-tab-title-2401\" class=\"elementor-tab-title\" data-tab=\"1\" role=\"button\" aria-controls=\"elementor-tab-content-2401\" aria-expanded=\"false\">\n\t\t\t\t\t\t\t\t\t\t\t\t\t<span class=\"elementor-accordion-icon elementor-accordion-icon-left\" aria-hidden=\"true\">\n\t\t\t\t\t\t\t\t\t\t\t\t\t\t\t<span class=\"elementor-accordion-icon-closed\"><i class=\"fas fa-plus\"><\/i><\/span>\n\t\t\t\t\t\t\t\t<span class=\"elementor-accordion-icon-opened\"><i class=\"fas fa-minus\"><\/i><\/span>\n\t\t\t\t\t\t\t\t\t\t\t\t\t\t<\/span>\n\t\t\t\t\t\t\t\t\t\t\t\t<a class=\"elementor-accordion-title\" tabindex=\"0\">Jana Ferr\u00e1ndez D\u00edaz<\/a>\n\t\t\t\t\t<\/div>\n\t\t\t\t\t<div id=\"elementor-tab-content-2401\" class=\"elementor-tab-content elementor-clearfix\" data-tab=\"1\" role=\"region\" aria-labelledby=\"elementor-tab-title-2401\"><p>Inicia sus estudios musicales a los 6 a\u00f1os con la profesora Mar\u00eda Ferrer, comenzando un recorrido que culmina en 2025 con la finalizaci\u00f3n del Grado Profesional de M\u00fasica en la especialidad de saxof\u00f3n en el Conservatorio Profesional de M\u00fasica de Altea, as\u00ed como del bachillerato art\u00edstico con itinerario musical.<br \/>Natural de Calpe (Alicante), ha sido miembro activo de la Societat Filharm\u00f2nica Alteanense, y ha participado como saxofonista en agrupaciones sinf\u00f3nicas, de c\u00e1mara y charangas. A lo largo de su formaci\u00f3n ha obtenido diversos reconocimientos, entre ellos el primer premio y menci\u00f3n de honor en el Concurso Intercentros en 3.\u00ba de EEPP, y nuevamente primer premio en 5.\u00ba curso. Tambi\u00e9n ha sido seleccionada en cert\u00e1menes como el Concurso de J\u00f3venes Int\u00e9rpretes de Castellnovo, y ha participado en concursos de m\u00fasica de c\u00e1mara con agrupaciones del conservatorio.<br \/>Compagina su trayectoria art\u00edstica con su formaci\u00f3n acad\u00e9mica y ling\u00fc\u00edstica, contando con el nivel C1 de valenciano y un nivel intermedio de ingl\u00e9s. Actualmente contin\u00faa su desarrollo musical con el objetivo de acceder a ense\u00f1anzas superiores y seguir creciendo como int\u00e9rprete.<\/p><\/div>\n\t\t\t\t<\/div>\n\t\t\t\t\t\t\t<div class=\"elementor-accordion-item\">\n\t\t\t\t\t<div id=\"elementor-tab-title-2402\" class=\"elementor-tab-title\" data-tab=\"2\" role=\"button\" aria-controls=\"elementor-tab-content-2402\" aria-expanded=\"false\">\n\t\t\t\t\t\t\t\t\t\t\t\t\t<span class=\"elementor-accordion-icon elementor-accordion-icon-left\" aria-hidden=\"true\">\n\t\t\t\t\t\t\t\t\t\t\t\t\t\t\t<span class=\"elementor-accordion-icon-closed\"><i class=\"fas fa-plus\"><\/i><\/span>\n\t\t\t\t\t\t\t\t<span class=\"elementor-accordion-icon-opened\"><i class=\"fas fa-minus\"><\/i><\/span>\n\t\t\t\t\t\t\t\t\t\t\t\t\t\t<\/span>\n\t\t\t\t\t\t\t\t\t\t\t\t<a class=\"elementor-accordion-title\" tabindex=\"0\">Pedro Benlloch Dom\u00ednguez<\/a>\n\t\t\t\t\t<\/div>\n\t\t\t\t\t<div id=\"elementor-tab-content-2402\" class=\"elementor-tab-content elementor-clearfix\" data-tab=\"2\" role=\"region\" aria-labelledby=\"elementor-tab-title-2402\"><p>Conocido art\u00edsticamente como SHINKO desde 2016, es un m\u00fasico multiinstrumentista, productor, profesor y aprendiz incansable con m\u00e1s de dos d\u00e9cadas de dedicaci\u00f3n a la m\u00fasica.<br \/>Comenz\u00f3 su formaci\u00f3n a los 3 a\u00f1os en la Escuela de M\u00fasica de Mar\u00eda Ferrer en Calpe, donde aprendi\u00f3 a tocar el saxof\u00f3n a los 4 a\u00f1os. <br \/>En su adolescencia, incorpor\u00f3 piano y percusi\u00f3n, y a los 14 a\u00f1os empez\u00f3 a producir m\u00fasica electr\u00f3nica con FL Studio, explorando g\u00e9neros desde el Neobarroco hasta el RAP, con una predilecci\u00f3n especial por el Dubstep. <br \/>Su carrera como productor comenz\u00f3 bajo el nombre art\u00edstico \u00abDJ Behn\u00bb en 2014, evolucionando r\u00e1pidamente a \u00abLOKIJU\u00bb y consolid\u00e1ndose como SHINKO en 2016. Con una amplia experiencia en actuaciones en vivo, Pedro particip\u00f3 desde ni\u00f1o en los conciertos anuales de la escuela de Mar\u00eda Ferrer y, a los 8 a\u00f1os, se uni\u00f3 a la Xaranga La Xarlot\u00e0, creada por ella misma en 2008, iniciando su carrera como m\u00fasico de calle. <br \/>Ha tocado todos los tipos de saxof\u00f3n, desde el soprano hasta el bar\u00edtono, y actualmente forma parte de dos agrupaciones destacadas: la Xaranga La Xarlot\u00e0 y la Bandeta La Marina, fundada hace poco m\u00e1s de un a\u00f1o. Estas agrupaciones act\u00faan en eventos por toda Espa\u00f1a, incluyendo fiestas patronales, Moros y Cristianos, bodas y cumplea\u00f1os.<br \/>Pedro complet\u00f3 el Grado Medio de M\u00fasica con especializaci\u00f3n en saxof\u00f3n en el Conservatorio \u00abJos\u00e9 P\u00e9rez Barcel\u00f3\u00bb de Benidorm en 2017. <br \/>Desde 2019, publica su m\u00fasica en plataformas digitales como SHINKO, destacando su trabajo como productor. En 2021, culmin\u00f3 un M\u00e1ster de Mezcla con Soma y, posteriormente, fue mentorizado durante 8 meses por Nimda, su productor de Dubstep favorito, quien le ense\u00f1\u00f3 los secretos de este g\u00e9nero agresivo. Contin\u00faa form\u00e1ndose de manera autodidacta, inspirado por recursos como los libros, v\u00eddeos y el sistema de an\u00e1lisis musical basado en 23 dimensiones emocionales desarrollado por el compositor argentino Mauro de Maria. Adem\u00e1s, Pedro tiene una destacada experiencia como profesor de m\u00fasica, habiendo colaborado inicialmente con Mar\u00eda Ferrer en la ense\u00f1anza a alumnos de todas las edades y, m\u00e1s tarde, impartiendo clases de forma independiente. Su versatilidad, energ\u00eda en el escenario y compromiso con la m\u00fasica lo convierten en un artista excepcional para cualquier evento.<\/p><\/div>\n\t\t\t\t<\/div>\n\t\t\t\t\t\t\t<div class=\"elementor-accordion-item\">\n\t\t\t\t\t<div id=\"elementor-tab-title-2403\" class=\"elementor-tab-title\" data-tab=\"3\" role=\"button\" aria-controls=\"elementor-tab-content-2403\" aria-expanded=\"false\">\n\t\t\t\t\t\t\t\t\t\t\t\t\t<span class=\"elementor-accordion-icon elementor-accordion-icon-left\" aria-hidden=\"true\">\n\t\t\t\t\t\t\t\t\t\t\t\t\t\t\t<span class=\"elementor-accordion-icon-closed\"><i class=\"fas fa-plus\"><\/i><\/span>\n\t\t\t\t\t\t\t\t<span class=\"elementor-accordion-icon-opened\"><i class=\"fas fa-minus\"><\/i><\/span>\n\t\t\t\t\t\t\t\t\t\t\t\t\t\t<\/span>\n\t\t\t\t\t\t\t\t\t\t\t\t<a class=\"elementor-accordion-title\" tabindex=\"0\">Juan Espinosa Nieuwenhuis<\/a>\n\t\t\t\t\t<\/div>\n\t\t\t\t\t<div id=\"elementor-tab-content-2403\" class=\"elementor-tab-content elementor-clearfix\" data-tab=\"3\" role=\"region\" aria-labelledby=\"elementor-tab-title-2403\"><p>Inicia sus estudios musicales en la Escuela de la Uni\u00f3 Musical Calp-Ifach, donde forma parte de la banda de m\u00fasica desde el a\u00f1o 2012. En 2013 accede al Conservatorio Profesional de M\u00fasica \u201cTenor Cortis\u201d de D\u00e9nia, donde cursa las especialidades de trompeta y piano. Finaliza sus estudios profesionales en trompeta en 2019 con Menci\u00f3n de Honor, y completa hasta cuarto curso en la especialidad de piano (2013\u20132017).<br \/>Durante su etapa de formaci\u00f3n participa en la Orquesta de J\u00f3venes de la Provincia de Alicante (OJPA), con la que act\u00faa en prestigiosas salas como el Musikverein y el Konzerthaus de Viena, obteniendo el primer y segundo premio en el concurso internacional Summa Cum Laude en 2017 y 2018.<br \/>Entre 2019 y 2023 realiza los Estudios Superiores de M\u00fasica en la especialidad de trompeta en el Conservatorio Superior de M\u00fasica \u201c\u00d3scar Espl\u00e1\u201d de Alicante, donde actualmente contin\u00faa su formaci\u00f3n en la especialidad de Direcci\u00f3n de Orquesta, Banda y Coro. Paralelamente, ha complementado su formaci\u00f3n con diversos cursos de perfeccionamiento instrumental y pr\u00e1ctica orquestal.<br \/>Desde 2023 imparte clases particulares de trompeta y piano en la Escuela de M\u00fasica Clau de Fa de Calp, labor que compagina con su desarrollo acad\u00e9mico y art\u00edstico.<\/p><\/div>\n\t\t\t\t<\/div>\n\t\t\t\t\t\t\t<div class=\"elementor-accordion-item\">\n\t\t\t\t\t<div id=\"elementor-tab-title-2404\" class=\"elementor-tab-title\" data-tab=\"4\" role=\"button\" aria-controls=\"elementor-tab-content-2404\" aria-expanded=\"false\">\n\t\t\t\t\t\t\t\t\t\t\t\t\t<span class=\"elementor-accordion-icon elementor-accordion-icon-left\" aria-hidden=\"true\">\n\t\t\t\t\t\t\t\t\t\t\t\t\t\t\t<span class=\"elementor-accordion-icon-closed\"><i class=\"fas fa-plus\"><\/i><\/span>\n\t\t\t\t\t\t\t\t<span class=\"elementor-accordion-icon-opened\"><i class=\"fas fa-minus\"><\/i><\/span>\n\t\t\t\t\t\t\t\t\t\t\t\t\t\t<\/span>\n\t\t\t\t\t\t\t\t\t\t\t\t<a class=\"elementor-accordion-title\" tabindex=\"0\">Pere Mart\u00ednez Mart\u00ednez<\/a>\n\t\t\t\t\t<\/div>\n\t\t\t\t\t<div id=\"elementor-tab-content-2404\" class=\"elementor-tab-content elementor-clearfix\" data-tab=\"4\" role=\"region\" aria-labelledby=\"elementor-tab-title-2404\"><p>Comienza su formaci\u00f3n musical por tradici\u00f3n familiar en la escuela de m\u00fasica de la Uni\u00f3 Musical La Nucia, donde empieza a estudiar trompeta a los siete a\u00f1os. Posteriormente, en 2019, pasa a formar parte de la banda sinf\u00f3nica de la misma entidad (UMLN), agrupaci\u00f3n en la que contin\u00faa su desarrollo como m\u00fasico. Completa hasta quinto curso de las ense\u00f1anzas profesionales en el Conservatorio Profesional de M\u00fasica de Altea, centrado en la especialidad de trompeta. Aunque interrumpe temporalmente estos estudios por motivos acad\u00e9micos, mantiene su compromiso con la pr\u00e1ctica musical con la intenci\u00f3n de retomarlos en el futuro, ya sea durante su etapa universitaria o posteriormente. Como miembro de la UMLN, participa activamente en numerosas actuaciones y proyectos, entre los que destaca el primer premio obtenido en el Certamen de M\u00fasica Festera de Alcoi. Adem\u00e1s, forma parte de La Bandeta La Marina, agrupaci\u00f3n dedicada al repertorio de m\u00fasica festera y charanga. Desde hace tres a\u00f1os, Pere complementa su trayectoria como trompetista con el estudio de la tuba, instrumento con el que contin\u00faa ampliando sus horizontes musicales. En la actualidad, se incorpora como tubista al grupo Groove Dealers, donde combina su s\u00f3lida base en la m\u00fasica de banda con nuevas sonoridades m\u00e1s modernas y vers\u00e1tiles. Con 18 a\u00f1os, Pere Mart\u00ednez Mart\u00ednez representa una nueva generaci\u00f3n de m\u00fasicos comprometidos con la tradici\u00f3n band\u00edstica y abiertos a la experimentaci\u00f3n art\u00edstica, destacando tanto por su versatilidad instrumental como por su entusiasmo y proyecci\u00f3n de futuro.<\/p><\/div>\n\t\t\t\t<\/div>\n\t\t\t\t\t\t\t<div class=\"elementor-accordion-item\">\n\t\t\t\t\t<div id=\"elementor-tab-title-2405\" class=\"elementor-tab-title\" data-tab=\"5\" role=\"button\" aria-controls=\"elementor-tab-content-2405\" aria-expanded=\"false\">\n\t\t\t\t\t\t\t\t\t\t\t\t\t<span class=\"elementor-accordion-icon elementor-accordion-icon-left\" aria-hidden=\"true\">\n\t\t\t\t\t\t\t\t\t\t\t\t\t\t\t<span class=\"elementor-accordion-icon-closed\"><i class=\"fas fa-plus\"><\/i><\/span>\n\t\t\t\t\t\t\t\t<span class=\"elementor-accordion-icon-opened\"><i class=\"fas fa-minus\"><\/i><\/span>\n\t\t\t\t\t\t\t\t\t\t\t\t\t\t<\/span>\n\t\t\t\t\t\t\t\t\t\t\t\t<a class=\"elementor-accordion-title\" tabindex=\"0\">Miguel Torres S\u00e1nchez<\/a>\n\t\t\t\t\t<\/div>\n\t\t\t\t\t<div id=\"elementor-tab-content-2405\" class=\"elementor-tab-content elementor-clearfix\" data-tab=\"5\" role=\"region\" aria-labelledby=\"elementor-tab-title-2405\"><p>Nace en Altea en 1999 y comienza su formaci\u00f3n musical gracias a su madre y m\u00fasico Mari Cruz. Da sus primeros pasos en la escuela N3 de Altea en la especialidad de piano a los 3 a\u00f1os. Con 4 a\u00f1os sus padres le regalan una bater\u00eda infantil y comienza a fraguarse su amor por el ritmo aunque contin\u00faa sus estudios de piano hasta los 8 a\u00f1os en la escuela musical de la Filharm\u00f2nica Alteanense. Tras muchos a\u00f1os golpeando objetos en casa&#8230;su madre le apunta al Conservatorio de Altea a los 8 a\u00f1os en la especialidad de percusi\u00f3n. All\u00ed realiza sus estudios elementales y profesionales con Jos\u00e9 Mar\u00eda Navarro Forni\u00e9s durante 10 a\u00f1os. A los 12 a\u00f1os realiza las pruebas de acceso para la Societat Filharm\u00f2nica Alteanense de la que sigue siendo miembro en la actualidad. Durante los veranos de su adolescencia acude a multitud de cursos y encuentros de percusi\u00f3n en Ontinyent y Benig\u00e0nim con percusionistas de la sinf\u00f3nica de la RTVE como Esa\u00fa Borreda, Ra\u00fal Benavent o Enrique \u00abHarry\u00bb Llopis. A su vez comienza a interesarse y especializarse m\u00e1s en el mundo de la bater\u00eda y perfecciona su t\u00e9cnica e interpretaci\u00f3n aprendiendo con v\u00eddeos de YouTube. Entre los 16 y 18 a\u00f1os participa como bater\u00eda en dos grupos de punk-rock y a los 23 se inicia en el panorama de las fiestas populares y las charangas en agrupaciones como Alteam\u00fasics, Bandeta Jove d&#8217;Altea y m\u00e1s recientemente en Bandeta la Marina. En 2024 acude a masterclasses en Valencia con bateristas como Ben Wirjo (Mikel Izal) y Gustau Garc\u00eda (Auxili) para potenciar su profesionalidad en el instrumento. En 2025 decide crear la agrupaci\u00f3n Groove Dealers junto a sus compa\u00f1eros para desarrollar un proyecto musical experimental y creativo.<\/p><\/div>\n\t\t\t\t<\/div>\n\t\t\t\t\t\t\t\t<\/div>\n\t\t\t\t<\/div>\n\t\t\t\t<\/div>\n\t\t\t\t\t<\/div>\n\t\t<\/div>\n\t\t\t\t\t<\/div>\n\t\t<\/section>\n\t\t\t\t<\/div>\n\t\t","protected":false},"excerpt":{"rendered":"<p>\u00a0 \u00a0 \u00a0 \u00a0 \u00a0 \u00a0 \u00a0 \u00a0 \u00a0 \u00a0 \u00a0 \u00a0 \u00a0 \u00a0 \u00a0Trayectoria GROOVE DEALERS \u00a0 Componentes:\u00a0 [&hellip;]<\/p>\n","protected":false},"author":1,"featured_media":0,"comment_status":"closed","ping_status":"closed","sticky":false,"template":"elementor_canvas","format":"standard","meta":{"_expiration-date-status":"","_expiration-date":1750937020,"_expiration-date-type":"draft","_expiration-date-categories":[],"_expiration-date-options":[],"footnotes":""},"yoast_head":"<!-- This site is optimized with the Yoast SEO plugin v22.8 - https:\/\/yoast.com\/wordpress\/plugins\/seo\/ -->\n<title>GROOVE DEALERS - Trayectoria - Altea Cultural<\/title>\n<meta name=\"robots\" content=\"index, follow, max-snippet:-1, max-image-preview:large, max-video-preview:-1\" \/>\n<link rel=\"canonical\" href=\"https:\/\/www.alteacultural.com\/es\/2025\/06\/26\/groove-dealers-trajectoria\/\" \/>\n<meta property=\"og:locale\" content=\"es_ES\" \/>\n<meta property=\"og:type\" content=\"article\" \/>\n<meta property=\"og:title\" content=\"GROOVE DEALERS - Trayectoria - Altea Cultural\" \/>\n<meta property=\"og:description\" content=\"\u00a0 \u00a0 \u00a0 \u00a0 \u00a0 \u00a0 \u00a0 \u00a0 \u00a0 \u00a0 \u00a0 \u00a0 \u00a0 \u00a0 \u00a0Trayectoria GROOVE DEALERS \u00a0 Componentes:\u00a0 [&hellip;]\" \/>\n<meta property=\"og:url\" content=\"https:\/\/www.alteacultural.com\/es\/2025\/06\/26\/groove-dealers-trajectoria\/\" \/>\n<meta property=\"og:site_name\" content=\"Altea Cultural\" \/>\n<meta property=\"article:published_time\" content=\"2025-06-26T10:48:13+00:00\" \/>\n<meta property=\"article:modified_time\" content=\"2025-06-26T11:23:43+00:00\" \/>\n<meta property=\"og:image\" content=\"https:\/\/www.alteacultural.com\/wp-content\/uploads\/elementor\/thumbs\/valencia-pt48thfiy0n8d036da41ndkk48zbusn7jwawsx7u0c.jpg\" \/>\n<meta name=\"author\" content=\"sfaltea.com-admin\" \/>\n<meta name=\"twitter:card\" content=\"summary_large_image\" \/>\n<meta name=\"twitter:label1\" content=\"Escrito por\" \/>\n\t<meta name=\"twitter:data1\" content=\"sfaltea.com-admin\" \/>\n<script type=\"application\/ld+json\" class=\"yoast-schema-graph\">{\"@context\":\"https:\/\/schema.org\",\"@graph\":[{\"@type\":\"WebPage\",\"@id\":\"https:\/\/www.alteacultural.com\/es\/2025\/06\/26\/groove-dealers-trajectoria\/\",\"url\":\"https:\/\/www.alteacultural.com\/es\/2025\/06\/26\/groove-dealers-trajectoria\/\",\"name\":\"GROOVE DEALERS - Trayectoria - Altea Cultural\",\"isPartOf\":{\"@id\":\"https:\/\/www.alteacultural.com\/es\/#website\"},\"primaryImageOfPage\":{\"@id\":\"https:\/\/www.alteacultural.com\/es\/2025\/06\/26\/groove-dealers-trajectoria\/#primaryimage\"},\"image\":{\"@id\":\"https:\/\/www.alteacultural.com\/es\/2025\/06\/26\/groove-dealers-trajectoria\/#primaryimage\"},\"thumbnailUrl\":\"https:\/\/www.alteacultural.com\/wp-content\/uploads\/elementor\/thumbs\/valencia-pt48thfiy0n8d036da41ndkk48zbusn7jwawsx7u0c.jpg\",\"datePublished\":\"2025-06-26T10:48:13+00:00\",\"dateModified\":\"2025-06-26T11:23:43+00:00\",\"author\":{\"@id\":\"https:\/\/www.alteacultural.com\/es\/#\/schema\/person\/c4e137537f1af546d214a315255e5172\"},\"breadcrumb\":{\"@id\":\"https:\/\/www.alteacultural.com\/es\/2025\/06\/26\/groove-dealers-trajectoria\/#breadcrumb\"},\"inLanguage\":\"es\",\"potentialAction\":[{\"@type\":\"ReadAction\",\"target\":[\"https:\/\/www.alteacultural.com\/es\/2025\/06\/26\/groove-dealers-trajectoria\/\"]}]},{\"@type\":\"ImageObject\",\"inLanguage\":\"es\",\"@id\":\"https:\/\/www.alteacultural.com\/es\/2025\/06\/26\/groove-dealers-trajectoria\/#primaryimage\",\"url\":\"https:\/\/www.alteacultural.com\/wp-content\/uploads\/elementor\/thumbs\/valencia-pt48thfiy0n8d036da41ndkk48zbusn7jwawsx7u0c.jpg\",\"contentUrl\":\"https:\/\/www.alteacultural.com\/wp-content\/uploads\/elementor\/thumbs\/valencia-pt48thfiy0n8d036da41ndkk48zbusn7jwawsx7u0c.jpg\"},{\"@type\":\"BreadcrumbList\",\"@id\":\"https:\/\/www.alteacultural.com\/es\/2025\/06\/26\/groove-dealers-trajectoria\/#breadcrumb\",\"itemListElement\":[{\"@type\":\"ListItem\",\"position\":1,\"name\":\"Inici\",\"item\":\"https:\/\/www.alteacultural.com\/es\/\"},{\"@type\":\"ListItem\",\"position\":2,\"name\":\"GROOVE DEALERS &#8211; Trayectoria\"}]},{\"@type\":\"WebSite\",\"@id\":\"https:\/\/www.alteacultural.com\/es\/#website\",\"url\":\"https:\/\/www.alteacultural.com\/es\/\",\"name\":\"Altea Cultural\",\"description\":\"Regidoria de Cultura de l&#039;Ajuntament d&#039;Altea\",\"potentialAction\":[{\"@type\":\"SearchAction\",\"target\":{\"@type\":\"EntryPoint\",\"urlTemplate\":\"https:\/\/www.alteacultural.com\/es\/?s={search_term_string}\"},\"query-input\":\"required name=search_term_string\"}],\"inLanguage\":\"es\"},{\"@type\":\"Person\",\"@id\":\"https:\/\/www.alteacultural.com\/es\/#\/schema\/person\/c4e137537f1af546d214a315255e5172\",\"name\":\"sfaltea.com-admin\",\"image\":{\"@type\":\"ImageObject\",\"inLanguage\":\"es\",\"@id\":\"https:\/\/www.alteacultural.com\/es\/#\/schema\/person\/image\/\",\"url\":\"https:\/\/secure.gravatar.com\/avatar\/f7473fa2fbd351270ccfd469de536202?s=96&d=mm&r=g\",\"contentUrl\":\"https:\/\/secure.gravatar.com\/avatar\/f7473fa2fbd351270ccfd469de536202?s=96&d=mm&r=g\",\"caption\":\"sfaltea.com-admin\"},\"url\":\"https:\/\/www.alteacultural.com\/es\/author\/sfaltea-com-admin\/\"}]}<\/script>\n<!-- \/ Yoast SEO plugin. -->","yoast_head_json":{"title":"GROOVE DEALERS - Trayectoria - Altea Cultural","robots":{"index":"index","follow":"follow","max-snippet":"max-snippet:-1","max-image-preview":"max-image-preview:large","max-video-preview":"max-video-preview:-1"},"canonical":"https:\/\/www.alteacultural.com\/es\/2025\/06\/26\/groove-dealers-trajectoria\/","og_locale":"es_ES","og_type":"article","og_title":"GROOVE DEALERS - Trayectoria - Altea Cultural","og_description":"\u00a0 \u00a0 \u00a0 \u00a0 \u00a0 \u00a0 \u00a0 \u00a0 \u00a0 \u00a0 \u00a0 \u00a0 \u00a0 \u00a0 \u00a0Trayectoria GROOVE DEALERS \u00a0 Componentes:\u00a0 [&hellip;]","og_url":"https:\/\/www.alteacultural.com\/es\/2025\/06\/26\/groove-dealers-trajectoria\/","og_site_name":"Altea Cultural","article_published_time":"2025-06-26T10:48:13+00:00","article_modified_time":"2025-06-26T11:23:43+00:00","og_image":[{"url":"https:\/\/www.alteacultural.com\/wp-content\/uploads\/elementor\/thumbs\/valencia-pt48thfiy0n8d036da41ndkk48zbusn7jwawsx7u0c.jpg"}],"author":"sfaltea.com-admin","twitter_card":"summary_large_image","twitter_misc":{"Escrito por":"sfaltea.com-admin"},"schema":{"@context":"https:\/\/schema.org","@graph":[{"@type":"WebPage","@id":"https:\/\/www.alteacultural.com\/es\/2025\/06\/26\/groove-dealers-trajectoria\/","url":"https:\/\/www.alteacultural.com\/es\/2025\/06\/26\/groove-dealers-trajectoria\/","name":"GROOVE DEALERS - Trayectoria - Altea Cultural","isPartOf":{"@id":"https:\/\/www.alteacultural.com\/es\/#website"},"primaryImageOfPage":{"@id":"https:\/\/www.alteacultural.com\/es\/2025\/06\/26\/groove-dealers-trajectoria\/#primaryimage"},"image":{"@id":"https:\/\/www.alteacultural.com\/es\/2025\/06\/26\/groove-dealers-trajectoria\/#primaryimage"},"thumbnailUrl":"https:\/\/www.alteacultural.com\/wp-content\/uploads\/elementor\/thumbs\/valencia-pt48thfiy0n8d036da41ndkk48zbusn7jwawsx7u0c.jpg","datePublished":"2025-06-26T10:48:13+00:00","dateModified":"2025-06-26T11:23:43+00:00","author":{"@id":"https:\/\/www.alteacultural.com\/es\/#\/schema\/person\/c4e137537f1af546d214a315255e5172"},"breadcrumb":{"@id":"https:\/\/www.alteacultural.com\/es\/2025\/06\/26\/groove-dealers-trajectoria\/#breadcrumb"},"inLanguage":"es","potentialAction":[{"@type":"ReadAction","target":["https:\/\/www.alteacultural.com\/es\/2025\/06\/26\/groove-dealers-trajectoria\/"]}]},{"@type":"ImageObject","inLanguage":"es","@id":"https:\/\/www.alteacultural.com\/es\/2025\/06\/26\/groove-dealers-trajectoria\/#primaryimage","url":"https:\/\/www.alteacultural.com\/wp-content\/uploads\/elementor\/thumbs\/valencia-pt48thfiy0n8d036da41ndkk48zbusn7jwawsx7u0c.jpg","contentUrl":"https:\/\/www.alteacultural.com\/wp-content\/uploads\/elementor\/thumbs\/valencia-pt48thfiy0n8d036da41ndkk48zbusn7jwawsx7u0c.jpg"},{"@type":"BreadcrumbList","@id":"https:\/\/www.alteacultural.com\/es\/2025\/06\/26\/groove-dealers-trajectoria\/#breadcrumb","itemListElement":[{"@type":"ListItem","position":1,"name":"Inici","item":"https:\/\/www.alteacultural.com\/es\/"},{"@type":"ListItem","position":2,"name":"GROOVE DEALERS &#8211; Trayectoria"}]},{"@type":"WebSite","@id":"https:\/\/www.alteacultural.com\/es\/#website","url":"https:\/\/www.alteacultural.com\/es\/","name":"Altea Cultural","description":"Regidoria de Cultura de l&#039;Ajuntament d&#039;Altea","potentialAction":[{"@type":"SearchAction","target":{"@type":"EntryPoint","urlTemplate":"https:\/\/www.alteacultural.com\/es\/?s={search_term_string}"},"query-input":"required name=search_term_string"}],"inLanguage":"es"},{"@type":"Person","@id":"https:\/\/www.alteacultural.com\/es\/#\/schema\/person\/c4e137537f1af546d214a315255e5172","name":"sfaltea.com-admin","image":{"@type":"ImageObject","inLanguage":"es","@id":"https:\/\/www.alteacultural.com\/es\/#\/schema\/person\/image\/","url":"https:\/\/secure.gravatar.com\/avatar\/f7473fa2fbd351270ccfd469de536202?s=96&d=mm&r=g","contentUrl":"https:\/\/secure.gravatar.com\/avatar\/f7473fa2fbd351270ccfd469de536202?s=96&d=mm&r=g","caption":"sfaltea.com-admin"},"url":"https:\/\/www.alteacultural.com\/es\/author\/sfaltea-com-admin\/"}]}},"_links":{"self":[{"href":"https:\/\/www.alteacultural.com\/es\/wp-json\/wp\/v2\/posts\/36955"}],"collection":[{"href":"https:\/\/www.alteacultural.com\/es\/wp-json\/wp\/v2\/posts"}],"about":[{"href":"https:\/\/www.alteacultural.com\/es\/wp-json\/wp\/v2\/types\/post"}],"author":[{"embeddable":true,"href":"https:\/\/www.alteacultural.com\/es\/wp-json\/wp\/v2\/users\/1"}],"replies":[{"embeddable":true,"href":"https:\/\/www.alteacultural.com\/es\/wp-json\/wp\/v2\/comments?post=36955"}],"version-history":[{"count":14,"href":"https:\/\/www.alteacultural.com\/es\/wp-json\/wp\/v2\/posts\/36955\/revisions"}],"predecessor-version":[{"id":36988,"href":"https:\/\/www.alteacultural.com\/es\/wp-json\/wp\/v2\/posts\/36955\/revisions\/36988"}],"wp:attachment":[{"href":"https:\/\/www.alteacultural.com\/es\/wp-json\/wp\/v2\/media?parent=36955"}],"curies":[{"name":"wp","href":"https:\/\/api.w.org\/{rel}","templated":true}]}}