{"id":37036,"date":"2025-06-27T09:20:08","date_gmt":"2025-06-27T07:20:08","guid":{"rendered":"https:\/\/www.alteacultural.com\/2025\/06\/27\/levare-clarinet-quartet-trajectoria\/"},"modified":"2025-06-27T09:38:20","modified_gmt":"2025-06-27T07:38:20","slug":"levare-clarinet-quartet-trajectoria","status":"publish","type":"post","link":"https:\/\/www.alteacultural.com\/es\/2025\/06\/27\/levare-clarinet-quartet-trajectoria\/","title":{"rendered":"Levare Clarinet Quartet &#8211; Trayectoria"},"content":{"rendered":"\t\t<div data-elementor-type=\"wp-post\" data-elementor-id=\"37036\" class=\"elementor elementor-37036\">\n\t\t\t\t\t\t<section class=\"elementor-section elementor-top-section elementor-element elementor-element-1fcb64c elementor-section-boxed elementor-section-height-default elementor-section-height-default exad-glass-effect-no exad-sticky-section-no\" data-id=\"1fcb64c\" data-element_type=\"section\">\n\t\t\t\t\t\t<div class=\"elementor-container elementor-column-gap-default\">\n\t\t\t\t\t<div class=\"elementor-column elementor-col-33 elementor-top-column elementor-element elementor-element-928d7ea exad-glass-effect-no exad-sticky-section-no\" data-id=\"928d7ea\" data-element_type=\"column\">\n\t\t\t<div class=\"elementor-widget-wrap elementor-element-populated\">\n\t\t\t\t\t\t<div class=\"elementor-element elementor-element-d19d03c exad-sticky-section-no exad-glass-effect-no elementor-widget elementor-widget-text-editor\" data-id=\"d19d03c\" data-element_type=\"widget\" data-widget_type=\"text-editor.default\">\n\t\t\t\t<div class=\"elementor-widget-container\">\n\t\t\t\t\t\t\t<p style=\"text-align: center;\"><span style=\"color: #000000;\"><strong>\u00a0 \u00a0 \u00a0 \u00a0 \u00a0 \u00a0 \u00a0 \u00a0 \u00a0 \u00a0 \u00a0 \u00a0 \u00a0 \u00a0 \u00a0Trayectoria<\/strong><\/span><\/p>\t\t\t\t\t\t<\/div>\n\t\t\t\t<\/div>\n\t\t\t\t\t<\/div>\n\t\t<\/div>\n\t\t\t\t<div class=\"elementor-column elementor-col-33 elementor-top-column elementor-element elementor-element-041b80c exad-glass-effect-no exad-sticky-section-no\" data-id=\"041b80c\" data-element_type=\"column\">\n\t\t\t<div class=\"elementor-widget-wrap\">\n\t\t\t\t\t\t\t<\/div>\n\t\t<\/div>\n\t\t\t\t<div class=\"elementor-column elementor-col-33 elementor-top-column elementor-element elementor-element-75c705c exad-glass-effect-no exad-sticky-section-no\" data-id=\"75c705c\" data-element_type=\"column\">\n\t\t\t<div class=\"elementor-widget-wrap elementor-element-populated\">\n\t\t\t\t\t\t<div class=\"elementor-element elementor-element-961ad1f exad-sticky-section-no exad-glass-effect-no elementor-widget elementor-widget-image\" data-id=\"961ad1f\" data-element_type=\"widget\" data-widget_type=\"image.default\">\n\t\t\t\t<div class=\"elementor-widget-container\">\n\t\t\t\t\t\t\t\t\t\t\t\t\t\t<a href=\"https:\/\/www.alteacultural.com\/2025\/06\/27\/levare-clarinet-quartet-trajectoria\/\">\n\t\t\t\t\t\t\t<img decoding=\"async\" data-src=\"https:\/\/www.alteacultural.com\/wp-content\/uploads\/elementor\/thumbs\/valencia-pt48thfiy0n8d036da41ndkk48zbusn7jwawsx7u0c.jpg\" title=\"valenci\u00e0\" alt=\"valenci\u00e0\" src=\"data:image\/gif;base64,R0lGODlhAQABAAAAACH5BAEKAAEALAAAAAABAAEAAAICTAEAOw==\" class=\"lazyload\" style=\"--smush-placeholder-width: 30px; --smush-placeholder-aspect-ratio: 30\/30;\" \/>\t\t\t\t\t\t\t\t<\/a>\n\t\t\t\t\t\t\t\t\t\t\t\t\t<\/div>\n\t\t\t\t<\/div>\n\t\t\t\t\t<\/div>\n\t\t<\/div>\n\t\t\t\t\t<\/div>\n\t\t<\/section>\n\t\t\t\t<section class=\"elementor-section elementor-top-section elementor-element elementor-element-73b943d elementor-section-boxed elementor-section-height-default elementor-section-height-default exad-glass-effect-no exad-sticky-section-no\" data-id=\"73b943d\" data-element_type=\"section\">\n\t\t\t\t\t\t<div class=\"elementor-container elementor-column-gap-default\">\n\t\t\t\t\t<div class=\"elementor-column elementor-col-100 elementor-top-column elementor-element elementor-element-73e008d exad-glass-effect-no exad-sticky-section-no\" data-id=\"73e008d\" data-element_type=\"column\">\n\t\t\t<div class=\"elementor-widget-wrap elementor-element-populated\">\n\t\t\t\t\t\t<div class=\"elementor-element elementor-element-47a15ef exad-sticky-section-no exad-glass-effect-no elementor-widget elementor-widget-text-editor\" data-id=\"47a15ef\" data-element_type=\"widget\" data-widget_type=\"text-editor.default\">\n\t\t\t\t<div class=\"elementor-widget-container\">\n\t\t\t\t\t\t\t<h3 style=\"text-align: center;\"><span style=\"color: #ffffff;\">Levare Clarinet Quartet<\/span><\/h3>\t\t\t\t\t\t<\/div>\n\t\t\t\t<\/div>\n\t\t\t\t\t<\/div>\n\t\t<\/div>\n\t\t\t\t\t<\/div>\n\t\t<\/section>\n\t\t\t\t<section class=\"elementor-section elementor-top-section elementor-element elementor-element-f2845cd elementor-section-boxed elementor-section-height-default elementor-section-height-default exad-glass-effect-no exad-sticky-section-no\" data-id=\"f2845cd\" data-element_type=\"section\">\n\t\t\t\t\t\t<div class=\"elementor-container elementor-column-gap-default\">\n\t\t\t\t\t<div class=\"elementor-column elementor-col-100 elementor-top-column elementor-element elementor-element-99fde3d exad-glass-effect-no exad-sticky-section-no\" data-id=\"99fde3d\" data-element_type=\"column\">\n\t\t\t<div class=\"elementor-widget-wrap elementor-element-populated\">\n\t\t\t\t\t\t<div class=\"elementor-element elementor-element-353eb5a exad-sticky-section-no exad-glass-effect-no elementor-widget elementor-widget-text-editor\" data-id=\"353eb5a\" data-element_type=\"widget\" data-widget_type=\"text-editor.default\">\n\t\t\t\t<div class=\"elementor-widget-container\">\n\t\t\t\t\t\t\t<h3 style=\"text-align: left;\"><strong>\u00a0 \u00a0 \u00a0 \u00a0 \u00a0 \u00a0 \u00a0 \u00a0 \u00a0 \u00a0<\/strong><\/h3><h4 style=\"text-align: center;\">Levare Clarinet Quartet nace como el punto de encuentro de cuatro grandes profesionales del Clarinete, siendo el resultado de una reuni\u00f3n de amigos clarinetistas que se realiz\u00f3 a finales de 2024 y que acab\u00f3 en un improvisado ensayo del que surgi\u00f3 la idea de seguir tocando el clarinete juntos con el cuarteto que acababan de crear sin saberlo.<\/h4><h4 style=\"text-align: center;\">\u00a0<\/h4><h4 style=\"text-align: center;\">Levare Clarinet Quartet est\u00e1 integrado por Nadal Fenollar, Juan Fenollar, Juanjo Ort\u00edz y Daniel Bellov\u00ed. Gracias a la versatilidad de todos sus componentes, en sus conciertos pueden afrontar un repertorio con obras escritas e instrumentadas para todos los miembros de la familia del Clarinete, desde el Requinto hasta el Clarinete contrabajo, pasando por el Clarinete alto, Corno di bassetto y Clarinete bajo.\u00a0<\/h4><h4 style=\"text-align: center;\">\u00a0<\/h4><h4 style=\"text-align: center;\">El nombre de Levare no ha sido elegido al azar ya que es una palabra en la que su doble sentido representa totalmente al grupo. La primera acepci\u00f3n de Levare viene del lat\u00edn, palabra que a d\u00eda de hoy significa Levante, en su acepci\u00f3n al territorio del Mediterr\u00e1neo que llega a las costas espa\u00f1olas y que todos los componentes del cuarteto tienen en com\u00fan. Su segunda acepci\u00f3n viene del italiano y hace referencia al momento en el que el director de orquesta con el gesto quiere indicar cu\u00e1ndo y c\u00f3mo va a comenzar la m\u00fasica, con qu\u00e9 car\u00e1cter, din\u00e1mica, atm\u00f3sfera y tempo, conceptos todos que Levare Clarinet Quartet quiere transmitir desde el comienzo de cada una de sus interpretaciones en los conciertos.<\/h4><h4 style=\"text-align: center;\">\u00a0<\/h4><h4 style=\"text-align: center;\">El programa que vamos a presentar es \u201cSpanish Highlights\u201d, que como su nombre indica hace un recorrido por las p\u00e1ginas m\u00e1s interesantes de la m\u00fasica cl\u00e1sica espa\u00f1ola en arreglos para esta formaci\u00f3n de cuarteto de clarinetes, combin\u00e1ndola con obras originales de grandes compositores actuales.<\/h4><h3 style=\"text-align: left;\"><strong>\u00a0 \u00a0 \u00a0 \u00a0 \u00a0 \u00a0\u00a0<\/strong><\/h3><h4 style=\"text-align: center;\">\u00a0<\/h4>\t\t\t\t\t\t<\/div>\n\t\t\t\t<\/div>\n\t\t\t\t<div class=\"elementor-element elementor-element-16f8b56 exad-sticky-section-no exad-glass-effect-no elementor-widget elementor-widget-accordion\" data-id=\"16f8b56\" data-element_type=\"widget\" data-widget_type=\"accordion.default\">\n\t\t\t\t<div class=\"elementor-widget-container\">\n\t\t\t\t\t<div class=\"elementor-accordion\">\n\t\t\t\t\t\t\t<div class=\"elementor-accordion-item\">\n\t\t\t\t\t<div id=\"elementor-tab-title-2401\" class=\"elementor-tab-title\" data-tab=\"1\" role=\"button\" aria-controls=\"elementor-tab-content-2401\" aria-expanded=\"false\">\n\t\t\t\t\t\t\t\t\t\t\t\t\t<span class=\"elementor-accordion-icon elementor-accordion-icon-left\" aria-hidden=\"true\">\n\t\t\t\t\t\t\t\t\t\t\t\t\t\t\t<span class=\"elementor-accordion-icon-closed\"><i class=\"fas fa-plus\"><\/i><\/span>\n\t\t\t\t\t\t\t\t<span class=\"elementor-accordion-icon-opened\"><i class=\"fas fa-minus\"><\/i><\/span>\n\t\t\t\t\t\t\t\t\t\t\t\t\t\t<\/span>\n\t\t\t\t\t\t\t\t\t\t\t\t<a class=\"elementor-accordion-title\" tabindex=\"0\">Nadal Francesc Fenollar<\/a>\n\t\t\t\t\t<\/div>\n\t\t\t\t\t<div id=\"elementor-tab-content-2401\" class=\"elementor-tab-content elementor-clearfix\" data-tab=\"1\" role=\"region\" aria-labelledby=\"elementor-tab-title-2401\"><p>Nace en Valencia. Comienza con el clarinete de la mano de su padre Juan Antonio Fenollar Sala, actual clarinete solista de la Banda Sinf\u00f3nica Municipal de Valencia, siguiendo sus estudios profesionales con Juan Jos\u00e9 Ortiz Font y obteniendo el Premio Extraordinario de Grado Profesional. Ha ampliado sus estudios en la Universidad de M\u00fasica y Arte de Graz (Austria) con el profesor Bertram Egger, finalizando el Grado Superior en el Conservatorio Superior de M\u00fasica \u201cJoaqu\u00edn Rodrigo\u201d de Valencia con el profesor Emilio Ferrando y obteniendo el Premio Extraordinario final de grado en la especialidad de interpretaci\u00f3n.<br \/>Ha realizado el M\u00e1ster en Interpretaci\u00f3n Musical e Investigaci\u00f3n Performativa en el Conservatorio Superior de M\u00fasica \u201cJoaqu\u00edn Rodrigo\u201d de Valencia junto al catedr\u00e1tico Jos\u00e9 Cerver\u00f3. Es solista de la Joven Orquesta Nacional de Espa\u00f1a (JONDE), Jove Orquestra de la Generalitat Valenciana (JORVAL) y de la Joven Orquesta Sinf\u00f3nica de la Federaci\u00f3n de Sociedades Musicales de la Comunitat Valenciana (FSMCV). Tambi\u00e9n ha sido clarinete solista de la Orquesta de C\u00e1mara de Valencia (OCV), la Orquesta Filarm\u00f3nica de la Universidad de Valencia (OFUV) y de la Orquesta de la Universidad de Graz. Ha colaborado con orquestas profesionales como la Orquesta de Valencia y Orquesta Cullerarts. Ha ampliado sus estudios con clarinetistas de la talla de Wenzel Fuchs, Mate Bekavac, Jos\u00e9 Franch Ballester, Javier Mart\u00ednez, Pascal Moragu\u00e9s, Javier Balaguer, Walter Seyfarth, entre otros. Ha obtenido el Primer Premio en la primera y segunda edici\u00f3n del Concurso Nacional de Clarinete Ll\u00edria, Ciutat Creativa, modalidad Superior.<\/p><\/div>\n\t\t\t\t<\/div>\n\t\t\t\t\t\t\t<div class=\"elementor-accordion-item\">\n\t\t\t\t\t<div id=\"elementor-tab-title-2402\" class=\"elementor-tab-title\" data-tab=\"2\" role=\"button\" aria-controls=\"elementor-tab-content-2402\" aria-expanded=\"false\">\n\t\t\t\t\t\t\t\t\t\t\t\t\t<span class=\"elementor-accordion-icon elementor-accordion-icon-left\" aria-hidden=\"true\">\n\t\t\t\t\t\t\t\t\t\t\t\t\t\t\t<span class=\"elementor-accordion-icon-closed\"><i class=\"fas fa-plus\"><\/i><\/span>\n\t\t\t\t\t\t\t\t<span class=\"elementor-accordion-icon-opened\"><i class=\"fas fa-minus\"><\/i><\/span>\n\t\t\t\t\t\t\t\t\t\t\t\t\t\t<\/span>\n\t\t\t\t\t\t\t\t\t\t\t\t<a class=\"elementor-accordion-title\" tabindex=\"0\">Juan Jos\u00e9 Ortiz<\/a>\n\t\t\t\t\t<\/div>\n\t\t\t\t\t<div id=\"elementor-tab-content-2402\" class=\"elementor-tab-content elementor-clearfix\" data-tab=\"2\" role=\"region\" aria-labelledby=\"elementor-tab-title-2402\"><p>Nace en Cullera (Valencia).<br \/>Desde el a\u00f1o 1982 &#8211; 2000 forma parte de la Orq. Filarm\u00f3nica de Gran Canaria como Clarinete \/ Calrinete Bajo.<br \/>Como concertista a estrenado diversas obras para Clarinete Bajo y piano, Clarinete Bajo y Quinteto de viento.<br \/>Ha sido fundador de la Banda de M\u00fasica Villa de Ingenio en Las Palmas de Gran Canaria en el a\u00f1o 1988.<br \/>Entre los a\u00f1os 2005 al 2007 forma parte como clarinetista de la Banda Municipal de Palma de Mallorca.<br \/>Entre los a\u00f1os 2010 al 2016 es profesor y director del Centro Profesional de M\u00fasica S.M.I. Santa Cecilia de Cullera en Valencia.<br \/>Ha asistido a clases de direcci\u00f3n con los profesores Crist\u00f3bal Soler y Salvador Sebasti\u00e1.<br \/>Ha asistido a cursos de perfeccionamiento con grandes maestros del clarinete como Alois Brandofer en el Mozarteum de Salzburgo (Austria) y Wenzel Fuchs solistas de Orquesta Filarm\u00f3nica de Berl\u00edn entre otros.<br \/>Colabora con la Orquesta Municipal de Valencia, Orquesta Cl\u00e1sica de Madrid, Orquesta Acad\u00e9mica de Madrid, Orquesta Eutherpe de Valencia.<br \/>Entre los a\u00f1os 2016 al 2017 ejerce como profesor de Clarinete en el Conservatorio Profesional de M\u00fasica de Santa Cruz de Tenerife, siendo desde el a\u00f1o 2018 profesor de Clarinete del Conservatorio Profesional de las Palmas de Gran Canaria.<\/p><\/div>\n\t\t\t\t<\/div>\n\t\t\t\t\t\t\t<div class=\"elementor-accordion-item\">\n\t\t\t\t\t<div id=\"elementor-tab-title-2403\" class=\"elementor-tab-title\" data-tab=\"3\" role=\"button\" aria-controls=\"elementor-tab-content-2403\" aria-expanded=\"false\">\n\t\t\t\t\t\t\t\t\t\t\t\t\t<span class=\"elementor-accordion-icon elementor-accordion-icon-left\" aria-hidden=\"true\">\n\t\t\t\t\t\t\t\t\t\t\t\t\t\t\t<span class=\"elementor-accordion-icon-closed\"><i class=\"fas fa-plus\"><\/i><\/span>\n\t\t\t\t\t\t\t\t<span class=\"elementor-accordion-icon-opened\"><i class=\"fas fa-minus\"><\/i><\/span>\n\t\t\t\t\t\t\t\t\t\t\t\t\t\t<\/span>\n\t\t\t\t\t\t\t\t\t\t\t\t<a class=\"elementor-accordion-title\" tabindex=\"0\">Juan Antonio Fenollar<\/a>\n\t\t\t\t\t<\/div>\n\t\t\t\t\t<div id=\"elementor-tab-content-2403\" class=\"elementor-tab-content elementor-clearfix\" data-tab=\"3\" role=\"region\" aria-labelledby=\"elementor-tab-title-2403\"><p>Nace en Cullera (Valencia), donde inicia su formaci\u00f3n musical con los profesores Elvira Chornet y Salvador F\u00e9lix. Realiza los estudios superiores en la especialidad de clarinete en el Conservatorio Superior de M\u00fasica de Valencia con los profesores Juan Vercher y Lucas Conejero. Paralelamente estudia clarinete con Jos\u00e9 Vicente Herrera y sigue su formaci\u00f3n musical en la \u201cUniversit\u00e4t Mozarteum Salzburg\u201d con los profesores Alfred Prinz y Alois Brandhofer, ampliando posteriormente sus estudios con Wenzel Fuchs.<br \/>Es miembro fundador de la Joven Orquesta de C\u00e1mara de Espa\u00f1a, colaborando con orquestas como la Orq. de Valencia, Orq. Sinf\u00f3nica RTVE, Orq. Cl\u00e1sica Santa Cecilia de Madrid y Orquesta Filarm\u00f3nica de Berl\u00edn y realizando conciertos con diversos grupos de c\u00e1mara y recitales acompa\u00f1ado de piano. Como docente ha sido profesor en el Conservatorio Superior de M\u00fasica de Gran Canaria, ofreciendo regularmente \u201cmasterclasses\u201d en conservatorios y escuelas de m\u00fasica en Espa\u00f1a e Italia.<br \/>Ha interpretado como concertista de clarinete en orquestas como la Orq. Filarm\u00f3nica de Gran Canaria, Orq. Sinf\u00f3nica de Asturias, Joven Orq. de C\u00e1mara de Espa\u00f1a, Joven Orq. de la Comunidad Valenciana, Joven Orq. de la Comunidad de Madrid, Banda Sinf\u00f3nica Municipal de Valencia, Banda Sinf\u00f3nica Municipal de Alicante, Orquesta Filarm\u00f3nica del Estado de Sibiu (Rumania), Modus Wind Ensemble (Italia) y Orquesta di fiati InCrescenDo (Italia).<br \/>Ha estrenado m\u00faltiples obras para Clarinete, destacando en 2004 el concierto dedicado por Jos\u00e9 Alam\u00e0 con la Orq. Filarm\u00f3nica de la Universidad de Valencia.<br \/>Ha sido Clarinete solista de la Orquesta Filarm\u00f3nica de Gran Canaria y actualmente es Clarinete solista de la Banda Sinf\u00f3nica Municipal de Valencia.<\/p><\/div>\n\t\t\t\t<\/div>\n\t\t\t\t\t\t\t<div class=\"elementor-accordion-item\">\n\t\t\t\t\t<div id=\"elementor-tab-title-2404\" class=\"elementor-tab-title\" data-tab=\"4\" role=\"button\" aria-controls=\"elementor-tab-content-2404\" aria-expanded=\"false\">\n\t\t\t\t\t\t\t\t\t\t\t\t\t<span class=\"elementor-accordion-icon elementor-accordion-icon-left\" aria-hidden=\"true\">\n\t\t\t\t\t\t\t\t\t\t\t\t\t\t\t<span class=\"elementor-accordion-icon-closed\"><i class=\"fas fa-plus\"><\/i><\/span>\n\t\t\t\t\t\t\t\t<span class=\"elementor-accordion-icon-opened\"><i class=\"fas fa-minus\"><\/i><\/span>\n\t\t\t\t\t\t\t\t\t\t\t\t\t\t<\/span>\n\t\t\t\t\t\t\t\t\t\t\t\t<a class=\"elementor-accordion-title\" tabindex=\"0\">Daniel Bellov\u00ed<\/a>\n\t\t\t\t\t<\/div>\n\t\t\t\t\t<div id=\"elementor-tab-content-2404\" class=\"elementor-tab-content elementor-clearfix\" data-tab=\"4\" role=\"region\" aria-labelledby=\"elementor-tab-title-2404\"><p>Comienza sus estudios en el Conservatorio Superior de M\u00fasica \u201cJoaqu\u00edn Rodrigo\u201d de Valencia, donde obtiene el T\u00edtulo Superior de Clarinete, para posteriormente realizar el Master en Clarinete Bajo en el Koninklijk Vlaams Conservatorium de Amberes en B\u00e9lgica.<br \/>Ha ampliado estudios de Clarinete Bajo, con los m\u00e1s prestigiosos profesores del momento como Modesto Escribano, Jan Guns, Josef Horak y Henri Bok recibiendo consejos de Harry Sparnaay.<br \/>Centrado en promover el repertorio del Clarinete Bajo en la m\u00fasica de c\u00e1mara y como instrumento solista ha actuado como concertista con m\u00faltiples Orquestas y Bandas profesionales en Europa y Asia, estrenando m\u00e1s de 50 obras. Ha colaborado con agrupaciones profesionales como la Orquesta Sinf\u00f3nica de Bilbao, Banda Municipal de Madrid, Banda Municipal de Vitoria, Banda Municipal de Bilbao, OCAZ Enigma, entre otros.<br \/>Ha trabajado durante varios a\u00f1os como profesor de Clarinete del Conservatorio Profesional \u00abJos\u00e9 Iturbi\u00bb de Valencia, siendo invitado habitualmente a dar conferencias y masterclass en conservatorios y escuelas de m\u00fasica de Holanda, B\u00e9lgica, Italia y Francia, as\u00ed como en gran parte del territorio nacional.<br \/>Ha sido artista invitado en diversos festivales y concursos como el Europen Clarinet Congress 2023 in Tilburg (Holanda), V Festival Europeo de Clarinete en Ghent (B\u00e9lgica), X Festival Europeo de Clarinete en Gy\u00f6r (Hungr\u00eda), Belgian Music Days en Lovaina en 2018, 33 Festival Internacional de M\u00fasica de Canarias (FIMC), Semana del Clarinete Bajo de Clari Per\u00fa 2022.<br \/>Como investigador ha publicado art\u00edculos sobre el Clarinete Bajo en revistas especializadas como \u201cM\u00fasica i Poble\u201d y \u201cMel\u00f3mano\u201d.<br \/>En la actualidad es Clarinete Bajo y Contrabajo de la Banda Sinf\u00f3nica Municipal de Valencia.<\/p><\/div>\n\t\t\t\t<\/div>\n\t\t\t\t\t\t\t\t<\/div>\n\t\t\t\t<\/div>\n\t\t\t\t<\/div>\n\t\t\t\t\t<\/div>\n\t\t<\/div>\n\t\t\t\t\t<\/div>\n\t\t<\/section>\n\t\t\t\t<\/div>\n\t\t","protected":false},"excerpt":{"rendered":"<p>\u00a0 \u00a0 \u00a0 \u00a0 \u00a0 \u00a0 \u00a0 \u00a0 \u00a0 \u00a0 \u00a0 \u00a0 \u00a0 \u00a0 \u00a0Trayectoria Levare Clarinet Quartet \u00a0 [&hellip;]<\/p>\n","protected":false},"author":1,"featured_media":0,"comment_status":"closed","ping_status":"closed","sticky":false,"template":"elementor_canvas","format":"standard","meta":{"_expiration-date-status":"","_expiration-date":1751009896,"_expiration-date-type":"draft","_expiration-date-categories":[],"_expiration-date-options":[],"footnotes":""},"yoast_head":"<!-- This site is optimized with the Yoast SEO plugin v22.8 - https:\/\/yoast.com\/wordpress\/plugins\/seo\/ -->\n<title>Levare Clarinet Quartet - Trayectoria - Altea Cultural<\/title>\n<meta name=\"robots\" content=\"index, follow, max-snippet:-1, max-image-preview:large, max-video-preview:-1\" \/>\n<link rel=\"canonical\" href=\"https:\/\/www.alteacultural.com\/es\/2025\/06\/27\/levare-clarinet-quartet-trajectoria\/\" \/>\n<meta property=\"og:locale\" content=\"es_ES\" \/>\n<meta property=\"og:type\" content=\"article\" \/>\n<meta property=\"og:title\" content=\"Levare Clarinet Quartet - Trayectoria - Altea Cultural\" \/>\n<meta property=\"og:description\" content=\"\u00a0 \u00a0 \u00a0 \u00a0 \u00a0 \u00a0 \u00a0 \u00a0 \u00a0 \u00a0 \u00a0 \u00a0 \u00a0 \u00a0 \u00a0Trayectoria Levare Clarinet Quartet \u00a0 [&hellip;]\" \/>\n<meta property=\"og:url\" content=\"https:\/\/www.alteacultural.com\/es\/2025\/06\/27\/levare-clarinet-quartet-trajectoria\/\" \/>\n<meta property=\"og:site_name\" content=\"Altea Cultural\" \/>\n<meta property=\"article:published_time\" content=\"2025-06-27T07:20:08+00:00\" \/>\n<meta property=\"article:modified_time\" content=\"2025-06-27T07:38:20+00:00\" \/>\n<meta property=\"og:image\" content=\"https:\/\/www.alteacultural.com\/wp-content\/uploads\/elementor\/thumbs\/valencia-pt48thfiy0n8d036da41ndkk48zbusn7jwawsx7u0c.jpg\" \/>\n<meta name=\"author\" content=\"sfaltea.com-admin\" \/>\n<meta name=\"twitter:card\" content=\"summary_large_image\" \/>\n<meta name=\"twitter:label1\" content=\"Escrito por\" \/>\n\t<meta name=\"twitter:data1\" content=\"sfaltea.com-admin\" \/>\n<script type=\"application\/ld+json\" class=\"yoast-schema-graph\">{\"@context\":\"https:\/\/schema.org\",\"@graph\":[{\"@type\":\"WebPage\",\"@id\":\"https:\/\/www.alteacultural.com\/es\/2025\/06\/27\/levare-clarinet-quartet-trajectoria\/\",\"url\":\"https:\/\/www.alteacultural.com\/es\/2025\/06\/27\/levare-clarinet-quartet-trajectoria\/\",\"name\":\"Levare Clarinet Quartet - Trayectoria - Altea Cultural\",\"isPartOf\":{\"@id\":\"https:\/\/www.alteacultural.com\/es\/#website\"},\"primaryImageOfPage\":{\"@id\":\"https:\/\/www.alteacultural.com\/es\/2025\/06\/27\/levare-clarinet-quartet-trajectoria\/#primaryimage\"},\"image\":{\"@id\":\"https:\/\/www.alteacultural.com\/es\/2025\/06\/27\/levare-clarinet-quartet-trajectoria\/#primaryimage\"},\"thumbnailUrl\":\"https:\/\/www.alteacultural.com\/wp-content\/uploads\/elementor\/thumbs\/valencia-pt48thfiy0n8d036da41ndkk48zbusn7jwawsx7u0c.jpg\",\"datePublished\":\"2025-06-27T07:20:08+00:00\",\"dateModified\":\"2025-06-27T07:38:20+00:00\",\"author\":{\"@id\":\"https:\/\/www.alteacultural.com\/es\/#\/schema\/person\/c4e137537f1af546d214a315255e5172\"},\"breadcrumb\":{\"@id\":\"https:\/\/www.alteacultural.com\/es\/2025\/06\/27\/levare-clarinet-quartet-trajectoria\/#breadcrumb\"},\"inLanguage\":\"es\",\"potentialAction\":[{\"@type\":\"ReadAction\",\"target\":[\"https:\/\/www.alteacultural.com\/es\/2025\/06\/27\/levare-clarinet-quartet-trajectoria\/\"]}]},{\"@type\":\"ImageObject\",\"inLanguage\":\"es\",\"@id\":\"https:\/\/www.alteacultural.com\/es\/2025\/06\/27\/levare-clarinet-quartet-trajectoria\/#primaryimage\",\"url\":\"https:\/\/www.alteacultural.com\/wp-content\/uploads\/elementor\/thumbs\/valencia-pt48thfiy0n8d036da41ndkk48zbusn7jwawsx7u0c.jpg\",\"contentUrl\":\"https:\/\/www.alteacultural.com\/wp-content\/uploads\/elementor\/thumbs\/valencia-pt48thfiy0n8d036da41ndkk48zbusn7jwawsx7u0c.jpg\"},{\"@type\":\"BreadcrumbList\",\"@id\":\"https:\/\/www.alteacultural.com\/es\/2025\/06\/27\/levare-clarinet-quartet-trajectoria\/#breadcrumb\",\"itemListElement\":[{\"@type\":\"ListItem\",\"position\":1,\"name\":\"Inici\",\"item\":\"https:\/\/www.alteacultural.com\/es\/\"},{\"@type\":\"ListItem\",\"position\":2,\"name\":\"Levare Clarinet Quartet &#8211; Trayectoria\"}]},{\"@type\":\"WebSite\",\"@id\":\"https:\/\/www.alteacultural.com\/es\/#website\",\"url\":\"https:\/\/www.alteacultural.com\/es\/\",\"name\":\"Altea Cultural\",\"description\":\"Regidoria de Cultura de l&#039;Ajuntament d&#039;Altea\",\"potentialAction\":[{\"@type\":\"SearchAction\",\"target\":{\"@type\":\"EntryPoint\",\"urlTemplate\":\"https:\/\/www.alteacultural.com\/es\/?s={search_term_string}\"},\"query-input\":\"required name=search_term_string\"}],\"inLanguage\":\"es\"},{\"@type\":\"Person\",\"@id\":\"https:\/\/www.alteacultural.com\/es\/#\/schema\/person\/c4e137537f1af546d214a315255e5172\",\"name\":\"sfaltea.com-admin\",\"image\":{\"@type\":\"ImageObject\",\"inLanguage\":\"es\",\"@id\":\"https:\/\/www.alteacultural.com\/es\/#\/schema\/person\/image\/\",\"url\":\"https:\/\/secure.gravatar.com\/avatar\/f7473fa2fbd351270ccfd469de536202?s=96&d=mm&r=g\",\"contentUrl\":\"https:\/\/secure.gravatar.com\/avatar\/f7473fa2fbd351270ccfd469de536202?s=96&d=mm&r=g\",\"caption\":\"sfaltea.com-admin\"},\"url\":\"https:\/\/www.alteacultural.com\/es\/author\/sfaltea-com-admin\/\"}]}<\/script>\n<!-- \/ Yoast SEO plugin. -->","yoast_head_json":{"title":"Levare Clarinet Quartet - Trayectoria - Altea Cultural","robots":{"index":"index","follow":"follow","max-snippet":"max-snippet:-1","max-image-preview":"max-image-preview:large","max-video-preview":"max-video-preview:-1"},"canonical":"https:\/\/www.alteacultural.com\/es\/2025\/06\/27\/levare-clarinet-quartet-trajectoria\/","og_locale":"es_ES","og_type":"article","og_title":"Levare Clarinet Quartet - Trayectoria - Altea Cultural","og_description":"\u00a0 \u00a0 \u00a0 \u00a0 \u00a0 \u00a0 \u00a0 \u00a0 \u00a0 \u00a0 \u00a0 \u00a0 \u00a0 \u00a0 \u00a0Trayectoria Levare Clarinet Quartet \u00a0 [&hellip;]","og_url":"https:\/\/www.alteacultural.com\/es\/2025\/06\/27\/levare-clarinet-quartet-trajectoria\/","og_site_name":"Altea Cultural","article_published_time":"2025-06-27T07:20:08+00:00","article_modified_time":"2025-06-27T07:38:20+00:00","og_image":[{"url":"https:\/\/www.alteacultural.com\/wp-content\/uploads\/elementor\/thumbs\/valencia-pt48thfiy0n8d036da41ndkk48zbusn7jwawsx7u0c.jpg"}],"author":"sfaltea.com-admin","twitter_card":"summary_large_image","twitter_misc":{"Escrito por":"sfaltea.com-admin"},"schema":{"@context":"https:\/\/schema.org","@graph":[{"@type":"WebPage","@id":"https:\/\/www.alteacultural.com\/es\/2025\/06\/27\/levare-clarinet-quartet-trajectoria\/","url":"https:\/\/www.alteacultural.com\/es\/2025\/06\/27\/levare-clarinet-quartet-trajectoria\/","name":"Levare Clarinet Quartet - Trayectoria - Altea Cultural","isPartOf":{"@id":"https:\/\/www.alteacultural.com\/es\/#website"},"primaryImageOfPage":{"@id":"https:\/\/www.alteacultural.com\/es\/2025\/06\/27\/levare-clarinet-quartet-trajectoria\/#primaryimage"},"image":{"@id":"https:\/\/www.alteacultural.com\/es\/2025\/06\/27\/levare-clarinet-quartet-trajectoria\/#primaryimage"},"thumbnailUrl":"https:\/\/www.alteacultural.com\/wp-content\/uploads\/elementor\/thumbs\/valencia-pt48thfiy0n8d036da41ndkk48zbusn7jwawsx7u0c.jpg","datePublished":"2025-06-27T07:20:08+00:00","dateModified":"2025-06-27T07:38:20+00:00","author":{"@id":"https:\/\/www.alteacultural.com\/es\/#\/schema\/person\/c4e137537f1af546d214a315255e5172"},"breadcrumb":{"@id":"https:\/\/www.alteacultural.com\/es\/2025\/06\/27\/levare-clarinet-quartet-trajectoria\/#breadcrumb"},"inLanguage":"es","potentialAction":[{"@type":"ReadAction","target":["https:\/\/www.alteacultural.com\/es\/2025\/06\/27\/levare-clarinet-quartet-trajectoria\/"]}]},{"@type":"ImageObject","inLanguage":"es","@id":"https:\/\/www.alteacultural.com\/es\/2025\/06\/27\/levare-clarinet-quartet-trajectoria\/#primaryimage","url":"https:\/\/www.alteacultural.com\/wp-content\/uploads\/elementor\/thumbs\/valencia-pt48thfiy0n8d036da41ndkk48zbusn7jwawsx7u0c.jpg","contentUrl":"https:\/\/www.alteacultural.com\/wp-content\/uploads\/elementor\/thumbs\/valencia-pt48thfiy0n8d036da41ndkk48zbusn7jwawsx7u0c.jpg"},{"@type":"BreadcrumbList","@id":"https:\/\/www.alteacultural.com\/es\/2025\/06\/27\/levare-clarinet-quartet-trajectoria\/#breadcrumb","itemListElement":[{"@type":"ListItem","position":1,"name":"Inici","item":"https:\/\/www.alteacultural.com\/es\/"},{"@type":"ListItem","position":2,"name":"Levare Clarinet Quartet &#8211; Trayectoria"}]},{"@type":"WebSite","@id":"https:\/\/www.alteacultural.com\/es\/#website","url":"https:\/\/www.alteacultural.com\/es\/","name":"Altea Cultural","description":"Regidoria de Cultura de l&#039;Ajuntament d&#039;Altea","potentialAction":[{"@type":"SearchAction","target":{"@type":"EntryPoint","urlTemplate":"https:\/\/www.alteacultural.com\/es\/?s={search_term_string}"},"query-input":"required name=search_term_string"}],"inLanguage":"es"},{"@type":"Person","@id":"https:\/\/www.alteacultural.com\/es\/#\/schema\/person\/c4e137537f1af546d214a315255e5172","name":"sfaltea.com-admin","image":{"@type":"ImageObject","inLanguage":"es","@id":"https:\/\/www.alteacultural.com\/es\/#\/schema\/person\/image\/","url":"https:\/\/secure.gravatar.com\/avatar\/f7473fa2fbd351270ccfd469de536202?s=96&d=mm&r=g","contentUrl":"https:\/\/secure.gravatar.com\/avatar\/f7473fa2fbd351270ccfd469de536202?s=96&d=mm&r=g","caption":"sfaltea.com-admin"},"url":"https:\/\/www.alteacultural.com\/es\/author\/sfaltea-com-admin\/"}]}},"_links":{"self":[{"href":"https:\/\/www.alteacultural.com\/es\/wp-json\/wp\/v2\/posts\/37036"}],"collection":[{"href":"https:\/\/www.alteacultural.com\/es\/wp-json\/wp\/v2\/posts"}],"about":[{"href":"https:\/\/www.alteacultural.com\/es\/wp-json\/wp\/v2\/types\/post"}],"author":[{"embeddable":true,"href":"https:\/\/www.alteacultural.com\/es\/wp-json\/wp\/v2\/users\/1"}],"replies":[{"embeddable":true,"href":"https:\/\/www.alteacultural.com\/es\/wp-json\/wp\/v2\/comments?post=37036"}],"version-history":[{"count":7,"href":"https:\/\/www.alteacultural.com\/es\/wp-json\/wp\/v2\/posts\/37036\/revisions"}],"predecessor-version":[{"id":37046,"href":"https:\/\/www.alteacultural.com\/es\/wp-json\/wp\/v2\/posts\/37036\/revisions\/37046"}],"wp:attachment":[{"href":"https:\/\/www.alteacultural.com\/es\/wp-json\/wp\/v2\/media?parent=37036"}],"curies":[{"name":"wp","href":"https:\/\/api.w.org\/{rel}","templated":true}]}}