{"id":38098,"date":"2025-05-30T18:03:00","date_gmt":"2025-05-30T16:03:00","guid":{"rendered":"https:\/\/www.alteacultural.com\/2025\/05\/30\/ajuda-rebuda-de-la-diputacio-dalacant-per-a-activitats-culturals-musicals-i-esceniques\/"},"modified":"2025-10-03T23:10:54","modified_gmt":"2025-10-03T21:10:54","slug":"ajuda-rebuda-de-la-diputacio-dalacant-per-a-activitats-culturals-musicals-i-esceniques","status":"publish","type":"post","link":"https:\/\/www.alteacultural.com\/es\/2025\/05\/30\/ajuda-rebuda-de-la-diputacio-dalacant-per-a-activitats-culturals-musicals-i-esceniques\/","title":{"rendered":"Ayuda recibida de la Diputaci\u00f3n de Alicante para activitades culturales, musicales y esc\u00e9nicas"},"content":{"rendered":"\n<div style=\"height:19px\" aria-hidden=\"true\" class=\"wp-block-spacer\"><\/div>\n\n\n\n<div class=\"wp-block-media-text has-media-on-the-right is-stacked-on-mobile\" style=\"grid-template-columns:auto 28%\"><div class=\"wp-block-media-text__content\">\n<p>El Ayuntamiento de Altea ha recibido de la Diputaci\u00f3n de Alicante una ayuda por importe de 19.208,00 \u20ac para los proyectos &#8216;Ruta de les Ermites&#8217;, &#8216;Beethoven Fest&#8217;, &#8216;Encontes&#8217; y &#8216;Concierto Orquesta de Pulso y Pua SFA&#8217; dentro de la l\u00ednea de subvenciones a ayuntamientos para la realizaci\u00f3n de activitades culturales, musicales y esc\u00e9nicas 2025.<br><br><a href=\"https:\/\/www.dip-alicante.es\/bop2\/pdftotal\/2025\/05\/29_101\/2025_003798.pdf\" target=\"_blank\" rel=\"noreferrer noopener\"><strong>Ver resoluci\u00f3n.<\/strong><\/a><\/p>\n<\/div><figure class=\"wp-block-media-text__media\"><img fetchpriority=\"high\" decoding=\"async\" width=\"785\" height=\"917\" src=\"https:\/\/www.alteacultural.com\/wp-content\/uploads\/2024\/09\/logo-diputacion-azul-rec.jpg\" alt=\"\" class=\"wp-image-32543 size-full\" srcset=\"https:\/\/www.alteacultural.com\/wp-content\/uploads\/2024\/09\/logo-diputacion-azul-rec.jpg 785w, https:\/\/www.alteacultural.com\/wp-content\/uploads\/2024\/09\/logo-diputacion-azul-rec-768x897.jpg 768w\" sizes=\"(max-width: 785px) 100vw, 785px\" \/><\/figure><\/div>\n","protected":false},"excerpt":{"rendered":"<p>El Ayuntamiento de Altea ha recibido de la Diputaci\u00f3n de Alicante una ayuda por importe de 19.208,00 \u20ac para [&hellip;]<\/p>\n","protected":false},"author":1,"featured_media":32553,"comment_status":"open","ping_status":"open","sticky":false,"template":"","format":"standard","meta":{"_expiration-date-status":"","_expiration-date":0,"_expiration-date-type":"","_expiration-date-categories":[],"_expiration-date-options":[],"footnotes":""},"yoast_head":"<!-- This site is optimized with the Yoast SEO plugin v22.8 - https:\/\/yoast.com\/wordpress\/plugins\/seo\/ -->\n<title>Ayuda recibida de la Diputaci\u00f3n de Alicante para activitades culturales, musicales y esc\u00e9nicas - Altea Cultural<\/title>\n<meta name=\"robots\" content=\"index, follow, max-snippet:-1, max-image-preview:large, max-video-preview:-1\" \/>\n<link rel=\"canonical\" href=\"https:\/\/www.alteacultural.com\/es\/2025\/05\/30\/ajuda-rebuda-de-la-diputacio-dalacant-per-a-activitats-culturals-musicals-i-esceniques\/\" \/>\n<meta property=\"og:locale\" content=\"es_ES\" \/>\n<meta property=\"og:type\" content=\"article\" \/>\n<meta property=\"og:title\" content=\"Ayuda recibida de la Diputaci\u00f3n de Alicante para activitades culturales, musicales y esc\u00e9nicas - Altea Cultural\" \/>\n<meta property=\"og:description\" content=\"El Ayuntamiento de Altea ha recibido de la Diputaci\u00f3n de Alicante una ayuda por importe de 19.208,00 \u20ac para [&hellip;]\" \/>\n<meta property=\"og:url\" content=\"https:\/\/www.alteacultural.com\/es\/2025\/05\/30\/ajuda-rebuda-de-la-diputacio-dalacant-per-a-activitats-culturals-musicals-i-esceniques\/\" \/>\n<meta property=\"og:site_name\" content=\"Altea Cultural\" \/>\n<meta property=\"article:published_time\" content=\"2025-05-30T16:03:00+00:00\" \/>\n<meta property=\"article:modified_time\" content=\"2025-10-03T21:10:54+00:00\" \/>\n<meta property=\"og:image\" content=\"https:\/\/www.alteacultural.com\/wp-content\/uploads\/2024\/05\/diputacion_alicante_banner.jpg\" \/>\n\t<meta property=\"og:image:width\" content=\"784\" \/>\n\t<meta property=\"og:image:height\" content=\"450\" \/>\n\t<meta property=\"og:image:type\" content=\"image\/jpeg\" \/>\n<meta name=\"author\" content=\"sfaltea.com-admin\" \/>\n<meta name=\"twitter:card\" content=\"summary_large_image\" \/>\n<meta name=\"twitter:label1\" content=\"Escrito por\" \/>\n\t<meta name=\"twitter:data1\" content=\"sfaltea.com-admin\" \/>\n\t<meta name=\"twitter:label2\" content=\"Tiempo de lectura\" \/>\n\t<meta name=\"twitter:data2\" content=\"1 minuto\" \/>\n<script type=\"application\/ld+json\" class=\"yoast-schema-graph\">{\"@context\":\"https:\/\/schema.org\",\"@graph\":[{\"@type\":\"WebPage\",\"@id\":\"https:\/\/www.alteacultural.com\/es\/2025\/05\/30\/ajuda-rebuda-de-la-diputacio-dalacant-per-a-activitats-culturals-musicals-i-esceniques\/\",\"url\":\"https:\/\/www.alteacultural.com\/es\/2025\/05\/30\/ajuda-rebuda-de-la-diputacio-dalacant-per-a-activitats-culturals-musicals-i-esceniques\/\",\"name\":\"Ayuda recibida de la Diputaci\u00f3n de Alicante para activitades culturales, musicales y esc\u00e9nicas - Altea Cultural\",\"isPartOf\":{\"@id\":\"https:\/\/www.alteacultural.com\/es\/#website\"},\"primaryImageOfPage\":{\"@id\":\"https:\/\/www.alteacultural.com\/es\/2025\/05\/30\/ajuda-rebuda-de-la-diputacio-dalacant-per-a-activitats-culturals-musicals-i-esceniques\/#primaryimage\"},\"image\":{\"@id\":\"https:\/\/www.alteacultural.com\/es\/2025\/05\/30\/ajuda-rebuda-de-la-diputacio-dalacant-per-a-activitats-culturals-musicals-i-esceniques\/#primaryimage\"},\"thumbnailUrl\":\"https:\/\/www.alteacultural.com\/wp-content\/uploads\/2024\/05\/diputacion_alicante_banner.jpg\",\"datePublished\":\"2025-05-30T16:03:00+00:00\",\"dateModified\":\"2025-10-03T21:10:54+00:00\",\"author\":{\"@id\":\"https:\/\/www.alteacultural.com\/es\/#\/schema\/person\/c4e137537f1af546d214a315255e5172\"},\"breadcrumb\":{\"@id\":\"https:\/\/www.alteacultural.com\/es\/2025\/05\/30\/ajuda-rebuda-de-la-diputacio-dalacant-per-a-activitats-culturals-musicals-i-esceniques\/#breadcrumb\"},\"inLanguage\":\"es\",\"potentialAction\":[{\"@type\":\"ReadAction\",\"target\":[\"https:\/\/www.alteacultural.com\/es\/2025\/05\/30\/ajuda-rebuda-de-la-diputacio-dalacant-per-a-activitats-culturals-musicals-i-esceniques\/\"]}]},{\"@type\":\"ImageObject\",\"inLanguage\":\"es\",\"@id\":\"https:\/\/www.alteacultural.com\/es\/2025\/05\/30\/ajuda-rebuda-de-la-diputacio-dalacant-per-a-activitats-culturals-musicals-i-esceniques\/#primaryimage\",\"url\":\"https:\/\/www.alteacultural.com\/wp-content\/uploads\/2024\/05\/diputacion_alicante_banner.jpg\",\"contentUrl\":\"https:\/\/www.alteacultural.com\/wp-content\/uploads\/2024\/05\/diputacion_alicante_banner.jpg\",\"width\":784,\"height\":450},{\"@type\":\"BreadcrumbList\",\"@id\":\"https:\/\/www.alteacultural.com\/es\/2025\/05\/30\/ajuda-rebuda-de-la-diputacio-dalacant-per-a-activitats-culturals-musicals-i-esceniques\/#breadcrumb\",\"itemListElement\":[{\"@type\":\"ListItem\",\"position\":1,\"name\":\"Inici\",\"item\":\"https:\/\/www.alteacultural.com\/es\/\"},{\"@type\":\"ListItem\",\"position\":2,\"name\":\"Ayuda recibida de la Diputaci\u00f3n de Alicante para activitades culturales, musicales y esc\u00e9nicas\"}]},{\"@type\":\"WebSite\",\"@id\":\"https:\/\/www.alteacultural.com\/es\/#website\",\"url\":\"https:\/\/www.alteacultural.com\/es\/\",\"name\":\"Altea Cultural\",\"description\":\"Regidoria de Cultura de l&#039;Ajuntament d&#039;Altea\",\"potentialAction\":[{\"@type\":\"SearchAction\",\"target\":{\"@type\":\"EntryPoint\",\"urlTemplate\":\"https:\/\/www.alteacultural.com\/es\/?s={search_term_string}\"},\"query-input\":\"required name=search_term_string\"}],\"inLanguage\":\"es\"},{\"@type\":\"Person\",\"@id\":\"https:\/\/www.alteacultural.com\/es\/#\/schema\/person\/c4e137537f1af546d214a315255e5172\",\"name\":\"sfaltea.com-admin\",\"image\":{\"@type\":\"ImageObject\",\"inLanguage\":\"es\",\"@id\":\"https:\/\/www.alteacultural.com\/es\/#\/schema\/person\/image\/\",\"url\":\"https:\/\/secure.gravatar.com\/avatar\/f7473fa2fbd351270ccfd469de536202?s=96&d=mm&r=g\",\"contentUrl\":\"https:\/\/secure.gravatar.com\/avatar\/f7473fa2fbd351270ccfd469de536202?s=96&d=mm&r=g\",\"caption\":\"sfaltea.com-admin\"},\"url\":\"https:\/\/www.alteacultural.com\/es\/author\/sfaltea-com-admin\/\"}]}<\/script>\n<!-- \/ Yoast SEO plugin. -->","yoast_head_json":{"title":"Ayuda recibida de la Diputaci\u00f3n de Alicante para activitades culturales, musicales y esc\u00e9nicas - Altea Cultural","robots":{"index":"index","follow":"follow","max-snippet":"max-snippet:-1","max-image-preview":"max-image-preview:large","max-video-preview":"max-video-preview:-1"},"canonical":"https:\/\/www.alteacultural.com\/es\/2025\/05\/30\/ajuda-rebuda-de-la-diputacio-dalacant-per-a-activitats-culturals-musicals-i-esceniques\/","og_locale":"es_ES","og_type":"article","og_title":"Ayuda recibida de la Diputaci\u00f3n de Alicante para activitades culturales, musicales y esc\u00e9nicas - Altea Cultural","og_description":"El Ayuntamiento de Altea ha recibido de la Diputaci\u00f3n de Alicante una ayuda por importe de 19.208,00 \u20ac para [&hellip;]","og_url":"https:\/\/www.alteacultural.com\/es\/2025\/05\/30\/ajuda-rebuda-de-la-diputacio-dalacant-per-a-activitats-culturals-musicals-i-esceniques\/","og_site_name":"Altea Cultural","article_published_time":"2025-05-30T16:03:00+00:00","article_modified_time":"2025-10-03T21:10:54+00:00","og_image":[{"width":784,"height":450,"url":"https:\/\/www.alteacultural.com\/wp-content\/uploads\/2024\/05\/diputacion_alicante_banner.jpg","type":"image\/jpeg"}],"author":"sfaltea.com-admin","twitter_card":"summary_large_image","twitter_misc":{"Escrito por":"sfaltea.com-admin","Tiempo de lectura":"1 minuto"},"schema":{"@context":"https:\/\/schema.org","@graph":[{"@type":"WebPage","@id":"https:\/\/www.alteacultural.com\/es\/2025\/05\/30\/ajuda-rebuda-de-la-diputacio-dalacant-per-a-activitats-culturals-musicals-i-esceniques\/","url":"https:\/\/www.alteacultural.com\/es\/2025\/05\/30\/ajuda-rebuda-de-la-diputacio-dalacant-per-a-activitats-culturals-musicals-i-esceniques\/","name":"Ayuda recibida de la Diputaci\u00f3n de Alicante para activitades culturales, musicales y esc\u00e9nicas - Altea Cultural","isPartOf":{"@id":"https:\/\/www.alteacultural.com\/es\/#website"},"primaryImageOfPage":{"@id":"https:\/\/www.alteacultural.com\/es\/2025\/05\/30\/ajuda-rebuda-de-la-diputacio-dalacant-per-a-activitats-culturals-musicals-i-esceniques\/#primaryimage"},"image":{"@id":"https:\/\/www.alteacultural.com\/es\/2025\/05\/30\/ajuda-rebuda-de-la-diputacio-dalacant-per-a-activitats-culturals-musicals-i-esceniques\/#primaryimage"},"thumbnailUrl":"https:\/\/www.alteacultural.com\/wp-content\/uploads\/2024\/05\/diputacion_alicante_banner.jpg","datePublished":"2025-05-30T16:03:00+00:00","dateModified":"2025-10-03T21:10:54+00:00","author":{"@id":"https:\/\/www.alteacultural.com\/es\/#\/schema\/person\/c4e137537f1af546d214a315255e5172"},"breadcrumb":{"@id":"https:\/\/www.alteacultural.com\/es\/2025\/05\/30\/ajuda-rebuda-de-la-diputacio-dalacant-per-a-activitats-culturals-musicals-i-esceniques\/#breadcrumb"},"inLanguage":"es","potentialAction":[{"@type":"ReadAction","target":["https:\/\/www.alteacultural.com\/es\/2025\/05\/30\/ajuda-rebuda-de-la-diputacio-dalacant-per-a-activitats-culturals-musicals-i-esceniques\/"]}]},{"@type":"ImageObject","inLanguage":"es","@id":"https:\/\/www.alteacultural.com\/es\/2025\/05\/30\/ajuda-rebuda-de-la-diputacio-dalacant-per-a-activitats-culturals-musicals-i-esceniques\/#primaryimage","url":"https:\/\/www.alteacultural.com\/wp-content\/uploads\/2024\/05\/diputacion_alicante_banner.jpg","contentUrl":"https:\/\/www.alteacultural.com\/wp-content\/uploads\/2024\/05\/diputacion_alicante_banner.jpg","width":784,"height":450},{"@type":"BreadcrumbList","@id":"https:\/\/www.alteacultural.com\/es\/2025\/05\/30\/ajuda-rebuda-de-la-diputacio-dalacant-per-a-activitats-culturals-musicals-i-esceniques\/#breadcrumb","itemListElement":[{"@type":"ListItem","position":1,"name":"Inici","item":"https:\/\/www.alteacultural.com\/es\/"},{"@type":"ListItem","position":2,"name":"Ayuda recibida de la Diputaci\u00f3n de Alicante para activitades culturales, musicales y esc\u00e9nicas"}]},{"@type":"WebSite","@id":"https:\/\/www.alteacultural.com\/es\/#website","url":"https:\/\/www.alteacultural.com\/es\/","name":"Altea Cultural","description":"Regidoria de Cultura de l&#039;Ajuntament d&#039;Altea","potentialAction":[{"@type":"SearchAction","target":{"@type":"EntryPoint","urlTemplate":"https:\/\/www.alteacultural.com\/es\/?s={search_term_string}"},"query-input":"required name=search_term_string"}],"inLanguage":"es"},{"@type":"Person","@id":"https:\/\/www.alteacultural.com\/es\/#\/schema\/person\/c4e137537f1af546d214a315255e5172","name":"sfaltea.com-admin","image":{"@type":"ImageObject","inLanguage":"es","@id":"https:\/\/www.alteacultural.com\/es\/#\/schema\/person\/image\/","url":"https:\/\/secure.gravatar.com\/avatar\/f7473fa2fbd351270ccfd469de536202?s=96&d=mm&r=g","contentUrl":"https:\/\/secure.gravatar.com\/avatar\/f7473fa2fbd351270ccfd469de536202?s=96&d=mm&r=g","caption":"sfaltea.com-admin"},"url":"https:\/\/www.alteacultural.com\/es\/author\/sfaltea-com-admin\/"}]}},"_links":{"self":[{"href":"https:\/\/www.alteacultural.com\/es\/wp-json\/wp\/v2\/posts\/38098"}],"collection":[{"href":"https:\/\/www.alteacultural.com\/es\/wp-json\/wp\/v2\/posts"}],"about":[{"href":"https:\/\/www.alteacultural.com\/es\/wp-json\/wp\/v2\/types\/post"}],"author":[{"embeddable":true,"href":"https:\/\/www.alteacultural.com\/es\/wp-json\/wp\/v2\/users\/1"}],"replies":[{"embeddable":true,"href":"https:\/\/www.alteacultural.com\/es\/wp-json\/wp\/v2\/comments?post=38098"}],"version-history":[{"count":1,"href":"https:\/\/www.alteacultural.com\/es\/wp-json\/wp\/v2\/posts\/38098\/revisions"}],"predecessor-version":[{"id":38100,"href":"https:\/\/www.alteacultural.com\/es\/wp-json\/wp\/v2\/posts\/38098\/revisions\/38100"}],"wp:featuredmedia":[{"embeddable":true,"href":"https:\/\/www.alteacultural.com\/es\/wp-json\/wp\/v2\/media\/32553"}],"wp:attachment":[{"href":"https:\/\/www.alteacultural.com\/es\/wp-json\/wp\/v2\/media?parent=38098"}],"curies":[{"name":"wp","href":"https:\/\/api.w.org\/{rel}","templated":true}]}}