{"id":38116,"date":"2025-09-15T09:38:03","date_gmt":"2025-09-15T07:38:03","guid":{"rendered":"https:\/\/www.alteacultural.com\/2025\/09\/15\/lajuntament-daltea-celebra-lexit-de-lexposicio-dedicada-a-les-dones-de-navarro-ramon-en-el-mubag\/"},"modified":"2025-10-06T09:43:08","modified_gmt":"2025-10-06T07:43:08","slug":"lajuntament-daltea-celebra-lexit-de-lexposicio-dedicada-a-les-dones-de-navarro-ramon-en-el-mubag","status":"publish","type":"post","link":"https:\/\/www.alteacultural.com\/es\/2025\/09\/15\/lajuntament-daltea-celebra-lexit-de-lexposicio-dedicada-a-les-dones-de-navarro-ramon-en-el-mubag\/","title":{"rendered":"El Ayuntamiento de Altea celebra el \u00e9xito de la exposici\u00f3n dedicada a las \u201cMujeres de Navarro Ram\u00f3n\u201d en el MUBAG"},"content":{"rendered":"\n<figure class=\"wp-block-image size-full\"><img fetchpriority=\"high\" decoding=\"async\" width=\"800\" height=\"928\" src=\"https:\/\/www.alteacultural.com\/wp-content\/uploads\/2025\/10\/Expo-Navarro-Ramon-MUBAG-1-web.jpg\" alt=\"\" class=\"wp-image-38110\" srcset=\"https:\/\/www.alteacultural.com\/wp-content\/uploads\/2025\/10\/Expo-Navarro-Ramon-MUBAG-1-web.jpg 800w, https:\/\/www.alteacultural.com\/wp-content\/uploads\/2025\/10\/Expo-Navarro-Ramon-MUBAG-1-web-768x891.jpg 768w\" sizes=\"(max-width: 800px) 100vw, 800px\" \/><\/figure>\n\n\n\n<p>El departamento de Cultura del Ayuntamiento de Altea muestra su satisfacci\u00f3n por el gran \u00e9xito de la exposici\u00f3n dedicada a las Mujeres de Navarro Ram\u00f3n, organizada por el Consorcio de Museos de la Comunitat Valenciana y comisariada por Juana M\u00aa Balsalobre, que se ha podido visitar en el Museo de Bellas Artes Gravina, MUBAG, de Alicante hasta el 14 de septiembre.<\/p>\n\n\n\n<p>En el d\u00eda de ayer, 11 de septiembre, se presentaba de forma oficial el cat\u00e1logo de la muestra, que ha contado con la colaboraci\u00f3n del Ayuntamiento de Altea mediante la cesi\u00f3n de m\u00e1s de 50 obras pertenecientes a la Colecci\u00f3n Navarro Ram\u00f3n de Altea.<\/p>\n\n\n\n<p>La exposici\u00f3n, inaugurada hace unos meses, ha despertado un enorme inter\u00e9s entre el p\u00fablico, alcanzando la cifra de m\u00e1s de 13.000 visitantes, lo que pone de manifiesto la vigencia y relevancia de la obra de Navarro Ram\u00f3n y, en especial, el protagonismo que otorg\u00f3 a la figura femenina en su trayectoria art\u00edstica. Las visitas guiadas tanto para adultos como para ni\u00f1os han sido un \u00e9xito, dando a conocer la parte m\u00e1s personal de la vida del autor.<\/p>\n\n\n\n<p>En palabras de Pepa V. P\u00e9rez, concejala de Cultura del Ayuntamiento de Altea, \u201cpara Altea ha sido un orgullo formar parte de esta exposici\u00f3n tan especial. La gran acogida que ha tenido demuestra el inter\u00e9s que despierta la obra de Navarro Ram\u00f3n y la importancia de preservar y difundir su legado\u201d. A lo que ha a\u00f1adido, \u201cgracias a la colaboraci\u00f3n institucional, el arte alteano ha estado presente en un museo de referencia como el MUBAG, acercando a miles de personas a la sensibilidad y fuerza de estas mujeres pintadas por nuestro artista\u201d.<\/p>\n\n\n\n<p>La edil alteana de Cultura acababa agradeciendo la exposici\u00f3n de Navarro Ram\u00f3n en el MUBAG: \u201cmi m\u00e1s sincero agradecimiento a todo el personal del MUBAG encabezado por su director, Jorge A. Soler D\u00edaz y en especial a nuestra querida Juana Mar\u00eda Balsalobre, sin duda la persona que m\u00e1s ha hecho y sigue haciendo por dar a conocer la obra de nuestro artista\u201d.<\/p>\n\n\n\n<p>Por su parte, la comisaria de la exposici\u00f3n, Juana M\u00aa Balsalobre, quien tambi\u00e9n es una de las autoras del cat\u00e1logo y responsable del comisariado del 120 aniversario del pintor, destacaba que \u201ccon esta exposici\u00f3n culmina un trabajo de m\u00e1s de veinte a\u00f1os de investigaci\u00f3n sobre la figura de Navarro Ram\u00f3n. La mirada a las mujeres en su obra es la muestra m\u00e1s clara de su modernidad y sensibilidad art\u00edstica. Haber podido reunir estas piezas en el MUBAG, con el apoyo del Ayuntamiento de Altea y el Consorcio de Museos, supone la cumbre de un largo recorrido dedicado a rescatar y poner en valor su legado. Pero el arista sigue presente en el panorama art\u00edstico valenciano y seguiremos trabajando en la difusi\u00f3n de su obra\u201d.<\/p>\n\n\n\n<figure class=\"wp-block-image size-full\"><img decoding=\"async\" width=\"1028\" height=\"771\" data-src=\"https:\/\/www.alteacultural.com\/wp-content\/uploads\/2025\/10\/expo-Navarro-Ramon-BUBAG-web.jpg\" alt=\"\" class=\"wp-image-38112 lazyload\" data-srcset=\"https:\/\/www.alteacultural.com\/wp-content\/uploads\/2025\/10\/expo-Navarro-Ramon-BUBAG-web.jpg 1028w, https:\/\/www.alteacultural.com\/wp-content\/uploads\/2025\/10\/expo-Navarro-Ramon-BUBAG-web-768x576.jpg 768w\" data-sizes=\"(max-width: 1028px) 100vw, 1028px\" src=\"data:image\/gif;base64,R0lGODlhAQABAAAAACH5BAEKAAEALAAAAAABAAEAAAICTAEAOw==\" style=\"--smush-placeholder-width: 1028px; --smush-placeholder-aspect-ratio: 1028\/771;\" \/><\/figure>\n\n\n\n<p>Desde el Ayuntamiento de Altea, se invita a la ciudadan\u00eda a aprovechar los \u00faltimos d\u00edas de la exposici\u00f3n para visitarla, ya que permanecer\u00e1 abierta hasta el pr\u00f3ximo domingo 14 de septiembre en el MUBAG.<\/p>\n\n\n\n<p>| ALTEADIGITAL.ES<\/p>\n","protected":false},"excerpt":{"rendered":"<p>El departamento de Cultura del Ayuntamiento de Altea muestra su satisfacci\u00f3n por el gran \u00e9xito de la exposici\u00f3n dedicada [&hellip;]<\/p>\n","protected":false},"author":1,"featured_media":38111,"comment_status":"open","ping_status":"open","sticky":false,"template":"","format":"standard","meta":{"_expiration-date-status":"","_expiration-date":1759736493,"_expiration-date-type":"draft","_expiration-date-categories":[],"_expiration-date-options":[],"footnotes":""},"yoast_head":"<!-- This site is optimized with the Yoast SEO plugin v22.8 - https:\/\/yoast.com\/wordpress\/plugins\/seo\/ -->\n<title>El Ayuntamiento de Altea celebra el \u00e9xito de la exposici\u00f3n dedicada a las \u201cMujeres de Navarro Ram\u00f3n\u201d en el MUBAG - Altea Cultural<\/title>\n<meta name=\"robots\" content=\"index, follow, max-snippet:-1, max-image-preview:large, max-video-preview:-1\" \/>\n<link rel=\"canonical\" href=\"https:\/\/www.alteacultural.com\/es\/2025\/09\/15\/lajuntament-daltea-celebra-lexit-de-lexposicio-dedicada-a-les-dones-de-navarro-ramon-en-el-mubag\/\" \/>\n<meta property=\"og:locale\" content=\"es_ES\" \/>\n<meta property=\"og:type\" content=\"article\" \/>\n<meta property=\"og:title\" content=\"El Ayuntamiento de Altea celebra el \u00e9xito de la exposici\u00f3n dedicada a las \u201cMujeres de Navarro Ram\u00f3n\u201d en el MUBAG - Altea Cultural\" \/>\n<meta property=\"og:description\" content=\"El departamento de Cultura del Ayuntamiento de Altea muestra su satisfacci\u00f3n por el gran \u00e9xito de la exposici\u00f3n dedicada [&hellip;]\" \/>\n<meta property=\"og:url\" content=\"https:\/\/www.alteacultural.com\/es\/2025\/09\/15\/lajuntament-daltea-celebra-lexit-de-lexposicio-dedicada-a-les-dones-de-navarro-ramon-en-el-mubag\/\" \/>\n<meta property=\"og:site_name\" content=\"Altea Cultural\" \/>\n<meta property=\"article:published_time\" content=\"2025-09-15T07:38:03+00:00\" \/>\n<meta property=\"article:modified_time\" content=\"2025-10-06T07:43:08+00:00\" \/>\n<meta property=\"og:image\" content=\"https:\/\/www.alteacultural.com\/wp-content\/uploads\/2025\/10\/Expo-Navarro-Ramon-MUBAG-1-web.jpg\" \/>\n\t<meta property=\"og:image:width\" content=\"800\" \/>\n\t<meta property=\"og:image:height\" content=\"928\" \/>\n\t<meta property=\"og:image:type\" content=\"image\/jpeg\" \/>\n<meta name=\"author\" content=\"sfaltea.com-admin\" \/>\n<meta name=\"twitter:card\" content=\"summary_large_image\" \/>\n<meta name=\"twitter:label1\" content=\"Escrito por\" \/>\n\t<meta name=\"twitter:data1\" content=\"sfaltea.com-admin\" \/>\n\t<meta name=\"twitter:label2\" content=\"Tiempo de lectura\" \/>\n\t<meta name=\"twitter:data2\" content=\"4 minutos\" \/>\n<script type=\"application\/ld+json\" class=\"yoast-schema-graph\">{\"@context\":\"https:\/\/schema.org\",\"@graph\":[{\"@type\":\"WebPage\",\"@id\":\"https:\/\/www.alteacultural.com\/es\/2025\/09\/15\/lajuntament-daltea-celebra-lexit-de-lexposicio-dedicada-a-les-dones-de-navarro-ramon-en-el-mubag\/\",\"url\":\"https:\/\/www.alteacultural.com\/es\/2025\/09\/15\/lajuntament-daltea-celebra-lexit-de-lexposicio-dedicada-a-les-dones-de-navarro-ramon-en-el-mubag\/\",\"name\":\"El Ayuntamiento de Altea celebra el \u00e9xito de la exposici\u00f3n dedicada a las \u201cMujeres de Navarro Ram\u00f3n\u201d en el MUBAG - Altea Cultural\",\"isPartOf\":{\"@id\":\"https:\/\/www.alteacultural.com\/es\/#website\"},\"primaryImageOfPage\":{\"@id\":\"https:\/\/www.alteacultural.com\/es\/2025\/09\/15\/lajuntament-daltea-celebra-lexit-de-lexposicio-dedicada-a-les-dones-de-navarro-ramon-en-el-mubag\/#primaryimage\"},\"image\":{\"@id\":\"https:\/\/www.alteacultural.com\/es\/2025\/09\/15\/lajuntament-daltea-celebra-lexit-de-lexposicio-dedicada-a-les-dones-de-navarro-ramon-en-el-mubag\/#primaryimage\"},\"thumbnailUrl\":\"https:\/\/www.alteacultural.com\/wp-content\/uploads\/2025\/10\/Expo-Navarro-Ramon-MUBAG-1-web.jpg\",\"datePublished\":\"2025-09-15T07:38:03+00:00\",\"dateModified\":\"2025-10-06T07:43:08+00:00\",\"author\":{\"@id\":\"https:\/\/www.alteacultural.com\/es\/#\/schema\/person\/c4e137537f1af546d214a315255e5172\"},\"breadcrumb\":{\"@id\":\"https:\/\/www.alteacultural.com\/es\/2025\/09\/15\/lajuntament-daltea-celebra-lexit-de-lexposicio-dedicada-a-les-dones-de-navarro-ramon-en-el-mubag\/#breadcrumb\"},\"inLanguage\":\"es\",\"potentialAction\":[{\"@type\":\"ReadAction\",\"target\":[\"https:\/\/www.alteacultural.com\/es\/2025\/09\/15\/lajuntament-daltea-celebra-lexit-de-lexposicio-dedicada-a-les-dones-de-navarro-ramon-en-el-mubag\/\"]}]},{\"@type\":\"ImageObject\",\"inLanguage\":\"es\",\"@id\":\"https:\/\/www.alteacultural.com\/es\/2025\/09\/15\/lajuntament-daltea-celebra-lexit-de-lexposicio-dedicada-a-les-dones-de-navarro-ramon-en-el-mubag\/#primaryimage\",\"url\":\"https:\/\/www.alteacultural.com\/wp-content\/uploads\/2025\/10\/Expo-Navarro-Ramon-MUBAG-1-web.jpg\",\"contentUrl\":\"https:\/\/www.alteacultural.com\/wp-content\/uploads\/2025\/10\/Expo-Navarro-Ramon-MUBAG-1-web.jpg\",\"width\":800,\"height\":928},{\"@type\":\"BreadcrumbList\",\"@id\":\"https:\/\/www.alteacultural.com\/es\/2025\/09\/15\/lajuntament-daltea-celebra-lexit-de-lexposicio-dedicada-a-les-dones-de-navarro-ramon-en-el-mubag\/#breadcrumb\",\"itemListElement\":[{\"@type\":\"ListItem\",\"position\":1,\"name\":\"Inici\",\"item\":\"https:\/\/www.alteacultural.com\/es\/\"},{\"@type\":\"ListItem\",\"position\":2,\"name\":\"El Ayuntamiento de Altea celebra el \u00e9xito de la exposici\u00f3n dedicada a las \u201cMujeres de Navarro Ram\u00f3n\u201d en el MUBAG\"}]},{\"@type\":\"WebSite\",\"@id\":\"https:\/\/www.alteacultural.com\/es\/#website\",\"url\":\"https:\/\/www.alteacultural.com\/es\/\",\"name\":\"Altea Cultural\",\"description\":\"Regidoria de Cultura de l&#039;Ajuntament d&#039;Altea\",\"potentialAction\":[{\"@type\":\"SearchAction\",\"target\":{\"@type\":\"EntryPoint\",\"urlTemplate\":\"https:\/\/www.alteacultural.com\/es\/?s={search_term_string}\"},\"query-input\":\"required name=search_term_string\"}],\"inLanguage\":\"es\"},{\"@type\":\"Person\",\"@id\":\"https:\/\/www.alteacultural.com\/es\/#\/schema\/person\/c4e137537f1af546d214a315255e5172\",\"name\":\"sfaltea.com-admin\",\"image\":{\"@type\":\"ImageObject\",\"inLanguage\":\"es\",\"@id\":\"https:\/\/www.alteacultural.com\/es\/#\/schema\/person\/image\/\",\"url\":\"https:\/\/secure.gravatar.com\/avatar\/f7473fa2fbd351270ccfd469de536202?s=96&d=mm&r=g\",\"contentUrl\":\"https:\/\/secure.gravatar.com\/avatar\/f7473fa2fbd351270ccfd469de536202?s=96&d=mm&r=g\",\"caption\":\"sfaltea.com-admin\"},\"url\":\"https:\/\/www.alteacultural.com\/es\/author\/sfaltea-com-admin\/\"}]}<\/script>\n<!-- \/ Yoast SEO plugin. -->","yoast_head_json":{"title":"El Ayuntamiento de Altea celebra el \u00e9xito de la exposici\u00f3n dedicada a las \u201cMujeres de Navarro Ram\u00f3n\u201d en el MUBAG - Altea Cultural","robots":{"index":"index","follow":"follow","max-snippet":"max-snippet:-1","max-image-preview":"max-image-preview:large","max-video-preview":"max-video-preview:-1"},"canonical":"https:\/\/www.alteacultural.com\/es\/2025\/09\/15\/lajuntament-daltea-celebra-lexit-de-lexposicio-dedicada-a-les-dones-de-navarro-ramon-en-el-mubag\/","og_locale":"es_ES","og_type":"article","og_title":"El Ayuntamiento de Altea celebra el \u00e9xito de la exposici\u00f3n dedicada a las \u201cMujeres de Navarro Ram\u00f3n\u201d en el MUBAG - Altea Cultural","og_description":"El departamento de Cultura del Ayuntamiento de Altea muestra su satisfacci\u00f3n por el gran \u00e9xito de la exposici\u00f3n dedicada [&hellip;]","og_url":"https:\/\/www.alteacultural.com\/es\/2025\/09\/15\/lajuntament-daltea-celebra-lexit-de-lexposicio-dedicada-a-les-dones-de-navarro-ramon-en-el-mubag\/","og_site_name":"Altea Cultural","article_published_time":"2025-09-15T07:38:03+00:00","article_modified_time":"2025-10-06T07:43:08+00:00","og_image":[{"width":800,"height":928,"url":"https:\/\/www.alteacultural.com\/wp-content\/uploads\/2025\/10\/Expo-Navarro-Ramon-MUBAG-1-web.jpg","type":"image\/jpeg"}],"author":"sfaltea.com-admin","twitter_card":"summary_large_image","twitter_misc":{"Escrito por":"sfaltea.com-admin","Tiempo de lectura":"4 minutos"},"schema":{"@context":"https:\/\/schema.org","@graph":[{"@type":"WebPage","@id":"https:\/\/www.alteacultural.com\/es\/2025\/09\/15\/lajuntament-daltea-celebra-lexit-de-lexposicio-dedicada-a-les-dones-de-navarro-ramon-en-el-mubag\/","url":"https:\/\/www.alteacultural.com\/es\/2025\/09\/15\/lajuntament-daltea-celebra-lexit-de-lexposicio-dedicada-a-les-dones-de-navarro-ramon-en-el-mubag\/","name":"El Ayuntamiento de Altea celebra el \u00e9xito de la exposici\u00f3n dedicada a las \u201cMujeres de Navarro Ram\u00f3n\u201d en el MUBAG - Altea Cultural","isPartOf":{"@id":"https:\/\/www.alteacultural.com\/es\/#website"},"primaryImageOfPage":{"@id":"https:\/\/www.alteacultural.com\/es\/2025\/09\/15\/lajuntament-daltea-celebra-lexit-de-lexposicio-dedicada-a-les-dones-de-navarro-ramon-en-el-mubag\/#primaryimage"},"image":{"@id":"https:\/\/www.alteacultural.com\/es\/2025\/09\/15\/lajuntament-daltea-celebra-lexit-de-lexposicio-dedicada-a-les-dones-de-navarro-ramon-en-el-mubag\/#primaryimage"},"thumbnailUrl":"https:\/\/www.alteacultural.com\/wp-content\/uploads\/2025\/10\/Expo-Navarro-Ramon-MUBAG-1-web.jpg","datePublished":"2025-09-15T07:38:03+00:00","dateModified":"2025-10-06T07:43:08+00:00","author":{"@id":"https:\/\/www.alteacultural.com\/es\/#\/schema\/person\/c4e137537f1af546d214a315255e5172"},"breadcrumb":{"@id":"https:\/\/www.alteacultural.com\/es\/2025\/09\/15\/lajuntament-daltea-celebra-lexit-de-lexposicio-dedicada-a-les-dones-de-navarro-ramon-en-el-mubag\/#breadcrumb"},"inLanguage":"es","potentialAction":[{"@type":"ReadAction","target":["https:\/\/www.alteacultural.com\/es\/2025\/09\/15\/lajuntament-daltea-celebra-lexit-de-lexposicio-dedicada-a-les-dones-de-navarro-ramon-en-el-mubag\/"]}]},{"@type":"ImageObject","inLanguage":"es","@id":"https:\/\/www.alteacultural.com\/es\/2025\/09\/15\/lajuntament-daltea-celebra-lexit-de-lexposicio-dedicada-a-les-dones-de-navarro-ramon-en-el-mubag\/#primaryimage","url":"https:\/\/www.alteacultural.com\/wp-content\/uploads\/2025\/10\/Expo-Navarro-Ramon-MUBAG-1-web.jpg","contentUrl":"https:\/\/www.alteacultural.com\/wp-content\/uploads\/2025\/10\/Expo-Navarro-Ramon-MUBAG-1-web.jpg","width":800,"height":928},{"@type":"BreadcrumbList","@id":"https:\/\/www.alteacultural.com\/es\/2025\/09\/15\/lajuntament-daltea-celebra-lexit-de-lexposicio-dedicada-a-les-dones-de-navarro-ramon-en-el-mubag\/#breadcrumb","itemListElement":[{"@type":"ListItem","position":1,"name":"Inici","item":"https:\/\/www.alteacultural.com\/es\/"},{"@type":"ListItem","position":2,"name":"El Ayuntamiento de Altea celebra el \u00e9xito de la exposici\u00f3n dedicada a las \u201cMujeres de Navarro Ram\u00f3n\u201d en el MUBAG"}]},{"@type":"WebSite","@id":"https:\/\/www.alteacultural.com\/es\/#website","url":"https:\/\/www.alteacultural.com\/es\/","name":"Altea Cultural","description":"Regidoria de Cultura de l&#039;Ajuntament d&#039;Altea","potentialAction":[{"@type":"SearchAction","target":{"@type":"EntryPoint","urlTemplate":"https:\/\/www.alteacultural.com\/es\/?s={search_term_string}"},"query-input":"required name=search_term_string"}],"inLanguage":"es"},{"@type":"Person","@id":"https:\/\/www.alteacultural.com\/es\/#\/schema\/person\/c4e137537f1af546d214a315255e5172","name":"sfaltea.com-admin","image":{"@type":"ImageObject","inLanguage":"es","@id":"https:\/\/www.alteacultural.com\/es\/#\/schema\/person\/image\/","url":"https:\/\/secure.gravatar.com\/avatar\/f7473fa2fbd351270ccfd469de536202?s=96&d=mm&r=g","contentUrl":"https:\/\/secure.gravatar.com\/avatar\/f7473fa2fbd351270ccfd469de536202?s=96&d=mm&r=g","caption":"sfaltea.com-admin"},"url":"https:\/\/www.alteacultural.com\/es\/author\/sfaltea-com-admin\/"}]}},"_links":{"self":[{"href":"https:\/\/www.alteacultural.com\/es\/wp-json\/wp\/v2\/posts\/38116"}],"collection":[{"href":"https:\/\/www.alteacultural.com\/es\/wp-json\/wp\/v2\/posts"}],"about":[{"href":"https:\/\/www.alteacultural.com\/es\/wp-json\/wp\/v2\/types\/post"}],"author":[{"embeddable":true,"href":"https:\/\/www.alteacultural.com\/es\/wp-json\/wp\/v2\/users\/1"}],"replies":[{"embeddable":true,"href":"https:\/\/www.alteacultural.com\/es\/wp-json\/wp\/v2\/comments?post=38116"}],"version-history":[{"count":1,"href":"https:\/\/www.alteacultural.com\/es\/wp-json\/wp\/v2\/posts\/38116\/revisions"}],"predecessor-version":[{"id":38118,"href":"https:\/\/www.alteacultural.com\/es\/wp-json\/wp\/v2\/posts\/38116\/revisions\/38118"}],"wp:featuredmedia":[{"embeddable":true,"href":"https:\/\/www.alteacultural.com\/es\/wp-json\/wp\/v2\/media\/38111"}],"wp:attachment":[{"href":"https:\/\/www.alteacultural.com\/es\/wp-json\/wp\/v2\/media?parent=38116"}],"curies":[{"name":"wp","href":"https:\/\/api.w.org\/{rel}","templated":true}]}}